{"id":906155,"date":"2020-07-20T09:43:32","date_gmt":"2020-07-20T12:43:32","guid":{"rendered":"http:\/\/www.pm.pb.gov.br\/portal\/?p=906155"},"modified":"2020-07-20T09:43:33","modified_gmt":"2020-07-20T12:43:33","slug":"policia-militar-encerra-torneio-ilegal-que-foi-promovido-para-cacar-tatus-no-sertao-da-paraiba","status":"publish","type":"post","link":"https:\/\/www.pm.pb.gov.br\/portal\/2020\/07\/20\/policia-militar-encerra-torneio-ilegal-que-foi-promovido-para-cacar-tatus-no-sertao-da-paraiba\/","title":{"rendered":"Pol\u00edcia Militar encerra torneio ilegal que foi promovido para ca\u00e7ar tatus no sert\u00e3o da Para\u00edba"},"content":{"rendered":"\n<p>Dezenove pessoas foram detidas por participarem de um torneio de ca\u00e7a de tatus, nesse domingo (19), na zona rural de Cajazeiras, que fica no Sert\u00e3o da Para\u00edba. A ca\u00e7a do animal \u00e9 crime, previsto no artigo 29 da lei 9.605\/98. Com os participantes, foram encontradas oito redes de captura, 28 cachorros que estavam sendo usados para pegar os tatus e v\u00e1rias m\u00e1scaras com a logomarca do torneio, chamado de \u201ctorneio da amizade\u201d.<br><br>As equipes do Batalh\u00e3o de Pol\u00edcia Ambiental (BPAmb), com apoio de outras unidades operacionais da PM, chegaram at\u00e9 o local ap\u00f3s uma den\u00fancia an\u00f4nima. O torneio estava sendo realizado no S\u00edtio Cocos e os participantes alegaram que \u201cnas regras\u201d do torneio, nenhum animal seria morto e sim solto em seguida. Pela lei, \u00e9 crime matar, perseguir, ca\u00e7ar, apanhar e utilizar esp\u00e9cies da fauna silvestre, cuja pena \u00e9 de deten\u00e7\u00e3o de seis meses a um ano e multa.<br><br>Al\u00e9m do flagrante de crime ambiental, houve tamb\u00e9m flagrante de aglomera\u00e7\u00e3o de pessoas, o que gera o risco da prolifera\u00e7\u00e3o do novo coronav\u00edrus, por isso a vigil\u00e2ncia sanit\u00e1ria tamb\u00e9m foi chamada para o local.<br><br>Os envolvidos foram levados para a delegacia de Pol\u00edcia Civil, em Cajazeiras. <br><br><\/p>\n","protected":false},"excerpt":{"rendered":"<p>Dezenove pessoas foram detidas por participarem de um torneio de ca\u00e7a de tatus, nesse domingo (19), na zona rural de<\/p>\n","protected":false},"author":10,"featured_media":906160,"comment_status":"closed","ping_status":"closed","sticky":false,"template":"","format":"standard","meta":{"_exactmetrics_skip_tracking":false,"_exactmetrics_sitenote_active":false,"_exactmetrics_sitenote_note":"","_exactmetrics_sitenote_category":0,"footnotes":""},"categories":[4],"tags":[],"yoast_head":"<!-- This site is optimized with the Yoast SEO plugin v22.0 - https:\/\/yoast.com\/wordpress\/plugins\/seo\/ -->\n<title>Pol\u00edcia Militar encerra torneio ilegal que foi promovido para ca\u00e7ar tatus no sert\u00e3o da Para\u00edba - Pol\u00edcia Militar da Para\u00edba<\/title>\n<meta name=\"robots\" content=\"index, follow, max-snippet:-1, max-image-preview:large, max-video-preview:-1\" \/>\n<link rel=\"canonical\" href=\"https:\/\/www.pm.pb.gov.br\/portal\/2020\/07\/20\/policia-militar-encerra-torneio-ilegal-que-foi-promovido-para-cacar-tatus-no-sertao-da-paraiba\/\" \/>\n<meta property=\"og:locale\" content=\"pt_BR\" \/>\n<meta property=\"og:type\" content=\"article\" \/>\n<meta property=\"og:title\" content=\"Pol\u00edcia Militar encerra torneio ilegal que foi promovido para ca\u00e7ar tatus no sert\u00e3o da Para\u00edba - Pol\u00edcia Militar da Para\u00edba\" \/>\n<meta property=\"og:description\" content=\"Dezenove pessoas foram detidas por participarem de um torneio de ca\u00e7a de tatus, nesse domingo (19), na zona rural de\" \/>\n<meta property=\"og:url\" content=\"https:\/\/www.pm.pb.gov.br\/portal\/2020\/07\/20\/policia-militar-encerra-torneio-ilegal-que-foi-promovido-para-cacar-tatus-no-sertao-da-paraiba\/\" \/>\n<meta property=\"og:site_name\" content=\"Pol\u00edcia Militar da Para\u00edba\" \/>\n<meta property=\"article:published_time\" content=\"2020-07-20T12:43:32+00:00\" \/>\n<meta property=\"article:modified_time\" content=\"2020-07-20T12:43:33+00:00\" \/>\n<meta property=\"og:image\" content=\"https:\/\/www.pm.pb.gov.br\/portal\/wp-content\/uploads\/2020\/07\/f75d112b-0419-4c1a-966a-2404cd2aa265.jpeg\" \/>\n\t<meta property=\"og:image:width\" content=\"1280\" \/>\n\t<meta property=\"og:image:height\" content=\"960\" \/>\n\t<meta property=\"og:image:type\" content=\"image\/jpeg\" \/>\n<meta name=\"author\" content=\"WAGNER HENRIQUE VARELA DA SILVA\" \/>\n<meta name=\"twitter:card\" content=\"summary_large_image\" \/>\n<meta name=\"twitter:label1\" content=\"Escrito por\" \/>\n\t<meta name=\"twitter:data1\" content=\"WAGNER HENRIQUE VARELA DA SILVA\" \/>\n\t<meta name=\"twitter:label2\" content=\"Est. tempo de leitura\" \/>\n\t<meta name=\"twitter:data2\" content=\"1 minuto\" \/>\n<script type=\"application\/ld+json\" class=\"yoast-schema-graph\">{\"@context\":\"https:\/\/schema.org\",\"@graph\":[{\"@type\":\"Article\",\"@id\":\"https:\/\/www.pm.pb.gov.br\/portal\/2020\/07\/20\/policia-militar-encerra-torneio-ilegal-que-foi-promovido-para-cacar-tatus-no-sertao-da-paraiba\/#article\",\"isPartOf\":{\"@id\":\"https:\/\/www.pm.pb.gov.br\/portal\/2020\/07\/20\/policia-militar-encerra-torneio-ilegal-que-foi-promovido-para-cacar-tatus-no-sertao-da-paraiba\/\"},\"author\":{\"name\":\"WAGNER HENRIQUE VARELA DA SILVA\",\"@id\":\"https:\/\/www.pm.pb.gov.br\/portal\/#\/schema\/person\/b169b297b8494dea236e315ed1a201d1\"},\"headline\":\"Pol\u00edcia Militar encerra torneio ilegal que foi promovido para ca\u00e7ar tatus no sert\u00e3o da Para\u00edba\",\"datePublished\":\"2020-07-20T12:43:32+00:00\",\"dateModified\":\"2020-07-20T12:43:33+00:00\",\"mainEntityOfPage\":{\"@id\":\"https:\/\/www.pm.pb.gov.br\/portal\/2020\/07\/20\/policia-militar-encerra-torneio-ilegal-que-foi-promovido-para-cacar-tatus-no-sertao-da-paraiba\/\"},\"wordCount\":231,\"publisher\":{\"@id\":\"https:\/\/www.pm.pb.gov.br\/portal\/#organization\"},\"articleSection\":[\"A\u00e7\u00f5es Policiais\"],\"inLanguage\":\"pt-BR\"},{\"@type\":\"WebPage\",\"@id\":\"https:\/\/www.pm.pb.gov.br\/portal\/2020\/07\/20\/policia-militar-encerra-torneio-ilegal-que-foi-promovido-para-cacar-tatus-no-sertao-da-paraiba\/\",\"url\":\"https:\/\/www.pm.pb.gov.br\/portal\/2020\/07\/20\/policia-militar-encerra-torneio-ilegal-que-foi-promovido-para-cacar-tatus-no-sertao-da-paraiba\/\",\"name\":\"Pol\u00edcia Militar encerra torneio ilegal que foi promovido para ca\u00e7ar tatus no sert\u00e3o da Para\u00edba - Pol\u00edcia Militar da Para\u00edba\",\"isPartOf\":{\"@id\":\"https:\/\/www.pm.pb.gov.br\/portal\/#website\"},\"datePublished\":\"2020-07-20T12:43:32+00:00\",\"dateModified\":\"2020-07-20T12:43:33+00:00\",\"breadcrumb\":{\"@id\":\"https:\/\/www.pm.pb.gov.br\/portal\/2020\/07\/20\/policia-militar-encerra-torneio-ilegal-que-foi-promovido-para-cacar-tatus-no-sertao-da-paraiba\/#breadcrumb\"},\"inLanguage\":\"pt-BR\",\"potentialAction\":[{\"@type\":\"ReadAction\",\"target\":[\"https:\/\/www.pm.pb.gov.br\/portal\/2020\/07\/20\/policia-militar-encerra-torneio-ilegal-que-foi-promovido-para-cacar-tatus-no-sertao-da-paraiba\/\"]}]},{\"@type\":\"BreadcrumbList\",\"@id\":\"https:\/\/www.pm.pb.gov.br\/portal\/2020\/07\/20\/policia-militar-encerra-torneio-ilegal-que-foi-promovido-para-cacar-tatus-no-sertao-da-paraiba\/#breadcrumb\",\"itemListElement\":[{\"@type\":\"ListItem\",\"position\":1,\"name\":\"In\u00edcio\",\"item\":\"https:\/\/www.pm.pb.gov.br\/portal\/\"},{\"@type\":\"ListItem\",\"position\":2,\"name\":\"Pol\u00edcia Militar encerra torneio ilegal que foi promovido para ca\u00e7ar tatus no sert\u00e3o da Para\u00edba\"}]},{\"@type\":\"WebSite\",\"@id\":\"https:\/\/www.pm.pb.gov.br\/portal\/#website\",\"url\":\"https:\/\/www.pm.pb.gov.br\/portal\/\",\"name\":\"Pol\u00edcia Militar da Para\u00edba\",\"description\":\"\",\"publisher\":{\"@id\":\"https:\/\/www.pm.pb.gov.br\/portal\/#organization\"},\"potentialAction\":[{\"@type\":\"SearchAction\",\"target\":{\"@type\":\"EntryPoint\",\"urlTemplate\":\"https:\/\/www.pm.pb.gov.br\/portal\/?s={search_term_string}\"},\"query-input\":\"required name=search_term_string\"}],\"inLanguage\":\"pt-BR\"},{\"@type\":\"Organization\",\"@id\":\"https:\/\/www.pm.pb.gov.br\/portal\/#organization\",\"name\":\"Pol\u00edcia Militar da Para\u00edba\",\"url\":\"https:\/\/www.pm.pb.gov.br\/portal\/\",\"logo\":{\"@type\":\"ImageObject\",\"inLanguage\":\"pt-BR\",\"@id\":\"https:\/\/www.pm.pb.gov.br\/portal\/#\/schema\/logo\/image\/\",\"url\":\"https:\/\/www.pm.pb.gov.br\/portal\/wp-content\/uploads\/2025\/03\/cropped-logo-site-mag2-1.png\",\"contentUrl\":\"https:\/\/www.pm.pb.gov.br\/portal\/wp-content\/uploads\/2025\/03\/cropped-logo-site-mag2-1.png\",\"width\":320,\"height\":90,\"caption\":\"Pol\u00edcia Militar da Para\u00edba\"},\"image\":{\"@id\":\"https:\/\/www.pm.pb.gov.br\/portal\/#\/schema\/logo\/image\/\"}},{\"@type\":\"Person\",\"@id\":\"https:\/\/www.pm.pb.gov.br\/portal\/#\/schema\/person\/b169b297b8494dea236e315ed1a201d1\",\"name\":\"WAGNER HENRIQUE VARELA DA SILVA\",\"image\":{\"@type\":\"ImageObject\",\"inLanguage\":\"pt-BR\",\"@id\":\"https:\/\/www.pm.pb.gov.br\/portal\/#\/schema\/person\/image\/\",\"url\":\"https:\/\/secure.gravatar.com\/avatar\/e08af53176a66730df5c0706c6c31fd6?s=96&d=mm&r=g\",\"contentUrl\":\"https:\/\/secure.gravatar.com\/avatar\/e08af53176a66730df5c0706c6c31fd6?s=96&d=mm&r=g\",\"caption\":\"WAGNER HENRIQUE VARELA DA SILVA\"},\"url\":\"https:\/\/www.pm.pb.gov.br\/portal\/author\/varela\/\"}]}<\/script>\n<!-- \/ Yoast SEO plugin. -->","yoast_head_json":{"title":"Pol\u00edcia Militar encerra torneio ilegal que foi promovido para ca\u00e7ar tatus no sert\u00e3o da Para\u00edba - Pol\u00edcia Militar da Para\u00edba","robots":{"index":"index","follow":"follow","max-snippet":"max-snippet:-1","max-image-preview":"max-image-preview:large","max-video-preview":"max-video-preview:-1"},"canonical":"https:\/\/www.pm.pb.gov.br\/portal\/2020\/07\/20\/policia-militar-encerra-torneio-ilegal-que-foi-promovido-para-cacar-tatus-no-sertao-da-paraiba\/","og_locale":"pt_BR","og_type":"article","og_title":"Pol\u00edcia Militar encerra torneio ilegal que foi promovido para ca\u00e7ar tatus no sert\u00e3o da Para\u00edba - Pol\u00edcia Militar da Para\u00edba","og_description":"Dezenove pessoas foram detidas por participarem de um torneio de ca\u00e7a de tatus, nesse domingo (19), na zona rural de","og_url":"https:\/\/www.pm.pb.gov.br\/portal\/2020\/07\/20\/policia-militar-encerra-torneio-ilegal-que-foi-promovido-para-cacar-tatus-no-sertao-da-paraiba\/","og_site_name":"Pol\u00edcia Militar da Para\u00edba","article_published_time":"2020-07-20T12:43:32+00:00","article_modified_time":"2020-07-20T12:43:33+00:00","og_image":[{"width":1280,"height":960,"url":"https:\/\/www.pm.pb.gov.br\/portal\/wp-content\/uploads\/2020\/07\/f75d112b-0419-4c1a-966a-2404cd2aa265.jpeg","type":"image\/jpeg"}],"author":"WAGNER HENRIQUE VARELA DA SILVA","twitter_card":"summary_large_image","twitter_misc":{"Escrito por":"WAGNER HENRIQUE VARELA DA SILVA","Est. tempo de leitura":"1 minuto"},"schema":{"@context":"https:\/\/schema.org","@graph":[{"@type":"Article","@id":"https:\/\/www.pm.pb.gov.br\/portal\/2020\/07\/20\/policia-militar-encerra-torneio-ilegal-que-foi-promovido-para-cacar-tatus-no-sertao-da-paraiba\/#article","isPartOf":{"@id":"https:\/\/www.pm.pb.gov.br\/portal\/2020\/07\/20\/policia-militar-encerra-torneio-ilegal-que-foi-promovido-para-cacar-tatus-no-sertao-da-paraiba\/"},"author":{"name":"WAGNER HENRIQUE VARELA DA SILVA","@id":"https:\/\/www.pm.pb.gov.br\/portal\/#\/schema\/person\/b169b297b8494dea236e315ed1a201d1"},"headline":"Pol\u00edcia Militar encerra torneio ilegal que foi promovido para ca\u00e7ar tatus no sert\u00e3o da Para\u00edba","datePublished":"2020-07-20T12:43:32+00:00","dateModified":"2020-07-20T12:43:33+00:00","mainEntityOfPage":{"@id":"https:\/\/www.pm.pb.gov.br\/portal\/2020\/07\/20\/policia-militar-encerra-torneio-ilegal-que-foi-promovido-para-cacar-tatus-no-sertao-da-paraiba\/"},"wordCount":231,"publisher":{"@id":"https:\/\/www.pm.pb.gov.br\/portal\/#organization"},"articleSection":["A\u00e7\u00f5es Policiais"],"inLanguage":"pt-BR"},{"@type":"WebPage","@id":"https:\/\/www.pm.pb.gov.br\/portal\/2020\/07\/20\/policia-militar-encerra-torneio-ilegal-que-foi-promovido-para-cacar-tatus-no-sertao-da-paraiba\/","url":"https:\/\/www.pm.pb.gov.br\/portal\/2020\/07\/20\/policia-militar-encerra-torneio-ilegal-que-foi-promovido-para-cacar-tatus-no-sertao-da-paraiba\/","name":"Pol\u00edcia Militar encerra torneio ilegal que foi promovido para ca\u00e7ar tatus no sert\u00e3o da Para\u00edba - Pol\u00edcia Militar da Para\u00edba","isPartOf":{"@id":"https:\/\/www.pm.pb.gov.br\/portal\/#website"},"datePublished":"2020-07-20T12:43:32+00:00","dateModified":"2020-07-20T12:43:33+00:00","breadcrumb":{"@id":"https:\/\/www.pm.pb.gov.br\/portal\/2020\/07\/20\/policia-militar-encerra-torneio-ilegal-que-foi-promovido-para-cacar-tatus-no-sertao-da-paraiba\/#breadcrumb"},"inLanguage":"pt-BR","potentialAction":[{"@type":"ReadAction","target":["https:\/\/www.pm.pb.gov.br\/portal\/2020\/07\/20\/policia-militar-encerra-torneio-ilegal-que-foi-promovido-para-cacar-tatus-no-sertao-da-paraiba\/"]}]},{"@type":"BreadcrumbList","@id":"https:\/\/www.pm.pb.gov.br\/portal\/2020\/07\/20\/policia-militar-encerra-torneio-ilegal-que-foi-promovido-para-cacar-tatus-no-sertao-da-paraiba\/#breadcrumb","itemListElement":[{"@type":"ListItem","position":1,"name":"In\u00edcio","item":"https:\/\/www.pm.pb.gov.br\/portal\/"},{"@type":"ListItem","position":2,"name":"Pol\u00edcia Militar encerra torneio ilegal que foi promovido para ca\u00e7ar tatus no sert\u00e3o da Para\u00edba"}]},{"@type":"WebSite","@id":"https:\/\/www.pm.pb.gov.br\/portal\/#website","url":"https:\/\/www.pm.pb.gov.br\/portal\/","name":"Pol\u00edcia Militar da Para\u00edba","description":"","publisher":{"@id":"https:\/\/www.pm.pb.gov.br\/portal\/#organization"},"potentialAction":[{"@type":"SearchAction","target":{"@type":"EntryPoint","urlTemplate":"https:\/\/www.pm.pb.gov.br\/portal\/?s={search_term_string}"},"query-input":"required name=search_term_string"}],"inLanguage":"pt-BR"},{"@type":"Organization","@id":"https:\/\/www.pm.pb.gov.br\/portal\/#organization","name":"Pol\u00edcia Militar da Para\u00edba","url":"https:\/\/www.pm.pb.gov.br\/portal\/","logo":{"@type":"ImageObject","inLanguage":"pt-BR","@id":"https:\/\/www.pm.pb.gov.br\/portal\/#\/schema\/logo\/image\/","url":"https:\/\/www.pm.pb.gov.br\/portal\/wp-content\/uploads\/2025\/03\/cropped-logo-site-mag2-1.png","contentUrl":"https:\/\/www.pm.pb.gov.br\/portal\/wp-content\/uploads\/2025\/03\/cropped-logo-site-mag2-1.png","width":320,"height":90,"caption":"Pol\u00edcia Militar da Para\u00edba"},"image":{"@id":"https:\/\/www.pm.pb.gov.br\/portal\/#\/schema\/logo\/image\/"}},{"@type":"Person","@id":"https:\/\/www.pm.pb.gov.br\/portal\/#\/schema\/person\/b169b297b8494dea236e315ed1a201d1","name":"WAGNER HENRIQUE VARELA DA SILVA","image":{"@type":"ImageObject","inLanguage":"pt-BR","@id":"https:\/\/www.pm.pb.gov.br\/portal\/#\/schema\/person\/image\/","url":"https:\/\/secure.gravatar.com\/avatar\/e08af53176a66730df5c0706c6c31fd6?s=96&d=mm&r=g","contentUrl":"https:\/\/secure.gravatar.com\/avatar\/e08af53176a66730df5c0706c6c31fd6?s=96&d=mm&r=g","caption":"WAGNER HENRIQUE VARELA DA SILVA"},"url":"https:\/\/www.pm.pb.gov.br\/portal\/author\/varela\/"}]}},"_links":{"self":[{"href":"https:\/\/www.pm.pb.gov.br\/portal\/wp-json\/wp\/v2\/posts\/906155"}],"collection":[{"href":"https:\/\/www.pm.pb.gov.br\/portal\/wp-json\/wp\/v2\/posts"}],"about":[{"href":"https:\/\/www.pm.pb.gov.br\/portal\/wp-json\/wp\/v2\/types\/post"}],"author":[{"embeddable":true,"href":"https:\/\/www.pm.pb.gov.br\/portal\/wp-json\/wp\/v2\/users\/10"}],"replies":[{"embeddable":true,"href":"https:\/\/www.pm.pb.gov.br\/portal\/wp-json\/wp\/v2\/comments?post=906155"}],"version-history":[{"count":2,"href":"https:\/\/www.pm.pb.gov.br\/portal\/wp-json\/wp\/v2\/posts\/906155\/revisions"}],"predecessor-version":[{"id":906161,"href":"https:\/\/www.pm.pb.gov.br\/portal\/wp-json\/wp\/v2\/posts\/906155\/revisions\/906161"}],"wp:featuredmedia":[{"embeddable":true,"href":"https:\/\/www.pm.pb.gov.br\/portal\/wp-json\/wp\/v2\/media\/906160"}],"wp:attachment":[{"href":"https:\/\/www.pm.pb.gov.br\/portal\/wp-json\/wp\/v2\/media?parent=906155"}],"wp:term":[{"taxonomy":"category","embeddable":true,"href":"https:\/\/www.pm.pb.gov.br\/portal\/wp-json\/wp\/v2\/categories?post=906155"},{"taxonomy":"post_tag","embeddable":true,"href":"https:\/\/www.pm.pb.gov.br\/portal\/wp-json\/wp\/v2\/tags?post=906155"}],"curies":[{"name":"wp","href":"https:\/\/api.w.org\/{rel}","templated":true}]}}