{"id":906151,"date":"2020-07-19T12:22:03","date_gmt":"2020-07-19T15:22:03","guid":{"rendered":"http:\/\/www.pm.pb.gov.br\/portal\/?p=906151"},"modified":"2020-07-19T12:22:05","modified_gmt":"2020-07-19T15:22:05","slug":"policia-militar-prende-suspeitos-por-trafico-de-drogas-no-litoral-sul-da-paraiba","status":"publish","type":"post","link":"https:\/\/www.pm.pb.gov.br\/portal\/2020\/07\/19\/policia-militar-prende-suspeitos-por-trafico-de-drogas-no-litoral-sul-da-paraiba\/","title":{"rendered":"Pol\u00edcia Militar prende suspeitos por tr\u00e1fico de drogas no Litoral Sul da Para\u00edba"},"content":{"rendered":"\n<p>Policiais militares da 1\u00aa Companhia Independente de Pol\u00edcia Militar (1\u00aa CIPM) prenderam tr\u00eas suspeitos \u2013 dois homens e uma mulher \u2013\u00a0\u00a0de atuarem no tr\u00e1fico de drogas, na noite desse s\u00e1bado (18), nas cidades de Caapor\u00e3 e Pitimbu.<br \/>\u00a0<br \/>Policiais do R\u00e1diopatrulhamento estavam em rondas quando se depararam com uma dupla em uma motocicleta, que ao perceberem a equipe policial tentaram evadir, mas sem \u00eaxito. Na abordagem, foi encontrado um rev\u00f3lver, calibre 38, com seis muni\u00e7\u00f5es intactas e, durante as buscas no local da pris\u00e3o, foi encontrada uma sacola com 118 papelotes de maconha, que teria sido dispensada pela dupla.<br \/>\u00a0<br \/>Na mesma noite, policiais da For\u00e7a T\u00e1tica estavam em rondas quando foram informados por moradores que em uma localidade pr\u00f3xima estaria havendo tr\u00e1fico de drogas. Ao averiguar o local, a equipe policial se deparou com uma jovem de 19 anos, e nas buscas foram encontrados 12 pacotes de maconha, 10 pedras de crack, 16 c\u00e1psulas de coca\u00edna, celulares e uma quantia em dinheiro.<br \/>\u00a0<br \/>Os suspeitos e os materiais apreendidos foram conduzidos \u00e0 delegacia de Alhandra.<br \/>\u00a0<\/p>\n","protected":false},"excerpt":{"rendered":"<p>Policiais militares da 1\u00aa Companhia Independente de Pol\u00edcia Militar (1\u00aa CIPM) prenderam tr\u00eas suspeitos \u2013 dois homens e uma mulher<\/p>\n","protected":false},"author":11,"featured_media":906152,"comment_status":"closed","ping_status":"closed","sticky":false,"template":"","format":"standard","meta":{"_exactmetrics_skip_tracking":false,"_exactmetrics_sitenote_active":false,"_exactmetrics_sitenote_note":"","_exactmetrics_sitenote_category":0,"footnotes":""},"categories":[4],"tags":[],"yoast_head":"<!-- This site is optimized with the Yoast SEO plugin v22.0 - https:\/\/yoast.com\/wordpress\/plugins\/seo\/ -->\n<title>Pol\u00edcia Militar prende suspeitos por tr\u00e1fico de drogas no Litoral Sul da Para\u00edba - Pol\u00edcia Militar da Para\u00edba<\/title>\n<meta name=\"robots\" content=\"index, follow, max-snippet:-1, max-image-preview:large, max-video-preview:-1\" \/>\n<link rel=\"canonical\" href=\"https:\/\/www.pm.pb.gov.br\/portal\/2020\/07\/19\/policia-militar-prende-suspeitos-por-trafico-de-drogas-no-litoral-sul-da-paraiba\/\" \/>\n<meta property=\"og:locale\" content=\"pt_BR\" \/>\n<meta property=\"og:type\" content=\"article\" \/>\n<meta property=\"og:title\" content=\"Pol\u00edcia Militar prende suspeitos por tr\u00e1fico de drogas no Litoral Sul da Para\u00edba - Pol\u00edcia Militar da Para\u00edba\" \/>\n<meta property=\"og:description\" content=\"Policiais militares da 1\u00aa Companhia Independente de Pol\u00edcia Militar (1\u00aa CIPM) prenderam tr\u00eas suspeitos \u2013 dois homens e uma mulher\" \/>\n<meta property=\"og:url\" content=\"https:\/\/www.pm.pb.gov.br\/portal\/2020\/07\/19\/policia-militar-prende-suspeitos-por-trafico-de-drogas-no-litoral-sul-da-paraiba\/\" \/>\n<meta property=\"og:site_name\" content=\"Pol\u00edcia Militar da Para\u00edba\" \/>\n<meta property=\"article:published_time\" content=\"2020-07-19T15:22:03+00:00\" \/>\n<meta property=\"article:modified_time\" content=\"2020-07-19T15:22:05+00:00\" \/>\n<meta property=\"og:image\" content=\"https:\/\/www.pm.pb.gov.br\/portal\/wp-content\/uploads\/2020\/07\/alhandra.jpg\" \/>\n\t<meta property=\"og:image:width\" content=\"1327\" \/>\n\t<meta property=\"og:image:height\" content=\"738\" \/>\n\t<meta property=\"og:image:type\" content=\"image\/jpeg\" \/>\n<meta name=\"author\" content=\"Hermerson Pedro\" \/>\n<meta name=\"twitter:card\" content=\"summary_large_image\" \/>\n<meta name=\"twitter:label1\" content=\"Escrito por\" \/>\n\t<meta name=\"twitter:data1\" content=\"Hermerson Pedro\" \/>\n\t<meta name=\"twitter:label2\" content=\"Est. tempo de leitura\" \/>\n\t<meta name=\"twitter:data2\" content=\"1 minuto\" \/>\n<script type=\"application\/ld+json\" class=\"yoast-schema-graph\">{\"@context\":\"https:\/\/schema.org\",\"@graph\":[{\"@type\":\"Article\",\"@id\":\"https:\/\/www.pm.pb.gov.br\/portal\/2020\/07\/19\/policia-militar-prende-suspeitos-por-trafico-de-drogas-no-litoral-sul-da-paraiba\/#article\",\"isPartOf\":{\"@id\":\"https:\/\/www.pm.pb.gov.br\/portal\/2020\/07\/19\/policia-militar-prende-suspeitos-por-trafico-de-drogas-no-litoral-sul-da-paraiba\/\"},\"author\":{\"name\":\"Hermerson Pedro\",\"@id\":\"https:\/\/www.pm.pb.gov.br\/portal\/#\/schema\/person\/d14ec57cfec6ba094c033291a557dc3b\"},\"headline\":\"Pol\u00edcia Militar prende suspeitos por tr\u00e1fico de drogas no Litoral Sul da Para\u00edba\",\"datePublished\":\"2020-07-19T15:22:03+00:00\",\"dateModified\":\"2020-07-19T15:22:05+00:00\",\"mainEntityOfPage\":{\"@id\":\"https:\/\/www.pm.pb.gov.br\/portal\/2020\/07\/19\/policia-militar-prende-suspeitos-por-trafico-de-drogas-no-litoral-sul-da-paraiba\/\"},\"wordCount\":192,\"publisher\":{\"@id\":\"https:\/\/www.pm.pb.gov.br\/portal\/#organization\"},\"articleSection\":[\"A\u00e7\u00f5es Policiais\"],\"inLanguage\":\"pt-BR\"},{\"@type\":\"WebPage\",\"@id\":\"https:\/\/www.pm.pb.gov.br\/portal\/2020\/07\/19\/policia-militar-prende-suspeitos-por-trafico-de-drogas-no-litoral-sul-da-paraiba\/\",\"url\":\"https:\/\/www.pm.pb.gov.br\/portal\/2020\/07\/19\/policia-militar-prende-suspeitos-por-trafico-de-drogas-no-litoral-sul-da-paraiba\/\",\"name\":\"Pol\u00edcia Militar prende suspeitos por tr\u00e1fico de drogas no Litoral Sul da Para\u00edba - Pol\u00edcia Militar da Para\u00edba\",\"isPartOf\":{\"@id\":\"https:\/\/www.pm.pb.gov.br\/portal\/#website\"},\"datePublished\":\"2020-07-19T15:22:03+00:00\",\"dateModified\":\"2020-07-19T15:22:05+00:00\",\"breadcrumb\":{\"@id\":\"https:\/\/www.pm.pb.gov.br\/portal\/2020\/07\/19\/policia-militar-prende-suspeitos-por-trafico-de-drogas-no-litoral-sul-da-paraiba\/#breadcrumb\"},\"inLanguage\":\"pt-BR\",\"potentialAction\":[{\"@type\":\"ReadAction\",\"target\":[\"https:\/\/www.pm.pb.gov.br\/portal\/2020\/07\/19\/policia-militar-prende-suspeitos-por-trafico-de-drogas-no-litoral-sul-da-paraiba\/\"]}]},{\"@type\":\"BreadcrumbList\",\"@id\":\"https:\/\/www.pm.pb.gov.br\/portal\/2020\/07\/19\/policia-militar-prende-suspeitos-por-trafico-de-drogas-no-litoral-sul-da-paraiba\/#breadcrumb\",\"itemListElement\":[{\"@type\":\"ListItem\",\"position\":1,\"name\":\"In\u00edcio\",\"item\":\"https:\/\/www.pm.pb.gov.br\/portal\/\"},{\"@type\":\"ListItem\",\"position\":2,\"name\":\"Pol\u00edcia Militar prende suspeitos por tr\u00e1fico de drogas no Litoral Sul da Para\u00edba\"}]},{\"@type\":\"WebSite\",\"@id\":\"https:\/\/www.pm.pb.gov.br\/portal\/#website\",\"url\":\"https:\/\/www.pm.pb.gov.br\/portal\/\",\"name\":\"Pol\u00edcia Militar da Para\u00edba\",\"description\":\"\",\"publisher\":{\"@id\":\"https:\/\/www.pm.pb.gov.br\/portal\/#organization\"},\"potentialAction\":[{\"@type\":\"SearchAction\",\"target\":{\"@type\":\"EntryPoint\",\"urlTemplate\":\"https:\/\/www.pm.pb.gov.br\/portal\/?s={search_term_string}\"},\"query-input\":\"required name=search_term_string\"}],\"inLanguage\":\"pt-BR\"},{\"@type\":\"Organization\",\"@id\":\"https:\/\/www.pm.pb.gov.br\/portal\/#organization\",\"name\":\"Pol\u00edcia Militar da Para\u00edba\",\"url\":\"https:\/\/www.pm.pb.gov.br\/portal\/\",\"logo\":{\"@type\":\"ImageObject\",\"inLanguage\":\"pt-BR\",\"@id\":\"https:\/\/www.pm.pb.gov.br\/portal\/#\/schema\/logo\/image\/\",\"url\":\"https:\/\/www.pm.pb.gov.br\/portal\/wp-content\/uploads\/2025\/03\/cropped-logo-site-mag2-1.png\",\"contentUrl\":\"https:\/\/www.pm.pb.gov.br\/portal\/wp-content\/uploads\/2025\/03\/cropped-logo-site-mag2-1.png\",\"width\":320,\"height\":90,\"caption\":\"Pol\u00edcia Militar da Para\u00edba\"},\"image\":{\"@id\":\"https:\/\/www.pm.pb.gov.br\/portal\/#\/schema\/logo\/image\/\"}},{\"@type\":\"Person\",\"@id\":\"https:\/\/www.pm.pb.gov.br\/portal\/#\/schema\/person\/d14ec57cfec6ba094c033291a557dc3b\",\"name\":\"Hermerson Pedro\",\"image\":{\"@type\":\"ImageObject\",\"inLanguage\":\"pt-BR\",\"@id\":\"https:\/\/www.pm.pb.gov.br\/portal\/#\/schema\/person\/image\/\",\"url\":\"https:\/\/secure.gravatar.com\/avatar\/179290e0ec2caf97139df534dc3e55df?s=96&d=mm&r=g\",\"contentUrl\":\"https:\/\/secure.gravatar.com\/avatar\/179290e0ec2caf97139df534dc3e55df?s=96&d=mm&r=g\",\"caption\":\"Hermerson Pedro\"},\"url\":\"https:\/\/www.pm.pb.gov.br\/portal\/author\/hermerson\/\"}]}<\/script>\n<!-- \/ Yoast SEO plugin. -->","yoast_head_json":{"title":"Pol\u00edcia Militar prende suspeitos por tr\u00e1fico de drogas no Litoral Sul da Para\u00edba - Pol\u00edcia Militar da Para\u00edba","robots":{"index":"index","follow":"follow","max-snippet":"max-snippet:-1","max-image-preview":"max-image-preview:large","max-video-preview":"max-video-preview:-1"},"canonical":"https:\/\/www.pm.pb.gov.br\/portal\/2020\/07\/19\/policia-militar-prende-suspeitos-por-trafico-de-drogas-no-litoral-sul-da-paraiba\/","og_locale":"pt_BR","og_type":"article","og_title":"Pol\u00edcia Militar prende suspeitos por tr\u00e1fico de drogas no Litoral Sul da Para\u00edba - Pol\u00edcia Militar da Para\u00edba","og_description":"Policiais militares da 1\u00aa Companhia Independente de Pol\u00edcia Militar (1\u00aa CIPM) prenderam tr\u00eas suspeitos \u2013 dois homens e uma mulher","og_url":"https:\/\/www.pm.pb.gov.br\/portal\/2020\/07\/19\/policia-militar-prende-suspeitos-por-trafico-de-drogas-no-litoral-sul-da-paraiba\/","og_site_name":"Pol\u00edcia Militar da Para\u00edba","article_published_time":"2020-07-19T15:22:03+00:00","article_modified_time":"2020-07-19T15:22:05+00:00","og_image":[{"width":1327,"height":738,"url":"https:\/\/www.pm.pb.gov.br\/portal\/wp-content\/uploads\/2020\/07\/alhandra.jpg","type":"image\/jpeg"}],"author":"Hermerson Pedro","twitter_card":"summary_large_image","twitter_misc":{"Escrito por":"Hermerson Pedro","Est. tempo de leitura":"1 minuto"},"schema":{"@context":"https:\/\/schema.org","@graph":[{"@type":"Article","@id":"https:\/\/www.pm.pb.gov.br\/portal\/2020\/07\/19\/policia-militar-prende-suspeitos-por-trafico-de-drogas-no-litoral-sul-da-paraiba\/#article","isPartOf":{"@id":"https:\/\/www.pm.pb.gov.br\/portal\/2020\/07\/19\/policia-militar-prende-suspeitos-por-trafico-de-drogas-no-litoral-sul-da-paraiba\/"},"author":{"name":"Hermerson Pedro","@id":"https:\/\/www.pm.pb.gov.br\/portal\/#\/schema\/person\/d14ec57cfec6ba094c033291a557dc3b"},"headline":"Pol\u00edcia Militar prende suspeitos por tr\u00e1fico de drogas no Litoral Sul da Para\u00edba","datePublished":"2020-07-19T15:22:03+00:00","dateModified":"2020-07-19T15:22:05+00:00","mainEntityOfPage":{"@id":"https:\/\/www.pm.pb.gov.br\/portal\/2020\/07\/19\/policia-militar-prende-suspeitos-por-trafico-de-drogas-no-litoral-sul-da-paraiba\/"},"wordCount":192,"publisher":{"@id":"https:\/\/www.pm.pb.gov.br\/portal\/#organization"},"articleSection":["A\u00e7\u00f5es Policiais"],"inLanguage":"pt-BR"},{"@type":"WebPage","@id":"https:\/\/www.pm.pb.gov.br\/portal\/2020\/07\/19\/policia-militar-prende-suspeitos-por-trafico-de-drogas-no-litoral-sul-da-paraiba\/","url":"https:\/\/www.pm.pb.gov.br\/portal\/2020\/07\/19\/policia-militar-prende-suspeitos-por-trafico-de-drogas-no-litoral-sul-da-paraiba\/","name":"Pol\u00edcia Militar prende suspeitos por tr\u00e1fico de drogas no Litoral Sul da Para\u00edba - Pol\u00edcia Militar da Para\u00edba","isPartOf":{"@id":"https:\/\/www.pm.pb.gov.br\/portal\/#website"},"datePublished":"2020-07-19T15:22:03+00:00","dateModified":"2020-07-19T15:22:05+00:00","breadcrumb":{"@id":"https:\/\/www.pm.pb.gov.br\/portal\/2020\/07\/19\/policia-militar-prende-suspeitos-por-trafico-de-drogas-no-litoral-sul-da-paraiba\/#breadcrumb"},"inLanguage":"pt-BR","potentialAction":[{"@type":"ReadAction","target":["https:\/\/www.pm.pb.gov.br\/portal\/2020\/07\/19\/policia-militar-prende-suspeitos-por-trafico-de-drogas-no-litoral-sul-da-paraiba\/"]}]},{"@type":"BreadcrumbList","@id":"https:\/\/www.pm.pb.gov.br\/portal\/2020\/07\/19\/policia-militar-prende-suspeitos-por-trafico-de-drogas-no-litoral-sul-da-paraiba\/#breadcrumb","itemListElement":[{"@type":"ListItem","position":1,"name":"In\u00edcio","item":"https:\/\/www.pm.pb.gov.br\/portal\/"},{"@type":"ListItem","position":2,"name":"Pol\u00edcia Militar prende suspeitos por tr\u00e1fico de drogas no Litoral Sul da Para\u00edba"}]},{"@type":"WebSite","@id":"https:\/\/www.pm.pb.gov.br\/portal\/#website","url":"https:\/\/www.pm.pb.gov.br\/portal\/","name":"Pol\u00edcia Militar da Para\u00edba","description":"","publisher":{"@id":"https:\/\/www.pm.pb.gov.br\/portal\/#organization"},"potentialAction":[{"@type":"SearchAction","target":{"@type":"EntryPoint","urlTemplate":"https:\/\/www.pm.pb.gov.br\/portal\/?s={search_term_string}"},"query-input":"required name=search_term_string"}],"inLanguage":"pt-BR"},{"@type":"Organization","@id":"https:\/\/www.pm.pb.gov.br\/portal\/#organization","name":"Pol\u00edcia Militar da Para\u00edba","url":"https:\/\/www.pm.pb.gov.br\/portal\/","logo":{"@type":"ImageObject","inLanguage":"pt-BR","@id":"https:\/\/www.pm.pb.gov.br\/portal\/#\/schema\/logo\/image\/","url":"https:\/\/www.pm.pb.gov.br\/portal\/wp-content\/uploads\/2025\/03\/cropped-logo-site-mag2-1.png","contentUrl":"https:\/\/www.pm.pb.gov.br\/portal\/wp-content\/uploads\/2025\/03\/cropped-logo-site-mag2-1.png","width":320,"height":90,"caption":"Pol\u00edcia Militar da Para\u00edba"},"image":{"@id":"https:\/\/www.pm.pb.gov.br\/portal\/#\/schema\/logo\/image\/"}},{"@type":"Person","@id":"https:\/\/www.pm.pb.gov.br\/portal\/#\/schema\/person\/d14ec57cfec6ba094c033291a557dc3b","name":"Hermerson Pedro","image":{"@type":"ImageObject","inLanguage":"pt-BR","@id":"https:\/\/www.pm.pb.gov.br\/portal\/#\/schema\/person\/image\/","url":"https:\/\/secure.gravatar.com\/avatar\/179290e0ec2caf97139df534dc3e55df?s=96&d=mm&r=g","contentUrl":"https:\/\/secure.gravatar.com\/avatar\/179290e0ec2caf97139df534dc3e55df?s=96&d=mm&r=g","caption":"Hermerson Pedro"},"url":"https:\/\/www.pm.pb.gov.br\/portal\/author\/hermerson\/"}]}},"_links":{"self":[{"href":"https:\/\/www.pm.pb.gov.br\/portal\/wp-json\/wp\/v2\/posts\/906151"}],"collection":[{"href":"https:\/\/www.pm.pb.gov.br\/portal\/wp-json\/wp\/v2\/posts"}],"about":[{"href":"https:\/\/www.pm.pb.gov.br\/portal\/wp-json\/wp\/v2\/types\/post"}],"author":[{"embeddable":true,"href":"https:\/\/www.pm.pb.gov.br\/portal\/wp-json\/wp\/v2\/users\/11"}],"replies":[{"embeddable":true,"href":"https:\/\/www.pm.pb.gov.br\/portal\/wp-json\/wp\/v2\/comments?post=906151"}],"version-history":[{"count":1,"href":"https:\/\/www.pm.pb.gov.br\/portal\/wp-json\/wp\/v2\/posts\/906151\/revisions"}],"predecessor-version":[{"id":906153,"href":"https:\/\/www.pm.pb.gov.br\/portal\/wp-json\/wp\/v2\/posts\/906151\/revisions\/906153"}],"wp:featuredmedia":[{"embeddable":true,"href":"https:\/\/www.pm.pb.gov.br\/portal\/wp-json\/wp\/v2\/media\/906152"}],"wp:attachment":[{"href":"https:\/\/www.pm.pb.gov.br\/portal\/wp-json\/wp\/v2\/media?parent=906151"}],"wp:term":[{"taxonomy":"category","embeddable":true,"href":"https:\/\/www.pm.pb.gov.br\/portal\/wp-json\/wp\/v2\/categories?post=906151"},{"taxonomy":"post_tag","embeddable":true,"href":"https:\/\/www.pm.pb.gov.br\/portal\/wp-json\/wp\/v2\/tags?post=906151"}],"curies":[{"name":"wp","href":"https:\/\/api.w.org\/{rel}","templated":true}]}}