{"id":906139,"date":"2020-07-18T17:45:10","date_gmt":"2020-07-18T20:45:10","guid":{"rendered":"http:\/\/www.pm.pb.gov.br\/portal\/?p=906139"},"modified":"2020-07-18T17:45:11","modified_gmt":"2020-07-18T20:45:11","slug":"operacao-impacto-intensifica-acoes-e-suspeitos-por-trafico-de-drogas-e-armas-sao-presos-na-regiao-metropolitana","status":"publish","type":"post","link":"https:\/\/www.pm.pb.gov.br\/portal\/2020\/07\/18\/operacao-impacto-intensifica-acoes-e-suspeitos-por-trafico-de-drogas-e-armas-sao-presos-na-regiao-metropolitana\/","title":{"rendered":"Opera\u00e7\u00e3o Impacto intensifica a\u00e7\u00f5es e suspeitos por tr\u00e1fico de drogas e armas s\u00e3o presos na regi\u00e3o metropolitana"},"content":{"rendered":"<p>A Pol\u00edcia Militar apreendeu drogas e armas, na noite dessa sexta-feira (17), durante a Opera\u00e7\u00e3o Impacto, nas cidades de Cabedelo e Jo\u00e3o Pessoa. Nas a\u00e7\u00f5es foram presos dois homens, um por porte ilegal de armas e o outro por tr\u00e1fico de drogas.<\/p>\n<p><img loading=\"lazy\" decoding=\"async\" class=\"size-medium wp-image-906141 alignleft\" src=\"http:\/\/www.pm.pb.gov.br\/portal\/wp-content\/uploads\/2020\/07\/WhatsApp-Image-2020-07-18-at-10.26.23-351x445.jpeg\" alt=\"\" width=\"351\" height=\"445\" srcset=\"https:\/\/www.pm.pb.gov.br\/portal\/wp-content\/uploads\/2020\/07\/WhatsApp-Image-2020-07-18-at-10.26.23-351x445.jpeg 351w, https:\/\/www.pm.pb.gov.br\/portal\/wp-content\/uploads\/2020\/07\/WhatsApp-Image-2020-07-18-at-10.26.23-450x570.jpeg 450w, https:\/\/www.pm.pb.gov.br\/portal\/wp-content\/uploads\/2020\/07\/WhatsApp-Image-2020-07-18-at-10.26.23.jpeg 758w\" sizes=\"(max-width: 351px) 100vw, 351px\" \/>Em Cabedelo, policiais da 6\u00aa Companhia Independente de Pol\u00edcia Militar(6\u00aa CIPM) prenderam um homem de 30 anos de idade, que estava em um ve\u00edculo portando uma pistola, calibre 9 mm. Na abordagem, ainda foram encontrados dois carregadores de pistola e uma cartela de muni\u00e7\u00f5es. O suspeito foi preso e conduzido \u00e0 Central de Flagrantes.<\/p>\n<p>J\u00e1 em Jo\u00e3o Pessoa, no bairro da Torre, policiais do Batalh\u00e3o Especializado de Policiamento com Motocicletas (BEPMotos) prenderam um homem de 25 anos, quando, durante rondas, se depararam com ele em atitude suspeita. Na abordagem foram encontradas 11 c\u00e1psulas de coca\u00edna e 32 pedras de crack, al\u00e9m de muni\u00e7\u00f5es, calibre 38, e uma quantia em dinheiro. O suspeito e os materiais apreendidos foram conduzidos \u00e0 Central de Flagrantes.<\/p>\n<p>No bairro do Valentina, policiais da For\u00e7a Regional apreenderam uma pistola, calibre 380, 1 quilo de maconha, 20 gramas de coca\u00edna, duas pedras de crack, uma balan\u00e7a de precis\u00e3o e uma maquineta de cart\u00e3o utilizada na venda de drogas. O material estava em uma casa na comunidade Torre de Babel e os policiais foram informados por meio de den\u00fancias. As buscas aos suspeitos continuam.<\/p>\n<p>Outras opera\u00e7\u00f5es tamb\u00e9m ser\u00e3o realizadas nos pr\u00f3ximos dias, a exemplo da N\u00f4made, Satura\u00e7\u00e3o e a \u00d4nibus Seguro.<\/p>\n","protected":false},"excerpt":{"rendered":"<p>A Pol\u00edcia Militar apreendeu drogas e armas, na noite dessa sexta-feira (17), durante a Opera\u00e7\u00e3o Impacto, nas cidades de Cabedelo<\/p>\n","protected":false},"author":11,"featured_media":906140,"comment_status":"closed","ping_status":"closed","sticky":false,"template":"","format":"standard","meta":{"_exactmetrics_skip_tracking":false,"_exactmetrics_sitenote_active":false,"_exactmetrics_sitenote_note":"","_exactmetrics_sitenote_category":0,"footnotes":""},"categories":[4],"tags":[],"yoast_head":"<!-- This site is optimized with the Yoast SEO plugin v22.0 - https:\/\/yoast.com\/wordpress\/plugins\/seo\/ -->\n<title>Opera\u00e7\u00e3o Impacto intensifica a\u00e7\u00f5es e suspeitos por tr\u00e1fico de drogas e armas s\u00e3o presos na regi\u00e3o metropolitana - Pol\u00edcia Militar da Para\u00edba<\/title>\n<meta name=\"robots\" content=\"index, follow, max-snippet:-1, max-image-preview:large, max-video-preview:-1\" \/>\n<link rel=\"canonical\" href=\"https:\/\/www.pm.pb.gov.br\/portal\/2020\/07\/18\/operacao-impacto-intensifica-acoes-e-suspeitos-por-trafico-de-drogas-e-armas-sao-presos-na-regiao-metropolitana\/\" \/>\n<meta property=\"og:locale\" content=\"pt_BR\" \/>\n<meta property=\"og:type\" content=\"article\" \/>\n<meta property=\"og:title\" content=\"Opera\u00e7\u00e3o Impacto intensifica a\u00e7\u00f5es e suspeitos por tr\u00e1fico de drogas e armas s\u00e3o presos na regi\u00e3o metropolitana - Pol\u00edcia Militar da Para\u00edba\" \/>\n<meta property=\"og:description\" content=\"A Pol\u00edcia Militar apreendeu drogas e armas, na noite dessa sexta-feira (17), durante a Opera\u00e7\u00e3o Impacto, nas cidades de Cabedelo\" \/>\n<meta property=\"og:url\" content=\"https:\/\/www.pm.pb.gov.br\/portal\/2020\/07\/18\/operacao-impacto-intensifica-acoes-e-suspeitos-por-trafico-de-drogas-e-armas-sao-presos-na-regiao-metropolitana\/\" \/>\n<meta property=\"og:site_name\" content=\"Pol\u00edcia Militar da Para\u00edba\" \/>\n<meta property=\"article:published_time\" content=\"2020-07-18T20:45:10+00:00\" \/>\n<meta property=\"article:modified_time\" content=\"2020-07-18T20:45:11+00:00\" \/>\n<meta property=\"og:image\" content=\"https:\/\/www.pm.pb.gov.br\/portal\/wp-content\/uploads\/2020\/07\/WhatsApp-Image-2020-07-18-at-10.26.06.jpeg\" \/>\n\t<meta property=\"og:image:width\" content=\"1150\" \/>\n\t<meta property=\"og:image:height\" content=\"640\" \/>\n\t<meta property=\"og:image:type\" content=\"image\/jpeg\" \/>\n<meta name=\"author\" content=\"Hermerson Pedro\" \/>\n<meta name=\"twitter:card\" content=\"summary_large_image\" \/>\n<meta name=\"twitter:label1\" content=\"Escrito por\" \/>\n\t<meta name=\"twitter:data1\" content=\"Hermerson Pedro\" \/>\n\t<meta name=\"twitter:label2\" content=\"Est. tempo de leitura\" \/>\n\t<meta name=\"twitter:data2\" content=\"1 minuto\" \/>\n<script type=\"application\/ld+json\" class=\"yoast-schema-graph\">{\"@context\":\"https:\/\/schema.org\",\"@graph\":[{\"@type\":\"Article\",\"@id\":\"https:\/\/www.pm.pb.gov.br\/portal\/2020\/07\/18\/operacao-impacto-intensifica-acoes-e-suspeitos-por-trafico-de-drogas-e-armas-sao-presos-na-regiao-metropolitana\/#article\",\"isPartOf\":{\"@id\":\"https:\/\/www.pm.pb.gov.br\/portal\/2020\/07\/18\/operacao-impacto-intensifica-acoes-e-suspeitos-por-trafico-de-drogas-e-armas-sao-presos-na-regiao-metropolitana\/\"},\"author\":{\"name\":\"Hermerson Pedro\",\"@id\":\"https:\/\/www.pm.pb.gov.br\/portal\/#\/schema\/person\/d14ec57cfec6ba094c033291a557dc3b\"},\"headline\":\"Opera\u00e7\u00e3o Impacto intensifica a\u00e7\u00f5es e suspeitos por tr\u00e1fico de drogas e armas s\u00e3o presos na regi\u00e3o metropolitana\",\"datePublished\":\"2020-07-18T20:45:10+00:00\",\"dateModified\":\"2020-07-18T20:45:11+00:00\",\"mainEntityOfPage\":{\"@id\":\"https:\/\/www.pm.pb.gov.br\/portal\/2020\/07\/18\/operacao-impacto-intensifica-acoes-e-suspeitos-por-trafico-de-drogas-e-armas-sao-presos-na-regiao-metropolitana\/\"},\"wordCount\":280,\"publisher\":{\"@id\":\"https:\/\/www.pm.pb.gov.br\/portal\/#organization\"},\"articleSection\":[\"A\u00e7\u00f5es Policiais\"],\"inLanguage\":\"pt-BR\"},{\"@type\":\"WebPage\",\"@id\":\"https:\/\/www.pm.pb.gov.br\/portal\/2020\/07\/18\/operacao-impacto-intensifica-acoes-e-suspeitos-por-trafico-de-drogas-e-armas-sao-presos-na-regiao-metropolitana\/\",\"url\":\"https:\/\/www.pm.pb.gov.br\/portal\/2020\/07\/18\/operacao-impacto-intensifica-acoes-e-suspeitos-por-trafico-de-drogas-e-armas-sao-presos-na-regiao-metropolitana\/\",\"name\":\"Opera\u00e7\u00e3o Impacto intensifica a\u00e7\u00f5es e suspeitos por tr\u00e1fico de drogas e armas s\u00e3o presos na regi\u00e3o metropolitana - Pol\u00edcia Militar da Para\u00edba\",\"isPartOf\":{\"@id\":\"https:\/\/www.pm.pb.gov.br\/portal\/#website\"},\"datePublished\":\"2020-07-18T20:45:10+00:00\",\"dateModified\":\"2020-07-18T20:45:11+00:00\",\"breadcrumb\":{\"@id\":\"https:\/\/www.pm.pb.gov.br\/portal\/2020\/07\/18\/operacao-impacto-intensifica-acoes-e-suspeitos-por-trafico-de-drogas-e-armas-sao-presos-na-regiao-metropolitana\/#breadcrumb\"},\"inLanguage\":\"pt-BR\",\"potentialAction\":[{\"@type\":\"ReadAction\",\"target\":[\"https:\/\/www.pm.pb.gov.br\/portal\/2020\/07\/18\/operacao-impacto-intensifica-acoes-e-suspeitos-por-trafico-de-drogas-e-armas-sao-presos-na-regiao-metropolitana\/\"]}]},{\"@type\":\"BreadcrumbList\",\"@id\":\"https:\/\/www.pm.pb.gov.br\/portal\/2020\/07\/18\/operacao-impacto-intensifica-acoes-e-suspeitos-por-trafico-de-drogas-e-armas-sao-presos-na-regiao-metropolitana\/#breadcrumb\",\"itemListElement\":[{\"@type\":\"ListItem\",\"position\":1,\"name\":\"In\u00edcio\",\"item\":\"https:\/\/www.pm.pb.gov.br\/portal\/\"},{\"@type\":\"ListItem\",\"position\":2,\"name\":\"Opera\u00e7\u00e3o Impacto intensifica a\u00e7\u00f5es e suspeitos por tr\u00e1fico de drogas e armas s\u00e3o presos na regi\u00e3o metropolitana\"}]},{\"@type\":\"WebSite\",\"@id\":\"https:\/\/www.pm.pb.gov.br\/portal\/#website\",\"url\":\"https:\/\/www.pm.pb.gov.br\/portal\/\",\"name\":\"Pol\u00edcia Militar da Para\u00edba\",\"description\":\"\",\"publisher\":{\"@id\":\"https:\/\/www.pm.pb.gov.br\/portal\/#organization\"},\"potentialAction\":[{\"@type\":\"SearchAction\",\"target\":{\"@type\":\"EntryPoint\",\"urlTemplate\":\"https:\/\/www.pm.pb.gov.br\/portal\/?s={search_term_string}\"},\"query-input\":\"required name=search_term_string\"}],\"inLanguage\":\"pt-BR\"},{\"@type\":\"Organization\",\"@id\":\"https:\/\/www.pm.pb.gov.br\/portal\/#organization\",\"name\":\"Pol\u00edcia Militar da Para\u00edba\",\"url\":\"https:\/\/www.pm.pb.gov.br\/portal\/\",\"logo\":{\"@type\":\"ImageObject\",\"inLanguage\":\"pt-BR\",\"@id\":\"https:\/\/www.pm.pb.gov.br\/portal\/#\/schema\/logo\/image\/\",\"url\":\"https:\/\/www.pm.pb.gov.br\/portal\/wp-content\/uploads\/2025\/03\/cropped-logo-site-mag2-1.png\",\"contentUrl\":\"https:\/\/www.pm.pb.gov.br\/portal\/wp-content\/uploads\/2025\/03\/cropped-logo-site-mag2-1.png\",\"width\":320,\"height\":90,\"caption\":\"Pol\u00edcia Militar da Para\u00edba\"},\"image\":{\"@id\":\"https:\/\/www.pm.pb.gov.br\/portal\/#\/schema\/logo\/image\/\"}},{\"@type\":\"Person\",\"@id\":\"https:\/\/www.pm.pb.gov.br\/portal\/#\/schema\/person\/d14ec57cfec6ba094c033291a557dc3b\",\"name\":\"Hermerson Pedro\",\"image\":{\"@type\":\"ImageObject\",\"inLanguage\":\"pt-BR\",\"@id\":\"https:\/\/www.pm.pb.gov.br\/portal\/#\/schema\/person\/image\/\",\"url\":\"https:\/\/secure.gravatar.com\/avatar\/179290e0ec2caf97139df534dc3e55df?s=96&d=mm&r=g\",\"contentUrl\":\"https:\/\/secure.gravatar.com\/avatar\/179290e0ec2caf97139df534dc3e55df?s=96&d=mm&r=g\",\"caption\":\"Hermerson Pedro\"},\"url\":\"https:\/\/www.pm.pb.gov.br\/portal\/author\/hermerson\/\"}]}<\/script>\n<!-- \/ Yoast SEO plugin. -->","yoast_head_json":{"title":"Opera\u00e7\u00e3o Impacto intensifica a\u00e7\u00f5es e suspeitos por tr\u00e1fico de drogas e armas s\u00e3o presos na regi\u00e3o metropolitana - Pol\u00edcia Militar da Para\u00edba","robots":{"index":"index","follow":"follow","max-snippet":"max-snippet:-1","max-image-preview":"max-image-preview:large","max-video-preview":"max-video-preview:-1"},"canonical":"https:\/\/www.pm.pb.gov.br\/portal\/2020\/07\/18\/operacao-impacto-intensifica-acoes-e-suspeitos-por-trafico-de-drogas-e-armas-sao-presos-na-regiao-metropolitana\/","og_locale":"pt_BR","og_type":"article","og_title":"Opera\u00e7\u00e3o Impacto intensifica a\u00e7\u00f5es e suspeitos por tr\u00e1fico de drogas e armas s\u00e3o presos na regi\u00e3o metropolitana - Pol\u00edcia Militar da Para\u00edba","og_description":"A Pol\u00edcia Militar apreendeu drogas e armas, na noite dessa sexta-feira (17), durante a Opera\u00e7\u00e3o Impacto, nas cidades de Cabedelo","og_url":"https:\/\/www.pm.pb.gov.br\/portal\/2020\/07\/18\/operacao-impacto-intensifica-acoes-e-suspeitos-por-trafico-de-drogas-e-armas-sao-presos-na-regiao-metropolitana\/","og_site_name":"Pol\u00edcia Militar da Para\u00edba","article_published_time":"2020-07-18T20:45:10+00:00","article_modified_time":"2020-07-18T20:45:11+00:00","og_image":[{"width":1150,"height":640,"url":"https:\/\/www.pm.pb.gov.br\/portal\/wp-content\/uploads\/2020\/07\/WhatsApp-Image-2020-07-18-at-10.26.06.jpeg","type":"image\/jpeg"}],"author":"Hermerson Pedro","twitter_card":"summary_large_image","twitter_misc":{"Escrito por":"Hermerson Pedro","Est. tempo de leitura":"1 minuto"},"schema":{"@context":"https:\/\/schema.org","@graph":[{"@type":"Article","@id":"https:\/\/www.pm.pb.gov.br\/portal\/2020\/07\/18\/operacao-impacto-intensifica-acoes-e-suspeitos-por-trafico-de-drogas-e-armas-sao-presos-na-regiao-metropolitana\/#article","isPartOf":{"@id":"https:\/\/www.pm.pb.gov.br\/portal\/2020\/07\/18\/operacao-impacto-intensifica-acoes-e-suspeitos-por-trafico-de-drogas-e-armas-sao-presos-na-regiao-metropolitana\/"},"author":{"name":"Hermerson Pedro","@id":"https:\/\/www.pm.pb.gov.br\/portal\/#\/schema\/person\/d14ec57cfec6ba094c033291a557dc3b"},"headline":"Opera\u00e7\u00e3o Impacto intensifica a\u00e7\u00f5es e suspeitos por tr\u00e1fico de drogas e armas s\u00e3o presos na regi\u00e3o metropolitana","datePublished":"2020-07-18T20:45:10+00:00","dateModified":"2020-07-18T20:45:11+00:00","mainEntityOfPage":{"@id":"https:\/\/www.pm.pb.gov.br\/portal\/2020\/07\/18\/operacao-impacto-intensifica-acoes-e-suspeitos-por-trafico-de-drogas-e-armas-sao-presos-na-regiao-metropolitana\/"},"wordCount":280,"publisher":{"@id":"https:\/\/www.pm.pb.gov.br\/portal\/#organization"},"articleSection":["A\u00e7\u00f5es Policiais"],"inLanguage":"pt-BR"},{"@type":"WebPage","@id":"https:\/\/www.pm.pb.gov.br\/portal\/2020\/07\/18\/operacao-impacto-intensifica-acoes-e-suspeitos-por-trafico-de-drogas-e-armas-sao-presos-na-regiao-metropolitana\/","url":"https:\/\/www.pm.pb.gov.br\/portal\/2020\/07\/18\/operacao-impacto-intensifica-acoes-e-suspeitos-por-trafico-de-drogas-e-armas-sao-presos-na-regiao-metropolitana\/","name":"Opera\u00e7\u00e3o Impacto intensifica a\u00e7\u00f5es e suspeitos por tr\u00e1fico de drogas e armas s\u00e3o presos na regi\u00e3o metropolitana - Pol\u00edcia Militar da Para\u00edba","isPartOf":{"@id":"https:\/\/www.pm.pb.gov.br\/portal\/#website"},"datePublished":"2020-07-18T20:45:10+00:00","dateModified":"2020-07-18T20:45:11+00:00","breadcrumb":{"@id":"https:\/\/www.pm.pb.gov.br\/portal\/2020\/07\/18\/operacao-impacto-intensifica-acoes-e-suspeitos-por-trafico-de-drogas-e-armas-sao-presos-na-regiao-metropolitana\/#breadcrumb"},"inLanguage":"pt-BR","potentialAction":[{"@type":"ReadAction","target":["https:\/\/www.pm.pb.gov.br\/portal\/2020\/07\/18\/operacao-impacto-intensifica-acoes-e-suspeitos-por-trafico-de-drogas-e-armas-sao-presos-na-regiao-metropolitana\/"]}]},{"@type":"BreadcrumbList","@id":"https:\/\/www.pm.pb.gov.br\/portal\/2020\/07\/18\/operacao-impacto-intensifica-acoes-e-suspeitos-por-trafico-de-drogas-e-armas-sao-presos-na-regiao-metropolitana\/#breadcrumb","itemListElement":[{"@type":"ListItem","position":1,"name":"In\u00edcio","item":"https:\/\/www.pm.pb.gov.br\/portal\/"},{"@type":"ListItem","position":2,"name":"Opera\u00e7\u00e3o Impacto intensifica a\u00e7\u00f5es e suspeitos por tr\u00e1fico de drogas e armas s\u00e3o presos na regi\u00e3o metropolitana"}]},{"@type":"WebSite","@id":"https:\/\/www.pm.pb.gov.br\/portal\/#website","url":"https:\/\/www.pm.pb.gov.br\/portal\/","name":"Pol\u00edcia Militar da Para\u00edba","description":"","publisher":{"@id":"https:\/\/www.pm.pb.gov.br\/portal\/#organization"},"potentialAction":[{"@type":"SearchAction","target":{"@type":"EntryPoint","urlTemplate":"https:\/\/www.pm.pb.gov.br\/portal\/?s={search_term_string}"},"query-input":"required name=search_term_string"}],"inLanguage":"pt-BR"},{"@type":"Organization","@id":"https:\/\/www.pm.pb.gov.br\/portal\/#organization","name":"Pol\u00edcia Militar da Para\u00edba","url":"https:\/\/www.pm.pb.gov.br\/portal\/","logo":{"@type":"ImageObject","inLanguage":"pt-BR","@id":"https:\/\/www.pm.pb.gov.br\/portal\/#\/schema\/logo\/image\/","url":"https:\/\/www.pm.pb.gov.br\/portal\/wp-content\/uploads\/2025\/03\/cropped-logo-site-mag2-1.png","contentUrl":"https:\/\/www.pm.pb.gov.br\/portal\/wp-content\/uploads\/2025\/03\/cropped-logo-site-mag2-1.png","width":320,"height":90,"caption":"Pol\u00edcia Militar da Para\u00edba"},"image":{"@id":"https:\/\/www.pm.pb.gov.br\/portal\/#\/schema\/logo\/image\/"}},{"@type":"Person","@id":"https:\/\/www.pm.pb.gov.br\/portal\/#\/schema\/person\/d14ec57cfec6ba094c033291a557dc3b","name":"Hermerson Pedro","image":{"@type":"ImageObject","inLanguage":"pt-BR","@id":"https:\/\/www.pm.pb.gov.br\/portal\/#\/schema\/person\/image\/","url":"https:\/\/secure.gravatar.com\/avatar\/179290e0ec2caf97139df534dc3e55df?s=96&d=mm&r=g","contentUrl":"https:\/\/secure.gravatar.com\/avatar\/179290e0ec2caf97139df534dc3e55df?s=96&d=mm&r=g","caption":"Hermerson Pedro"},"url":"https:\/\/www.pm.pb.gov.br\/portal\/author\/hermerson\/"}]}},"_links":{"self":[{"href":"https:\/\/www.pm.pb.gov.br\/portal\/wp-json\/wp\/v2\/posts\/906139"}],"collection":[{"href":"https:\/\/www.pm.pb.gov.br\/portal\/wp-json\/wp\/v2\/posts"}],"about":[{"href":"https:\/\/www.pm.pb.gov.br\/portal\/wp-json\/wp\/v2\/types\/post"}],"author":[{"embeddable":true,"href":"https:\/\/www.pm.pb.gov.br\/portal\/wp-json\/wp\/v2\/users\/11"}],"replies":[{"embeddable":true,"href":"https:\/\/www.pm.pb.gov.br\/portal\/wp-json\/wp\/v2\/comments?post=906139"}],"version-history":[{"count":3,"href":"https:\/\/www.pm.pb.gov.br\/portal\/wp-json\/wp\/v2\/posts\/906139\/revisions"}],"predecessor-version":[{"id":906144,"href":"https:\/\/www.pm.pb.gov.br\/portal\/wp-json\/wp\/v2\/posts\/906139\/revisions\/906144"}],"wp:featuredmedia":[{"embeddable":true,"href":"https:\/\/www.pm.pb.gov.br\/portal\/wp-json\/wp\/v2\/media\/906140"}],"wp:attachment":[{"href":"https:\/\/www.pm.pb.gov.br\/portal\/wp-json\/wp\/v2\/media?parent=906139"}],"wp:term":[{"taxonomy":"category","embeddable":true,"href":"https:\/\/www.pm.pb.gov.br\/portal\/wp-json\/wp\/v2\/categories?post=906139"},{"taxonomy":"post_tag","embeddable":true,"href":"https:\/\/www.pm.pb.gov.br\/portal\/wp-json\/wp\/v2\/tags?post=906139"}],"curies":[{"name":"wp","href":"https:\/\/api.w.org\/{rel}","templated":true}]}}