{"id":906133,"date":"2020-07-17T16:24:45","date_gmt":"2020-07-17T19:24:45","guid":{"rendered":"http:\/\/www.pm.pb.gov.br\/portal\/?p=906133"},"modified":"2020-07-17T16:24:46","modified_gmt":"2020-07-17T19:24:46","slug":"policia-militar-apreende-quase-2-mil-municoes-durante-esta-semana-em-joao-pessoa","status":"publish","type":"post","link":"https:\/\/www.pm.pb.gov.br\/portal\/2020\/07\/17\/policia-militar-apreende-quase-2-mil-municoes-durante-esta-semana-em-joao-pessoa\/","title":{"rendered":"Pol\u00edcia Militar apreende quase 2 mil muni\u00e7\u00f5es durante esta semana em Jo\u00e3o Pessoa"},"content":{"rendered":"\n<p>Quase 2 mil muni\u00e7\u00f5es de v\u00e1rios calibres foram retiradas das ruas da capital da Para\u00edba, esta semana, em a\u00e7\u00f5es e opera\u00e7\u00f5es da Pol\u00edcia Militar. A maior parte delas, 1.647 no total, foram apreendidas nas \u00faltimas 72h. Este j\u00e1 \u00e9 a semana com o maior n\u00famero de apreens\u00f5es do ano, segundo dados da PM.<\/p>\n<p>A \u00faltima a\u00e7\u00e3o aconteceu durante a manh\u00e3, em uma \u00e1rea de mata, no bairro de Mangabeira, zona sul da cidade. Equipes do Batalh\u00e3o de Opera\u00e7\u00f5es Especiais (BOPE) fizeram buscas na localidade onde houve a opera\u00e7\u00e3o Coaliz\u00e3o, na noite dessa quinta-feira (16), e encontram 677 muni\u00e7\u00f5es de armas de grosso calibre.<\/p>\n<p>Na opera\u00e7\u00e3o da noite anterior, que contou com a participa\u00e7\u00e3o da Pol\u00edcia Federal, Pol\u00edcia Civil, Minist\u00e9rio P\u00fablico Estadual e Secretaria de Administra\u00e7\u00e3o Penitenci\u00e1ria (Seap), foram apreendidas outras 496 muni\u00e7\u00f5es, tamb\u00e9m de grosso calibre. O material estava junto com as armas.<\/p>\n<p>Na \u00faltima quarta-feira (15), policiais do Batalh\u00e3o Especializado em Policiamento com Motocicletas (BEPMotos) interceptaram um carro que estava transportando 474 muni\u00e7\u00f5es que possivelmente seriam entregues a integrantes de um grupo criminoso, tamb\u00e9m no bairro de Mangabeira. Foram presos, na ocasi\u00e3o, dois suspeitos, de 19 e 35 anos. Ainda n\u00e3o h\u00e1 confirma\u00e7\u00e3o deles terem liga\u00e7\u00e3o com os presos do dia seguinte.<\/p>\n<p>A quantidade de muni\u00e7\u00f5es apreendidas poder\u00e1 sofrer um aumento neste fim de semana, j\u00e1 que a corpora\u00e7\u00e3o atuar\u00e1 com refor\u00e7o em v\u00e1rias cidades paraibanas, entre elas a capital, com foco na preven\u00e7\u00e3o aos crimes do mais diversos tipos.<\/p>\n","protected":false},"excerpt":{"rendered":"<p>Quase 2 mil muni\u00e7\u00f5es de v\u00e1rios calibres foram retiradas das ruas da capital da Para\u00edba, esta semana, em a\u00e7\u00f5es e<\/p>\n","protected":false},"author":15,"featured_media":906134,"comment_status":"closed","ping_status":"closed","sticky":false,"template":"","format":"standard","meta":{"_exactmetrics_skip_tracking":false,"_exactmetrics_sitenote_active":false,"_exactmetrics_sitenote_note":"","_exactmetrics_sitenote_category":0,"footnotes":""},"categories":[4],"tags":[],"yoast_head":"<!-- This site is optimized with the Yoast SEO plugin v22.0 - https:\/\/yoast.com\/wordpress\/plugins\/seo\/ -->\n<title>Pol\u00edcia Militar apreende quase 2 mil muni\u00e7\u00f5es durante esta semana em Jo\u00e3o Pessoa - Pol\u00edcia Militar da Para\u00edba<\/title>\n<meta name=\"robots\" content=\"index, follow, max-snippet:-1, max-image-preview:large, max-video-preview:-1\" \/>\n<link rel=\"canonical\" href=\"https:\/\/www.pm.pb.gov.br\/portal\/2020\/07\/17\/policia-militar-apreende-quase-2-mil-municoes-durante-esta-semana-em-joao-pessoa\/\" \/>\n<meta property=\"og:locale\" content=\"pt_BR\" \/>\n<meta property=\"og:type\" content=\"article\" \/>\n<meta property=\"og:title\" content=\"Pol\u00edcia Militar apreende quase 2 mil muni\u00e7\u00f5es durante esta semana em Jo\u00e3o Pessoa - Pol\u00edcia Militar da Para\u00edba\" \/>\n<meta property=\"og:description\" content=\"Quase 2 mil muni\u00e7\u00f5es de v\u00e1rios calibres foram retiradas das ruas da capital da Para\u00edba, esta semana, em a\u00e7\u00f5es e\" \/>\n<meta property=\"og:url\" content=\"https:\/\/www.pm.pb.gov.br\/portal\/2020\/07\/17\/policia-militar-apreende-quase-2-mil-municoes-durante-esta-semana-em-joao-pessoa\/\" \/>\n<meta property=\"og:site_name\" content=\"Pol\u00edcia Militar da Para\u00edba\" \/>\n<meta property=\"article:published_time\" content=\"2020-07-17T19:24:45+00:00\" \/>\n<meta property=\"article:modified_time\" content=\"2020-07-17T19:24:46+00:00\" \/>\n<meta property=\"og:image\" content=\"https:\/\/www.pm.pb.gov.br\/portal\/wp-content\/uploads\/2020\/07\/MUNI\u00c7\u00d5ES.jpg\" \/>\n\t<meta property=\"og:image:width\" content=\"800\" \/>\n\t<meta property=\"og:image:height\" content=\"445\" \/>\n\t<meta property=\"og:image:type\" content=\"image\/jpeg\" \/>\n<meta name=\"author\" content=\"Marcio Gomes dos Santos\" \/>\n<meta name=\"twitter:card\" content=\"summary_large_image\" \/>\n<meta name=\"twitter:label1\" content=\"Escrito por\" \/>\n\t<meta name=\"twitter:data1\" content=\"Marcio Gomes dos Santos\" \/>\n\t<meta name=\"twitter:label2\" content=\"Est. tempo de leitura\" \/>\n\t<meta name=\"twitter:data2\" content=\"1 minuto\" \/>\n<script type=\"application\/ld+json\" class=\"yoast-schema-graph\">{\"@context\":\"https:\/\/schema.org\",\"@graph\":[{\"@type\":\"Article\",\"@id\":\"https:\/\/www.pm.pb.gov.br\/portal\/2020\/07\/17\/policia-militar-apreende-quase-2-mil-municoes-durante-esta-semana-em-joao-pessoa\/#article\",\"isPartOf\":{\"@id\":\"https:\/\/www.pm.pb.gov.br\/portal\/2020\/07\/17\/policia-militar-apreende-quase-2-mil-municoes-durante-esta-semana-em-joao-pessoa\/\"},\"author\":{\"name\":\"Marcio Gomes dos Santos\",\"@id\":\"https:\/\/www.pm.pb.gov.br\/portal\/#\/schema\/person\/30d571652b38533c2211e4e89bf5a502\"},\"headline\":\"Pol\u00edcia Militar apreende quase 2 mil muni\u00e7\u00f5es durante esta semana em Jo\u00e3o Pessoa\",\"datePublished\":\"2020-07-17T19:24:45+00:00\",\"dateModified\":\"2020-07-17T19:24:46+00:00\",\"mainEntityOfPage\":{\"@id\":\"https:\/\/www.pm.pb.gov.br\/portal\/2020\/07\/17\/policia-militar-apreende-quase-2-mil-municoes-durante-esta-semana-em-joao-pessoa\/\"},\"wordCount\":282,\"publisher\":{\"@id\":\"https:\/\/www.pm.pb.gov.br\/portal\/#organization\"},\"articleSection\":[\"A\u00e7\u00f5es Policiais\"],\"inLanguage\":\"pt-BR\"},{\"@type\":\"WebPage\",\"@id\":\"https:\/\/www.pm.pb.gov.br\/portal\/2020\/07\/17\/policia-militar-apreende-quase-2-mil-municoes-durante-esta-semana-em-joao-pessoa\/\",\"url\":\"https:\/\/www.pm.pb.gov.br\/portal\/2020\/07\/17\/policia-militar-apreende-quase-2-mil-municoes-durante-esta-semana-em-joao-pessoa\/\",\"name\":\"Pol\u00edcia Militar apreende quase 2 mil muni\u00e7\u00f5es durante esta semana em Jo\u00e3o Pessoa - Pol\u00edcia Militar da Para\u00edba\",\"isPartOf\":{\"@id\":\"https:\/\/www.pm.pb.gov.br\/portal\/#website\"},\"datePublished\":\"2020-07-17T19:24:45+00:00\",\"dateModified\":\"2020-07-17T19:24:46+00:00\",\"breadcrumb\":{\"@id\":\"https:\/\/www.pm.pb.gov.br\/portal\/2020\/07\/17\/policia-militar-apreende-quase-2-mil-municoes-durante-esta-semana-em-joao-pessoa\/#breadcrumb\"},\"inLanguage\":\"pt-BR\",\"potentialAction\":[{\"@type\":\"ReadAction\",\"target\":[\"https:\/\/www.pm.pb.gov.br\/portal\/2020\/07\/17\/policia-militar-apreende-quase-2-mil-municoes-durante-esta-semana-em-joao-pessoa\/\"]}]},{\"@type\":\"BreadcrumbList\",\"@id\":\"https:\/\/www.pm.pb.gov.br\/portal\/2020\/07\/17\/policia-militar-apreende-quase-2-mil-municoes-durante-esta-semana-em-joao-pessoa\/#breadcrumb\",\"itemListElement\":[{\"@type\":\"ListItem\",\"position\":1,\"name\":\"In\u00edcio\",\"item\":\"https:\/\/www.pm.pb.gov.br\/portal\/\"},{\"@type\":\"ListItem\",\"position\":2,\"name\":\"Pol\u00edcia Militar apreende quase 2 mil muni\u00e7\u00f5es durante esta semana em Jo\u00e3o Pessoa\"}]},{\"@type\":\"WebSite\",\"@id\":\"https:\/\/www.pm.pb.gov.br\/portal\/#website\",\"url\":\"https:\/\/www.pm.pb.gov.br\/portal\/\",\"name\":\"Pol\u00edcia Militar da Para\u00edba\",\"description\":\"\",\"publisher\":{\"@id\":\"https:\/\/www.pm.pb.gov.br\/portal\/#organization\"},\"potentialAction\":[{\"@type\":\"SearchAction\",\"target\":{\"@type\":\"EntryPoint\",\"urlTemplate\":\"https:\/\/www.pm.pb.gov.br\/portal\/?s={search_term_string}\"},\"query-input\":\"required name=search_term_string\"}],\"inLanguage\":\"pt-BR\"},{\"@type\":\"Organization\",\"@id\":\"https:\/\/www.pm.pb.gov.br\/portal\/#organization\",\"name\":\"Pol\u00edcia Militar da Para\u00edba\",\"url\":\"https:\/\/www.pm.pb.gov.br\/portal\/\",\"logo\":{\"@type\":\"ImageObject\",\"inLanguage\":\"pt-BR\",\"@id\":\"https:\/\/www.pm.pb.gov.br\/portal\/#\/schema\/logo\/image\/\",\"url\":\"https:\/\/www.pm.pb.gov.br\/portal\/wp-content\/uploads\/2025\/03\/cropped-logo-site-mag2-1.png\",\"contentUrl\":\"https:\/\/www.pm.pb.gov.br\/portal\/wp-content\/uploads\/2025\/03\/cropped-logo-site-mag2-1.png\",\"width\":320,\"height\":90,\"caption\":\"Pol\u00edcia Militar da Para\u00edba\"},\"image\":{\"@id\":\"https:\/\/www.pm.pb.gov.br\/portal\/#\/schema\/logo\/image\/\"}},{\"@type\":\"Person\",\"@id\":\"https:\/\/www.pm.pb.gov.br\/portal\/#\/schema\/person\/30d571652b38533c2211e4e89bf5a502\",\"name\":\"Marcio Gomes dos Santos\",\"image\":{\"@type\":\"ImageObject\",\"inLanguage\":\"pt-BR\",\"@id\":\"https:\/\/www.pm.pb.gov.br\/portal\/#\/schema\/person\/image\/\",\"url\":\"https:\/\/secure.gravatar.com\/avatar\/cf4ec2cb690101e1581c7773aa350c19?s=96&d=mm&r=g\",\"contentUrl\":\"https:\/\/secure.gravatar.com\/avatar\/cf4ec2cb690101e1581c7773aa350c19?s=96&d=mm&r=g\",\"caption\":\"Marcio Gomes dos Santos\"},\"url\":\"https:\/\/www.pm.pb.gov.br\/portal\/author\/mgomes\/\"}]}<\/script>\n<!-- \/ Yoast SEO plugin. -->","yoast_head_json":{"title":"Pol\u00edcia Militar apreende quase 2 mil muni\u00e7\u00f5es durante esta semana em Jo\u00e3o Pessoa - Pol\u00edcia Militar da Para\u00edba","robots":{"index":"index","follow":"follow","max-snippet":"max-snippet:-1","max-image-preview":"max-image-preview:large","max-video-preview":"max-video-preview:-1"},"canonical":"https:\/\/www.pm.pb.gov.br\/portal\/2020\/07\/17\/policia-militar-apreende-quase-2-mil-municoes-durante-esta-semana-em-joao-pessoa\/","og_locale":"pt_BR","og_type":"article","og_title":"Pol\u00edcia Militar apreende quase 2 mil muni\u00e7\u00f5es durante esta semana em Jo\u00e3o Pessoa - Pol\u00edcia Militar da Para\u00edba","og_description":"Quase 2 mil muni\u00e7\u00f5es de v\u00e1rios calibres foram retiradas das ruas da capital da Para\u00edba, esta semana, em a\u00e7\u00f5es e","og_url":"https:\/\/www.pm.pb.gov.br\/portal\/2020\/07\/17\/policia-militar-apreende-quase-2-mil-municoes-durante-esta-semana-em-joao-pessoa\/","og_site_name":"Pol\u00edcia Militar da Para\u00edba","article_published_time":"2020-07-17T19:24:45+00:00","article_modified_time":"2020-07-17T19:24:46+00:00","og_image":[{"width":800,"height":445,"url":"https:\/\/www.pm.pb.gov.br\/portal\/wp-content\/uploads\/2020\/07\/MUNI\u00c7\u00d5ES.jpg","type":"image\/jpeg"}],"author":"Marcio Gomes dos Santos","twitter_card":"summary_large_image","twitter_misc":{"Escrito por":"Marcio Gomes dos Santos","Est. tempo de leitura":"1 minuto"},"schema":{"@context":"https:\/\/schema.org","@graph":[{"@type":"Article","@id":"https:\/\/www.pm.pb.gov.br\/portal\/2020\/07\/17\/policia-militar-apreende-quase-2-mil-municoes-durante-esta-semana-em-joao-pessoa\/#article","isPartOf":{"@id":"https:\/\/www.pm.pb.gov.br\/portal\/2020\/07\/17\/policia-militar-apreende-quase-2-mil-municoes-durante-esta-semana-em-joao-pessoa\/"},"author":{"name":"Marcio Gomes dos Santos","@id":"https:\/\/www.pm.pb.gov.br\/portal\/#\/schema\/person\/30d571652b38533c2211e4e89bf5a502"},"headline":"Pol\u00edcia Militar apreende quase 2 mil muni\u00e7\u00f5es durante esta semana em Jo\u00e3o Pessoa","datePublished":"2020-07-17T19:24:45+00:00","dateModified":"2020-07-17T19:24:46+00:00","mainEntityOfPage":{"@id":"https:\/\/www.pm.pb.gov.br\/portal\/2020\/07\/17\/policia-militar-apreende-quase-2-mil-municoes-durante-esta-semana-em-joao-pessoa\/"},"wordCount":282,"publisher":{"@id":"https:\/\/www.pm.pb.gov.br\/portal\/#organization"},"articleSection":["A\u00e7\u00f5es Policiais"],"inLanguage":"pt-BR"},{"@type":"WebPage","@id":"https:\/\/www.pm.pb.gov.br\/portal\/2020\/07\/17\/policia-militar-apreende-quase-2-mil-municoes-durante-esta-semana-em-joao-pessoa\/","url":"https:\/\/www.pm.pb.gov.br\/portal\/2020\/07\/17\/policia-militar-apreende-quase-2-mil-municoes-durante-esta-semana-em-joao-pessoa\/","name":"Pol\u00edcia Militar apreende quase 2 mil muni\u00e7\u00f5es durante esta semana em Jo\u00e3o Pessoa - Pol\u00edcia Militar da Para\u00edba","isPartOf":{"@id":"https:\/\/www.pm.pb.gov.br\/portal\/#website"},"datePublished":"2020-07-17T19:24:45+00:00","dateModified":"2020-07-17T19:24:46+00:00","breadcrumb":{"@id":"https:\/\/www.pm.pb.gov.br\/portal\/2020\/07\/17\/policia-militar-apreende-quase-2-mil-municoes-durante-esta-semana-em-joao-pessoa\/#breadcrumb"},"inLanguage":"pt-BR","potentialAction":[{"@type":"ReadAction","target":["https:\/\/www.pm.pb.gov.br\/portal\/2020\/07\/17\/policia-militar-apreende-quase-2-mil-municoes-durante-esta-semana-em-joao-pessoa\/"]}]},{"@type":"BreadcrumbList","@id":"https:\/\/www.pm.pb.gov.br\/portal\/2020\/07\/17\/policia-militar-apreende-quase-2-mil-municoes-durante-esta-semana-em-joao-pessoa\/#breadcrumb","itemListElement":[{"@type":"ListItem","position":1,"name":"In\u00edcio","item":"https:\/\/www.pm.pb.gov.br\/portal\/"},{"@type":"ListItem","position":2,"name":"Pol\u00edcia Militar apreende quase 2 mil muni\u00e7\u00f5es durante esta semana em Jo\u00e3o Pessoa"}]},{"@type":"WebSite","@id":"https:\/\/www.pm.pb.gov.br\/portal\/#website","url":"https:\/\/www.pm.pb.gov.br\/portal\/","name":"Pol\u00edcia Militar da Para\u00edba","description":"","publisher":{"@id":"https:\/\/www.pm.pb.gov.br\/portal\/#organization"},"potentialAction":[{"@type":"SearchAction","target":{"@type":"EntryPoint","urlTemplate":"https:\/\/www.pm.pb.gov.br\/portal\/?s={search_term_string}"},"query-input":"required name=search_term_string"}],"inLanguage":"pt-BR"},{"@type":"Organization","@id":"https:\/\/www.pm.pb.gov.br\/portal\/#organization","name":"Pol\u00edcia Militar da Para\u00edba","url":"https:\/\/www.pm.pb.gov.br\/portal\/","logo":{"@type":"ImageObject","inLanguage":"pt-BR","@id":"https:\/\/www.pm.pb.gov.br\/portal\/#\/schema\/logo\/image\/","url":"https:\/\/www.pm.pb.gov.br\/portal\/wp-content\/uploads\/2025\/03\/cropped-logo-site-mag2-1.png","contentUrl":"https:\/\/www.pm.pb.gov.br\/portal\/wp-content\/uploads\/2025\/03\/cropped-logo-site-mag2-1.png","width":320,"height":90,"caption":"Pol\u00edcia Militar da Para\u00edba"},"image":{"@id":"https:\/\/www.pm.pb.gov.br\/portal\/#\/schema\/logo\/image\/"}},{"@type":"Person","@id":"https:\/\/www.pm.pb.gov.br\/portal\/#\/schema\/person\/30d571652b38533c2211e4e89bf5a502","name":"Marcio Gomes dos Santos","image":{"@type":"ImageObject","inLanguage":"pt-BR","@id":"https:\/\/www.pm.pb.gov.br\/portal\/#\/schema\/person\/image\/","url":"https:\/\/secure.gravatar.com\/avatar\/cf4ec2cb690101e1581c7773aa350c19?s=96&d=mm&r=g","contentUrl":"https:\/\/secure.gravatar.com\/avatar\/cf4ec2cb690101e1581c7773aa350c19?s=96&d=mm&r=g","caption":"Marcio Gomes dos Santos"},"url":"https:\/\/www.pm.pb.gov.br\/portal\/author\/mgomes\/"}]}},"_links":{"self":[{"href":"https:\/\/www.pm.pb.gov.br\/portal\/wp-json\/wp\/v2\/posts\/906133"}],"collection":[{"href":"https:\/\/www.pm.pb.gov.br\/portal\/wp-json\/wp\/v2\/posts"}],"about":[{"href":"https:\/\/www.pm.pb.gov.br\/portal\/wp-json\/wp\/v2\/types\/post"}],"author":[{"embeddable":true,"href":"https:\/\/www.pm.pb.gov.br\/portal\/wp-json\/wp\/v2\/users\/15"}],"replies":[{"embeddable":true,"href":"https:\/\/www.pm.pb.gov.br\/portal\/wp-json\/wp\/v2\/comments?post=906133"}],"version-history":[{"count":1,"href":"https:\/\/www.pm.pb.gov.br\/portal\/wp-json\/wp\/v2\/posts\/906133\/revisions"}],"predecessor-version":[{"id":906135,"href":"https:\/\/www.pm.pb.gov.br\/portal\/wp-json\/wp\/v2\/posts\/906133\/revisions\/906135"}],"wp:featuredmedia":[{"embeddable":true,"href":"https:\/\/www.pm.pb.gov.br\/portal\/wp-json\/wp\/v2\/media\/906134"}],"wp:attachment":[{"href":"https:\/\/www.pm.pb.gov.br\/portal\/wp-json\/wp\/v2\/media?parent=906133"}],"wp:term":[{"taxonomy":"category","embeddable":true,"href":"https:\/\/www.pm.pb.gov.br\/portal\/wp-json\/wp\/v2\/categories?post=906133"},{"taxonomy":"post_tag","embeddable":true,"href":"https:\/\/www.pm.pb.gov.br\/portal\/wp-json\/wp\/v2\/tags?post=906133"}],"curies":[{"name":"wp","href":"https:\/\/api.w.org\/{rel}","templated":true}]}}