{"id":906124,"date":"2020-07-20T08:42:16","date_gmt":"2020-07-20T11:42:16","guid":{"rendered":"http:\/\/www.pm.pb.gov.br\/portal\/?p=906124"},"modified":"2020-07-20T08:42:18","modified_gmt":"2020-07-20T11:42:18","slug":"nove-cobras-sao-resgatadas-durante-o-domingo-na-grande-joao-pessoa","status":"publish","type":"post","link":"https:\/\/www.pm.pb.gov.br\/portal\/2020\/07\/20\/nove-cobras-sao-resgatadas-durante-o-domingo-na-grande-joao-pessoa\/","title":{"rendered":"Nove cobras s\u00e3o resgatadas durante o domingo na grande Jo\u00e3o Pessoa"},"content":{"rendered":"\n<p>O Batalh\u00e3o de Pol\u00edcia Ambiental (BPAmb) resgatou nove cobras, nesse domingo (19), nas cidades de Jo\u00e3o Pessoa, Bayeux e Cabedelo. A maioria das serpentes eram da esp\u00e9cie jiboia (Boa constrictor).<br><br>Uma delas apareceu na sala da casa de uma idosa, no bairro de Mangabeira, na zona sul da Capital. Os policiais militares do Batalh\u00e3o de Pol\u00edcia Ambiental foram at\u00e9 a resid\u00eancia, fizeram o resgate e soltaram o animal em seu habitat natural.<br>Foram 4 casos em Jo\u00e3o Pessoa, 3 em Bayeux e 2 em Cabedelo. No total, o domingo teve 11 chamados de cobras aparecendo em ambientes urbanos, mas em dois deles, nos bairros do Tambi\u00e1 e \u00c1gua Fria, na Capital, as serpentes fugiram antes da chegada do BPAmb, j\u00e1 que as pessoas perderam de vista os animais. <br><br><strong>Semana podem surgir novos casos<\/strong> \u2013 Como a segunda-feira come\u00e7ou alternando entre chuvas e sol, h\u00e1 grande possibilidade do aparecimento de serpentes em ambientes urbanos, j\u00e1 que s\u00e3o considerados \u201canimais de sangue frio\u201d (s\u00e3o aqueles que n\u00e3o s\u00e3o capazes de regular a temperatura de seu pr\u00f3prio corpo).<br><br>O Batalh\u00e3o de Pol\u00edcia Ambiental orienta a popula\u00e7\u00e3o para os procedimentos que devem ser feitos, caso se deparem com os animais. O primeiro passo \u00e9 n\u00e3o tentar jamais pegar o animal. O segundo \u00e9 ligar para a PM, atrav\u00e9s do n\u00famero 190. O terceiro \u00e9 ficar mantendo o contato visual para evitar que ela fuja para um local mais perigoso sem ser resgatada. Quem tenta matar os animais, al\u00e9m do risco que isso traz, pode responder pelo crime do artigo 29 da lei N\u00ba 9.605, cuja pena \u00e9 de deten\u00e7\u00e3o de seis meses a um ano e multa.<br><br><strong>Dados de julho<\/strong> \u2013 Na primeira quinzena de julho, foram 32 cobras resgatadas em ambientes urbanos, na Para\u00edba. A segunda quinzena continua com os aparecimentos dos animais, sendo 9 s\u00f3 nesse domingo (19). <br><br><\/p>\n","protected":false},"excerpt":{"rendered":"<p>O Batalh\u00e3o de Pol\u00edcia Ambiental (BPAmb) resgatou nove cobras, nesse domingo (19), nas cidades de Jo\u00e3o Pessoa, Bayeux e Cabedelo.<\/p>\n","protected":false},"author":10,"featured_media":906156,"comment_status":"closed","ping_status":"closed","sticky":false,"template":"","format":"standard","meta":{"_exactmetrics_skip_tracking":false,"_exactmetrics_sitenote_active":false,"_exactmetrics_sitenote_note":"","_exactmetrics_sitenote_category":0,"footnotes":""},"categories":[4],"tags":[],"yoast_head":"<!-- This site is optimized with the Yoast SEO plugin v22.0 - https:\/\/yoast.com\/wordpress\/plugins\/seo\/ -->\n<title>Nove cobras s\u00e3o resgatadas durante o domingo na grande Jo\u00e3o Pessoa - Pol\u00edcia Militar da Para\u00edba<\/title>\n<meta name=\"robots\" content=\"index, follow, max-snippet:-1, max-image-preview:large, max-video-preview:-1\" \/>\n<link rel=\"canonical\" href=\"https:\/\/www.pm.pb.gov.br\/portal\/2020\/07\/20\/nove-cobras-sao-resgatadas-durante-o-domingo-na-grande-joao-pessoa\/\" \/>\n<meta property=\"og:locale\" content=\"pt_BR\" \/>\n<meta property=\"og:type\" content=\"article\" \/>\n<meta property=\"og:title\" content=\"Nove cobras s\u00e3o resgatadas durante o domingo na grande Jo\u00e3o Pessoa - Pol\u00edcia Militar da Para\u00edba\" \/>\n<meta property=\"og:description\" content=\"O Batalh\u00e3o de Pol\u00edcia Ambiental (BPAmb) resgatou nove cobras, nesse domingo (19), nas cidades de Jo\u00e3o Pessoa, Bayeux e Cabedelo.\" \/>\n<meta property=\"og:url\" content=\"https:\/\/www.pm.pb.gov.br\/portal\/2020\/07\/20\/nove-cobras-sao-resgatadas-durante-o-domingo-na-grande-joao-pessoa\/\" \/>\n<meta property=\"og:site_name\" content=\"Pol\u00edcia Militar da Para\u00edba\" \/>\n<meta property=\"article:published_time\" content=\"2020-07-20T11:42:16+00:00\" \/>\n<meta property=\"article:modified_time\" content=\"2020-07-20T11:42:18+00:00\" \/>\n<meta property=\"og:image\" content=\"https:\/\/www.pm.pb.gov.br\/portal\/wp-content\/uploads\/2020\/07\/cc9922ee-10b4-4495-b059-79958c73e898.jpeg\" \/>\n\t<meta property=\"og:image:width\" content=\"1280\" \/>\n\t<meta property=\"og:image:height\" content=\"960\" \/>\n\t<meta property=\"og:image:type\" content=\"image\/jpeg\" \/>\n<meta name=\"author\" content=\"WAGNER HENRIQUE VARELA DA SILVA\" \/>\n<meta name=\"twitter:card\" content=\"summary_large_image\" \/>\n<meta name=\"twitter:label1\" content=\"Escrito por\" \/>\n\t<meta name=\"twitter:data1\" content=\"WAGNER HENRIQUE VARELA DA SILVA\" \/>\n\t<meta name=\"twitter:label2\" content=\"Est. tempo de leitura\" \/>\n\t<meta name=\"twitter:data2\" content=\"2 minutos\" \/>\n<script type=\"application\/ld+json\" class=\"yoast-schema-graph\">{\"@context\":\"https:\/\/schema.org\",\"@graph\":[{\"@type\":\"Article\",\"@id\":\"https:\/\/www.pm.pb.gov.br\/portal\/2020\/07\/20\/nove-cobras-sao-resgatadas-durante-o-domingo-na-grande-joao-pessoa\/#article\",\"isPartOf\":{\"@id\":\"https:\/\/www.pm.pb.gov.br\/portal\/2020\/07\/20\/nove-cobras-sao-resgatadas-durante-o-domingo-na-grande-joao-pessoa\/\"},\"author\":{\"name\":\"WAGNER HENRIQUE VARELA DA SILVA\",\"@id\":\"https:\/\/www.pm.pb.gov.br\/portal\/#\/schema\/person\/b169b297b8494dea236e315ed1a201d1\"},\"headline\":\"Nove cobras s\u00e3o resgatadas durante o domingo na grande Jo\u00e3o Pessoa\",\"datePublished\":\"2020-07-20T11:42:16+00:00\",\"dateModified\":\"2020-07-20T11:42:18+00:00\",\"mainEntityOfPage\":{\"@id\":\"https:\/\/www.pm.pb.gov.br\/portal\/2020\/07\/20\/nove-cobras-sao-resgatadas-durante-o-domingo-na-grande-joao-pessoa\/\"},\"wordCount\":325,\"publisher\":{\"@id\":\"https:\/\/www.pm.pb.gov.br\/portal\/#organization\"},\"articleSection\":[\"A\u00e7\u00f5es Policiais\"],\"inLanguage\":\"pt-BR\"},{\"@type\":\"WebPage\",\"@id\":\"https:\/\/www.pm.pb.gov.br\/portal\/2020\/07\/20\/nove-cobras-sao-resgatadas-durante-o-domingo-na-grande-joao-pessoa\/\",\"url\":\"https:\/\/www.pm.pb.gov.br\/portal\/2020\/07\/20\/nove-cobras-sao-resgatadas-durante-o-domingo-na-grande-joao-pessoa\/\",\"name\":\"Nove cobras s\u00e3o resgatadas durante o domingo na grande Jo\u00e3o Pessoa - Pol\u00edcia Militar da Para\u00edba\",\"isPartOf\":{\"@id\":\"https:\/\/www.pm.pb.gov.br\/portal\/#website\"},\"datePublished\":\"2020-07-20T11:42:16+00:00\",\"dateModified\":\"2020-07-20T11:42:18+00:00\",\"breadcrumb\":{\"@id\":\"https:\/\/www.pm.pb.gov.br\/portal\/2020\/07\/20\/nove-cobras-sao-resgatadas-durante-o-domingo-na-grande-joao-pessoa\/#breadcrumb\"},\"inLanguage\":\"pt-BR\",\"potentialAction\":[{\"@type\":\"ReadAction\",\"target\":[\"https:\/\/www.pm.pb.gov.br\/portal\/2020\/07\/20\/nove-cobras-sao-resgatadas-durante-o-domingo-na-grande-joao-pessoa\/\"]}]},{\"@type\":\"BreadcrumbList\",\"@id\":\"https:\/\/www.pm.pb.gov.br\/portal\/2020\/07\/20\/nove-cobras-sao-resgatadas-durante-o-domingo-na-grande-joao-pessoa\/#breadcrumb\",\"itemListElement\":[{\"@type\":\"ListItem\",\"position\":1,\"name\":\"In\u00edcio\",\"item\":\"https:\/\/www.pm.pb.gov.br\/portal\/\"},{\"@type\":\"ListItem\",\"position\":2,\"name\":\"Nove cobras s\u00e3o resgatadas durante o domingo na grande Jo\u00e3o Pessoa\"}]},{\"@type\":\"WebSite\",\"@id\":\"https:\/\/www.pm.pb.gov.br\/portal\/#website\",\"url\":\"https:\/\/www.pm.pb.gov.br\/portal\/\",\"name\":\"Pol\u00edcia Militar da Para\u00edba\",\"description\":\"\",\"publisher\":{\"@id\":\"https:\/\/www.pm.pb.gov.br\/portal\/#organization\"},\"potentialAction\":[{\"@type\":\"SearchAction\",\"target\":{\"@type\":\"EntryPoint\",\"urlTemplate\":\"https:\/\/www.pm.pb.gov.br\/portal\/?s={search_term_string}\"},\"query-input\":\"required name=search_term_string\"}],\"inLanguage\":\"pt-BR\"},{\"@type\":\"Organization\",\"@id\":\"https:\/\/www.pm.pb.gov.br\/portal\/#organization\",\"name\":\"Pol\u00edcia Militar da Para\u00edba\",\"url\":\"https:\/\/www.pm.pb.gov.br\/portal\/\",\"logo\":{\"@type\":\"ImageObject\",\"inLanguage\":\"pt-BR\",\"@id\":\"https:\/\/www.pm.pb.gov.br\/portal\/#\/schema\/logo\/image\/\",\"url\":\"https:\/\/www.pm.pb.gov.br\/portal\/wp-content\/uploads\/2025\/03\/cropped-logo-site-mag2-1.png\",\"contentUrl\":\"https:\/\/www.pm.pb.gov.br\/portal\/wp-content\/uploads\/2025\/03\/cropped-logo-site-mag2-1.png\",\"width\":320,\"height\":90,\"caption\":\"Pol\u00edcia Militar da Para\u00edba\"},\"image\":{\"@id\":\"https:\/\/www.pm.pb.gov.br\/portal\/#\/schema\/logo\/image\/\"}},{\"@type\":\"Person\",\"@id\":\"https:\/\/www.pm.pb.gov.br\/portal\/#\/schema\/person\/b169b297b8494dea236e315ed1a201d1\",\"name\":\"WAGNER HENRIQUE VARELA DA SILVA\",\"image\":{\"@type\":\"ImageObject\",\"inLanguage\":\"pt-BR\",\"@id\":\"https:\/\/www.pm.pb.gov.br\/portal\/#\/schema\/person\/image\/\",\"url\":\"https:\/\/secure.gravatar.com\/avatar\/e08af53176a66730df5c0706c6c31fd6?s=96&d=mm&r=g\",\"contentUrl\":\"https:\/\/secure.gravatar.com\/avatar\/e08af53176a66730df5c0706c6c31fd6?s=96&d=mm&r=g\",\"caption\":\"WAGNER HENRIQUE VARELA DA SILVA\"},\"url\":\"https:\/\/www.pm.pb.gov.br\/portal\/author\/varela\/\"}]}<\/script>\n<!-- \/ Yoast SEO plugin. -->","yoast_head_json":{"title":"Nove cobras s\u00e3o resgatadas durante o domingo na grande Jo\u00e3o Pessoa - Pol\u00edcia Militar da Para\u00edba","robots":{"index":"index","follow":"follow","max-snippet":"max-snippet:-1","max-image-preview":"max-image-preview:large","max-video-preview":"max-video-preview:-1"},"canonical":"https:\/\/www.pm.pb.gov.br\/portal\/2020\/07\/20\/nove-cobras-sao-resgatadas-durante-o-domingo-na-grande-joao-pessoa\/","og_locale":"pt_BR","og_type":"article","og_title":"Nove cobras s\u00e3o resgatadas durante o domingo na grande Jo\u00e3o Pessoa - Pol\u00edcia Militar da Para\u00edba","og_description":"O Batalh\u00e3o de Pol\u00edcia Ambiental (BPAmb) resgatou nove cobras, nesse domingo (19), nas cidades de Jo\u00e3o Pessoa, Bayeux e Cabedelo.","og_url":"https:\/\/www.pm.pb.gov.br\/portal\/2020\/07\/20\/nove-cobras-sao-resgatadas-durante-o-domingo-na-grande-joao-pessoa\/","og_site_name":"Pol\u00edcia Militar da Para\u00edba","article_published_time":"2020-07-20T11:42:16+00:00","article_modified_time":"2020-07-20T11:42:18+00:00","og_image":[{"width":1280,"height":960,"url":"https:\/\/www.pm.pb.gov.br\/portal\/wp-content\/uploads\/2020\/07\/cc9922ee-10b4-4495-b059-79958c73e898.jpeg","type":"image\/jpeg"}],"author":"WAGNER HENRIQUE VARELA DA SILVA","twitter_card":"summary_large_image","twitter_misc":{"Escrito por":"WAGNER HENRIQUE VARELA DA SILVA","Est. tempo de leitura":"2 minutos"},"schema":{"@context":"https:\/\/schema.org","@graph":[{"@type":"Article","@id":"https:\/\/www.pm.pb.gov.br\/portal\/2020\/07\/20\/nove-cobras-sao-resgatadas-durante-o-domingo-na-grande-joao-pessoa\/#article","isPartOf":{"@id":"https:\/\/www.pm.pb.gov.br\/portal\/2020\/07\/20\/nove-cobras-sao-resgatadas-durante-o-domingo-na-grande-joao-pessoa\/"},"author":{"name":"WAGNER HENRIQUE VARELA DA SILVA","@id":"https:\/\/www.pm.pb.gov.br\/portal\/#\/schema\/person\/b169b297b8494dea236e315ed1a201d1"},"headline":"Nove cobras s\u00e3o resgatadas durante o domingo na grande Jo\u00e3o Pessoa","datePublished":"2020-07-20T11:42:16+00:00","dateModified":"2020-07-20T11:42:18+00:00","mainEntityOfPage":{"@id":"https:\/\/www.pm.pb.gov.br\/portal\/2020\/07\/20\/nove-cobras-sao-resgatadas-durante-o-domingo-na-grande-joao-pessoa\/"},"wordCount":325,"publisher":{"@id":"https:\/\/www.pm.pb.gov.br\/portal\/#organization"},"articleSection":["A\u00e7\u00f5es Policiais"],"inLanguage":"pt-BR"},{"@type":"WebPage","@id":"https:\/\/www.pm.pb.gov.br\/portal\/2020\/07\/20\/nove-cobras-sao-resgatadas-durante-o-domingo-na-grande-joao-pessoa\/","url":"https:\/\/www.pm.pb.gov.br\/portal\/2020\/07\/20\/nove-cobras-sao-resgatadas-durante-o-domingo-na-grande-joao-pessoa\/","name":"Nove cobras s\u00e3o resgatadas durante o domingo na grande Jo\u00e3o Pessoa - Pol\u00edcia Militar da Para\u00edba","isPartOf":{"@id":"https:\/\/www.pm.pb.gov.br\/portal\/#website"},"datePublished":"2020-07-20T11:42:16+00:00","dateModified":"2020-07-20T11:42:18+00:00","breadcrumb":{"@id":"https:\/\/www.pm.pb.gov.br\/portal\/2020\/07\/20\/nove-cobras-sao-resgatadas-durante-o-domingo-na-grande-joao-pessoa\/#breadcrumb"},"inLanguage":"pt-BR","potentialAction":[{"@type":"ReadAction","target":["https:\/\/www.pm.pb.gov.br\/portal\/2020\/07\/20\/nove-cobras-sao-resgatadas-durante-o-domingo-na-grande-joao-pessoa\/"]}]},{"@type":"BreadcrumbList","@id":"https:\/\/www.pm.pb.gov.br\/portal\/2020\/07\/20\/nove-cobras-sao-resgatadas-durante-o-domingo-na-grande-joao-pessoa\/#breadcrumb","itemListElement":[{"@type":"ListItem","position":1,"name":"In\u00edcio","item":"https:\/\/www.pm.pb.gov.br\/portal\/"},{"@type":"ListItem","position":2,"name":"Nove cobras s\u00e3o resgatadas durante o domingo na grande Jo\u00e3o Pessoa"}]},{"@type":"WebSite","@id":"https:\/\/www.pm.pb.gov.br\/portal\/#website","url":"https:\/\/www.pm.pb.gov.br\/portal\/","name":"Pol\u00edcia Militar da Para\u00edba","description":"","publisher":{"@id":"https:\/\/www.pm.pb.gov.br\/portal\/#organization"},"potentialAction":[{"@type":"SearchAction","target":{"@type":"EntryPoint","urlTemplate":"https:\/\/www.pm.pb.gov.br\/portal\/?s={search_term_string}"},"query-input":"required name=search_term_string"}],"inLanguage":"pt-BR"},{"@type":"Organization","@id":"https:\/\/www.pm.pb.gov.br\/portal\/#organization","name":"Pol\u00edcia Militar da Para\u00edba","url":"https:\/\/www.pm.pb.gov.br\/portal\/","logo":{"@type":"ImageObject","inLanguage":"pt-BR","@id":"https:\/\/www.pm.pb.gov.br\/portal\/#\/schema\/logo\/image\/","url":"https:\/\/www.pm.pb.gov.br\/portal\/wp-content\/uploads\/2025\/03\/cropped-logo-site-mag2-1.png","contentUrl":"https:\/\/www.pm.pb.gov.br\/portal\/wp-content\/uploads\/2025\/03\/cropped-logo-site-mag2-1.png","width":320,"height":90,"caption":"Pol\u00edcia Militar da Para\u00edba"},"image":{"@id":"https:\/\/www.pm.pb.gov.br\/portal\/#\/schema\/logo\/image\/"}},{"@type":"Person","@id":"https:\/\/www.pm.pb.gov.br\/portal\/#\/schema\/person\/b169b297b8494dea236e315ed1a201d1","name":"WAGNER HENRIQUE VARELA DA SILVA","image":{"@type":"ImageObject","inLanguage":"pt-BR","@id":"https:\/\/www.pm.pb.gov.br\/portal\/#\/schema\/person\/image\/","url":"https:\/\/secure.gravatar.com\/avatar\/e08af53176a66730df5c0706c6c31fd6?s=96&d=mm&r=g","contentUrl":"https:\/\/secure.gravatar.com\/avatar\/e08af53176a66730df5c0706c6c31fd6?s=96&d=mm&r=g","caption":"WAGNER HENRIQUE VARELA DA SILVA"},"url":"https:\/\/www.pm.pb.gov.br\/portal\/author\/varela\/"}]}},"_links":{"self":[{"href":"https:\/\/www.pm.pb.gov.br\/portal\/wp-json\/wp\/v2\/posts\/906124"}],"collection":[{"href":"https:\/\/www.pm.pb.gov.br\/portal\/wp-json\/wp\/v2\/posts"}],"about":[{"href":"https:\/\/www.pm.pb.gov.br\/portal\/wp-json\/wp\/v2\/types\/post"}],"author":[{"embeddable":true,"href":"https:\/\/www.pm.pb.gov.br\/portal\/wp-json\/wp\/v2\/users\/10"}],"replies":[{"embeddable":true,"href":"https:\/\/www.pm.pb.gov.br\/portal\/wp-json\/wp\/v2\/comments?post=906124"}],"version-history":[{"count":2,"href":"https:\/\/www.pm.pb.gov.br\/portal\/wp-json\/wp\/v2\/posts\/906124\/revisions"}],"predecessor-version":[{"id":906157,"href":"https:\/\/www.pm.pb.gov.br\/portal\/wp-json\/wp\/v2\/posts\/906124\/revisions\/906157"}],"wp:featuredmedia":[{"embeddable":true,"href":"https:\/\/www.pm.pb.gov.br\/portal\/wp-json\/wp\/v2\/media\/906156"}],"wp:attachment":[{"href":"https:\/\/www.pm.pb.gov.br\/portal\/wp-json\/wp\/v2\/media?parent=906124"}],"wp:term":[{"taxonomy":"category","embeddable":true,"href":"https:\/\/www.pm.pb.gov.br\/portal\/wp-json\/wp\/v2\/categories?post=906124"},{"taxonomy":"post_tag","embeddable":true,"href":"https:\/\/www.pm.pb.gov.br\/portal\/wp-json\/wp\/v2\/tags?post=906124"}],"curies":[{"name":"wp","href":"https:\/\/api.w.org\/{rel}","templated":true}]}}