{"id":906113,"date":"2020-07-16T23:41:36","date_gmt":"2020-07-17T02:41:36","guid":{"rendered":"http:\/\/www.pm.pb.gov.br\/portal\/?p=906113"},"modified":"2020-07-16T23:55:07","modified_gmt":"2020-07-17T02:55:07","slug":"operacao-desarticula-quadrilha-responsavel-por-roubos-trafico-e-comandada-por-preso-do-pb-1-em-joao-pessoa","status":"publish","type":"post","link":"https:\/\/www.pm.pb.gov.br\/portal\/2020\/07\/16\/operacao-desarticula-quadrilha-responsavel-por-roubos-trafico-e-comandada-por-preso-do-pb-1-em-joao-pessoa\/","title":{"rendered":"Opera\u00e7\u00e3o desarticula quadrilha respons\u00e1vel por roubos, tr\u00e1fico e comandada por preso do PB 1, em Jo\u00e3o Pessoa"},"content":{"rendered":"\n<p>Uma a\u00e7\u00e3o integrada da Secretaria da Seguran\u00e7a e da Defesa Social da Para\u00edba (Sesds), por meio da Pol\u00edcia Militar e da Pol\u00edcia Civil, e ainda Pol\u00edcia Federal, Minist\u00e9rio P\u00fablico Estadual e Secretaria de Administra\u00e7\u00e3o Penitenci\u00e1ria (Seap), desarticulou na noite desta quinta-feira (16) uma quadrilha respons\u00e1vel pela pr\u00e1tica de crimes contra o patrim\u00f4nio, tr\u00e1fico e que seria comandada por um preso da unidade prisional PB 1, em Jo\u00e3o Pessoa.<\/p>\n\n\n\n<p>O trabalho, que ganhou o nome de \u2018Opera\u00e7\u00e3o Coaliz\u00e3o\u2019, resultou na apreens\u00e3o de tr\u00eas fuzis 556, uma pistola com adaptador que a transformava em submetralhadora e muni\u00e7\u00f5es de calibres 556 e 9 mil\u00edmetros. Tr\u00eas pessoas suspeitas de integrar o grupo tamb\u00e9m foram conduzidas \u00e0 delegacia.<\/p>\n\n\n\n<p>As abordagens aconteceram no bairro de Mangabeira, capital, com o apoio do Grupamento T\u00e1tico A\u00e9reo (GTA) da Sesds, que acompanhou toda a a\u00e7\u00e3o policial, realizada em uma \u00e1rea de mata. De acordo com as investiga\u00e7\u00f5es, a quadrilha \u00e9 respons\u00e1vel por roubos a vigilantes da Universidade Federal da Para\u00edba, de outros \u00f3rg\u00e3os p\u00fablicos e de estabelecimentos comerciais, sempre com o objetivo de se tomar as armas das v\u00edtimas. J\u00e1 o tr\u00e1fico acontecia na localidade conhecida como Torre de Babel, no bairro do Valentina Figueiredo, al\u00e9m de outras \u00e1reas da zona sul da cidade.<\/p>\n\n\n\n<p>Para a Pol\u00edcia, tanto os conduzidos, dois homens e uma mulher, como outros suspeitos de fazer parte da quadrilha e que j\u00e1 foram identificados, agiam sob comando de um preso do PB 1. Todo o material apreendido e os suspeitos foram encaminhados \u00e0 Central de Pol\u00edcia Civil, no bairro do Geisel.<\/p>\n\n\n\n<p><strong>A opera\u00e7\u00e3o Coaliz\u00e3o<\/strong>&nbsp;\u2013 O nome que faz refer\u00eancia ao trabalho integrado das institui\u00e7\u00f5es envolvidas para desarticular o bando, que seria chefiado pelo apenado e \u00e9 resultado de investiga\u00e7\u00f5es realizadas h\u00e1 mais de tr\u00eas meses. Nesta quinta-feira (16), os policiais receberam a informa\u00e7\u00e3o de que os suspeitos estavam na \u00e1rea de mata, no caminho para a praia da Penha, cercaram o local e conseguiram apreender as armas, conduzindo os suspeitos.<\/p>\n","protected":false},"excerpt":{"rendered":"<p>Uma a\u00e7\u00e3o integrada da Secretaria da Seguran\u00e7a e da Defesa Social da Para\u00edba (Sesds), por meio da Pol\u00edcia Militar e<\/p>\n","protected":false},"author":10,"featured_media":906117,"comment_status":"closed","ping_status":"closed","sticky":false,"template":"","format":"standard","meta":{"_exactmetrics_skip_tracking":false,"_exactmetrics_sitenote_active":false,"_exactmetrics_sitenote_note":"","_exactmetrics_sitenote_category":0,"footnotes":""},"categories":[4],"tags":[],"yoast_head":"<!-- This site is optimized with the Yoast SEO plugin v22.0 - https:\/\/yoast.com\/wordpress\/plugins\/seo\/ -->\n<title>Opera\u00e7\u00e3o desarticula quadrilha respons\u00e1vel por roubos, tr\u00e1fico e comandada por preso do PB 1, em Jo\u00e3o Pessoa - Pol\u00edcia Militar da Para\u00edba<\/title>\n<meta name=\"robots\" content=\"index, follow, max-snippet:-1, max-image-preview:large, max-video-preview:-1\" \/>\n<link rel=\"canonical\" href=\"https:\/\/www.pm.pb.gov.br\/portal\/2020\/07\/16\/operacao-desarticula-quadrilha-responsavel-por-roubos-trafico-e-comandada-por-preso-do-pb-1-em-joao-pessoa\/\" \/>\n<meta property=\"og:locale\" content=\"pt_BR\" \/>\n<meta property=\"og:type\" content=\"article\" \/>\n<meta property=\"og:title\" content=\"Opera\u00e7\u00e3o desarticula quadrilha respons\u00e1vel por roubos, tr\u00e1fico e comandada por preso do PB 1, em Jo\u00e3o Pessoa - Pol\u00edcia Militar da Para\u00edba\" \/>\n<meta property=\"og:description\" content=\"Uma a\u00e7\u00e3o integrada da Secretaria da Seguran\u00e7a e da Defesa Social da Para\u00edba (Sesds), por meio da Pol\u00edcia Militar e\" \/>\n<meta property=\"og:url\" content=\"https:\/\/www.pm.pb.gov.br\/portal\/2020\/07\/16\/operacao-desarticula-quadrilha-responsavel-por-roubos-trafico-e-comandada-por-preso-do-pb-1-em-joao-pessoa\/\" \/>\n<meta property=\"og:site_name\" content=\"Pol\u00edcia Militar da Para\u00edba\" \/>\n<meta property=\"article:published_time\" content=\"2020-07-17T02:41:36+00:00\" \/>\n<meta property=\"article:modified_time\" content=\"2020-07-17T02:55:07+00:00\" \/>\n<meta property=\"og:image\" content=\"https:\/\/www.pm.pb.gov.br\/portal\/wp-content\/uploads\/2020\/07\/5d2883c5-3849-459f-b8f2-f124c173bbeb.jpeg\" \/>\n\t<meta property=\"og:image:width\" content=\"1152\" \/>\n\t<meta property=\"og:image:height\" content=\"864\" \/>\n\t<meta property=\"og:image:type\" content=\"image\/jpeg\" \/>\n<meta name=\"author\" content=\"WAGNER HENRIQUE VARELA DA SILVA\" \/>\n<meta name=\"twitter:card\" content=\"summary_large_image\" \/>\n<meta name=\"twitter:label1\" content=\"Escrito por\" \/>\n\t<meta name=\"twitter:data1\" content=\"WAGNER HENRIQUE VARELA DA SILVA\" \/>\n\t<meta name=\"twitter:label2\" content=\"Est. tempo de leitura\" \/>\n\t<meta name=\"twitter:data2\" content=\"2 minutos\" \/>\n<script type=\"application\/ld+json\" class=\"yoast-schema-graph\">{\"@context\":\"https:\/\/schema.org\",\"@graph\":[{\"@type\":\"Article\",\"@id\":\"https:\/\/www.pm.pb.gov.br\/portal\/2020\/07\/16\/operacao-desarticula-quadrilha-responsavel-por-roubos-trafico-e-comandada-por-preso-do-pb-1-em-joao-pessoa\/#article\",\"isPartOf\":{\"@id\":\"https:\/\/www.pm.pb.gov.br\/portal\/2020\/07\/16\/operacao-desarticula-quadrilha-responsavel-por-roubos-trafico-e-comandada-por-preso-do-pb-1-em-joao-pessoa\/\"},\"author\":{\"name\":\"WAGNER HENRIQUE VARELA DA SILVA\",\"@id\":\"https:\/\/www.pm.pb.gov.br\/portal\/#\/schema\/person\/b169b297b8494dea236e315ed1a201d1\"},\"headline\":\"Opera\u00e7\u00e3o desarticula quadrilha respons\u00e1vel por roubos, tr\u00e1fico e comandada por preso do PB 1, em Jo\u00e3o Pessoa\",\"datePublished\":\"2020-07-17T02:41:36+00:00\",\"dateModified\":\"2020-07-17T02:55:07+00:00\",\"mainEntityOfPage\":{\"@id\":\"https:\/\/www.pm.pb.gov.br\/portal\/2020\/07\/16\/operacao-desarticula-quadrilha-responsavel-por-roubos-trafico-e-comandada-por-preso-do-pb-1-em-joao-pessoa\/\"},\"wordCount\":378,\"publisher\":{\"@id\":\"https:\/\/www.pm.pb.gov.br\/portal\/#organization\"},\"articleSection\":[\"A\u00e7\u00f5es Policiais\"],\"inLanguage\":\"pt-BR\"},{\"@type\":\"WebPage\",\"@id\":\"https:\/\/www.pm.pb.gov.br\/portal\/2020\/07\/16\/operacao-desarticula-quadrilha-responsavel-por-roubos-trafico-e-comandada-por-preso-do-pb-1-em-joao-pessoa\/\",\"url\":\"https:\/\/www.pm.pb.gov.br\/portal\/2020\/07\/16\/operacao-desarticula-quadrilha-responsavel-por-roubos-trafico-e-comandada-por-preso-do-pb-1-em-joao-pessoa\/\",\"name\":\"Opera\u00e7\u00e3o desarticula quadrilha respons\u00e1vel por roubos, tr\u00e1fico e comandada por preso do PB 1, em Jo\u00e3o Pessoa - Pol\u00edcia Militar da Para\u00edba\",\"isPartOf\":{\"@id\":\"https:\/\/www.pm.pb.gov.br\/portal\/#website\"},\"datePublished\":\"2020-07-17T02:41:36+00:00\",\"dateModified\":\"2020-07-17T02:55:07+00:00\",\"breadcrumb\":{\"@id\":\"https:\/\/www.pm.pb.gov.br\/portal\/2020\/07\/16\/operacao-desarticula-quadrilha-responsavel-por-roubos-trafico-e-comandada-por-preso-do-pb-1-em-joao-pessoa\/#breadcrumb\"},\"inLanguage\":\"pt-BR\",\"potentialAction\":[{\"@type\":\"ReadAction\",\"target\":[\"https:\/\/www.pm.pb.gov.br\/portal\/2020\/07\/16\/operacao-desarticula-quadrilha-responsavel-por-roubos-trafico-e-comandada-por-preso-do-pb-1-em-joao-pessoa\/\"]}]},{\"@type\":\"BreadcrumbList\",\"@id\":\"https:\/\/www.pm.pb.gov.br\/portal\/2020\/07\/16\/operacao-desarticula-quadrilha-responsavel-por-roubos-trafico-e-comandada-por-preso-do-pb-1-em-joao-pessoa\/#breadcrumb\",\"itemListElement\":[{\"@type\":\"ListItem\",\"position\":1,\"name\":\"In\u00edcio\",\"item\":\"https:\/\/www.pm.pb.gov.br\/portal\/\"},{\"@type\":\"ListItem\",\"position\":2,\"name\":\"Opera\u00e7\u00e3o desarticula quadrilha respons\u00e1vel por roubos, tr\u00e1fico e comandada por preso do PB 1, em Jo\u00e3o Pessoa\"}]},{\"@type\":\"WebSite\",\"@id\":\"https:\/\/www.pm.pb.gov.br\/portal\/#website\",\"url\":\"https:\/\/www.pm.pb.gov.br\/portal\/\",\"name\":\"Pol\u00edcia Militar da Para\u00edba\",\"description\":\"\",\"publisher\":{\"@id\":\"https:\/\/www.pm.pb.gov.br\/portal\/#organization\"},\"potentialAction\":[{\"@type\":\"SearchAction\",\"target\":{\"@type\":\"EntryPoint\",\"urlTemplate\":\"https:\/\/www.pm.pb.gov.br\/portal\/?s={search_term_string}\"},\"query-input\":\"required name=search_term_string\"}],\"inLanguage\":\"pt-BR\"},{\"@type\":\"Organization\",\"@id\":\"https:\/\/www.pm.pb.gov.br\/portal\/#organization\",\"name\":\"Pol\u00edcia Militar da Para\u00edba\",\"url\":\"https:\/\/www.pm.pb.gov.br\/portal\/\",\"logo\":{\"@type\":\"ImageObject\",\"inLanguage\":\"pt-BR\",\"@id\":\"https:\/\/www.pm.pb.gov.br\/portal\/#\/schema\/logo\/image\/\",\"url\":\"https:\/\/www.pm.pb.gov.br\/portal\/wp-content\/uploads\/2025\/03\/cropped-logo-site-mag2-1.png\",\"contentUrl\":\"https:\/\/www.pm.pb.gov.br\/portal\/wp-content\/uploads\/2025\/03\/cropped-logo-site-mag2-1.png\",\"width\":320,\"height\":90,\"caption\":\"Pol\u00edcia Militar da Para\u00edba\"},\"image\":{\"@id\":\"https:\/\/www.pm.pb.gov.br\/portal\/#\/schema\/logo\/image\/\"}},{\"@type\":\"Person\",\"@id\":\"https:\/\/www.pm.pb.gov.br\/portal\/#\/schema\/person\/b169b297b8494dea236e315ed1a201d1\",\"name\":\"WAGNER HENRIQUE VARELA DA SILVA\",\"image\":{\"@type\":\"ImageObject\",\"inLanguage\":\"pt-BR\",\"@id\":\"https:\/\/www.pm.pb.gov.br\/portal\/#\/schema\/person\/image\/\",\"url\":\"https:\/\/secure.gravatar.com\/avatar\/e08af53176a66730df5c0706c6c31fd6?s=96&d=mm&r=g\",\"contentUrl\":\"https:\/\/secure.gravatar.com\/avatar\/e08af53176a66730df5c0706c6c31fd6?s=96&d=mm&r=g\",\"caption\":\"WAGNER HENRIQUE VARELA DA SILVA\"},\"url\":\"https:\/\/www.pm.pb.gov.br\/portal\/author\/varela\/\"}]}<\/script>\n<!-- \/ Yoast SEO plugin. -->","yoast_head_json":{"title":"Opera\u00e7\u00e3o desarticula quadrilha respons\u00e1vel por roubos, tr\u00e1fico e comandada por preso do PB 1, em Jo\u00e3o Pessoa - Pol\u00edcia Militar da Para\u00edba","robots":{"index":"index","follow":"follow","max-snippet":"max-snippet:-1","max-image-preview":"max-image-preview:large","max-video-preview":"max-video-preview:-1"},"canonical":"https:\/\/www.pm.pb.gov.br\/portal\/2020\/07\/16\/operacao-desarticula-quadrilha-responsavel-por-roubos-trafico-e-comandada-por-preso-do-pb-1-em-joao-pessoa\/","og_locale":"pt_BR","og_type":"article","og_title":"Opera\u00e7\u00e3o desarticula quadrilha respons\u00e1vel por roubos, tr\u00e1fico e comandada por preso do PB 1, em Jo\u00e3o Pessoa - Pol\u00edcia Militar da Para\u00edba","og_description":"Uma a\u00e7\u00e3o integrada da Secretaria da Seguran\u00e7a e da Defesa Social da Para\u00edba (Sesds), por meio da Pol\u00edcia Militar e","og_url":"https:\/\/www.pm.pb.gov.br\/portal\/2020\/07\/16\/operacao-desarticula-quadrilha-responsavel-por-roubos-trafico-e-comandada-por-preso-do-pb-1-em-joao-pessoa\/","og_site_name":"Pol\u00edcia Militar da Para\u00edba","article_published_time":"2020-07-17T02:41:36+00:00","article_modified_time":"2020-07-17T02:55:07+00:00","og_image":[{"width":1152,"height":864,"url":"https:\/\/www.pm.pb.gov.br\/portal\/wp-content\/uploads\/2020\/07\/5d2883c5-3849-459f-b8f2-f124c173bbeb.jpeg","type":"image\/jpeg"}],"author":"WAGNER HENRIQUE VARELA DA SILVA","twitter_card":"summary_large_image","twitter_misc":{"Escrito por":"WAGNER HENRIQUE VARELA DA SILVA","Est. tempo de leitura":"2 minutos"},"schema":{"@context":"https:\/\/schema.org","@graph":[{"@type":"Article","@id":"https:\/\/www.pm.pb.gov.br\/portal\/2020\/07\/16\/operacao-desarticula-quadrilha-responsavel-por-roubos-trafico-e-comandada-por-preso-do-pb-1-em-joao-pessoa\/#article","isPartOf":{"@id":"https:\/\/www.pm.pb.gov.br\/portal\/2020\/07\/16\/operacao-desarticula-quadrilha-responsavel-por-roubos-trafico-e-comandada-por-preso-do-pb-1-em-joao-pessoa\/"},"author":{"name":"WAGNER HENRIQUE VARELA DA SILVA","@id":"https:\/\/www.pm.pb.gov.br\/portal\/#\/schema\/person\/b169b297b8494dea236e315ed1a201d1"},"headline":"Opera\u00e7\u00e3o desarticula quadrilha respons\u00e1vel por roubos, tr\u00e1fico e comandada por preso do PB 1, em Jo\u00e3o Pessoa","datePublished":"2020-07-17T02:41:36+00:00","dateModified":"2020-07-17T02:55:07+00:00","mainEntityOfPage":{"@id":"https:\/\/www.pm.pb.gov.br\/portal\/2020\/07\/16\/operacao-desarticula-quadrilha-responsavel-por-roubos-trafico-e-comandada-por-preso-do-pb-1-em-joao-pessoa\/"},"wordCount":378,"publisher":{"@id":"https:\/\/www.pm.pb.gov.br\/portal\/#organization"},"articleSection":["A\u00e7\u00f5es Policiais"],"inLanguage":"pt-BR"},{"@type":"WebPage","@id":"https:\/\/www.pm.pb.gov.br\/portal\/2020\/07\/16\/operacao-desarticula-quadrilha-responsavel-por-roubos-trafico-e-comandada-por-preso-do-pb-1-em-joao-pessoa\/","url":"https:\/\/www.pm.pb.gov.br\/portal\/2020\/07\/16\/operacao-desarticula-quadrilha-responsavel-por-roubos-trafico-e-comandada-por-preso-do-pb-1-em-joao-pessoa\/","name":"Opera\u00e7\u00e3o desarticula quadrilha respons\u00e1vel por roubos, tr\u00e1fico e comandada por preso do PB 1, em Jo\u00e3o Pessoa - Pol\u00edcia Militar da Para\u00edba","isPartOf":{"@id":"https:\/\/www.pm.pb.gov.br\/portal\/#website"},"datePublished":"2020-07-17T02:41:36+00:00","dateModified":"2020-07-17T02:55:07+00:00","breadcrumb":{"@id":"https:\/\/www.pm.pb.gov.br\/portal\/2020\/07\/16\/operacao-desarticula-quadrilha-responsavel-por-roubos-trafico-e-comandada-por-preso-do-pb-1-em-joao-pessoa\/#breadcrumb"},"inLanguage":"pt-BR","potentialAction":[{"@type":"ReadAction","target":["https:\/\/www.pm.pb.gov.br\/portal\/2020\/07\/16\/operacao-desarticula-quadrilha-responsavel-por-roubos-trafico-e-comandada-por-preso-do-pb-1-em-joao-pessoa\/"]}]},{"@type":"BreadcrumbList","@id":"https:\/\/www.pm.pb.gov.br\/portal\/2020\/07\/16\/operacao-desarticula-quadrilha-responsavel-por-roubos-trafico-e-comandada-por-preso-do-pb-1-em-joao-pessoa\/#breadcrumb","itemListElement":[{"@type":"ListItem","position":1,"name":"In\u00edcio","item":"https:\/\/www.pm.pb.gov.br\/portal\/"},{"@type":"ListItem","position":2,"name":"Opera\u00e7\u00e3o desarticula quadrilha respons\u00e1vel por roubos, tr\u00e1fico e comandada por preso do PB 1, em Jo\u00e3o Pessoa"}]},{"@type":"WebSite","@id":"https:\/\/www.pm.pb.gov.br\/portal\/#website","url":"https:\/\/www.pm.pb.gov.br\/portal\/","name":"Pol\u00edcia Militar da Para\u00edba","description":"","publisher":{"@id":"https:\/\/www.pm.pb.gov.br\/portal\/#organization"},"potentialAction":[{"@type":"SearchAction","target":{"@type":"EntryPoint","urlTemplate":"https:\/\/www.pm.pb.gov.br\/portal\/?s={search_term_string}"},"query-input":"required name=search_term_string"}],"inLanguage":"pt-BR"},{"@type":"Organization","@id":"https:\/\/www.pm.pb.gov.br\/portal\/#organization","name":"Pol\u00edcia Militar da Para\u00edba","url":"https:\/\/www.pm.pb.gov.br\/portal\/","logo":{"@type":"ImageObject","inLanguage":"pt-BR","@id":"https:\/\/www.pm.pb.gov.br\/portal\/#\/schema\/logo\/image\/","url":"https:\/\/www.pm.pb.gov.br\/portal\/wp-content\/uploads\/2025\/03\/cropped-logo-site-mag2-1.png","contentUrl":"https:\/\/www.pm.pb.gov.br\/portal\/wp-content\/uploads\/2025\/03\/cropped-logo-site-mag2-1.png","width":320,"height":90,"caption":"Pol\u00edcia Militar da Para\u00edba"},"image":{"@id":"https:\/\/www.pm.pb.gov.br\/portal\/#\/schema\/logo\/image\/"}},{"@type":"Person","@id":"https:\/\/www.pm.pb.gov.br\/portal\/#\/schema\/person\/b169b297b8494dea236e315ed1a201d1","name":"WAGNER HENRIQUE VARELA DA SILVA","image":{"@type":"ImageObject","inLanguage":"pt-BR","@id":"https:\/\/www.pm.pb.gov.br\/portal\/#\/schema\/person\/image\/","url":"https:\/\/secure.gravatar.com\/avatar\/e08af53176a66730df5c0706c6c31fd6?s=96&d=mm&r=g","contentUrl":"https:\/\/secure.gravatar.com\/avatar\/e08af53176a66730df5c0706c6c31fd6?s=96&d=mm&r=g","caption":"WAGNER HENRIQUE VARELA DA SILVA"},"url":"https:\/\/www.pm.pb.gov.br\/portal\/author\/varela\/"}]}},"_links":{"self":[{"href":"https:\/\/www.pm.pb.gov.br\/portal\/wp-json\/wp\/v2\/posts\/906113"}],"collection":[{"href":"https:\/\/www.pm.pb.gov.br\/portal\/wp-json\/wp\/v2\/posts"}],"about":[{"href":"https:\/\/www.pm.pb.gov.br\/portal\/wp-json\/wp\/v2\/types\/post"}],"author":[{"embeddable":true,"href":"https:\/\/www.pm.pb.gov.br\/portal\/wp-json\/wp\/v2\/users\/10"}],"replies":[{"embeddable":true,"href":"https:\/\/www.pm.pb.gov.br\/portal\/wp-json\/wp\/v2\/comments?post=906113"}],"version-history":[{"count":6,"href":"https:\/\/www.pm.pb.gov.br\/portal\/wp-json\/wp\/v2\/posts\/906113\/revisions"}],"predecessor-version":[{"id":906122,"href":"https:\/\/www.pm.pb.gov.br\/portal\/wp-json\/wp\/v2\/posts\/906113\/revisions\/906122"}],"wp:featuredmedia":[{"embeddable":true,"href":"https:\/\/www.pm.pb.gov.br\/portal\/wp-json\/wp\/v2\/media\/906117"}],"wp:attachment":[{"href":"https:\/\/www.pm.pb.gov.br\/portal\/wp-json\/wp\/v2\/media?parent=906113"}],"wp:term":[{"taxonomy":"category","embeddable":true,"href":"https:\/\/www.pm.pb.gov.br\/portal\/wp-json\/wp\/v2\/categories?post=906113"},{"taxonomy":"post_tag","embeddable":true,"href":"https:\/\/www.pm.pb.gov.br\/portal\/wp-json\/wp\/v2\/tags?post=906113"}],"curies":[{"name":"wp","href":"https:\/\/api.w.org\/{rel}","templated":true}]}}