{"id":906094,"date":"2020-07-16T01:55:43","date_gmt":"2020-07-16T04:55:43","guid":{"rendered":"http:\/\/www.pm.pb.gov.br\/portal\/?p=906094"},"modified":"2020-07-16T01:55:44","modified_gmt":"2020-07-16T04:55:44","slug":"policia-militar-apreende-24-quilos-de-maconha-e-prende-dois-suspeitos-em-acoes-de-combate-ao-trafico-em-campina-grande","status":"publish","type":"post","link":"https:\/\/www.pm.pb.gov.br\/portal\/2020\/07\/16\/policia-militar-apreende-24-quilos-de-maconha-e-prende-dois-suspeitos-em-acoes-de-combate-ao-trafico-em-campina-grande\/","title":{"rendered":"Pol\u00edcia Militar apreende 24 quilos de maconha e prende dois suspeitos em a\u00e7\u00f5es de combate ao tr\u00e1fico em Campina Grande"},"content":{"rendered":"<p>O combate ao tr\u00e1fico de drogas segue intensificado em Campina Grande e, nessa \u00faltima quarta-feira (15), cerca de 24 quilos de maconha foram apreendidos, e dois suspeitos foram presos. As duas a\u00e7\u00f5es aconteceram nos bairros de Tr\u00eas Irm\u00e3s e Jos\u00e9 Pinheiro.<\/p>\n<p>Na noite dessa quarta-feira, policiais militares da 2\u00aa Companhia Especializada em Apoio com Motocicletas (2\u00aa CEPMotos) chegaram at\u00e9 uma casa que ainda estava em constru\u00e7\u00e3o, nas Tr\u00eas Irm\u00e3s, mas que vinha sendo usada como um \u2018armaz\u00e9m\u2019 do tr\u00e1fico para guardar entorpecentes. Toda a droga estava em um c\u00f4modo, dentro de uma caixa, distribu\u00edda em mais de 30 tabletes (fotos acima e abaixo).<\/p>\n<p><img loading=\"lazy\" decoding=\"async\" class=\"size-medium wp-image-906097 aligncenter\" src=\"http:\/\/www.pm.pb.gov.br\/portal\/wp-content\/uploads\/2020\/07\/drogas_tresirmas-2-417x445.jpeg\" alt=\"\" width=\"417\" height=\"445\" srcset=\"https:\/\/www.pm.pb.gov.br\/portal\/wp-content\/uploads\/2020\/07\/drogas_tresirmas-2-417x445.jpeg 417w, https:\/\/www.pm.pb.gov.br\/portal\/wp-content\/uploads\/2020\/07\/drogas_tresirmas-2-534x570.jpeg 534w, https:\/\/www.pm.pb.gov.br\/portal\/wp-content\/uploads\/2020\/07\/drogas_tresirmas-2-768x819.jpeg 768w, https:\/\/www.pm.pb.gov.br\/portal\/wp-content\/uploads\/2020\/07\/drogas_tresirmas-2.jpeg 960w\" sizes=\"(max-width: 417px) 100vw, 417px\" \/><\/p>\n<p>Durante a chegada da PM, nenhum suspeito foi encontrado. Toda a droga que estava no local, pesando aproximadamente 24 quilos, e uma faca que tamb\u00e9m foi encontrada pelos policiais com os entorpecentes, foram encaminhadas para a Central de Pol\u00edcia para as apura\u00e7\u00f5es cab\u00edveis.<\/p>\n<p><strong>Dupla presa \u2013<\/strong> Mais cedo, no fim da tarde, outra ocorr\u00eancia de tr\u00e1fico resultou na pris\u00e3o de dois suspeitos, de 29 e 23 anos de idade. Eles foram flagrados pelos policiais da 2\u00aa CEPMotos em um beco, no bairro do Jos\u00e9 Pinheiro, com entorpecentes.<\/p>\n<p><img loading=\"lazy\" decoding=\"async\" class=\"size-medium wp-image-906095 aligncenter\" src=\"http:\/\/www.pm.pb.gov.br\/portal\/wp-content\/uploads\/2020\/07\/drogas_josepinheiro-738x445.jpeg\" alt=\"\" width=\"738\" height=\"445\" srcset=\"https:\/\/www.pm.pb.gov.br\/portal\/wp-content\/uploads\/2020\/07\/drogas_josepinheiro-738x445.jpeg 738w, https:\/\/www.pm.pb.gov.br\/portal\/wp-content\/uploads\/2020\/07\/drogas_josepinheiro-946x570.jpeg 946w, https:\/\/www.pm.pb.gov.br\/portal\/wp-content\/uploads\/2020\/07\/drogas_josepinheiro-768x463.jpeg 768w, https:\/\/www.pm.pb.gov.br\/portal\/wp-content\/uploads\/2020\/07\/drogas_josepinheiro.jpeg 1080w\" sizes=\"(max-width: 738px) 100vw, 738px\" \/><\/p>\n<p>Ao todo, com eles e nas regi\u00f5es pr\u00f3ximas onde eles estavam, a PM apreendeu mais de 450 inv\u00f3lucros com drogas, entre maconha e coca\u00edna, que estavam embaladas prontos para a venda. As drogas e os suspeitos foram encaminhados para a Central de Pol\u00edcia. Outras a\u00e7\u00f5es de combate ao tr\u00e1fico devem acontecer nos pr\u00f3ximos dias.<\/p>\n","protected":false},"excerpt":{"rendered":"<p>O combate ao tr\u00e1fico de drogas segue intensificado em Campina Grande e, nessa \u00faltima quarta-feira (15), cerca de 24 quilos<\/p>\n","protected":false},"author":12,"featured_media":906096,"comment_status":"closed","ping_status":"closed","sticky":false,"template":"","format":"standard","meta":{"_exactmetrics_skip_tracking":false,"_exactmetrics_sitenote_active":false,"_exactmetrics_sitenote_note":"","_exactmetrics_sitenote_category":0,"footnotes":""},"categories":[4],"tags":[],"yoast_head":"<!-- This site is optimized with the Yoast SEO plugin v22.0 - https:\/\/yoast.com\/wordpress\/plugins\/seo\/ -->\n<title>Pol\u00edcia Militar apreende 24 quilos de maconha e prende dois suspeitos em a\u00e7\u00f5es de combate ao tr\u00e1fico em Campina Grande - Pol\u00edcia Militar da Para\u00edba<\/title>\n<meta name=\"robots\" content=\"index, follow, max-snippet:-1, max-image-preview:large, max-video-preview:-1\" \/>\n<link rel=\"canonical\" href=\"https:\/\/www.pm.pb.gov.br\/portal\/2020\/07\/16\/policia-militar-apreende-24-quilos-de-maconha-e-prende-dois-suspeitos-em-acoes-de-combate-ao-trafico-em-campina-grande\/\" \/>\n<meta property=\"og:locale\" content=\"pt_BR\" \/>\n<meta property=\"og:type\" content=\"article\" \/>\n<meta property=\"og:title\" content=\"Pol\u00edcia Militar apreende 24 quilos de maconha e prende dois suspeitos em a\u00e7\u00f5es de combate ao tr\u00e1fico em Campina Grande - Pol\u00edcia Militar da Para\u00edba\" \/>\n<meta property=\"og:description\" content=\"O combate ao tr\u00e1fico de drogas segue intensificado em Campina Grande e, nessa \u00faltima quarta-feira (15), cerca de 24 quilos\" \/>\n<meta property=\"og:url\" content=\"https:\/\/www.pm.pb.gov.br\/portal\/2020\/07\/16\/policia-militar-apreende-24-quilos-de-maconha-e-prende-dois-suspeitos-em-acoes-de-combate-ao-trafico-em-campina-grande\/\" \/>\n<meta property=\"og:site_name\" content=\"Pol\u00edcia Militar da Para\u00edba\" \/>\n<meta property=\"article:published_time\" content=\"2020-07-16T04:55:43+00:00\" \/>\n<meta property=\"article:modified_time\" content=\"2020-07-16T04:55:44+00:00\" \/>\n<meta property=\"og:image\" content=\"https:\/\/www.pm.pb.gov.br\/portal\/wp-content\/uploads\/2020\/07\/drogas_tresirmas1capa.jpeg\" \/>\n\t<meta property=\"og:image:width\" content=\"800\" \/>\n\t<meta property=\"og:image:height\" content=\"445\" \/>\n\t<meta property=\"og:image:type\" content=\"image\/jpeg\" \/>\n<meta name=\"author\" content=\"Tarcisio Oliveira\" \/>\n<meta name=\"twitter:card\" content=\"summary_large_image\" \/>\n<meta name=\"twitter:label1\" content=\"Escrito por\" \/>\n\t<meta name=\"twitter:data1\" content=\"Tarcisio Oliveira\" \/>\n\t<meta name=\"twitter:label2\" content=\"Est. tempo de leitura\" \/>\n\t<meta name=\"twitter:data2\" content=\"1 minuto\" \/>\n<script type=\"application\/ld+json\" class=\"yoast-schema-graph\">{\"@context\":\"https:\/\/schema.org\",\"@graph\":[{\"@type\":\"Article\",\"@id\":\"https:\/\/www.pm.pb.gov.br\/portal\/2020\/07\/16\/policia-militar-apreende-24-quilos-de-maconha-e-prende-dois-suspeitos-em-acoes-de-combate-ao-trafico-em-campina-grande\/#article\",\"isPartOf\":{\"@id\":\"https:\/\/www.pm.pb.gov.br\/portal\/2020\/07\/16\/policia-militar-apreende-24-quilos-de-maconha-e-prende-dois-suspeitos-em-acoes-de-combate-ao-trafico-em-campina-grande\/\"},\"author\":{\"name\":\"Tarcisio Oliveira\",\"@id\":\"https:\/\/www.pm.pb.gov.br\/portal\/#\/schema\/person\/f84f56dcc78ce4357054da888b8247fd\"},\"headline\":\"Pol\u00edcia Militar apreende 24 quilos de maconha e prende dois suspeitos em a\u00e7\u00f5es de combate ao tr\u00e1fico em Campina Grande\",\"datePublished\":\"2020-07-16T04:55:43+00:00\",\"dateModified\":\"2020-07-16T04:55:44+00:00\",\"mainEntityOfPage\":{\"@id\":\"https:\/\/www.pm.pb.gov.br\/portal\/2020\/07\/16\/policia-militar-apreende-24-quilos-de-maconha-e-prende-dois-suspeitos-em-acoes-de-combate-ao-trafico-em-campina-grande\/\"},\"wordCount\":281,\"publisher\":{\"@id\":\"https:\/\/www.pm.pb.gov.br\/portal\/#organization\"},\"articleSection\":[\"A\u00e7\u00f5es Policiais\"],\"inLanguage\":\"pt-BR\"},{\"@type\":\"WebPage\",\"@id\":\"https:\/\/www.pm.pb.gov.br\/portal\/2020\/07\/16\/policia-militar-apreende-24-quilos-de-maconha-e-prende-dois-suspeitos-em-acoes-de-combate-ao-trafico-em-campina-grande\/\",\"url\":\"https:\/\/www.pm.pb.gov.br\/portal\/2020\/07\/16\/policia-militar-apreende-24-quilos-de-maconha-e-prende-dois-suspeitos-em-acoes-de-combate-ao-trafico-em-campina-grande\/\",\"name\":\"Pol\u00edcia Militar apreende 24 quilos de maconha e prende dois suspeitos em a\u00e7\u00f5es de combate ao tr\u00e1fico em Campina Grande - Pol\u00edcia Militar da Para\u00edba\",\"isPartOf\":{\"@id\":\"https:\/\/www.pm.pb.gov.br\/portal\/#website\"},\"datePublished\":\"2020-07-16T04:55:43+00:00\",\"dateModified\":\"2020-07-16T04:55:44+00:00\",\"breadcrumb\":{\"@id\":\"https:\/\/www.pm.pb.gov.br\/portal\/2020\/07\/16\/policia-militar-apreende-24-quilos-de-maconha-e-prende-dois-suspeitos-em-acoes-de-combate-ao-trafico-em-campina-grande\/#breadcrumb\"},\"inLanguage\":\"pt-BR\",\"potentialAction\":[{\"@type\":\"ReadAction\",\"target\":[\"https:\/\/www.pm.pb.gov.br\/portal\/2020\/07\/16\/policia-militar-apreende-24-quilos-de-maconha-e-prende-dois-suspeitos-em-acoes-de-combate-ao-trafico-em-campina-grande\/\"]}]},{\"@type\":\"BreadcrumbList\",\"@id\":\"https:\/\/www.pm.pb.gov.br\/portal\/2020\/07\/16\/policia-militar-apreende-24-quilos-de-maconha-e-prende-dois-suspeitos-em-acoes-de-combate-ao-trafico-em-campina-grande\/#breadcrumb\",\"itemListElement\":[{\"@type\":\"ListItem\",\"position\":1,\"name\":\"In\u00edcio\",\"item\":\"https:\/\/www.pm.pb.gov.br\/portal\/\"},{\"@type\":\"ListItem\",\"position\":2,\"name\":\"Pol\u00edcia Militar apreende 24 quilos de maconha e prende dois suspeitos em a\u00e7\u00f5es de combate ao tr\u00e1fico em Campina Grande\"}]},{\"@type\":\"WebSite\",\"@id\":\"https:\/\/www.pm.pb.gov.br\/portal\/#website\",\"url\":\"https:\/\/www.pm.pb.gov.br\/portal\/\",\"name\":\"Pol\u00edcia Militar da Para\u00edba\",\"description\":\"\",\"publisher\":{\"@id\":\"https:\/\/www.pm.pb.gov.br\/portal\/#organization\"},\"potentialAction\":[{\"@type\":\"SearchAction\",\"target\":{\"@type\":\"EntryPoint\",\"urlTemplate\":\"https:\/\/www.pm.pb.gov.br\/portal\/?s={search_term_string}\"},\"query-input\":\"required name=search_term_string\"}],\"inLanguage\":\"pt-BR\"},{\"@type\":\"Organization\",\"@id\":\"https:\/\/www.pm.pb.gov.br\/portal\/#organization\",\"name\":\"Pol\u00edcia Militar da Para\u00edba\",\"url\":\"https:\/\/www.pm.pb.gov.br\/portal\/\",\"logo\":{\"@type\":\"ImageObject\",\"inLanguage\":\"pt-BR\",\"@id\":\"https:\/\/www.pm.pb.gov.br\/portal\/#\/schema\/logo\/image\/\",\"url\":\"https:\/\/www.pm.pb.gov.br\/portal\/wp-content\/uploads\/2025\/03\/cropped-logo-site-mag2-1.png\",\"contentUrl\":\"https:\/\/www.pm.pb.gov.br\/portal\/wp-content\/uploads\/2025\/03\/cropped-logo-site-mag2-1.png\",\"width\":320,\"height\":90,\"caption\":\"Pol\u00edcia Militar da Para\u00edba\"},\"image\":{\"@id\":\"https:\/\/www.pm.pb.gov.br\/portal\/#\/schema\/logo\/image\/\"}},{\"@type\":\"Person\",\"@id\":\"https:\/\/www.pm.pb.gov.br\/portal\/#\/schema\/person\/f84f56dcc78ce4357054da888b8247fd\",\"name\":\"Tarcisio Oliveira\",\"image\":{\"@type\":\"ImageObject\",\"inLanguage\":\"pt-BR\",\"@id\":\"https:\/\/www.pm.pb.gov.br\/portal\/#\/schema\/person\/image\/\",\"url\":\"https:\/\/secure.gravatar.com\/avatar\/72917b630b69d31cd0297507f34bac97?s=96&d=mm&r=g\",\"contentUrl\":\"https:\/\/secure.gravatar.com\/avatar\/72917b630b69d31cd0297507f34bac97?s=96&d=mm&r=g\",\"caption\":\"Tarcisio Oliveira\"},\"url\":\"https:\/\/www.pm.pb.gov.br\/portal\/author\/tarcisio\/\"}]}<\/script>\n<!-- \/ Yoast SEO plugin. -->","yoast_head_json":{"title":"Pol\u00edcia Militar apreende 24 quilos de maconha e prende dois suspeitos em a\u00e7\u00f5es de combate ao tr\u00e1fico em Campina Grande - Pol\u00edcia Militar da Para\u00edba","robots":{"index":"index","follow":"follow","max-snippet":"max-snippet:-1","max-image-preview":"max-image-preview:large","max-video-preview":"max-video-preview:-1"},"canonical":"https:\/\/www.pm.pb.gov.br\/portal\/2020\/07\/16\/policia-militar-apreende-24-quilos-de-maconha-e-prende-dois-suspeitos-em-acoes-de-combate-ao-trafico-em-campina-grande\/","og_locale":"pt_BR","og_type":"article","og_title":"Pol\u00edcia Militar apreende 24 quilos de maconha e prende dois suspeitos em a\u00e7\u00f5es de combate ao tr\u00e1fico em Campina Grande - Pol\u00edcia Militar da Para\u00edba","og_description":"O combate ao tr\u00e1fico de drogas segue intensificado em Campina Grande e, nessa \u00faltima quarta-feira (15), cerca de 24 quilos","og_url":"https:\/\/www.pm.pb.gov.br\/portal\/2020\/07\/16\/policia-militar-apreende-24-quilos-de-maconha-e-prende-dois-suspeitos-em-acoes-de-combate-ao-trafico-em-campina-grande\/","og_site_name":"Pol\u00edcia Militar da Para\u00edba","article_published_time":"2020-07-16T04:55:43+00:00","article_modified_time":"2020-07-16T04:55:44+00:00","og_image":[{"width":800,"height":445,"url":"https:\/\/www.pm.pb.gov.br\/portal\/wp-content\/uploads\/2020\/07\/drogas_tresirmas1capa.jpeg","type":"image\/jpeg"}],"author":"Tarcisio Oliveira","twitter_card":"summary_large_image","twitter_misc":{"Escrito por":"Tarcisio Oliveira","Est. tempo de leitura":"1 minuto"},"schema":{"@context":"https:\/\/schema.org","@graph":[{"@type":"Article","@id":"https:\/\/www.pm.pb.gov.br\/portal\/2020\/07\/16\/policia-militar-apreende-24-quilos-de-maconha-e-prende-dois-suspeitos-em-acoes-de-combate-ao-trafico-em-campina-grande\/#article","isPartOf":{"@id":"https:\/\/www.pm.pb.gov.br\/portal\/2020\/07\/16\/policia-militar-apreende-24-quilos-de-maconha-e-prende-dois-suspeitos-em-acoes-de-combate-ao-trafico-em-campina-grande\/"},"author":{"name":"Tarcisio Oliveira","@id":"https:\/\/www.pm.pb.gov.br\/portal\/#\/schema\/person\/f84f56dcc78ce4357054da888b8247fd"},"headline":"Pol\u00edcia Militar apreende 24 quilos de maconha e prende dois suspeitos em a\u00e7\u00f5es de combate ao tr\u00e1fico em Campina Grande","datePublished":"2020-07-16T04:55:43+00:00","dateModified":"2020-07-16T04:55:44+00:00","mainEntityOfPage":{"@id":"https:\/\/www.pm.pb.gov.br\/portal\/2020\/07\/16\/policia-militar-apreende-24-quilos-de-maconha-e-prende-dois-suspeitos-em-acoes-de-combate-ao-trafico-em-campina-grande\/"},"wordCount":281,"publisher":{"@id":"https:\/\/www.pm.pb.gov.br\/portal\/#organization"},"articleSection":["A\u00e7\u00f5es Policiais"],"inLanguage":"pt-BR"},{"@type":"WebPage","@id":"https:\/\/www.pm.pb.gov.br\/portal\/2020\/07\/16\/policia-militar-apreende-24-quilos-de-maconha-e-prende-dois-suspeitos-em-acoes-de-combate-ao-trafico-em-campina-grande\/","url":"https:\/\/www.pm.pb.gov.br\/portal\/2020\/07\/16\/policia-militar-apreende-24-quilos-de-maconha-e-prende-dois-suspeitos-em-acoes-de-combate-ao-trafico-em-campina-grande\/","name":"Pol\u00edcia Militar apreende 24 quilos de maconha e prende dois suspeitos em a\u00e7\u00f5es de combate ao tr\u00e1fico em Campina Grande - Pol\u00edcia Militar da Para\u00edba","isPartOf":{"@id":"https:\/\/www.pm.pb.gov.br\/portal\/#website"},"datePublished":"2020-07-16T04:55:43+00:00","dateModified":"2020-07-16T04:55:44+00:00","breadcrumb":{"@id":"https:\/\/www.pm.pb.gov.br\/portal\/2020\/07\/16\/policia-militar-apreende-24-quilos-de-maconha-e-prende-dois-suspeitos-em-acoes-de-combate-ao-trafico-em-campina-grande\/#breadcrumb"},"inLanguage":"pt-BR","potentialAction":[{"@type":"ReadAction","target":["https:\/\/www.pm.pb.gov.br\/portal\/2020\/07\/16\/policia-militar-apreende-24-quilos-de-maconha-e-prende-dois-suspeitos-em-acoes-de-combate-ao-trafico-em-campina-grande\/"]}]},{"@type":"BreadcrumbList","@id":"https:\/\/www.pm.pb.gov.br\/portal\/2020\/07\/16\/policia-militar-apreende-24-quilos-de-maconha-e-prende-dois-suspeitos-em-acoes-de-combate-ao-trafico-em-campina-grande\/#breadcrumb","itemListElement":[{"@type":"ListItem","position":1,"name":"In\u00edcio","item":"https:\/\/www.pm.pb.gov.br\/portal\/"},{"@type":"ListItem","position":2,"name":"Pol\u00edcia Militar apreende 24 quilos de maconha e prende dois suspeitos em a\u00e7\u00f5es de combate ao tr\u00e1fico em Campina Grande"}]},{"@type":"WebSite","@id":"https:\/\/www.pm.pb.gov.br\/portal\/#website","url":"https:\/\/www.pm.pb.gov.br\/portal\/","name":"Pol\u00edcia Militar da Para\u00edba","description":"","publisher":{"@id":"https:\/\/www.pm.pb.gov.br\/portal\/#organization"},"potentialAction":[{"@type":"SearchAction","target":{"@type":"EntryPoint","urlTemplate":"https:\/\/www.pm.pb.gov.br\/portal\/?s={search_term_string}"},"query-input":"required name=search_term_string"}],"inLanguage":"pt-BR"},{"@type":"Organization","@id":"https:\/\/www.pm.pb.gov.br\/portal\/#organization","name":"Pol\u00edcia Militar da Para\u00edba","url":"https:\/\/www.pm.pb.gov.br\/portal\/","logo":{"@type":"ImageObject","inLanguage":"pt-BR","@id":"https:\/\/www.pm.pb.gov.br\/portal\/#\/schema\/logo\/image\/","url":"https:\/\/www.pm.pb.gov.br\/portal\/wp-content\/uploads\/2025\/03\/cropped-logo-site-mag2-1.png","contentUrl":"https:\/\/www.pm.pb.gov.br\/portal\/wp-content\/uploads\/2025\/03\/cropped-logo-site-mag2-1.png","width":320,"height":90,"caption":"Pol\u00edcia Militar da Para\u00edba"},"image":{"@id":"https:\/\/www.pm.pb.gov.br\/portal\/#\/schema\/logo\/image\/"}},{"@type":"Person","@id":"https:\/\/www.pm.pb.gov.br\/portal\/#\/schema\/person\/f84f56dcc78ce4357054da888b8247fd","name":"Tarcisio Oliveira","image":{"@type":"ImageObject","inLanguage":"pt-BR","@id":"https:\/\/www.pm.pb.gov.br\/portal\/#\/schema\/person\/image\/","url":"https:\/\/secure.gravatar.com\/avatar\/72917b630b69d31cd0297507f34bac97?s=96&d=mm&r=g","contentUrl":"https:\/\/secure.gravatar.com\/avatar\/72917b630b69d31cd0297507f34bac97?s=96&d=mm&r=g","caption":"Tarcisio Oliveira"},"url":"https:\/\/www.pm.pb.gov.br\/portal\/author\/tarcisio\/"}]}},"_links":{"self":[{"href":"https:\/\/www.pm.pb.gov.br\/portal\/wp-json\/wp\/v2\/posts\/906094"}],"collection":[{"href":"https:\/\/www.pm.pb.gov.br\/portal\/wp-json\/wp\/v2\/posts"}],"about":[{"href":"https:\/\/www.pm.pb.gov.br\/portal\/wp-json\/wp\/v2\/types\/post"}],"author":[{"embeddable":true,"href":"https:\/\/www.pm.pb.gov.br\/portal\/wp-json\/wp\/v2\/users\/12"}],"replies":[{"embeddable":true,"href":"https:\/\/www.pm.pb.gov.br\/portal\/wp-json\/wp\/v2\/comments?post=906094"}],"version-history":[{"count":1,"href":"https:\/\/www.pm.pb.gov.br\/portal\/wp-json\/wp\/v2\/posts\/906094\/revisions"}],"predecessor-version":[{"id":906098,"href":"https:\/\/www.pm.pb.gov.br\/portal\/wp-json\/wp\/v2\/posts\/906094\/revisions\/906098"}],"wp:featuredmedia":[{"embeddable":true,"href":"https:\/\/www.pm.pb.gov.br\/portal\/wp-json\/wp\/v2\/media\/906096"}],"wp:attachment":[{"href":"https:\/\/www.pm.pb.gov.br\/portal\/wp-json\/wp\/v2\/media?parent=906094"}],"wp:term":[{"taxonomy":"category","embeddable":true,"href":"https:\/\/www.pm.pb.gov.br\/portal\/wp-json\/wp\/v2\/categories?post=906094"},{"taxonomy":"post_tag","embeddable":true,"href":"https:\/\/www.pm.pb.gov.br\/portal\/wp-json\/wp\/v2\/tags?post=906094"}],"curies":[{"name":"wp","href":"https:\/\/api.w.org\/{rel}","templated":true}]}}