{"id":906047,"date":"2020-07-13T12:25:37","date_gmt":"2020-07-13T15:25:37","guid":{"rendered":"http:\/\/www.pm.pb.gov.br\/portal\/?p=906047"},"modified":"2020-07-13T12:25:39","modified_gmt":"2020-07-13T15:25:39","slug":"policia-militar-prende-mais-de-130-suspeitos-e-apreende-40-armas-no-segundo-fim-de-semana-de-julho","status":"publish","type":"post","link":"https:\/\/www.pm.pb.gov.br\/portal\/2020\/07\/13\/policia-militar-prende-mais-de-130-suspeitos-e-apreende-40-armas-no-segundo-fim-de-semana-de-julho\/","title":{"rendered":"Pol\u00edcia Militar prende mais de 130 suspeitos e apreende 40 armas no segundo fim de semana de julho"},"content":{"rendered":"<p style=\"font-weight: 400;\">A Pol\u00edcia Militar conduziu 131 suspeitos de v\u00e1rios crimes \u00e0s delegacias, nesse fim de semana, em a\u00e7\u00f5es e opera\u00e7\u00f5es realizadas em toda a Para\u00edba. Entre a sexta-feira (10) e fim da noite do domingo (12), a corpora\u00e7\u00e3o apreendeu 40 armas de fogo e recuperou 17 ve\u00edculos com queixas de roubo ou furto.<\/p>\n<p style=\"font-weight: 400;\">Entre os presos desse fim de semana, est\u00e3o tr\u00eas foragidos da penitenci\u00e1ria de Limoeiro \u2013 PE, que foram recapturados na cidade paraibana de Barra de Santana. Os fugitivos s\u00e3o condenados da justi\u00e7a por crimes como tr\u00e1fico de drogas, roubo, porte ilegal de arma com\u00e9rcio ilegal de arma e associa\u00e7\u00e3o criminosa. Em toda a regi\u00e3o que t\u00eam cidades que fazem divisa com Pernambuco, est\u00e1 tendo refor\u00e7o da PM desde a \u00faltima quinta-feira, quando aconteceu a fuga no estado vizinho.<\/p>\n<p><img loading=\"lazy\" decoding=\"async\" class=\"wp-image-906049 aligncenter\" src=\"http:\/\/www.pm.pb.gov.br\/portal\/wp-content\/uploads\/2020\/07\/071b7004-1813-4b7d-9950-299833ac121b-593x445.jpg\" alt=\"\" width=\"444\" height=\"333\" srcset=\"https:\/\/www.pm.pb.gov.br\/portal\/wp-content\/uploads\/2020\/07\/071b7004-1813-4b7d-9950-299833ac121b-593x445.jpg 593w, https:\/\/www.pm.pb.gov.br\/portal\/wp-content\/uploads\/2020\/07\/071b7004-1813-4b7d-9950-299833ac121b-760x570.jpg 760w, https:\/\/www.pm.pb.gov.br\/portal\/wp-content\/uploads\/2020\/07\/071b7004-1813-4b7d-9950-299833ac121b-768x576.jpg 768w, https:\/\/www.pm.pb.gov.br\/portal\/wp-content\/uploads\/2020\/07\/071b7004-1813-4b7d-9950-299833ac121b.jpg 1280w\" sizes=\"(max-width: 444px) 100vw, 444px\" \/><\/p>\n<p style=\"font-weight: 400;\"><strong>As pris\u00f5es \u2013<\/strong>\u00a0Conforme o balan\u00e7o divulgado pela Coordenadoria de Estat\u00edstica e Avalia\u00e7\u00e3o (EM\/7) da PM, a maioria das pris\u00f5es foram por porte ilegal de arma, com 15 casos. Les\u00e3o corporal e maus tratos a animais tamb\u00e9m aparecem no topo da lista de motiva\u00e7\u00f5es, que tem ainda outros seis tipos criminais.<\/p>\n<p style=\"font-weight: 400;\">A atua\u00e7\u00e3o da PM no fim de semana tamb\u00e9m foi feita com a Opera\u00e7\u00e3o \u00d4nibus Seguro, que completa uma semana de atividades sem o registro de nenhum caso de roubo em transporte coletivo ou paradas de \u00f4nibus. O policiamento foi refor\u00e7ado nos locais por onde passam as 43 linhas que est\u00e3o funcionando, com a presen\u00e7a de bloqueios e aumento das rondas.<\/p>\n<p style=\"font-weight: 400;\">As 40 armas que foram apreendidas no fim de semana, aconteceram nas cidades de Jo\u00e3o Pessoa, Cabedelo, Lucena, Pocinhos, Queimadas, Barra de S\u00e3o Miguel, Bananeiras, Campina Grande, Esperan\u00e7a, Guarabira, Lagoa Seca, Mogeiro, Sum\u00e9, Matureia, Patos, Teixeira e Uira\u00fana.<\/p>\n","protected":false},"excerpt":{"rendered":"<p>A Pol\u00edcia Militar conduziu 131 suspeitos de v\u00e1rios crimes \u00e0s delegacias, nesse fim de semana, em a\u00e7\u00f5es e opera\u00e7\u00f5es realizadas<\/p>\n","protected":false},"author":15,"featured_media":906048,"comment_status":"closed","ping_status":"closed","sticky":false,"template":"","format":"standard","meta":{"_exactmetrics_skip_tracking":false,"_exactmetrics_sitenote_active":false,"_exactmetrics_sitenote_note":"","_exactmetrics_sitenote_category":0,"footnotes":""},"categories":[4],"tags":[],"yoast_head":"<!-- This site is optimized with the Yoast SEO plugin v22.0 - https:\/\/yoast.com\/wordpress\/plugins\/seo\/ -->\n<title>Pol\u00edcia Militar prende mais de 130 suspeitos e apreende 40 armas no segundo fim de semana de julho - Pol\u00edcia Militar da Para\u00edba<\/title>\n<meta name=\"robots\" content=\"index, follow, max-snippet:-1, max-image-preview:large, max-video-preview:-1\" \/>\n<link rel=\"canonical\" href=\"https:\/\/www.pm.pb.gov.br\/portal\/2020\/07\/13\/policia-militar-prende-mais-de-130-suspeitos-e-apreende-40-armas-no-segundo-fim-de-semana-de-julho\/\" \/>\n<meta property=\"og:locale\" content=\"pt_BR\" \/>\n<meta property=\"og:type\" content=\"article\" \/>\n<meta property=\"og:title\" content=\"Pol\u00edcia Militar prende mais de 130 suspeitos e apreende 40 armas no segundo fim de semana de julho - Pol\u00edcia Militar da Para\u00edba\" \/>\n<meta property=\"og:description\" content=\"A Pol\u00edcia Militar conduziu 131 suspeitos de v\u00e1rios crimes \u00e0s delegacias, nesse fim de semana, em a\u00e7\u00f5es e opera\u00e7\u00f5es realizadas\" \/>\n<meta property=\"og:url\" content=\"https:\/\/www.pm.pb.gov.br\/portal\/2020\/07\/13\/policia-militar-prende-mais-de-130-suspeitos-e-apreende-40-armas-no-segundo-fim-de-semana-de-julho\/\" \/>\n<meta property=\"og:site_name\" content=\"Pol\u00edcia Militar da Para\u00edba\" \/>\n<meta property=\"article:published_time\" content=\"2020-07-13T15:25:37+00:00\" \/>\n<meta property=\"article:modified_time\" content=\"2020-07-13T15:25:39+00:00\" \/>\n<meta property=\"og:image\" content=\"https:\/\/www.pm.pb.gov.br\/portal\/wp-content\/uploads\/2020\/07\/2a1ade2b-d60a-42c7-98d0-68132e561a93.jpg\" \/>\n\t<meta property=\"og:image:width\" content=\"1280\" \/>\n\t<meta property=\"og:image:height\" content=\"960\" \/>\n\t<meta property=\"og:image:type\" content=\"image\/jpeg\" \/>\n<meta name=\"author\" content=\"Marcio Gomes dos Santos\" \/>\n<meta name=\"twitter:card\" content=\"summary_large_image\" \/>\n<meta name=\"twitter:label1\" content=\"Escrito por\" \/>\n\t<meta name=\"twitter:data1\" content=\"Marcio Gomes dos Santos\" \/>\n\t<meta name=\"twitter:label2\" content=\"Est. tempo de leitura\" \/>\n\t<meta name=\"twitter:data2\" content=\"2 minutos\" \/>\n<script type=\"application\/ld+json\" class=\"yoast-schema-graph\">{\"@context\":\"https:\/\/schema.org\",\"@graph\":[{\"@type\":\"Article\",\"@id\":\"https:\/\/www.pm.pb.gov.br\/portal\/2020\/07\/13\/policia-militar-prende-mais-de-130-suspeitos-e-apreende-40-armas-no-segundo-fim-de-semana-de-julho\/#article\",\"isPartOf\":{\"@id\":\"https:\/\/www.pm.pb.gov.br\/portal\/2020\/07\/13\/policia-militar-prende-mais-de-130-suspeitos-e-apreende-40-armas-no-segundo-fim-de-semana-de-julho\/\"},\"author\":{\"name\":\"Marcio Gomes dos Santos\",\"@id\":\"https:\/\/www.pm.pb.gov.br\/portal\/#\/schema\/person\/30d571652b38533c2211e4e89bf5a502\"},\"headline\":\"Pol\u00edcia Militar prende mais de 130 suspeitos e apreende 40 armas no segundo fim de semana de julho\",\"datePublished\":\"2020-07-13T15:25:37+00:00\",\"dateModified\":\"2020-07-13T15:25:39+00:00\",\"mainEntityOfPage\":{\"@id\":\"https:\/\/www.pm.pb.gov.br\/portal\/2020\/07\/13\/policia-militar-prende-mais-de-130-suspeitos-e-apreende-40-armas-no-segundo-fim-de-semana-de-julho\/\"},\"wordCount\":323,\"publisher\":{\"@id\":\"https:\/\/www.pm.pb.gov.br\/portal\/#organization\"},\"articleSection\":[\"A\u00e7\u00f5es Policiais\"],\"inLanguage\":\"pt-BR\"},{\"@type\":\"WebPage\",\"@id\":\"https:\/\/www.pm.pb.gov.br\/portal\/2020\/07\/13\/policia-militar-prende-mais-de-130-suspeitos-e-apreende-40-armas-no-segundo-fim-de-semana-de-julho\/\",\"url\":\"https:\/\/www.pm.pb.gov.br\/portal\/2020\/07\/13\/policia-militar-prende-mais-de-130-suspeitos-e-apreende-40-armas-no-segundo-fim-de-semana-de-julho\/\",\"name\":\"Pol\u00edcia Militar prende mais de 130 suspeitos e apreende 40 armas no segundo fim de semana de julho - Pol\u00edcia Militar da Para\u00edba\",\"isPartOf\":{\"@id\":\"https:\/\/www.pm.pb.gov.br\/portal\/#website\"},\"datePublished\":\"2020-07-13T15:25:37+00:00\",\"dateModified\":\"2020-07-13T15:25:39+00:00\",\"breadcrumb\":{\"@id\":\"https:\/\/www.pm.pb.gov.br\/portal\/2020\/07\/13\/policia-militar-prende-mais-de-130-suspeitos-e-apreende-40-armas-no-segundo-fim-de-semana-de-julho\/#breadcrumb\"},\"inLanguage\":\"pt-BR\",\"potentialAction\":[{\"@type\":\"ReadAction\",\"target\":[\"https:\/\/www.pm.pb.gov.br\/portal\/2020\/07\/13\/policia-militar-prende-mais-de-130-suspeitos-e-apreende-40-armas-no-segundo-fim-de-semana-de-julho\/\"]}]},{\"@type\":\"BreadcrumbList\",\"@id\":\"https:\/\/www.pm.pb.gov.br\/portal\/2020\/07\/13\/policia-militar-prende-mais-de-130-suspeitos-e-apreende-40-armas-no-segundo-fim-de-semana-de-julho\/#breadcrumb\",\"itemListElement\":[{\"@type\":\"ListItem\",\"position\":1,\"name\":\"In\u00edcio\",\"item\":\"https:\/\/www.pm.pb.gov.br\/portal\/\"},{\"@type\":\"ListItem\",\"position\":2,\"name\":\"Pol\u00edcia Militar prende mais de 130 suspeitos e apreende 40 armas no segundo fim de semana de julho\"}]},{\"@type\":\"WebSite\",\"@id\":\"https:\/\/www.pm.pb.gov.br\/portal\/#website\",\"url\":\"https:\/\/www.pm.pb.gov.br\/portal\/\",\"name\":\"Pol\u00edcia Militar da Para\u00edba\",\"description\":\"\",\"publisher\":{\"@id\":\"https:\/\/www.pm.pb.gov.br\/portal\/#organization\"},\"potentialAction\":[{\"@type\":\"SearchAction\",\"target\":{\"@type\":\"EntryPoint\",\"urlTemplate\":\"https:\/\/www.pm.pb.gov.br\/portal\/?s={search_term_string}\"},\"query-input\":\"required name=search_term_string\"}],\"inLanguage\":\"pt-BR\"},{\"@type\":\"Organization\",\"@id\":\"https:\/\/www.pm.pb.gov.br\/portal\/#organization\",\"name\":\"Pol\u00edcia Militar da Para\u00edba\",\"url\":\"https:\/\/www.pm.pb.gov.br\/portal\/\",\"logo\":{\"@type\":\"ImageObject\",\"inLanguage\":\"pt-BR\",\"@id\":\"https:\/\/www.pm.pb.gov.br\/portal\/#\/schema\/logo\/image\/\",\"url\":\"https:\/\/www.pm.pb.gov.br\/portal\/wp-content\/uploads\/2025\/03\/cropped-logo-site-mag2-1.png\",\"contentUrl\":\"https:\/\/www.pm.pb.gov.br\/portal\/wp-content\/uploads\/2025\/03\/cropped-logo-site-mag2-1.png\",\"width\":320,\"height\":90,\"caption\":\"Pol\u00edcia Militar da Para\u00edba\"},\"image\":{\"@id\":\"https:\/\/www.pm.pb.gov.br\/portal\/#\/schema\/logo\/image\/\"}},{\"@type\":\"Person\",\"@id\":\"https:\/\/www.pm.pb.gov.br\/portal\/#\/schema\/person\/30d571652b38533c2211e4e89bf5a502\",\"name\":\"Marcio Gomes dos Santos\",\"image\":{\"@type\":\"ImageObject\",\"inLanguage\":\"pt-BR\",\"@id\":\"https:\/\/www.pm.pb.gov.br\/portal\/#\/schema\/person\/image\/\",\"url\":\"https:\/\/secure.gravatar.com\/avatar\/cf4ec2cb690101e1581c7773aa350c19?s=96&d=mm&r=g\",\"contentUrl\":\"https:\/\/secure.gravatar.com\/avatar\/cf4ec2cb690101e1581c7773aa350c19?s=96&d=mm&r=g\",\"caption\":\"Marcio Gomes dos Santos\"},\"url\":\"https:\/\/www.pm.pb.gov.br\/portal\/author\/mgomes\/\"}]}<\/script>\n<!-- \/ Yoast SEO plugin. -->","yoast_head_json":{"title":"Pol\u00edcia Militar prende mais de 130 suspeitos e apreende 40 armas no segundo fim de semana de julho - Pol\u00edcia Militar da Para\u00edba","robots":{"index":"index","follow":"follow","max-snippet":"max-snippet:-1","max-image-preview":"max-image-preview:large","max-video-preview":"max-video-preview:-1"},"canonical":"https:\/\/www.pm.pb.gov.br\/portal\/2020\/07\/13\/policia-militar-prende-mais-de-130-suspeitos-e-apreende-40-armas-no-segundo-fim-de-semana-de-julho\/","og_locale":"pt_BR","og_type":"article","og_title":"Pol\u00edcia Militar prende mais de 130 suspeitos e apreende 40 armas no segundo fim de semana de julho - Pol\u00edcia Militar da Para\u00edba","og_description":"A Pol\u00edcia Militar conduziu 131 suspeitos de v\u00e1rios crimes \u00e0s delegacias, nesse fim de semana, em a\u00e7\u00f5es e opera\u00e7\u00f5es realizadas","og_url":"https:\/\/www.pm.pb.gov.br\/portal\/2020\/07\/13\/policia-militar-prende-mais-de-130-suspeitos-e-apreende-40-armas-no-segundo-fim-de-semana-de-julho\/","og_site_name":"Pol\u00edcia Militar da Para\u00edba","article_published_time":"2020-07-13T15:25:37+00:00","article_modified_time":"2020-07-13T15:25:39+00:00","og_image":[{"width":1280,"height":960,"url":"https:\/\/www.pm.pb.gov.br\/portal\/wp-content\/uploads\/2020\/07\/2a1ade2b-d60a-42c7-98d0-68132e561a93.jpg","type":"image\/jpeg"}],"author":"Marcio Gomes dos Santos","twitter_card":"summary_large_image","twitter_misc":{"Escrito por":"Marcio Gomes dos Santos","Est. tempo de leitura":"2 minutos"},"schema":{"@context":"https:\/\/schema.org","@graph":[{"@type":"Article","@id":"https:\/\/www.pm.pb.gov.br\/portal\/2020\/07\/13\/policia-militar-prende-mais-de-130-suspeitos-e-apreende-40-armas-no-segundo-fim-de-semana-de-julho\/#article","isPartOf":{"@id":"https:\/\/www.pm.pb.gov.br\/portal\/2020\/07\/13\/policia-militar-prende-mais-de-130-suspeitos-e-apreende-40-armas-no-segundo-fim-de-semana-de-julho\/"},"author":{"name":"Marcio Gomes dos Santos","@id":"https:\/\/www.pm.pb.gov.br\/portal\/#\/schema\/person\/30d571652b38533c2211e4e89bf5a502"},"headline":"Pol\u00edcia Militar prende mais de 130 suspeitos e apreende 40 armas no segundo fim de semana de julho","datePublished":"2020-07-13T15:25:37+00:00","dateModified":"2020-07-13T15:25:39+00:00","mainEntityOfPage":{"@id":"https:\/\/www.pm.pb.gov.br\/portal\/2020\/07\/13\/policia-militar-prende-mais-de-130-suspeitos-e-apreende-40-armas-no-segundo-fim-de-semana-de-julho\/"},"wordCount":323,"publisher":{"@id":"https:\/\/www.pm.pb.gov.br\/portal\/#organization"},"articleSection":["A\u00e7\u00f5es Policiais"],"inLanguage":"pt-BR"},{"@type":"WebPage","@id":"https:\/\/www.pm.pb.gov.br\/portal\/2020\/07\/13\/policia-militar-prende-mais-de-130-suspeitos-e-apreende-40-armas-no-segundo-fim-de-semana-de-julho\/","url":"https:\/\/www.pm.pb.gov.br\/portal\/2020\/07\/13\/policia-militar-prende-mais-de-130-suspeitos-e-apreende-40-armas-no-segundo-fim-de-semana-de-julho\/","name":"Pol\u00edcia Militar prende mais de 130 suspeitos e apreende 40 armas no segundo fim de semana de julho - Pol\u00edcia Militar da Para\u00edba","isPartOf":{"@id":"https:\/\/www.pm.pb.gov.br\/portal\/#website"},"datePublished":"2020-07-13T15:25:37+00:00","dateModified":"2020-07-13T15:25:39+00:00","breadcrumb":{"@id":"https:\/\/www.pm.pb.gov.br\/portal\/2020\/07\/13\/policia-militar-prende-mais-de-130-suspeitos-e-apreende-40-armas-no-segundo-fim-de-semana-de-julho\/#breadcrumb"},"inLanguage":"pt-BR","potentialAction":[{"@type":"ReadAction","target":["https:\/\/www.pm.pb.gov.br\/portal\/2020\/07\/13\/policia-militar-prende-mais-de-130-suspeitos-e-apreende-40-armas-no-segundo-fim-de-semana-de-julho\/"]}]},{"@type":"BreadcrumbList","@id":"https:\/\/www.pm.pb.gov.br\/portal\/2020\/07\/13\/policia-militar-prende-mais-de-130-suspeitos-e-apreende-40-armas-no-segundo-fim-de-semana-de-julho\/#breadcrumb","itemListElement":[{"@type":"ListItem","position":1,"name":"In\u00edcio","item":"https:\/\/www.pm.pb.gov.br\/portal\/"},{"@type":"ListItem","position":2,"name":"Pol\u00edcia Militar prende mais de 130 suspeitos e apreende 40 armas no segundo fim de semana de julho"}]},{"@type":"WebSite","@id":"https:\/\/www.pm.pb.gov.br\/portal\/#website","url":"https:\/\/www.pm.pb.gov.br\/portal\/","name":"Pol\u00edcia Militar da Para\u00edba","description":"","publisher":{"@id":"https:\/\/www.pm.pb.gov.br\/portal\/#organization"},"potentialAction":[{"@type":"SearchAction","target":{"@type":"EntryPoint","urlTemplate":"https:\/\/www.pm.pb.gov.br\/portal\/?s={search_term_string}"},"query-input":"required name=search_term_string"}],"inLanguage":"pt-BR"},{"@type":"Organization","@id":"https:\/\/www.pm.pb.gov.br\/portal\/#organization","name":"Pol\u00edcia Militar da Para\u00edba","url":"https:\/\/www.pm.pb.gov.br\/portal\/","logo":{"@type":"ImageObject","inLanguage":"pt-BR","@id":"https:\/\/www.pm.pb.gov.br\/portal\/#\/schema\/logo\/image\/","url":"https:\/\/www.pm.pb.gov.br\/portal\/wp-content\/uploads\/2025\/03\/cropped-logo-site-mag2-1.png","contentUrl":"https:\/\/www.pm.pb.gov.br\/portal\/wp-content\/uploads\/2025\/03\/cropped-logo-site-mag2-1.png","width":320,"height":90,"caption":"Pol\u00edcia Militar da Para\u00edba"},"image":{"@id":"https:\/\/www.pm.pb.gov.br\/portal\/#\/schema\/logo\/image\/"}},{"@type":"Person","@id":"https:\/\/www.pm.pb.gov.br\/portal\/#\/schema\/person\/30d571652b38533c2211e4e89bf5a502","name":"Marcio Gomes dos Santos","image":{"@type":"ImageObject","inLanguage":"pt-BR","@id":"https:\/\/www.pm.pb.gov.br\/portal\/#\/schema\/person\/image\/","url":"https:\/\/secure.gravatar.com\/avatar\/cf4ec2cb690101e1581c7773aa350c19?s=96&d=mm&r=g","contentUrl":"https:\/\/secure.gravatar.com\/avatar\/cf4ec2cb690101e1581c7773aa350c19?s=96&d=mm&r=g","caption":"Marcio Gomes dos Santos"},"url":"https:\/\/www.pm.pb.gov.br\/portal\/author\/mgomes\/"}]}},"_links":{"self":[{"href":"https:\/\/www.pm.pb.gov.br\/portal\/wp-json\/wp\/v2\/posts\/906047"}],"collection":[{"href":"https:\/\/www.pm.pb.gov.br\/portal\/wp-json\/wp\/v2\/posts"}],"about":[{"href":"https:\/\/www.pm.pb.gov.br\/portal\/wp-json\/wp\/v2\/types\/post"}],"author":[{"embeddable":true,"href":"https:\/\/www.pm.pb.gov.br\/portal\/wp-json\/wp\/v2\/users\/15"}],"replies":[{"embeddable":true,"href":"https:\/\/www.pm.pb.gov.br\/portal\/wp-json\/wp\/v2\/comments?post=906047"}],"version-history":[{"count":1,"href":"https:\/\/www.pm.pb.gov.br\/portal\/wp-json\/wp\/v2\/posts\/906047\/revisions"}],"predecessor-version":[{"id":906050,"href":"https:\/\/www.pm.pb.gov.br\/portal\/wp-json\/wp\/v2\/posts\/906047\/revisions\/906050"}],"wp:featuredmedia":[{"embeddable":true,"href":"https:\/\/www.pm.pb.gov.br\/portal\/wp-json\/wp\/v2\/media\/906048"}],"wp:attachment":[{"href":"https:\/\/www.pm.pb.gov.br\/portal\/wp-json\/wp\/v2\/media?parent=906047"}],"wp:term":[{"taxonomy":"category","embeddable":true,"href":"https:\/\/www.pm.pb.gov.br\/portal\/wp-json\/wp\/v2\/categories?post=906047"},{"taxonomy":"post_tag","embeddable":true,"href":"https:\/\/www.pm.pb.gov.br\/portal\/wp-json\/wp\/v2\/tags?post=906047"}],"curies":[{"name":"wp","href":"https:\/\/api.w.org\/{rel}","templated":true}]}}