{"id":906045,"date":"2020-07-13T12:16:42","date_gmt":"2020-07-13T15:16:42","guid":{"rendered":"http:\/\/www.pm.pb.gov.br\/portal\/?p=906045"},"modified":"2020-07-13T12:16:44","modified_gmt":"2020-07-13T15:16:44","slug":"policia-militar-resgata-18-cobras-em-uma-semana-sem-casos-de-pessoas-feridas-ou-animais-machucados","status":"publish","type":"post","link":"https:\/\/www.pm.pb.gov.br\/portal\/2020\/07\/13\/policia-militar-resgata-18-cobras-em-uma-semana-sem-casos-de-pessoas-feridas-ou-animais-machucados\/","title":{"rendered":"Pol\u00edcia Militar resgata 18 cobras em uma semana, sem casos de pessoas feridas ou animais machucados"},"content":{"rendered":"\n<p>O Batalh\u00e3o de Pol\u00edcia Ambiental (BPAmb) resgatou dezoito serpentes que apareceram em ambientes urbanos, do dia 5 at\u00e9 esse domingo (12), nas cidades de Jo\u00e3o Pessoa, Patos, Bayeux, Cabedelo, Conde e Lucena. Em todos os casos, nenhuma pessoa ficou ferida e nenhum animal saiu machucado. As cobras foram devolvidas ao habitat natural.<br \/><br \/>O comandante do Batalh\u00e3o de Pol\u00edcia Ambiental (BPAmb), tenente-coronel Melquisedec Lima, disse que a popula\u00e7\u00e3o tem seguido todas as orienta\u00e7\u00f5es para casos como esses. \u201cAqui vai nosso agradecimento ao papel da popula\u00e7\u00e3o, que tem seguido todos os procedimentos adequados para uma situa\u00e7\u00e3o como essa de se deparar com os animais, que \u00e9 n\u00e3o tentar pegar, ficar mantendo apenas o contato visual e ligar para a Pol\u00edcia Militar. O resultado disso \u00e9 que nenhuma pessoa foi ferida e nenhum animal saiu machucado, na \u00faltima semana\u201d, destacou.<br \/><br \/>A maioria das cobras que foram resgatadas eram jiboias, mas teve tamb\u00e9m cobra-cip\u00f3, corre-campo e mu\u00e7urana. A Capital lidera o ranking de resgates, com 12 casos. Em Bayeux foram dois e nos outros munic\u00edpio foi um caso, cada.<br \/><br \/><strong>Aparecimentos devem diminuir<\/strong>\u00a0\u2013 Com a diminui\u00e7\u00e3o das chuvas, o aparecimento desses animais tende a diminuir. O aparecimento das cobras foi provocado por essa altern\u00e2ncia de dias chuvosos com dias de sol, por elas serem consideradas \u201canimais de sangue frio\u201d (s\u00e3o aqueles que n\u00e3o s\u00e3o capazes de regular a temperatura de seu pr\u00f3prio corpo).<br \/><br \/>O resgate que \u00e9 feito pelo BPAmb, atrav\u00e9s de chamados pelo n\u00famero 190, garante a a\u00e7\u00e3o especializada para esse tipo de situa\u00e7\u00e3o. Quem tenta matar os animais, al\u00e9m do risco que isso traz, pode responder pelo crime do artigo 29 da lei N\u00ba 9.605, de 12 de Fevereiro de 1998, cuja pena \u00e9 de deten\u00e7\u00e3o de seis meses a um ano e multa.<\/p>\n","protected":false},"excerpt":{"rendered":"<p>O Batalh\u00e3o de Pol\u00edcia Ambiental (BPAmb) resgatou dezoito serpentes que apareceram em ambientes urbanos, do dia 5 at\u00e9 esse domingo<\/p>\n","protected":false},"author":15,"featured_media":901229,"comment_status":"closed","ping_status":"closed","sticky":false,"template":"","format":"standard","meta":{"_exactmetrics_skip_tracking":false,"_exactmetrics_sitenote_active":false,"_exactmetrics_sitenote_note":"","_exactmetrics_sitenote_category":0,"footnotes":""},"categories":[4],"tags":[],"yoast_head":"<!-- This site is optimized with the Yoast SEO plugin v22.0 - https:\/\/yoast.com\/wordpress\/plugins\/seo\/ -->\n<title>Pol\u00edcia Militar resgata 18 cobras em uma semana, sem casos de pessoas feridas ou animais machucados - Pol\u00edcia Militar da Para\u00edba<\/title>\n<meta name=\"robots\" content=\"index, follow, max-snippet:-1, max-image-preview:large, max-video-preview:-1\" \/>\n<link rel=\"canonical\" href=\"https:\/\/www.pm.pb.gov.br\/portal\/2020\/07\/13\/policia-militar-resgata-18-cobras-em-uma-semana-sem-casos-de-pessoas-feridas-ou-animais-machucados\/\" \/>\n<meta property=\"og:locale\" content=\"pt_BR\" \/>\n<meta property=\"og:type\" content=\"article\" \/>\n<meta property=\"og:title\" content=\"Pol\u00edcia Militar resgata 18 cobras em uma semana, sem casos de pessoas feridas ou animais machucados - Pol\u00edcia Militar da Para\u00edba\" \/>\n<meta property=\"og:description\" content=\"O Batalh\u00e3o de Pol\u00edcia Ambiental (BPAmb) resgatou dezoito serpentes que apareceram em ambientes urbanos, do dia 5 at\u00e9 esse domingo\" \/>\n<meta property=\"og:url\" content=\"https:\/\/www.pm.pb.gov.br\/portal\/2020\/07\/13\/policia-militar-resgata-18-cobras-em-uma-semana-sem-casos-de-pessoas-feridas-ou-animais-machucados\/\" \/>\n<meta property=\"og:site_name\" content=\"Pol\u00edcia Militar da Para\u00edba\" \/>\n<meta property=\"article:published_time\" content=\"2020-07-13T15:16:42+00:00\" \/>\n<meta property=\"article:modified_time\" content=\"2020-07-13T15:16:44+00:00\" \/>\n<meta property=\"og:image\" content=\"https:\/\/www.pm.pb.gov.br\/portal\/wp-content\/uploads\/2019\/06\/bpamb.jpeg\" \/>\n\t<meta property=\"og:image:width\" content=\"800\" \/>\n\t<meta property=\"og:image:height\" content=\"445\" \/>\n\t<meta property=\"og:image:type\" content=\"image\/jpeg\" \/>\n<meta name=\"author\" content=\"Marcio Gomes dos Santos\" \/>\n<meta name=\"twitter:card\" content=\"summary_large_image\" \/>\n<meta name=\"twitter:label1\" content=\"Escrito por\" \/>\n\t<meta name=\"twitter:data1\" content=\"Marcio Gomes dos Santos\" \/>\n\t<meta name=\"twitter:label2\" content=\"Est. tempo de leitura\" \/>\n\t<meta name=\"twitter:data2\" content=\"2 minutos\" \/>\n<script type=\"application\/ld+json\" class=\"yoast-schema-graph\">{\"@context\":\"https:\/\/schema.org\",\"@graph\":[{\"@type\":\"Article\",\"@id\":\"https:\/\/www.pm.pb.gov.br\/portal\/2020\/07\/13\/policia-militar-resgata-18-cobras-em-uma-semana-sem-casos-de-pessoas-feridas-ou-animais-machucados\/#article\",\"isPartOf\":{\"@id\":\"https:\/\/www.pm.pb.gov.br\/portal\/2020\/07\/13\/policia-militar-resgata-18-cobras-em-uma-semana-sem-casos-de-pessoas-feridas-ou-animais-machucados\/\"},\"author\":{\"name\":\"Marcio Gomes dos Santos\",\"@id\":\"https:\/\/www.pm.pb.gov.br\/portal\/#\/schema\/person\/30d571652b38533c2211e4e89bf5a502\"},\"headline\":\"Pol\u00edcia Militar resgata 18 cobras em uma semana, sem casos de pessoas feridas ou animais machucados\",\"datePublished\":\"2020-07-13T15:16:42+00:00\",\"dateModified\":\"2020-07-13T15:16:44+00:00\",\"mainEntityOfPage\":{\"@id\":\"https:\/\/www.pm.pb.gov.br\/portal\/2020\/07\/13\/policia-militar-resgata-18-cobras-em-uma-semana-sem-casos-de-pessoas-feridas-ou-animais-machucados\/\"},\"wordCount\":321,\"publisher\":{\"@id\":\"https:\/\/www.pm.pb.gov.br\/portal\/#organization\"},\"articleSection\":[\"A\u00e7\u00f5es Policiais\"],\"inLanguage\":\"pt-BR\"},{\"@type\":\"WebPage\",\"@id\":\"https:\/\/www.pm.pb.gov.br\/portal\/2020\/07\/13\/policia-militar-resgata-18-cobras-em-uma-semana-sem-casos-de-pessoas-feridas-ou-animais-machucados\/\",\"url\":\"https:\/\/www.pm.pb.gov.br\/portal\/2020\/07\/13\/policia-militar-resgata-18-cobras-em-uma-semana-sem-casos-de-pessoas-feridas-ou-animais-machucados\/\",\"name\":\"Pol\u00edcia Militar resgata 18 cobras em uma semana, sem casos de pessoas feridas ou animais machucados - Pol\u00edcia Militar da Para\u00edba\",\"isPartOf\":{\"@id\":\"https:\/\/www.pm.pb.gov.br\/portal\/#website\"},\"datePublished\":\"2020-07-13T15:16:42+00:00\",\"dateModified\":\"2020-07-13T15:16:44+00:00\",\"breadcrumb\":{\"@id\":\"https:\/\/www.pm.pb.gov.br\/portal\/2020\/07\/13\/policia-militar-resgata-18-cobras-em-uma-semana-sem-casos-de-pessoas-feridas-ou-animais-machucados\/#breadcrumb\"},\"inLanguage\":\"pt-BR\",\"potentialAction\":[{\"@type\":\"ReadAction\",\"target\":[\"https:\/\/www.pm.pb.gov.br\/portal\/2020\/07\/13\/policia-militar-resgata-18-cobras-em-uma-semana-sem-casos-de-pessoas-feridas-ou-animais-machucados\/\"]}]},{\"@type\":\"BreadcrumbList\",\"@id\":\"https:\/\/www.pm.pb.gov.br\/portal\/2020\/07\/13\/policia-militar-resgata-18-cobras-em-uma-semana-sem-casos-de-pessoas-feridas-ou-animais-machucados\/#breadcrumb\",\"itemListElement\":[{\"@type\":\"ListItem\",\"position\":1,\"name\":\"In\u00edcio\",\"item\":\"https:\/\/www.pm.pb.gov.br\/portal\/\"},{\"@type\":\"ListItem\",\"position\":2,\"name\":\"Pol\u00edcia Militar resgata 18 cobras em uma semana, sem casos de pessoas feridas ou animais machucados\"}]},{\"@type\":\"WebSite\",\"@id\":\"https:\/\/www.pm.pb.gov.br\/portal\/#website\",\"url\":\"https:\/\/www.pm.pb.gov.br\/portal\/\",\"name\":\"Pol\u00edcia Militar da Para\u00edba\",\"description\":\"\",\"publisher\":{\"@id\":\"https:\/\/www.pm.pb.gov.br\/portal\/#organization\"},\"potentialAction\":[{\"@type\":\"SearchAction\",\"target\":{\"@type\":\"EntryPoint\",\"urlTemplate\":\"https:\/\/www.pm.pb.gov.br\/portal\/?s={search_term_string}\"},\"query-input\":\"required name=search_term_string\"}],\"inLanguage\":\"pt-BR\"},{\"@type\":\"Organization\",\"@id\":\"https:\/\/www.pm.pb.gov.br\/portal\/#organization\",\"name\":\"Pol\u00edcia Militar da Para\u00edba\",\"url\":\"https:\/\/www.pm.pb.gov.br\/portal\/\",\"logo\":{\"@type\":\"ImageObject\",\"inLanguage\":\"pt-BR\",\"@id\":\"https:\/\/www.pm.pb.gov.br\/portal\/#\/schema\/logo\/image\/\",\"url\":\"https:\/\/www.pm.pb.gov.br\/portal\/wp-content\/uploads\/2025\/03\/cropped-logo-site-mag2-1.png\",\"contentUrl\":\"https:\/\/www.pm.pb.gov.br\/portal\/wp-content\/uploads\/2025\/03\/cropped-logo-site-mag2-1.png\",\"width\":320,\"height\":90,\"caption\":\"Pol\u00edcia Militar da Para\u00edba\"},\"image\":{\"@id\":\"https:\/\/www.pm.pb.gov.br\/portal\/#\/schema\/logo\/image\/\"}},{\"@type\":\"Person\",\"@id\":\"https:\/\/www.pm.pb.gov.br\/portal\/#\/schema\/person\/30d571652b38533c2211e4e89bf5a502\",\"name\":\"Marcio Gomes dos Santos\",\"image\":{\"@type\":\"ImageObject\",\"inLanguage\":\"pt-BR\",\"@id\":\"https:\/\/www.pm.pb.gov.br\/portal\/#\/schema\/person\/image\/\",\"url\":\"https:\/\/secure.gravatar.com\/avatar\/cf4ec2cb690101e1581c7773aa350c19?s=96&d=mm&r=g\",\"contentUrl\":\"https:\/\/secure.gravatar.com\/avatar\/cf4ec2cb690101e1581c7773aa350c19?s=96&d=mm&r=g\",\"caption\":\"Marcio Gomes dos Santos\"},\"url\":\"https:\/\/www.pm.pb.gov.br\/portal\/author\/mgomes\/\"}]}<\/script>\n<!-- \/ Yoast SEO plugin. -->","yoast_head_json":{"title":"Pol\u00edcia Militar resgata 18 cobras em uma semana, sem casos de pessoas feridas ou animais machucados - Pol\u00edcia Militar da Para\u00edba","robots":{"index":"index","follow":"follow","max-snippet":"max-snippet:-1","max-image-preview":"max-image-preview:large","max-video-preview":"max-video-preview:-1"},"canonical":"https:\/\/www.pm.pb.gov.br\/portal\/2020\/07\/13\/policia-militar-resgata-18-cobras-em-uma-semana-sem-casos-de-pessoas-feridas-ou-animais-machucados\/","og_locale":"pt_BR","og_type":"article","og_title":"Pol\u00edcia Militar resgata 18 cobras em uma semana, sem casos de pessoas feridas ou animais machucados - Pol\u00edcia Militar da Para\u00edba","og_description":"O Batalh\u00e3o de Pol\u00edcia Ambiental (BPAmb) resgatou dezoito serpentes que apareceram em ambientes urbanos, do dia 5 at\u00e9 esse domingo","og_url":"https:\/\/www.pm.pb.gov.br\/portal\/2020\/07\/13\/policia-militar-resgata-18-cobras-em-uma-semana-sem-casos-de-pessoas-feridas-ou-animais-machucados\/","og_site_name":"Pol\u00edcia Militar da Para\u00edba","article_published_time":"2020-07-13T15:16:42+00:00","article_modified_time":"2020-07-13T15:16:44+00:00","og_image":[{"width":800,"height":445,"url":"https:\/\/www.pm.pb.gov.br\/portal\/wp-content\/uploads\/2019\/06\/bpamb.jpeg","type":"image\/jpeg"}],"author":"Marcio Gomes dos Santos","twitter_card":"summary_large_image","twitter_misc":{"Escrito por":"Marcio Gomes dos Santos","Est. tempo de leitura":"2 minutos"},"schema":{"@context":"https:\/\/schema.org","@graph":[{"@type":"Article","@id":"https:\/\/www.pm.pb.gov.br\/portal\/2020\/07\/13\/policia-militar-resgata-18-cobras-em-uma-semana-sem-casos-de-pessoas-feridas-ou-animais-machucados\/#article","isPartOf":{"@id":"https:\/\/www.pm.pb.gov.br\/portal\/2020\/07\/13\/policia-militar-resgata-18-cobras-em-uma-semana-sem-casos-de-pessoas-feridas-ou-animais-machucados\/"},"author":{"name":"Marcio Gomes dos Santos","@id":"https:\/\/www.pm.pb.gov.br\/portal\/#\/schema\/person\/30d571652b38533c2211e4e89bf5a502"},"headline":"Pol\u00edcia Militar resgata 18 cobras em uma semana, sem casos de pessoas feridas ou animais machucados","datePublished":"2020-07-13T15:16:42+00:00","dateModified":"2020-07-13T15:16:44+00:00","mainEntityOfPage":{"@id":"https:\/\/www.pm.pb.gov.br\/portal\/2020\/07\/13\/policia-militar-resgata-18-cobras-em-uma-semana-sem-casos-de-pessoas-feridas-ou-animais-machucados\/"},"wordCount":321,"publisher":{"@id":"https:\/\/www.pm.pb.gov.br\/portal\/#organization"},"articleSection":["A\u00e7\u00f5es Policiais"],"inLanguage":"pt-BR"},{"@type":"WebPage","@id":"https:\/\/www.pm.pb.gov.br\/portal\/2020\/07\/13\/policia-militar-resgata-18-cobras-em-uma-semana-sem-casos-de-pessoas-feridas-ou-animais-machucados\/","url":"https:\/\/www.pm.pb.gov.br\/portal\/2020\/07\/13\/policia-militar-resgata-18-cobras-em-uma-semana-sem-casos-de-pessoas-feridas-ou-animais-machucados\/","name":"Pol\u00edcia Militar resgata 18 cobras em uma semana, sem casos de pessoas feridas ou animais machucados - Pol\u00edcia Militar da Para\u00edba","isPartOf":{"@id":"https:\/\/www.pm.pb.gov.br\/portal\/#website"},"datePublished":"2020-07-13T15:16:42+00:00","dateModified":"2020-07-13T15:16:44+00:00","breadcrumb":{"@id":"https:\/\/www.pm.pb.gov.br\/portal\/2020\/07\/13\/policia-militar-resgata-18-cobras-em-uma-semana-sem-casos-de-pessoas-feridas-ou-animais-machucados\/#breadcrumb"},"inLanguage":"pt-BR","potentialAction":[{"@type":"ReadAction","target":["https:\/\/www.pm.pb.gov.br\/portal\/2020\/07\/13\/policia-militar-resgata-18-cobras-em-uma-semana-sem-casos-de-pessoas-feridas-ou-animais-machucados\/"]}]},{"@type":"BreadcrumbList","@id":"https:\/\/www.pm.pb.gov.br\/portal\/2020\/07\/13\/policia-militar-resgata-18-cobras-em-uma-semana-sem-casos-de-pessoas-feridas-ou-animais-machucados\/#breadcrumb","itemListElement":[{"@type":"ListItem","position":1,"name":"In\u00edcio","item":"https:\/\/www.pm.pb.gov.br\/portal\/"},{"@type":"ListItem","position":2,"name":"Pol\u00edcia Militar resgata 18 cobras em uma semana, sem casos de pessoas feridas ou animais machucados"}]},{"@type":"WebSite","@id":"https:\/\/www.pm.pb.gov.br\/portal\/#website","url":"https:\/\/www.pm.pb.gov.br\/portal\/","name":"Pol\u00edcia Militar da Para\u00edba","description":"","publisher":{"@id":"https:\/\/www.pm.pb.gov.br\/portal\/#organization"},"potentialAction":[{"@type":"SearchAction","target":{"@type":"EntryPoint","urlTemplate":"https:\/\/www.pm.pb.gov.br\/portal\/?s={search_term_string}"},"query-input":"required name=search_term_string"}],"inLanguage":"pt-BR"},{"@type":"Organization","@id":"https:\/\/www.pm.pb.gov.br\/portal\/#organization","name":"Pol\u00edcia Militar da Para\u00edba","url":"https:\/\/www.pm.pb.gov.br\/portal\/","logo":{"@type":"ImageObject","inLanguage":"pt-BR","@id":"https:\/\/www.pm.pb.gov.br\/portal\/#\/schema\/logo\/image\/","url":"https:\/\/www.pm.pb.gov.br\/portal\/wp-content\/uploads\/2025\/03\/cropped-logo-site-mag2-1.png","contentUrl":"https:\/\/www.pm.pb.gov.br\/portal\/wp-content\/uploads\/2025\/03\/cropped-logo-site-mag2-1.png","width":320,"height":90,"caption":"Pol\u00edcia Militar da Para\u00edba"},"image":{"@id":"https:\/\/www.pm.pb.gov.br\/portal\/#\/schema\/logo\/image\/"}},{"@type":"Person","@id":"https:\/\/www.pm.pb.gov.br\/portal\/#\/schema\/person\/30d571652b38533c2211e4e89bf5a502","name":"Marcio Gomes dos Santos","image":{"@type":"ImageObject","inLanguage":"pt-BR","@id":"https:\/\/www.pm.pb.gov.br\/portal\/#\/schema\/person\/image\/","url":"https:\/\/secure.gravatar.com\/avatar\/cf4ec2cb690101e1581c7773aa350c19?s=96&d=mm&r=g","contentUrl":"https:\/\/secure.gravatar.com\/avatar\/cf4ec2cb690101e1581c7773aa350c19?s=96&d=mm&r=g","caption":"Marcio Gomes dos Santos"},"url":"https:\/\/www.pm.pb.gov.br\/portal\/author\/mgomes\/"}]}},"_links":{"self":[{"href":"https:\/\/www.pm.pb.gov.br\/portal\/wp-json\/wp\/v2\/posts\/906045"}],"collection":[{"href":"https:\/\/www.pm.pb.gov.br\/portal\/wp-json\/wp\/v2\/posts"}],"about":[{"href":"https:\/\/www.pm.pb.gov.br\/portal\/wp-json\/wp\/v2\/types\/post"}],"author":[{"embeddable":true,"href":"https:\/\/www.pm.pb.gov.br\/portal\/wp-json\/wp\/v2\/users\/15"}],"replies":[{"embeddable":true,"href":"https:\/\/www.pm.pb.gov.br\/portal\/wp-json\/wp\/v2\/comments?post=906045"}],"version-history":[{"count":1,"href":"https:\/\/www.pm.pb.gov.br\/portal\/wp-json\/wp\/v2\/posts\/906045\/revisions"}],"predecessor-version":[{"id":906046,"href":"https:\/\/www.pm.pb.gov.br\/portal\/wp-json\/wp\/v2\/posts\/906045\/revisions\/906046"}],"wp:featuredmedia":[{"embeddable":true,"href":"https:\/\/www.pm.pb.gov.br\/portal\/wp-json\/wp\/v2\/media\/901229"}],"wp:attachment":[{"href":"https:\/\/www.pm.pb.gov.br\/portal\/wp-json\/wp\/v2\/media?parent=906045"}],"wp:term":[{"taxonomy":"category","embeddable":true,"href":"https:\/\/www.pm.pb.gov.br\/portal\/wp-json\/wp\/v2\/categories?post=906045"},{"taxonomy":"post_tag","embeddable":true,"href":"https:\/\/www.pm.pb.gov.br\/portal\/wp-json\/wp\/v2\/tags?post=906045"}],"curies":[{"name":"wp","href":"https:\/\/api.w.org\/{rel}","templated":true}]}}