{"id":906040,"date":"2020-07-13T12:02:54","date_gmt":"2020-07-13T15:02:54","guid":{"rendered":"http:\/\/www.pm.pb.gov.br\/portal\/?p=906040"},"modified":"2020-07-13T12:05:05","modified_gmt":"2020-07-13T15:05:05","slug":"policia-militar-reforca-seguranca-na-orla-por-causa-da-retomada-das-atividades-fisicas","status":"publish","type":"post","link":"https:\/\/www.pm.pb.gov.br\/portal\/2020\/07\/13\/policia-militar-reforca-seguranca-na-orla-por-causa-da-retomada-das-atividades-fisicas\/","title":{"rendered":"Pol\u00edcia Militar refor\u00e7a seguran\u00e7a na orla por causa da retomada das atividades f\u00edsicas"},"content":{"rendered":"<p>A Pol\u00edcia Militar refor\u00e7ou a seguran\u00e7a em toda a orla de Jo\u00e3o Pessoa por causa da libera\u00e7\u00e3o das atividades f\u00edsicas individuais. As a\u00e7\u00f5es come\u00e7aram a ser colocadas em pr\u00e1tica desde o come\u00e7o da manh\u00e3 desta segunda-feira (13), com equipes da Companhia Especializada em Apoio ao Turista (CEATur) presentes em pontos estrat\u00e9gicos da faixa litor\u00e2nea da Capital.<\/p>\n<p>O comandante da CEATur, major Bruno Rodrigues, destacou que o objetivo \u00e9 prevenir roubos e interceptar suspeitos que por ventura apare\u00e7am na regi\u00e3o. \u201cEstamos atuando com todas as nossas modalidades de policiamento, n\u00e3o s\u00f3 na parte onde as pessoas est\u00e3o praticando as atividades f\u00edsicas individuais, mas ao redor desses locais, abordando suspeitos e prevenindo casos de roubos. Esse trabalho ser\u00e1 cont\u00ednuo e se estende tamb\u00e9m \u00e0s pra\u00e7as que ficam em nossa \u00e1rea de atua\u00e7\u00e3o\u201d, destacou.<br \/>\n<img loading=\"lazy\" decoding=\"async\" class=\"wp-image-906042 aligncenter\" src=\"http:\/\/www.pm.pb.gov.br\/portal\/wp-content\/uploads\/2020\/07\/unnamed-1-593x445.jpg\" alt=\"\" width=\"455\" height=\"341\" srcset=\"https:\/\/www.pm.pb.gov.br\/portal\/wp-content\/uploads\/2020\/07\/unnamed-1-593x445.jpg 593w, https:\/\/www.pm.pb.gov.br\/portal\/wp-content\/uploads\/2020\/07\/unnamed-1-760x570.jpg 760w, https:\/\/www.pm.pb.gov.br\/portal\/wp-content\/uploads\/2020\/07\/unnamed-1-768x576.jpg 768w, https:\/\/www.pm.pb.gov.br\/portal\/wp-content\/uploads\/2020\/07\/unnamed-1.jpg 1024w\" sizes=\"(max-width: 455px) 100vw, 455px\" \/><br \/>\nAs atividades f\u00edsicas individuais na orla foram liberadas para acontecer durante todo o dia e devem ser feitas sem aglomera\u00e7\u00f5es. Continuam proibidas as pr\u00e1ticas de esportes coletivos, a exemplo das peladas de futebol, futvol\u00eai e vol\u00eai. O Governo do Estado definiu um protocolo sanit\u00e1rio que inclui v\u00e1rias orienta\u00e7\u00f5es para a pr\u00e1tica dessas atividades f\u00edsicas individuais ao ar livre, dispon\u00edvel atrav\u00e9s do link\u00a0<a href=\"https:\/\/paraiba.pb.gov.br\/diretas\/saude\/coronavirus\/arquivos\/atividades-fisicas-1.pdf\" target=\"_blank\" rel=\"noopener noreferrer\" data-saferedirecturl=\"https:\/\/www.google.com\/url?q=https:\/\/paraiba.pb.gov.br\/diretas\/saude\/coronavirus\/arquivos\/atividades-fisicas-1.pdf&amp;source=gmail&amp;ust=1594738496944000&amp;usg=AFQjCNE6HkrldKLv0hsMXfcE3tBPBkAA9A\">https:\/\/paraiba.pb.gov.br\/<wbr \/>diretas\/saude\/coronavirus\/<wbr \/>arquivos\/atividades-fisicas-1.<wbr \/>pdf<\/a>.<\/p>\n","protected":false},"excerpt":{"rendered":"<p>A Pol\u00edcia Militar refor\u00e7ou a seguran\u00e7a em toda a orla de Jo\u00e3o Pessoa por causa da libera\u00e7\u00e3o das atividades f\u00edsicas<\/p>\n","protected":false},"author":15,"featured_media":906044,"comment_status":"closed","ping_status":"closed","sticky":false,"template":"","format":"standard","meta":{"_exactmetrics_skip_tracking":false,"_exactmetrics_sitenote_active":false,"_exactmetrics_sitenote_note":"","_exactmetrics_sitenote_category":0,"footnotes":""},"categories":[4],"tags":[],"yoast_head":"<!-- This site is optimized with the Yoast SEO plugin v22.0 - https:\/\/yoast.com\/wordpress\/plugins\/seo\/ -->\n<title>Pol\u00edcia Militar refor\u00e7a seguran\u00e7a na orla por causa da retomada das atividades f\u00edsicas - Pol\u00edcia Militar da Para\u00edba<\/title>\n<meta name=\"robots\" content=\"index, follow, max-snippet:-1, max-image-preview:large, max-video-preview:-1\" \/>\n<link rel=\"canonical\" href=\"https:\/\/www.pm.pb.gov.br\/portal\/2020\/07\/13\/policia-militar-reforca-seguranca-na-orla-por-causa-da-retomada-das-atividades-fisicas\/\" \/>\n<meta property=\"og:locale\" content=\"pt_BR\" \/>\n<meta property=\"og:type\" content=\"article\" \/>\n<meta property=\"og:title\" content=\"Pol\u00edcia Militar refor\u00e7a seguran\u00e7a na orla por causa da retomada das atividades f\u00edsicas - Pol\u00edcia Militar da Para\u00edba\" \/>\n<meta property=\"og:description\" content=\"A Pol\u00edcia Militar refor\u00e7ou a seguran\u00e7a em toda a orla de Jo\u00e3o Pessoa por causa da libera\u00e7\u00e3o das atividades f\u00edsicas\" \/>\n<meta property=\"og:url\" content=\"https:\/\/www.pm.pb.gov.br\/portal\/2020\/07\/13\/policia-militar-reforca-seguranca-na-orla-por-causa-da-retomada-das-atividades-fisicas\/\" \/>\n<meta property=\"og:site_name\" content=\"Pol\u00edcia Militar da Para\u00edba\" \/>\n<meta property=\"article:published_time\" content=\"2020-07-13T15:02:54+00:00\" \/>\n<meta property=\"article:modified_time\" content=\"2020-07-13T15:05:05+00:00\" \/>\n<meta property=\"og:image\" content=\"https:\/\/www.pm.pb.gov.br\/portal\/wp-content\/uploads\/2020\/07\/unnamed-2.jpg\" \/>\n\t<meta property=\"og:image:width\" content=\"1024\" \/>\n\t<meta property=\"og:image:height\" content=\"625\" \/>\n\t<meta property=\"og:image:type\" content=\"image\/jpeg\" \/>\n<meta name=\"author\" content=\"Marcio Gomes dos Santos\" \/>\n<meta name=\"twitter:card\" content=\"summary_large_image\" \/>\n<meta name=\"twitter:label1\" content=\"Escrito por\" \/>\n\t<meta name=\"twitter:data1\" content=\"Marcio Gomes dos Santos\" \/>\n\t<meta name=\"twitter:label2\" content=\"Est. tempo de leitura\" \/>\n\t<meta name=\"twitter:data2\" content=\"1 minuto\" \/>\n<script type=\"application\/ld+json\" class=\"yoast-schema-graph\">{\"@context\":\"https:\/\/schema.org\",\"@graph\":[{\"@type\":\"Article\",\"@id\":\"https:\/\/www.pm.pb.gov.br\/portal\/2020\/07\/13\/policia-militar-reforca-seguranca-na-orla-por-causa-da-retomada-das-atividades-fisicas\/#article\",\"isPartOf\":{\"@id\":\"https:\/\/www.pm.pb.gov.br\/portal\/2020\/07\/13\/policia-militar-reforca-seguranca-na-orla-por-causa-da-retomada-das-atividades-fisicas\/\"},\"author\":{\"name\":\"Marcio Gomes dos Santos\",\"@id\":\"https:\/\/www.pm.pb.gov.br\/portal\/#\/schema\/person\/30d571652b38533c2211e4e89bf5a502\"},\"headline\":\"Pol\u00edcia Militar refor\u00e7a seguran\u00e7a na orla por causa da retomada das atividades f\u00edsicas\",\"datePublished\":\"2020-07-13T15:02:54+00:00\",\"dateModified\":\"2020-07-13T15:05:05+00:00\",\"mainEntityOfPage\":{\"@id\":\"https:\/\/www.pm.pb.gov.br\/portal\/2020\/07\/13\/policia-militar-reforca-seguranca-na-orla-por-causa-da-retomada-das-atividades-fisicas\/\"},\"wordCount\":252,\"publisher\":{\"@id\":\"https:\/\/www.pm.pb.gov.br\/portal\/#organization\"},\"articleSection\":[\"A\u00e7\u00f5es Policiais\"],\"inLanguage\":\"pt-BR\"},{\"@type\":\"WebPage\",\"@id\":\"https:\/\/www.pm.pb.gov.br\/portal\/2020\/07\/13\/policia-militar-reforca-seguranca-na-orla-por-causa-da-retomada-das-atividades-fisicas\/\",\"url\":\"https:\/\/www.pm.pb.gov.br\/portal\/2020\/07\/13\/policia-militar-reforca-seguranca-na-orla-por-causa-da-retomada-das-atividades-fisicas\/\",\"name\":\"Pol\u00edcia Militar refor\u00e7a seguran\u00e7a na orla por causa da retomada das atividades f\u00edsicas - Pol\u00edcia Militar da Para\u00edba\",\"isPartOf\":{\"@id\":\"https:\/\/www.pm.pb.gov.br\/portal\/#website\"},\"datePublished\":\"2020-07-13T15:02:54+00:00\",\"dateModified\":\"2020-07-13T15:05:05+00:00\",\"breadcrumb\":{\"@id\":\"https:\/\/www.pm.pb.gov.br\/portal\/2020\/07\/13\/policia-militar-reforca-seguranca-na-orla-por-causa-da-retomada-das-atividades-fisicas\/#breadcrumb\"},\"inLanguage\":\"pt-BR\",\"potentialAction\":[{\"@type\":\"ReadAction\",\"target\":[\"https:\/\/www.pm.pb.gov.br\/portal\/2020\/07\/13\/policia-militar-reforca-seguranca-na-orla-por-causa-da-retomada-das-atividades-fisicas\/\"]}]},{\"@type\":\"BreadcrumbList\",\"@id\":\"https:\/\/www.pm.pb.gov.br\/portal\/2020\/07\/13\/policia-militar-reforca-seguranca-na-orla-por-causa-da-retomada-das-atividades-fisicas\/#breadcrumb\",\"itemListElement\":[{\"@type\":\"ListItem\",\"position\":1,\"name\":\"In\u00edcio\",\"item\":\"https:\/\/www.pm.pb.gov.br\/portal\/\"},{\"@type\":\"ListItem\",\"position\":2,\"name\":\"Pol\u00edcia Militar refor\u00e7a seguran\u00e7a na orla por causa da retomada das atividades f\u00edsicas\"}]},{\"@type\":\"WebSite\",\"@id\":\"https:\/\/www.pm.pb.gov.br\/portal\/#website\",\"url\":\"https:\/\/www.pm.pb.gov.br\/portal\/\",\"name\":\"Pol\u00edcia Militar da Para\u00edba\",\"description\":\"\",\"publisher\":{\"@id\":\"https:\/\/www.pm.pb.gov.br\/portal\/#organization\"},\"potentialAction\":[{\"@type\":\"SearchAction\",\"target\":{\"@type\":\"EntryPoint\",\"urlTemplate\":\"https:\/\/www.pm.pb.gov.br\/portal\/?s={search_term_string}\"},\"query-input\":\"required name=search_term_string\"}],\"inLanguage\":\"pt-BR\"},{\"@type\":\"Organization\",\"@id\":\"https:\/\/www.pm.pb.gov.br\/portal\/#organization\",\"name\":\"Pol\u00edcia Militar da Para\u00edba\",\"url\":\"https:\/\/www.pm.pb.gov.br\/portal\/\",\"logo\":{\"@type\":\"ImageObject\",\"inLanguage\":\"pt-BR\",\"@id\":\"https:\/\/www.pm.pb.gov.br\/portal\/#\/schema\/logo\/image\/\",\"url\":\"https:\/\/www.pm.pb.gov.br\/portal\/wp-content\/uploads\/2025\/03\/cropped-logo-site-mag2-1.png\",\"contentUrl\":\"https:\/\/www.pm.pb.gov.br\/portal\/wp-content\/uploads\/2025\/03\/cropped-logo-site-mag2-1.png\",\"width\":320,\"height\":90,\"caption\":\"Pol\u00edcia Militar da Para\u00edba\"},\"image\":{\"@id\":\"https:\/\/www.pm.pb.gov.br\/portal\/#\/schema\/logo\/image\/\"}},{\"@type\":\"Person\",\"@id\":\"https:\/\/www.pm.pb.gov.br\/portal\/#\/schema\/person\/30d571652b38533c2211e4e89bf5a502\",\"name\":\"Marcio Gomes dos Santos\",\"image\":{\"@type\":\"ImageObject\",\"inLanguage\":\"pt-BR\",\"@id\":\"https:\/\/www.pm.pb.gov.br\/portal\/#\/schema\/person\/image\/\",\"url\":\"https:\/\/secure.gravatar.com\/avatar\/cf4ec2cb690101e1581c7773aa350c19?s=96&d=mm&r=g\",\"contentUrl\":\"https:\/\/secure.gravatar.com\/avatar\/cf4ec2cb690101e1581c7773aa350c19?s=96&d=mm&r=g\",\"caption\":\"Marcio Gomes dos Santos\"},\"url\":\"https:\/\/www.pm.pb.gov.br\/portal\/author\/mgomes\/\"}]}<\/script>\n<!-- \/ Yoast SEO plugin. -->","yoast_head_json":{"title":"Pol\u00edcia Militar refor\u00e7a seguran\u00e7a na orla por causa da retomada das atividades f\u00edsicas - Pol\u00edcia Militar da Para\u00edba","robots":{"index":"index","follow":"follow","max-snippet":"max-snippet:-1","max-image-preview":"max-image-preview:large","max-video-preview":"max-video-preview:-1"},"canonical":"https:\/\/www.pm.pb.gov.br\/portal\/2020\/07\/13\/policia-militar-reforca-seguranca-na-orla-por-causa-da-retomada-das-atividades-fisicas\/","og_locale":"pt_BR","og_type":"article","og_title":"Pol\u00edcia Militar refor\u00e7a seguran\u00e7a na orla por causa da retomada das atividades f\u00edsicas - Pol\u00edcia Militar da Para\u00edba","og_description":"A Pol\u00edcia Militar refor\u00e7ou a seguran\u00e7a em toda a orla de Jo\u00e3o Pessoa por causa da libera\u00e7\u00e3o das atividades f\u00edsicas","og_url":"https:\/\/www.pm.pb.gov.br\/portal\/2020\/07\/13\/policia-militar-reforca-seguranca-na-orla-por-causa-da-retomada-das-atividades-fisicas\/","og_site_name":"Pol\u00edcia Militar da Para\u00edba","article_published_time":"2020-07-13T15:02:54+00:00","article_modified_time":"2020-07-13T15:05:05+00:00","og_image":[{"width":1024,"height":625,"url":"https:\/\/www.pm.pb.gov.br\/portal\/wp-content\/uploads\/2020\/07\/unnamed-2.jpg","type":"image\/jpeg"}],"author":"Marcio Gomes dos Santos","twitter_card":"summary_large_image","twitter_misc":{"Escrito por":"Marcio Gomes dos Santos","Est. tempo de leitura":"1 minuto"},"schema":{"@context":"https:\/\/schema.org","@graph":[{"@type":"Article","@id":"https:\/\/www.pm.pb.gov.br\/portal\/2020\/07\/13\/policia-militar-reforca-seguranca-na-orla-por-causa-da-retomada-das-atividades-fisicas\/#article","isPartOf":{"@id":"https:\/\/www.pm.pb.gov.br\/portal\/2020\/07\/13\/policia-militar-reforca-seguranca-na-orla-por-causa-da-retomada-das-atividades-fisicas\/"},"author":{"name":"Marcio Gomes dos Santos","@id":"https:\/\/www.pm.pb.gov.br\/portal\/#\/schema\/person\/30d571652b38533c2211e4e89bf5a502"},"headline":"Pol\u00edcia Militar refor\u00e7a seguran\u00e7a na orla por causa da retomada das atividades f\u00edsicas","datePublished":"2020-07-13T15:02:54+00:00","dateModified":"2020-07-13T15:05:05+00:00","mainEntityOfPage":{"@id":"https:\/\/www.pm.pb.gov.br\/portal\/2020\/07\/13\/policia-militar-reforca-seguranca-na-orla-por-causa-da-retomada-das-atividades-fisicas\/"},"wordCount":252,"publisher":{"@id":"https:\/\/www.pm.pb.gov.br\/portal\/#organization"},"articleSection":["A\u00e7\u00f5es Policiais"],"inLanguage":"pt-BR"},{"@type":"WebPage","@id":"https:\/\/www.pm.pb.gov.br\/portal\/2020\/07\/13\/policia-militar-reforca-seguranca-na-orla-por-causa-da-retomada-das-atividades-fisicas\/","url":"https:\/\/www.pm.pb.gov.br\/portal\/2020\/07\/13\/policia-militar-reforca-seguranca-na-orla-por-causa-da-retomada-das-atividades-fisicas\/","name":"Pol\u00edcia Militar refor\u00e7a seguran\u00e7a na orla por causa da retomada das atividades f\u00edsicas - Pol\u00edcia Militar da Para\u00edba","isPartOf":{"@id":"https:\/\/www.pm.pb.gov.br\/portal\/#website"},"datePublished":"2020-07-13T15:02:54+00:00","dateModified":"2020-07-13T15:05:05+00:00","breadcrumb":{"@id":"https:\/\/www.pm.pb.gov.br\/portal\/2020\/07\/13\/policia-militar-reforca-seguranca-na-orla-por-causa-da-retomada-das-atividades-fisicas\/#breadcrumb"},"inLanguage":"pt-BR","potentialAction":[{"@type":"ReadAction","target":["https:\/\/www.pm.pb.gov.br\/portal\/2020\/07\/13\/policia-militar-reforca-seguranca-na-orla-por-causa-da-retomada-das-atividades-fisicas\/"]}]},{"@type":"BreadcrumbList","@id":"https:\/\/www.pm.pb.gov.br\/portal\/2020\/07\/13\/policia-militar-reforca-seguranca-na-orla-por-causa-da-retomada-das-atividades-fisicas\/#breadcrumb","itemListElement":[{"@type":"ListItem","position":1,"name":"In\u00edcio","item":"https:\/\/www.pm.pb.gov.br\/portal\/"},{"@type":"ListItem","position":2,"name":"Pol\u00edcia Militar refor\u00e7a seguran\u00e7a na orla por causa da retomada das atividades f\u00edsicas"}]},{"@type":"WebSite","@id":"https:\/\/www.pm.pb.gov.br\/portal\/#website","url":"https:\/\/www.pm.pb.gov.br\/portal\/","name":"Pol\u00edcia Militar da Para\u00edba","description":"","publisher":{"@id":"https:\/\/www.pm.pb.gov.br\/portal\/#organization"},"potentialAction":[{"@type":"SearchAction","target":{"@type":"EntryPoint","urlTemplate":"https:\/\/www.pm.pb.gov.br\/portal\/?s={search_term_string}"},"query-input":"required name=search_term_string"}],"inLanguage":"pt-BR"},{"@type":"Organization","@id":"https:\/\/www.pm.pb.gov.br\/portal\/#organization","name":"Pol\u00edcia Militar da Para\u00edba","url":"https:\/\/www.pm.pb.gov.br\/portal\/","logo":{"@type":"ImageObject","inLanguage":"pt-BR","@id":"https:\/\/www.pm.pb.gov.br\/portal\/#\/schema\/logo\/image\/","url":"https:\/\/www.pm.pb.gov.br\/portal\/wp-content\/uploads\/2025\/03\/cropped-logo-site-mag2-1.png","contentUrl":"https:\/\/www.pm.pb.gov.br\/portal\/wp-content\/uploads\/2025\/03\/cropped-logo-site-mag2-1.png","width":320,"height":90,"caption":"Pol\u00edcia Militar da Para\u00edba"},"image":{"@id":"https:\/\/www.pm.pb.gov.br\/portal\/#\/schema\/logo\/image\/"}},{"@type":"Person","@id":"https:\/\/www.pm.pb.gov.br\/portal\/#\/schema\/person\/30d571652b38533c2211e4e89bf5a502","name":"Marcio Gomes dos Santos","image":{"@type":"ImageObject","inLanguage":"pt-BR","@id":"https:\/\/www.pm.pb.gov.br\/portal\/#\/schema\/person\/image\/","url":"https:\/\/secure.gravatar.com\/avatar\/cf4ec2cb690101e1581c7773aa350c19?s=96&d=mm&r=g","contentUrl":"https:\/\/secure.gravatar.com\/avatar\/cf4ec2cb690101e1581c7773aa350c19?s=96&d=mm&r=g","caption":"Marcio Gomes dos Santos"},"url":"https:\/\/www.pm.pb.gov.br\/portal\/author\/mgomes\/"}]}},"_links":{"self":[{"href":"https:\/\/www.pm.pb.gov.br\/portal\/wp-json\/wp\/v2\/posts\/906040"}],"collection":[{"href":"https:\/\/www.pm.pb.gov.br\/portal\/wp-json\/wp\/v2\/posts"}],"about":[{"href":"https:\/\/www.pm.pb.gov.br\/portal\/wp-json\/wp\/v2\/types\/post"}],"author":[{"embeddable":true,"href":"https:\/\/www.pm.pb.gov.br\/portal\/wp-json\/wp\/v2\/users\/15"}],"replies":[{"embeddable":true,"href":"https:\/\/www.pm.pb.gov.br\/portal\/wp-json\/wp\/v2\/comments?post=906040"}],"version-history":[{"count":1,"href":"https:\/\/www.pm.pb.gov.br\/portal\/wp-json\/wp\/v2\/posts\/906040\/revisions"}],"predecessor-version":[{"id":906043,"href":"https:\/\/www.pm.pb.gov.br\/portal\/wp-json\/wp\/v2\/posts\/906040\/revisions\/906043"}],"wp:featuredmedia":[{"embeddable":true,"href":"https:\/\/www.pm.pb.gov.br\/portal\/wp-json\/wp\/v2\/media\/906044"}],"wp:attachment":[{"href":"https:\/\/www.pm.pb.gov.br\/portal\/wp-json\/wp\/v2\/media?parent=906040"}],"wp:term":[{"taxonomy":"category","embeddable":true,"href":"https:\/\/www.pm.pb.gov.br\/portal\/wp-json\/wp\/v2\/categories?post=906040"},{"taxonomy":"post_tag","embeddable":true,"href":"https:\/\/www.pm.pb.gov.br\/portal\/wp-json\/wp\/v2\/tags?post=906040"}],"curies":[{"name":"wp","href":"https:\/\/api.w.org\/{rel}","templated":true}]}}