{"id":906024,"date":"2020-07-12T13:08:00","date_gmt":"2020-07-12T16:08:00","guid":{"rendered":"http:\/\/www.pm.pb.gov.br\/portal\/?p=906024"},"modified":"2020-07-13T11:11:06","modified_gmt":"2020-07-13T14:11:06","slug":"policia-militar-recupera-produtos-roubados-de-loja-de-eletrodomesticos-na-cidade-de-prata","status":"publish","type":"post","link":"https:\/\/www.pm.pb.gov.br\/portal\/2020\/07\/12\/policia-militar-recupera-produtos-roubados-de-loja-de-eletrodomesticos-na-cidade-de-prata\/","title":{"rendered":"Pol\u00edcia Militar recupera produtos roubados de loja de eletrodom\u00e9sticos na cidade de Prata"},"content":{"rendered":"<p>Uma a\u00e7\u00e3o r\u00e1pida dos policiais do 11\u00ba Batalh\u00e3o conseguiu recuperar, nesse domingo (12), v\u00e1rios produtos de uma loja de eletrodom\u00e9sticos que foi arrombada no Centro da cidade de Prata, no Cariri Paraibano.<\/p>\n<p>Policiais tomaram conhecimento de que quatro homens encapuzados arrombaram o estabelecimento e come\u00e7aram a realizar as dilig\u00eancias com o apoio das viaturas das outras cidades em busca dos suspeitos. Foram montadas \u00a0barreiras policias nas cidades vizinhas, momento em que um ve\u00edculo n\u00e3o obedeceu a ordem de parada dos policiais na cidade de Serra Branca, iniciando uma persegui\u00e7\u00e3o at\u00e9 a entrada da cidade de Boa Vista.<\/p>\n<p>Os suspeitos perderam o controle do ve\u00edculo dentro de um matagal, chegando a colidir, mesmo assim conseguiram fugir a p\u00e9.<\/p>\n<p>O ve\u00edculo, os aparelhos eletroeletr\u00f4nicos e outros produtos recuperados (foto abaixo) foram levados para a delegacia de Monteiro.<\/p>\n<p><img loading=\"lazy\" decoding=\"async\" class=\"wp-image-906026 aligncenter\" src=\"http:\/\/www.pm.pb.gov.br\/portal\/wp-content\/uploads\/2020\/07\/produtosrecuperados.jpg\" alt=\"\" width=\"505\" height=\"276\" \/><\/p>\n","protected":false},"excerpt":{"rendered":"<p>Uma a\u00e7\u00e3o r\u00e1pida dos policiais do 11\u00ba Batalh\u00e3o conseguiu recuperar, nesse domingo (12), v\u00e1rios produtos de uma loja de eletrodom\u00e9sticos<\/p>\n","protected":false},"author":12,"featured_media":905891,"comment_status":"closed","ping_status":"closed","sticky":false,"template":"","format":"standard","meta":{"_exactmetrics_skip_tracking":false,"_exactmetrics_sitenote_active":false,"_exactmetrics_sitenote_note":"","_exactmetrics_sitenote_category":0,"footnotes":""},"categories":[4],"tags":[],"yoast_head":"<!-- This site is optimized with the Yoast SEO plugin v22.0 - https:\/\/yoast.com\/wordpress\/plugins\/seo\/ -->\n<title>Pol\u00edcia Militar recupera produtos roubados de loja de eletrodom\u00e9sticos na cidade de Prata - Pol\u00edcia Militar da Para\u00edba<\/title>\n<meta name=\"robots\" content=\"index, follow, max-snippet:-1, max-image-preview:large, max-video-preview:-1\" \/>\n<link rel=\"canonical\" href=\"https:\/\/www.pm.pb.gov.br\/portal\/2020\/07\/12\/policia-militar-recupera-produtos-roubados-de-loja-de-eletrodomesticos-na-cidade-de-prata\/\" \/>\n<meta property=\"og:locale\" content=\"pt_BR\" \/>\n<meta property=\"og:type\" content=\"article\" \/>\n<meta property=\"og:title\" content=\"Pol\u00edcia Militar recupera produtos roubados de loja de eletrodom\u00e9sticos na cidade de Prata - Pol\u00edcia Militar da Para\u00edba\" \/>\n<meta property=\"og:description\" content=\"Uma a\u00e7\u00e3o r\u00e1pida dos policiais do 11\u00ba Batalh\u00e3o conseguiu recuperar, nesse domingo (12), v\u00e1rios produtos de uma loja de eletrodom\u00e9sticos\" \/>\n<meta property=\"og:url\" content=\"https:\/\/www.pm.pb.gov.br\/portal\/2020\/07\/12\/policia-militar-recupera-produtos-roubados-de-loja-de-eletrodomesticos-na-cidade-de-prata\/\" \/>\n<meta property=\"og:site_name\" content=\"Pol\u00edcia Militar da Para\u00edba\" \/>\n<meta property=\"article:published_time\" content=\"2020-07-12T16:08:00+00:00\" \/>\n<meta property=\"article:modified_time\" content=\"2020-07-13T14:11:06+00:00\" \/>\n<meta property=\"og:image\" content=\"https:\/\/www.pm.pb.gov.br\/portal\/wp-content\/uploads\/2020\/06\/11bpm_monteiro.jpeg\" \/>\n\t<meta property=\"og:image:width\" content=\"800\" \/>\n\t<meta property=\"og:image:height\" content=\"445\" \/>\n\t<meta property=\"og:image:type\" content=\"image\/jpeg\" \/>\n<meta name=\"author\" content=\"Tarcisio Oliveira\" \/>\n<meta name=\"twitter:card\" content=\"summary_large_image\" \/>\n<meta name=\"twitter:label1\" content=\"Escrito por\" \/>\n\t<meta name=\"twitter:data1\" content=\"Tarcisio Oliveira\" \/>\n\t<meta name=\"twitter:label2\" content=\"Est. tempo de leitura\" \/>\n\t<meta name=\"twitter:data2\" content=\"1 minuto\" \/>\n<script type=\"application\/ld+json\" class=\"yoast-schema-graph\">{\"@context\":\"https:\/\/schema.org\",\"@graph\":[{\"@type\":\"Article\",\"@id\":\"https:\/\/www.pm.pb.gov.br\/portal\/2020\/07\/12\/policia-militar-recupera-produtos-roubados-de-loja-de-eletrodomesticos-na-cidade-de-prata\/#article\",\"isPartOf\":{\"@id\":\"https:\/\/www.pm.pb.gov.br\/portal\/2020\/07\/12\/policia-militar-recupera-produtos-roubados-de-loja-de-eletrodomesticos-na-cidade-de-prata\/\"},\"author\":{\"name\":\"Tarcisio Oliveira\",\"@id\":\"https:\/\/www.pm.pb.gov.br\/portal\/#\/schema\/person\/f84f56dcc78ce4357054da888b8247fd\"},\"headline\":\"Pol\u00edcia Militar recupera produtos roubados de loja de eletrodom\u00e9sticos na cidade de Prata\",\"datePublished\":\"2020-07-12T16:08:00+00:00\",\"dateModified\":\"2020-07-13T14:11:06+00:00\",\"mainEntityOfPage\":{\"@id\":\"https:\/\/www.pm.pb.gov.br\/portal\/2020\/07\/12\/policia-militar-recupera-produtos-roubados-de-loja-de-eletrodomesticos-na-cidade-de-prata\/\"},\"wordCount\":161,\"publisher\":{\"@id\":\"https:\/\/www.pm.pb.gov.br\/portal\/#organization\"},\"articleSection\":[\"A\u00e7\u00f5es Policiais\"],\"inLanguage\":\"pt-BR\"},{\"@type\":\"WebPage\",\"@id\":\"https:\/\/www.pm.pb.gov.br\/portal\/2020\/07\/12\/policia-militar-recupera-produtos-roubados-de-loja-de-eletrodomesticos-na-cidade-de-prata\/\",\"url\":\"https:\/\/www.pm.pb.gov.br\/portal\/2020\/07\/12\/policia-militar-recupera-produtos-roubados-de-loja-de-eletrodomesticos-na-cidade-de-prata\/\",\"name\":\"Pol\u00edcia Militar recupera produtos roubados de loja de eletrodom\u00e9sticos na cidade de Prata - Pol\u00edcia Militar da Para\u00edba\",\"isPartOf\":{\"@id\":\"https:\/\/www.pm.pb.gov.br\/portal\/#website\"},\"datePublished\":\"2020-07-12T16:08:00+00:00\",\"dateModified\":\"2020-07-13T14:11:06+00:00\",\"breadcrumb\":{\"@id\":\"https:\/\/www.pm.pb.gov.br\/portal\/2020\/07\/12\/policia-militar-recupera-produtos-roubados-de-loja-de-eletrodomesticos-na-cidade-de-prata\/#breadcrumb\"},\"inLanguage\":\"pt-BR\",\"potentialAction\":[{\"@type\":\"ReadAction\",\"target\":[\"https:\/\/www.pm.pb.gov.br\/portal\/2020\/07\/12\/policia-militar-recupera-produtos-roubados-de-loja-de-eletrodomesticos-na-cidade-de-prata\/\"]}]},{\"@type\":\"BreadcrumbList\",\"@id\":\"https:\/\/www.pm.pb.gov.br\/portal\/2020\/07\/12\/policia-militar-recupera-produtos-roubados-de-loja-de-eletrodomesticos-na-cidade-de-prata\/#breadcrumb\",\"itemListElement\":[{\"@type\":\"ListItem\",\"position\":1,\"name\":\"In\u00edcio\",\"item\":\"https:\/\/www.pm.pb.gov.br\/portal\/\"},{\"@type\":\"ListItem\",\"position\":2,\"name\":\"Pol\u00edcia Militar recupera produtos roubados de loja de eletrodom\u00e9sticos na cidade de Prata\"}]},{\"@type\":\"WebSite\",\"@id\":\"https:\/\/www.pm.pb.gov.br\/portal\/#website\",\"url\":\"https:\/\/www.pm.pb.gov.br\/portal\/\",\"name\":\"Pol\u00edcia Militar da Para\u00edba\",\"description\":\"\",\"publisher\":{\"@id\":\"https:\/\/www.pm.pb.gov.br\/portal\/#organization\"},\"potentialAction\":[{\"@type\":\"SearchAction\",\"target\":{\"@type\":\"EntryPoint\",\"urlTemplate\":\"https:\/\/www.pm.pb.gov.br\/portal\/?s={search_term_string}\"},\"query-input\":\"required name=search_term_string\"}],\"inLanguage\":\"pt-BR\"},{\"@type\":\"Organization\",\"@id\":\"https:\/\/www.pm.pb.gov.br\/portal\/#organization\",\"name\":\"Pol\u00edcia Militar da Para\u00edba\",\"url\":\"https:\/\/www.pm.pb.gov.br\/portal\/\",\"logo\":{\"@type\":\"ImageObject\",\"inLanguage\":\"pt-BR\",\"@id\":\"https:\/\/www.pm.pb.gov.br\/portal\/#\/schema\/logo\/image\/\",\"url\":\"https:\/\/www.pm.pb.gov.br\/portal\/wp-content\/uploads\/2025\/03\/cropped-logo-site-mag2-1.png\",\"contentUrl\":\"https:\/\/www.pm.pb.gov.br\/portal\/wp-content\/uploads\/2025\/03\/cropped-logo-site-mag2-1.png\",\"width\":320,\"height\":90,\"caption\":\"Pol\u00edcia Militar da Para\u00edba\"},\"image\":{\"@id\":\"https:\/\/www.pm.pb.gov.br\/portal\/#\/schema\/logo\/image\/\"}},{\"@type\":\"Person\",\"@id\":\"https:\/\/www.pm.pb.gov.br\/portal\/#\/schema\/person\/f84f56dcc78ce4357054da888b8247fd\",\"name\":\"Tarcisio Oliveira\",\"image\":{\"@type\":\"ImageObject\",\"inLanguage\":\"pt-BR\",\"@id\":\"https:\/\/www.pm.pb.gov.br\/portal\/#\/schema\/person\/image\/\",\"url\":\"https:\/\/secure.gravatar.com\/avatar\/72917b630b69d31cd0297507f34bac97?s=96&d=mm&r=g\",\"contentUrl\":\"https:\/\/secure.gravatar.com\/avatar\/72917b630b69d31cd0297507f34bac97?s=96&d=mm&r=g\",\"caption\":\"Tarcisio Oliveira\"},\"url\":\"https:\/\/www.pm.pb.gov.br\/portal\/author\/tarcisio\/\"}]}<\/script>\n<!-- \/ Yoast SEO plugin. -->","yoast_head_json":{"title":"Pol\u00edcia Militar recupera produtos roubados de loja de eletrodom\u00e9sticos na cidade de Prata - Pol\u00edcia Militar da Para\u00edba","robots":{"index":"index","follow":"follow","max-snippet":"max-snippet:-1","max-image-preview":"max-image-preview:large","max-video-preview":"max-video-preview:-1"},"canonical":"https:\/\/www.pm.pb.gov.br\/portal\/2020\/07\/12\/policia-militar-recupera-produtos-roubados-de-loja-de-eletrodomesticos-na-cidade-de-prata\/","og_locale":"pt_BR","og_type":"article","og_title":"Pol\u00edcia Militar recupera produtos roubados de loja de eletrodom\u00e9sticos na cidade de Prata - Pol\u00edcia Militar da Para\u00edba","og_description":"Uma a\u00e7\u00e3o r\u00e1pida dos policiais do 11\u00ba Batalh\u00e3o conseguiu recuperar, nesse domingo (12), v\u00e1rios produtos de uma loja de eletrodom\u00e9sticos","og_url":"https:\/\/www.pm.pb.gov.br\/portal\/2020\/07\/12\/policia-militar-recupera-produtos-roubados-de-loja-de-eletrodomesticos-na-cidade-de-prata\/","og_site_name":"Pol\u00edcia Militar da Para\u00edba","article_published_time":"2020-07-12T16:08:00+00:00","article_modified_time":"2020-07-13T14:11:06+00:00","og_image":[{"width":800,"height":445,"url":"https:\/\/www.pm.pb.gov.br\/portal\/wp-content\/uploads\/2020\/06\/11bpm_monteiro.jpeg","type":"image\/jpeg"}],"author":"Tarcisio Oliveira","twitter_card":"summary_large_image","twitter_misc":{"Escrito por":"Tarcisio Oliveira","Est. tempo de leitura":"1 minuto"},"schema":{"@context":"https:\/\/schema.org","@graph":[{"@type":"Article","@id":"https:\/\/www.pm.pb.gov.br\/portal\/2020\/07\/12\/policia-militar-recupera-produtos-roubados-de-loja-de-eletrodomesticos-na-cidade-de-prata\/#article","isPartOf":{"@id":"https:\/\/www.pm.pb.gov.br\/portal\/2020\/07\/12\/policia-militar-recupera-produtos-roubados-de-loja-de-eletrodomesticos-na-cidade-de-prata\/"},"author":{"name":"Tarcisio Oliveira","@id":"https:\/\/www.pm.pb.gov.br\/portal\/#\/schema\/person\/f84f56dcc78ce4357054da888b8247fd"},"headline":"Pol\u00edcia Militar recupera produtos roubados de loja de eletrodom\u00e9sticos na cidade de Prata","datePublished":"2020-07-12T16:08:00+00:00","dateModified":"2020-07-13T14:11:06+00:00","mainEntityOfPage":{"@id":"https:\/\/www.pm.pb.gov.br\/portal\/2020\/07\/12\/policia-militar-recupera-produtos-roubados-de-loja-de-eletrodomesticos-na-cidade-de-prata\/"},"wordCount":161,"publisher":{"@id":"https:\/\/www.pm.pb.gov.br\/portal\/#organization"},"articleSection":["A\u00e7\u00f5es Policiais"],"inLanguage":"pt-BR"},{"@type":"WebPage","@id":"https:\/\/www.pm.pb.gov.br\/portal\/2020\/07\/12\/policia-militar-recupera-produtos-roubados-de-loja-de-eletrodomesticos-na-cidade-de-prata\/","url":"https:\/\/www.pm.pb.gov.br\/portal\/2020\/07\/12\/policia-militar-recupera-produtos-roubados-de-loja-de-eletrodomesticos-na-cidade-de-prata\/","name":"Pol\u00edcia Militar recupera produtos roubados de loja de eletrodom\u00e9sticos na cidade de Prata - Pol\u00edcia Militar da Para\u00edba","isPartOf":{"@id":"https:\/\/www.pm.pb.gov.br\/portal\/#website"},"datePublished":"2020-07-12T16:08:00+00:00","dateModified":"2020-07-13T14:11:06+00:00","breadcrumb":{"@id":"https:\/\/www.pm.pb.gov.br\/portal\/2020\/07\/12\/policia-militar-recupera-produtos-roubados-de-loja-de-eletrodomesticos-na-cidade-de-prata\/#breadcrumb"},"inLanguage":"pt-BR","potentialAction":[{"@type":"ReadAction","target":["https:\/\/www.pm.pb.gov.br\/portal\/2020\/07\/12\/policia-militar-recupera-produtos-roubados-de-loja-de-eletrodomesticos-na-cidade-de-prata\/"]}]},{"@type":"BreadcrumbList","@id":"https:\/\/www.pm.pb.gov.br\/portal\/2020\/07\/12\/policia-militar-recupera-produtos-roubados-de-loja-de-eletrodomesticos-na-cidade-de-prata\/#breadcrumb","itemListElement":[{"@type":"ListItem","position":1,"name":"In\u00edcio","item":"https:\/\/www.pm.pb.gov.br\/portal\/"},{"@type":"ListItem","position":2,"name":"Pol\u00edcia Militar recupera produtos roubados de loja de eletrodom\u00e9sticos na cidade de Prata"}]},{"@type":"WebSite","@id":"https:\/\/www.pm.pb.gov.br\/portal\/#website","url":"https:\/\/www.pm.pb.gov.br\/portal\/","name":"Pol\u00edcia Militar da Para\u00edba","description":"","publisher":{"@id":"https:\/\/www.pm.pb.gov.br\/portal\/#organization"},"potentialAction":[{"@type":"SearchAction","target":{"@type":"EntryPoint","urlTemplate":"https:\/\/www.pm.pb.gov.br\/portal\/?s={search_term_string}"},"query-input":"required name=search_term_string"}],"inLanguage":"pt-BR"},{"@type":"Organization","@id":"https:\/\/www.pm.pb.gov.br\/portal\/#organization","name":"Pol\u00edcia Militar da Para\u00edba","url":"https:\/\/www.pm.pb.gov.br\/portal\/","logo":{"@type":"ImageObject","inLanguage":"pt-BR","@id":"https:\/\/www.pm.pb.gov.br\/portal\/#\/schema\/logo\/image\/","url":"https:\/\/www.pm.pb.gov.br\/portal\/wp-content\/uploads\/2025\/03\/cropped-logo-site-mag2-1.png","contentUrl":"https:\/\/www.pm.pb.gov.br\/portal\/wp-content\/uploads\/2025\/03\/cropped-logo-site-mag2-1.png","width":320,"height":90,"caption":"Pol\u00edcia Militar da Para\u00edba"},"image":{"@id":"https:\/\/www.pm.pb.gov.br\/portal\/#\/schema\/logo\/image\/"}},{"@type":"Person","@id":"https:\/\/www.pm.pb.gov.br\/portal\/#\/schema\/person\/f84f56dcc78ce4357054da888b8247fd","name":"Tarcisio Oliveira","image":{"@type":"ImageObject","inLanguage":"pt-BR","@id":"https:\/\/www.pm.pb.gov.br\/portal\/#\/schema\/person\/image\/","url":"https:\/\/secure.gravatar.com\/avatar\/72917b630b69d31cd0297507f34bac97?s=96&d=mm&r=g","contentUrl":"https:\/\/secure.gravatar.com\/avatar\/72917b630b69d31cd0297507f34bac97?s=96&d=mm&r=g","caption":"Tarcisio Oliveira"},"url":"https:\/\/www.pm.pb.gov.br\/portal\/author\/tarcisio\/"}]}},"_links":{"self":[{"href":"https:\/\/www.pm.pb.gov.br\/portal\/wp-json\/wp\/v2\/posts\/906024"}],"collection":[{"href":"https:\/\/www.pm.pb.gov.br\/portal\/wp-json\/wp\/v2\/posts"}],"about":[{"href":"https:\/\/www.pm.pb.gov.br\/portal\/wp-json\/wp\/v2\/types\/post"}],"author":[{"embeddable":true,"href":"https:\/\/www.pm.pb.gov.br\/portal\/wp-json\/wp\/v2\/users\/12"}],"replies":[{"embeddable":true,"href":"https:\/\/www.pm.pb.gov.br\/portal\/wp-json\/wp\/v2\/comments?post=906024"}],"version-history":[{"count":1,"href":"https:\/\/www.pm.pb.gov.br\/portal\/wp-json\/wp\/v2\/posts\/906024\/revisions"}],"predecessor-version":[{"id":906027,"href":"https:\/\/www.pm.pb.gov.br\/portal\/wp-json\/wp\/v2\/posts\/906024\/revisions\/906027"}],"wp:featuredmedia":[{"embeddable":true,"href":"https:\/\/www.pm.pb.gov.br\/portal\/wp-json\/wp\/v2\/media\/905891"}],"wp:attachment":[{"href":"https:\/\/www.pm.pb.gov.br\/portal\/wp-json\/wp\/v2\/media?parent=906024"}],"wp:term":[{"taxonomy":"category","embeddable":true,"href":"https:\/\/www.pm.pb.gov.br\/portal\/wp-json\/wp\/v2\/categories?post=906024"},{"taxonomy":"post_tag","embeddable":true,"href":"https:\/\/www.pm.pb.gov.br\/portal\/wp-json\/wp\/v2\/tags?post=906024"}],"curies":[{"name":"wp","href":"https:\/\/api.w.org\/{rel}","templated":true}]}}