{"id":906021,"date":"2020-07-12T15:14:41","date_gmt":"2020-07-12T18:14:41","guid":{"rendered":"http:\/\/www.pm.pb.gov.br\/portal\/?p=906021"},"modified":"2020-07-12T15:14:43","modified_gmt":"2020-07-12T18:14:43","slug":"policia-militar-recaptura-mais-um-foragido-do-presidio-de-limoeiro-na-cidade-de-barra-de-santana","status":"publish","type":"post","link":"https:\/\/www.pm.pb.gov.br\/portal\/2020\/07\/12\/policia-militar-recaptura-mais-um-foragido-do-presidio-de-limoeiro-na-cidade-de-barra-de-santana\/","title":{"rendered":"Pol\u00edcia Militar recaptura mais um foragido do pres\u00eddio de Limoeiro na cidade de Barra de Santana"},"content":{"rendered":"\n<p style=\"text-align: justify; background: white; vertical-align: baseline;\"><span style=\"font-size: 14.0pt; color: #444444;\">A Pol\u00edcia Militar recapturou, no fim da manh\u00e3 desse domingo (12), mais um foragido do Pres\u00eddio de Limoeiro, no estado de Pernambuco. Ele foi preso pelos policiais da 3\u00aa Companhia Independente na zona rural da cidade de Barra de Santana. <\/span><\/p>\n<p style=\"text-align: justify; background: white; vertical-align: baseline;\"><span style=\"font-size: 14.0pt; color: #444444;\">Os policiais chegaram at\u00e9 o acusado atrav\u00e9s das den\u00fancias feitas pelos moradores, que suspeitaram da presen\u00e7a de um homem e ligaram para o 190. Ap\u00f3s as dilig\u00eancias, as equipes policiais prenderam o apenado, de 37 anos, que foi localizado na zona rural de Barra de Santana. O suspeito responde v\u00e1rios processos e foi condenado por crimes de homic\u00eddio e roubo. Este \u00e9 o terceiro apenado que \u00e9 recapturado em Barra de Santana.<\/span><\/p>\n<p style=\"text-align: justify; background: white; vertical-align: baseline;\"><span style=\"font-size: 14.0pt; color: #444444;\">O acusado foi apresentado na Delegacia da Pol\u00edcia Civil na cidade de Queimadas.<\/span><\/p>\n<p style=\"text-align: justify; background: white; vertical-align: baseline;\"><span style=\"font-size: 14.0pt; color: #444444;\">A fuga- Vinte e sete apenados fugiram na madrugada do \u00faltimo dia 09, da Penitenci\u00e1ria Doutor \u00canio Pessoa Guerra, em Limoeiro, no Agreste de Pernambuco, a fuga ocorreu ap\u00f3s uma explos\u00e3o em um dos muros da unidade prisional.<\/span><\/p>\n","protected":false},"excerpt":{"rendered":"<p>A Pol\u00edcia Militar recapturou, no fim da manh\u00e3 desse domingo (12), mais um foragido do Pres\u00eddio de Limoeiro, no estado<\/p>\n","protected":false},"author":15,"featured_media":902926,"comment_status":"closed","ping_status":"closed","sticky":false,"template":"","format":"standard","meta":{"_exactmetrics_skip_tracking":false,"_exactmetrics_sitenote_active":false,"_exactmetrics_sitenote_note":"","_exactmetrics_sitenote_category":0,"footnotes":""},"categories":[4],"tags":[],"yoast_head":"<!-- This site is optimized with the Yoast SEO plugin v22.0 - https:\/\/yoast.com\/wordpress\/plugins\/seo\/ -->\n<title>Pol\u00edcia Militar recaptura mais um foragido do pres\u00eddio de Limoeiro na cidade de Barra de Santana - Pol\u00edcia Militar da Para\u00edba<\/title>\n<meta name=\"robots\" content=\"index, follow, max-snippet:-1, max-image-preview:large, max-video-preview:-1\" \/>\n<link rel=\"canonical\" href=\"https:\/\/www.pm.pb.gov.br\/portal\/2020\/07\/12\/policia-militar-recaptura-mais-um-foragido-do-presidio-de-limoeiro-na-cidade-de-barra-de-santana\/\" \/>\n<meta property=\"og:locale\" content=\"pt_BR\" \/>\n<meta property=\"og:type\" content=\"article\" \/>\n<meta property=\"og:title\" content=\"Pol\u00edcia Militar recaptura mais um foragido do pres\u00eddio de Limoeiro na cidade de Barra de Santana - Pol\u00edcia Militar da Para\u00edba\" \/>\n<meta property=\"og:description\" content=\"A Pol\u00edcia Militar recapturou, no fim da manh\u00e3 desse domingo (12), mais um foragido do Pres\u00eddio de Limoeiro, no estado\" \/>\n<meta property=\"og:url\" content=\"https:\/\/www.pm.pb.gov.br\/portal\/2020\/07\/12\/policia-militar-recaptura-mais-um-foragido-do-presidio-de-limoeiro-na-cidade-de-barra-de-santana\/\" \/>\n<meta property=\"og:site_name\" content=\"Pol\u00edcia Militar da Para\u00edba\" \/>\n<meta property=\"article:published_time\" content=\"2020-07-12T18:14:41+00:00\" \/>\n<meta property=\"article:modified_time\" content=\"2020-07-12T18:14:43+00:00\" \/>\n<meta property=\"og:image\" content=\"https:\/\/www.pm.pb.gov.br\/portal\/wp-content\/uploads\/2019\/11\/imagem-ilustrativa-SERT\u00c3O.jpg\" \/>\n\t<meta property=\"og:image:width\" content=\"760\" \/>\n\t<meta property=\"og:image:height\" content=\"423\" \/>\n\t<meta property=\"og:image:type\" content=\"image\/jpeg\" \/>\n<meta name=\"author\" content=\"Marcio Gomes dos Santos\" \/>\n<meta name=\"twitter:card\" content=\"summary_large_image\" \/>\n<meta name=\"twitter:label1\" content=\"Escrito por\" \/>\n\t<meta name=\"twitter:data1\" content=\"Marcio Gomes dos Santos\" \/>\n\t<meta name=\"twitter:label2\" content=\"Est. tempo de leitura\" \/>\n\t<meta name=\"twitter:data2\" content=\"1 minuto\" \/>\n<script type=\"application\/ld+json\" class=\"yoast-schema-graph\">{\"@context\":\"https:\/\/schema.org\",\"@graph\":[{\"@type\":\"Article\",\"@id\":\"https:\/\/www.pm.pb.gov.br\/portal\/2020\/07\/12\/policia-militar-recaptura-mais-um-foragido-do-presidio-de-limoeiro-na-cidade-de-barra-de-santana\/#article\",\"isPartOf\":{\"@id\":\"https:\/\/www.pm.pb.gov.br\/portal\/2020\/07\/12\/policia-militar-recaptura-mais-um-foragido-do-presidio-de-limoeiro-na-cidade-de-barra-de-santana\/\"},\"author\":{\"name\":\"Marcio Gomes dos Santos\",\"@id\":\"https:\/\/www.pm.pb.gov.br\/portal\/#\/schema\/person\/30d571652b38533c2211e4e89bf5a502\"},\"headline\":\"Pol\u00edcia Militar recaptura mais um foragido do pres\u00eddio de Limoeiro na cidade de Barra de Santana\",\"datePublished\":\"2020-07-12T18:14:41+00:00\",\"dateModified\":\"2020-07-12T18:14:43+00:00\",\"mainEntityOfPage\":{\"@id\":\"https:\/\/www.pm.pb.gov.br\/portal\/2020\/07\/12\/policia-militar-recaptura-mais-um-foragido-do-presidio-de-limoeiro-na-cidade-de-barra-de-santana\/\"},\"wordCount\":187,\"publisher\":{\"@id\":\"https:\/\/www.pm.pb.gov.br\/portal\/#organization\"},\"articleSection\":[\"A\u00e7\u00f5es Policiais\"],\"inLanguage\":\"pt-BR\"},{\"@type\":\"WebPage\",\"@id\":\"https:\/\/www.pm.pb.gov.br\/portal\/2020\/07\/12\/policia-militar-recaptura-mais-um-foragido-do-presidio-de-limoeiro-na-cidade-de-barra-de-santana\/\",\"url\":\"https:\/\/www.pm.pb.gov.br\/portal\/2020\/07\/12\/policia-militar-recaptura-mais-um-foragido-do-presidio-de-limoeiro-na-cidade-de-barra-de-santana\/\",\"name\":\"Pol\u00edcia Militar recaptura mais um foragido do pres\u00eddio de Limoeiro na cidade de Barra de Santana - Pol\u00edcia Militar da Para\u00edba\",\"isPartOf\":{\"@id\":\"https:\/\/www.pm.pb.gov.br\/portal\/#website\"},\"datePublished\":\"2020-07-12T18:14:41+00:00\",\"dateModified\":\"2020-07-12T18:14:43+00:00\",\"breadcrumb\":{\"@id\":\"https:\/\/www.pm.pb.gov.br\/portal\/2020\/07\/12\/policia-militar-recaptura-mais-um-foragido-do-presidio-de-limoeiro-na-cidade-de-barra-de-santana\/#breadcrumb\"},\"inLanguage\":\"pt-BR\",\"potentialAction\":[{\"@type\":\"ReadAction\",\"target\":[\"https:\/\/www.pm.pb.gov.br\/portal\/2020\/07\/12\/policia-militar-recaptura-mais-um-foragido-do-presidio-de-limoeiro-na-cidade-de-barra-de-santana\/\"]}]},{\"@type\":\"BreadcrumbList\",\"@id\":\"https:\/\/www.pm.pb.gov.br\/portal\/2020\/07\/12\/policia-militar-recaptura-mais-um-foragido-do-presidio-de-limoeiro-na-cidade-de-barra-de-santana\/#breadcrumb\",\"itemListElement\":[{\"@type\":\"ListItem\",\"position\":1,\"name\":\"In\u00edcio\",\"item\":\"https:\/\/www.pm.pb.gov.br\/portal\/\"},{\"@type\":\"ListItem\",\"position\":2,\"name\":\"Pol\u00edcia Militar recaptura mais um foragido do pres\u00eddio de Limoeiro na cidade de Barra de Santana\"}]},{\"@type\":\"WebSite\",\"@id\":\"https:\/\/www.pm.pb.gov.br\/portal\/#website\",\"url\":\"https:\/\/www.pm.pb.gov.br\/portal\/\",\"name\":\"Pol\u00edcia Militar da Para\u00edba\",\"description\":\"\",\"publisher\":{\"@id\":\"https:\/\/www.pm.pb.gov.br\/portal\/#organization\"},\"potentialAction\":[{\"@type\":\"SearchAction\",\"target\":{\"@type\":\"EntryPoint\",\"urlTemplate\":\"https:\/\/www.pm.pb.gov.br\/portal\/?s={search_term_string}\"},\"query-input\":\"required name=search_term_string\"}],\"inLanguage\":\"pt-BR\"},{\"@type\":\"Organization\",\"@id\":\"https:\/\/www.pm.pb.gov.br\/portal\/#organization\",\"name\":\"Pol\u00edcia Militar da Para\u00edba\",\"url\":\"https:\/\/www.pm.pb.gov.br\/portal\/\",\"logo\":{\"@type\":\"ImageObject\",\"inLanguage\":\"pt-BR\",\"@id\":\"https:\/\/www.pm.pb.gov.br\/portal\/#\/schema\/logo\/image\/\",\"url\":\"https:\/\/www.pm.pb.gov.br\/portal\/wp-content\/uploads\/2025\/03\/cropped-logo-site-mag2-1.png\",\"contentUrl\":\"https:\/\/www.pm.pb.gov.br\/portal\/wp-content\/uploads\/2025\/03\/cropped-logo-site-mag2-1.png\",\"width\":320,\"height\":90,\"caption\":\"Pol\u00edcia Militar da Para\u00edba\"},\"image\":{\"@id\":\"https:\/\/www.pm.pb.gov.br\/portal\/#\/schema\/logo\/image\/\"}},{\"@type\":\"Person\",\"@id\":\"https:\/\/www.pm.pb.gov.br\/portal\/#\/schema\/person\/30d571652b38533c2211e4e89bf5a502\",\"name\":\"Marcio Gomes dos Santos\",\"image\":{\"@type\":\"ImageObject\",\"inLanguage\":\"pt-BR\",\"@id\":\"https:\/\/www.pm.pb.gov.br\/portal\/#\/schema\/person\/image\/\",\"url\":\"https:\/\/secure.gravatar.com\/avatar\/cf4ec2cb690101e1581c7773aa350c19?s=96&d=mm&r=g\",\"contentUrl\":\"https:\/\/secure.gravatar.com\/avatar\/cf4ec2cb690101e1581c7773aa350c19?s=96&d=mm&r=g\",\"caption\":\"Marcio Gomes dos Santos\"},\"url\":\"https:\/\/www.pm.pb.gov.br\/portal\/author\/mgomes\/\"}]}<\/script>\n<!-- \/ Yoast SEO plugin. -->","yoast_head_json":{"title":"Pol\u00edcia Militar recaptura mais um foragido do pres\u00eddio de Limoeiro na cidade de Barra de Santana - Pol\u00edcia Militar da Para\u00edba","robots":{"index":"index","follow":"follow","max-snippet":"max-snippet:-1","max-image-preview":"max-image-preview:large","max-video-preview":"max-video-preview:-1"},"canonical":"https:\/\/www.pm.pb.gov.br\/portal\/2020\/07\/12\/policia-militar-recaptura-mais-um-foragido-do-presidio-de-limoeiro-na-cidade-de-barra-de-santana\/","og_locale":"pt_BR","og_type":"article","og_title":"Pol\u00edcia Militar recaptura mais um foragido do pres\u00eddio de Limoeiro na cidade de Barra de Santana - Pol\u00edcia Militar da Para\u00edba","og_description":"A Pol\u00edcia Militar recapturou, no fim da manh\u00e3 desse domingo (12), mais um foragido do Pres\u00eddio de Limoeiro, no estado","og_url":"https:\/\/www.pm.pb.gov.br\/portal\/2020\/07\/12\/policia-militar-recaptura-mais-um-foragido-do-presidio-de-limoeiro-na-cidade-de-barra-de-santana\/","og_site_name":"Pol\u00edcia Militar da Para\u00edba","article_published_time":"2020-07-12T18:14:41+00:00","article_modified_time":"2020-07-12T18:14:43+00:00","og_image":[{"width":760,"height":423,"url":"https:\/\/www.pm.pb.gov.br\/portal\/wp-content\/uploads\/2019\/11\/imagem-ilustrativa-SERT\u00c3O.jpg","type":"image\/jpeg"}],"author":"Marcio Gomes dos Santos","twitter_card":"summary_large_image","twitter_misc":{"Escrito por":"Marcio Gomes dos Santos","Est. tempo de leitura":"1 minuto"},"schema":{"@context":"https:\/\/schema.org","@graph":[{"@type":"Article","@id":"https:\/\/www.pm.pb.gov.br\/portal\/2020\/07\/12\/policia-militar-recaptura-mais-um-foragido-do-presidio-de-limoeiro-na-cidade-de-barra-de-santana\/#article","isPartOf":{"@id":"https:\/\/www.pm.pb.gov.br\/portal\/2020\/07\/12\/policia-militar-recaptura-mais-um-foragido-do-presidio-de-limoeiro-na-cidade-de-barra-de-santana\/"},"author":{"name":"Marcio Gomes dos Santos","@id":"https:\/\/www.pm.pb.gov.br\/portal\/#\/schema\/person\/30d571652b38533c2211e4e89bf5a502"},"headline":"Pol\u00edcia Militar recaptura mais um foragido do pres\u00eddio de Limoeiro na cidade de Barra de Santana","datePublished":"2020-07-12T18:14:41+00:00","dateModified":"2020-07-12T18:14:43+00:00","mainEntityOfPage":{"@id":"https:\/\/www.pm.pb.gov.br\/portal\/2020\/07\/12\/policia-militar-recaptura-mais-um-foragido-do-presidio-de-limoeiro-na-cidade-de-barra-de-santana\/"},"wordCount":187,"publisher":{"@id":"https:\/\/www.pm.pb.gov.br\/portal\/#organization"},"articleSection":["A\u00e7\u00f5es Policiais"],"inLanguage":"pt-BR"},{"@type":"WebPage","@id":"https:\/\/www.pm.pb.gov.br\/portal\/2020\/07\/12\/policia-militar-recaptura-mais-um-foragido-do-presidio-de-limoeiro-na-cidade-de-barra-de-santana\/","url":"https:\/\/www.pm.pb.gov.br\/portal\/2020\/07\/12\/policia-militar-recaptura-mais-um-foragido-do-presidio-de-limoeiro-na-cidade-de-barra-de-santana\/","name":"Pol\u00edcia Militar recaptura mais um foragido do pres\u00eddio de Limoeiro na cidade de Barra de Santana - Pol\u00edcia Militar da Para\u00edba","isPartOf":{"@id":"https:\/\/www.pm.pb.gov.br\/portal\/#website"},"datePublished":"2020-07-12T18:14:41+00:00","dateModified":"2020-07-12T18:14:43+00:00","breadcrumb":{"@id":"https:\/\/www.pm.pb.gov.br\/portal\/2020\/07\/12\/policia-militar-recaptura-mais-um-foragido-do-presidio-de-limoeiro-na-cidade-de-barra-de-santana\/#breadcrumb"},"inLanguage":"pt-BR","potentialAction":[{"@type":"ReadAction","target":["https:\/\/www.pm.pb.gov.br\/portal\/2020\/07\/12\/policia-militar-recaptura-mais-um-foragido-do-presidio-de-limoeiro-na-cidade-de-barra-de-santana\/"]}]},{"@type":"BreadcrumbList","@id":"https:\/\/www.pm.pb.gov.br\/portal\/2020\/07\/12\/policia-militar-recaptura-mais-um-foragido-do-presidio-de-limoeiro-na-cidade-de-barra-de-santana\/#breadcrumb","itemListElement":[{"@type":"ListItem","position":1,"name":"In\u00edcio","item":"https:\/\/www.pm.pb.gov.br\/portal\/"},{"@type":"ListItem","position":2,"name":"Pol\u00edcia Militar recaptura mais um foragido do pres\u00eddio de Limoeiro na cidade de Barra de Santana"}]},{"@type":"WebSite","@id":"https:\/\/www.pm.pb.gov.br\/portal\/#website","url":"https:\/\/www.pm.pb.gov.br\/portal\/","name":"Pol\u00edcia Militar da Para\u00edba","description":"","publisher":{"@id":"https:\/\/www.pm.pb.gov.br\/portal\/#organization"},"potentialAction":[{"@type":"SearchAction","target":{"@type":"EntryPoint","urlTemplate":"https:\/\/www.pm.pb.gov.br\/portal\/?s={search_term_string}"},"query-input":"required name=search_term_string"}],"inLanguage":"pt-BR"},{"@type":"Organization","@id":"https:\/\/www.pm.pb.gov.br\/portal\/#organization","name":"Pol\u00edcia Militar da Para\u00edba","url":"https:\/\/www.pm.pb.gov.br\/portal\/","logo":{"@type":"ImageObject","inLanguage":"pt-BR","@id":"https:\/\/www.pm.pb.gov.br\/portal\/#\/schema\/logo\/image\/","url":"https:\/\/www.pm.pb.gov.br\/portal\/wp-content\/uploads\/2025\/03\/cropped-logo-site-mag2-1.png","contentUrl":"https:\/\/www.pm.pb.gov.br\/portal\/wp-content\/uploads\/2025\/03\/cropped-logo-site-mag2-1.png","width":320,"height":90,"caption":"Pol\u00edcia Militar da Para\u00edba"},"image":{"@id":"https:\/\/www.pm.pb.gov.br\/portal\/#\/schema\/logo\/image\/"}},{"@type":"Person","@id":"https:\/\/www.pm.pb.gov.br\/portal\/#\/schema\/person\/30d571652b38533c2211e4e89bf5a502","name":"Marcio Gomes dos Santos","image":{"@type":"ImageObject","inLanguage":"pt-BR","@id":"https:\/\/www.pm.pb.gov.br\/portal\/#\/schema\/person\/image\/","url":"https:\/\/secure.gravatar.com\/avatar\/cf4ec2cb690101e1581c7773aa350c19?s=96&d=mm&r=g","contentUrl":"https:\/\/secure.gravatar.com\/avatar\/cf4ec2cb690101e1581c7773aa350c19?s=96&d=mm&r=g","caption":"Marcio Gomes dos Santos"},"url":"https:\/\/www.pm.pb.gov.br\/portal\/author\/mgomes\/"}]}},"_links":{"self":[{"href":"https:\/\/www.pm.pb.gov.br\/portal\/wp-json\/wp\/v2\/posts\/906021"}],"collection":[{"href":"https:\/\/www.pm.pb.gov.br\/portal\/wp-json\/wp\/v2\/posts"}],"about":[{"href":"https:\/\/www.pm.pb.gov.br\/portal\/wp-json\/wp\/v2\/types\/post"}],"author":[{"embeddable":true,"href":"https:\/\/www.pm.pb.gov.br\/portal\/wp-json\/wp\/v2\/users\/15"}],"replies":[{"embeddable":true,"href":"https:\/\/www.pm.pb.gov.br\/portal\/wp-json\/wp\/v2\/comments?post=906021"}],"version-history":[{"count":1,"href":"https:\/\/www.pm.pb.gov.br\/portal\/wp-json\/wp\/v2\/posts\/906021\/revisions"}],"predecessor-version":[{"id":906022,"href":"https:\/\/www.pm.pb.gov.br\/portal\/wp-json\/wp\/v2\/posts\/906021\/revisions\/906022"}],"wp:featuredmedia":[{"embeddable":true,"href":"https:\/\/www.pm.pb.gov.br\/portal\/wp-json\/wp\/v2\/media\/902926"}],"wp:attachment":[{"href":"https:\/\/www.pm.pb.gov.br\/portal\/wp-json\/wp\/v2\/media?parent=906021"}],"wp:term":[{"taxonomy":"category","embeddable":true,"href":"https:\/\/www.pm.pb.gov.br\/portal\/wp-json\/wp\/v2\/categories?post=906021"},{"taxonomy":"post_tag","embeddable":true,"href":"https:\/\/www.pm.pb.gov.br\/portal\/wp-json\/wp\/v2\/tags?post=906021"}],"curies":[{"name":"wp","href":"https:\/\/api.w.org\/{rel}","templated":true}]}}