{"id":905913,"date":"2020-07-05T11:51:52","date_gmt":"2020-07-05T14:51:52","guid":{"rendered":"http:\/\/www.pm.pb.gov.br\/portal\/?p=905913"},"modified":"2020-07-06T14:33:06","modified_gmt":"2020-07-06T17:33:06","slug":"acao-integrada-encerra-festa-no-conde","status":"publish","type":"post","link":"https:\/\/www.pm.pb.gov.br\/portal\/2020\/07\/05\/acao-integrada-encerra-festa-no-conde\/","title":{"rendered":"A\u00e7\u00e3o integrada encerra festa no Conde, prende tr\u00eas suspeitos e apreende armas e drogas"},"content":{"rendered":"\n\n\n<p>Na madrugada deste domingo (5), a Pol\u00edcia Militar encerrou uma festa que ocorria no Loteamento Mata D\u2019\u00e1gua, munic\u00edpio do Conde. Na a\u00e7\u00e3o, tr\u00eas armas de fogo e diversos tipos de entorpecentes foram apreendidos, sendo tr\u00eas suspeitos detidos.<\/p>\n<p>Ap\u00f3s receberem informa\u00e7\u00f5es de que uma festa ocorria em uma granja no munic\u00edpio do Conde, e que nela estariam presentes indiv\u00edduos relacionados a organiza\u00e7\u00f5es criminosas e torcidas organizadas, foi articulada uma opera\u00e7\u00e3o policial denominada \u201cTermin\u00e1lia\u201d que contou com a participa\u00e7\u00e3o de policiais da 1\u00aa CIPM, Companhia de Policiamento com C\u00e3es do BOPE (CPC\u00e3es), em conjunto com a Pol\u00edcia Civil, Corpo de Bombeiros, Guarda Municipal e outros \u00f3rg\u00e3os da prefeitura. <span style=\"font-size: inherit;\">Ao chegarem no local, as equipes se depararam com cerca de 600 pessoas se confraternizando e, ao perceberem a presen\u00e7a da Pol\u00edcia Militar, houve grande correria e fuga mas, foi poss\u00edvel controlar a ocorr\u00eancia sendo feitas buscas pessoas e a varredura no local, que culminaram na apreens\u00e3o de quase trezentas unidades de entorpecentes, entre maconha, lol\u00f3, coca\u00edna, ecstasy, LSD e crack, e na apreens\u00e3o de tr\u00eas armas de fogo, sendo dois rev\u00f3lveres calibre 38 e uma pistola calibre 380.<\/span><\/p>\n<p>Foram lavrados diversos termos, pelos \u00f3rg\u00e3os competentes, relativos \u00e0s irregularidades do evento. Todo o material apreendido e os suspeitos foram conduzidos \u00e0 delegacia de Alhandra para os procedimentos cab\u00edveis.<\/p>\n<p><strong>Mais<\/strong> \u2013 \u201cTermin\u00e1lia\u201d foi um&nbsp;festival&nbsp;da antiga Roma em tributo ao Deus T\u00e9rmino, que era a divindade tutelar das fronteiras. A opera\u00e7\u00e3o faz parte de um conjunto de a\u00e7\u00f5es realizadas pela Pol\u00edcia Militar para fazer cumprir as medidas restritivas de combate \u00e0 dissemina\u00e7\u00e3o do novo coronav\u00edrus e prevenir e combater crimes contra a vida, contra o patrim\u00f4nio e tr\u00e1fico de drogas.<\/p>\n","protected":false},"excerpt":{"rendered":"<p>Na madrugada deste domingo (5), a Pol\u00edcia Militar encerrou uma festa que ocorria no Loteamento Mata D\u2019\u00e1gua, munic\u00edpio do Conde.<\/p>\n","protected":false},"author":5,"featured_media":905914,"comment_status":"closed","ping_status":"closed","sticky":false,"template":"","format":"standard","meta":{"_exactmetrics_skip_tracking":false,"_exactmetrics_sitenote_active":false,"_exactmetrics_sitenote_note":"","_exactmetrics_sitenote_category":0,"footnotes":""},"categories":[4],"tags":[],"yoast_head":"<!-- This site is optimized with the Yoast SEO plugin v22.0 - https:\/\/yoast.com\/wordpress\/plugins\/seo\/ -->\n<title>A\u00e7\u00e3o integrada encerra festa no Conde, prende tr\u00eas suspeitos e apreende armas e drogas - Pol\u00edcia Militar da Para\u00edba<\/title>\n<meta name=\"robots\" content=\"index, follow, max-snippet:-1, max-image-preview:large, max-video-preview:-1\" \/>\n<link rel=\"canonical\" href=\"https:\/\/www.pm.pb.gov.br\/portal\/2020\/07\/05\/acao-integrada-encerra-festa-no-conde\/\" \/>\n<meta property=\"og:locale\" content=\"pt_BR\" \/>\n<meta property=\"og:type\" content=\"article\" \/>\n<meta property=\"og:title\" content=\"A\u00e7\u00e3o integrada encerra festa no Conde, prende tr\u00eas suspeitos e apreende armas e drogas - Pol\u00edcia Militar da Para\u00edba\" \/>\n<meta property=\"og:description\" content=\"Na madrugada deste domingo (5), a Pol\u00edcia Militar encerrou uma festa que ocorria no Loteamento Mata D\u2019\u00e1gua, munic\u00edpio do Conde.\" \/>\n<meta property=\"og:url\" content=\"https:\/\/www.pm.pb.gov.br\/portal\/2020\/07\/05\/acao-integrada-encerra-festa-no-conde\/\" \/>\n<meta property=\"og:site_name\" content=\"Pol\u00edcia Militar da Para\u00edba\" \/>\n<meta property=\"article:published_time\" content=\"2020-07-05T14:51:52+00:00\" \/>\n<meta property=\"article:modified_time\" content=\"2020-07-06T17:33:06+00:00\" \/>\n<meta property=\"og:image\" content=\"https:\/\/www.pm.pb.gov.br\/portal\/wp-content\/uploads\/2020\/07\/Pol\u00edcia-Militar-acaba-com-festa-no-Conde-2.jpeg\" \/>\n\t<meta property=\"og:image:width\" content=\"1024\" \/>\n\t<meta property=\"og:image:height\" content=\"635\" \/>\n\t<meta property=\"og:image:type\" content=\"image\/jpeg\" \/>\n<meta name=\"author\" content=\"Assessoria de Imprensa da PMPB\" \/>\n<meta name=\"twitter:card\" content=\"summary_large_image\" \/>\n<meta name=\"twitter:label1\" content=\"Escrito por\" \/>\n\t<meta name=\"twitter:data1\" content=\"Assessoria de Imprensa da PMPB\" \/>\n\t<meta name=\"twitter:label2\" content=\"Est. tempo de leitura\" \/>\n\t<meta name=\"twitter:data2\" content=\"2 minutos\" \/>\n<script type=\"application\/ld+json\" class=\"yoast-schema-graph\">{\"@context\":\"https:\/\/schema.org\",\"@graph\":[{\"@type\":\"Article\",\"@id\":\"https:\/\/www.pm.pb.gov.br\/portal\/2020\/07\/05\/acao-integrada-encerra-festa-no-conde\/#article\",\"isPartOf\":{\"@id\":\"https:\/\/www.pm.pb.gov.br\/portal\/2020\/07\/05\/acao-integrada-encerra-festa-no-conde\/\"},\"author\":{\"name\":\"Assessoria de Imprensa da PMPB\",\"@id\":\"https:\/\/www.pm.pb.gov.br\/portal\/#\/schema\/person\/e8454f46651c3ecf0e1ba3c1666d9947\"},\"headline\":\"A\u00e7\u00e3o integrada encerra festa no Conde, prende tr\u00eas suspeitos e apreende armas e drogas\",\"datePublished\":\"2020-07-05T14:51:52+00:00\",\"dateModified\":\"2020-07-06T17:33:06+00:00\",\"mainEntityOfPage\":{\"@id\":\"https:\/\/www.pm.pb.gov.br\/portal\/2020\/07\/05\/acao-integrada-encerra-festa-no-conde\/\"},\"wordCount\":324,\"publisher\":{\"@id\":\"https:\/\/www.pm.pb.gov.br\/portal\/#organization\"},\"articleSection\":[\"A\u00e7\u00f5es Policiais\"],\"inLanguage\":\"pt-BR\"},{\"@type\":\"WebPage\",\"@id\":\"https:\/\/www.pm.pb.gov.br\/portal\/2020\/07\/05\/acao-integrada-encerra-festa-no-conde\/\",\"url\":\"https:\/\/www.pm.pb.gov.br\/portal\/2020\/07\/05\/acao-integrada-encerra-festa-no-conde\/\",\"name\":\"A\u00e7\u00e3o integrada encerra festa no Conde, prende tr\u00eas suspeitos e apreende armas e drogas - Pol\u00edcia Militar da Para\u00edba\",\"isPartOf\":{\"@id\":\"https:\/\/www.pm.pb.gov.br\/portal\/#website\"},\"datePublished\":\"2020-07-05T14:51:52+00:00\",\"dateModified\":\"2020-07-06T17:33:06+00:00\",\"breadcrumb\":{\"@id\":\"https:\/\/www.pm.pb.gov.br\/portal\/2020\/07\/05\/acao-integrada-encerra-festa-no-conde\/#breadcrumb\"},\"inLanguage\":\"pt-BR\",\"potentialAction\":[{\"@type\":\"ReadAction\",\"target\":[\"https:\/\/www.pm.pb.gov.br\/portal\/2020\/07\/05\/acao-integrada-encerra-festa-no-conde\/\"]}]},{\"@type\":\"BreadcrumbList\",\"@id\":\"https:\/\/www.pm.pb.gov.br\/portal\/2020\/07\/05\/acao-integrada-encerra-festa-no-conde\/#breadcrumb\",\"itemListElement\":[{\"@type\":\"ListItem\",\"position\":1,\"name\":\"In\u00edcio\",\"item\":\"https:\/\/www.pm.pb.gov.br\/portal\/\"},{\"@type\":\"ListItem\",\"position\":2,\"name\":\"A\u00e7\u00e3o integrada encerra festa no Conde, prende tr\u00eas suspeitos e apreende armas e drogas\"}]},{\"@type\":\"WebSite\",\"@id\":\"https:\/\/www.pm.pb.gov.br\/portal\/#website\",\"url\":\"https:\/\/www.pm.pb.gov.br\/portal\/\",\"name\":\"Pol\u00edcia Militar da Para\u00edba\",\"description\":\"\",\"publisher\":{\"@id\":\"https:\/\/www.pm.pb.gov.br\/portal\/#organization\"},\"potentialAction\":[{\"@type\":\"SearchAction\",\"target\":{\"@type\":\"EntryPoint\",\"urlTemplate\":\"https:\/\/www.pm.pb.gov.br\/portal\/?s={search_term_string}\"},\"query-input\":\"required name=search_term_string\"}],\"inLanguage\":\"pt-BR\"},{\"@type\":\"Organization\",\"@id\":\"https:\/\/www.pm.pb.gov.br\/portal\/#organization\",\"name\":\"Pol\u00edcia Militar da Para\u00edba\",\"url\":\"https:\/\/www.pm.pb.gov.br\/portal\/\",\"logo\":{\"@type\":\"ImageObject\",\"inLanguage\":\"pt-BR\",\"@id\":\"https:\/\/www.pm.pb.gov.br\/portal\/#\/schema\/logo\/image\/\",\"url\":\"https:\/\/www.pm.pb.gov.br\/portal\/wp-content\/uploads\/2025\/03\/cropped-logo-site-mag2-1.png\",\"contentUrl\":\"https:\/\/www.pm.pb.gov.br\/portal\/wp-content\/uploads\/2025\/03\/cropped-logo-site-mag2-1.png\",\"width\":320,\"height\":90,\"caption\":\"Pol\u00edcia Militar da Para\u00edba\"},\"image\":{\"@id\":\"https:\/\/www.pm.pb.gov.br\/portal\/#\/schema\/logo\/image\/\"}},{\"@type\":\"Person\",\"@id\":\"https:\/\/www.pm.pb.gov.br\/portal\/#\/schema\/person\/e8454f46651c3ecf0e1ba3c1666d9947\",\"name\":\"Assessoria de Imprensa da PMPB\",\"image\":{\"@type\":\"ImageObject\",\"inLanguage\":\"pt-BR\",\"@id\":\"https:\/\/www.pm.pb.gov.br\/portal\/#\/schema\/person\/image\/\",\"url\":\"https:\/\/secure.gravatar.com\/avatar\/2efe197438265d1e90bd98c4c8e1acf8?s=96&d=mm&r=g\",\"contentUrl\":\"https:\/\/secure.gravatar.com\/avatar\/2efe197438265d1e90bd98c4c8e1acf8?s=96&d=mm&r=g\",\"caption\":\"Assessoria de Imprensa da PMPB\"},\"url\":\"https:\/\/www.pm.pb.gov.br\/portal\/author\/assessoria\/\"}]}<\/script>\n<!-- \/ Yoast SEO plugin. -->","yoast_head_json":{"title":"A\u00e7\u00e3o integrada encerra festa no Conde, prende tr\u00eas suspeitos e apreende armas e drogas - Pol\u00edcia Militar da Para\u00edba","robots":{"index":"index","follow":"follow","max-snippet":"max-snippet:-1","max-image-preview":"max-image-preview:large","max-video-preview":"max-video-preview:-1"},"canonical":"https:\/\/www.pm.pb.gov.br\/portal\/2020\/07\/05\/acao-integrada-encerra-festa-no-conde\/","og_locale":"pt_BR","og_type":"article","og_title":"A\u00e7\u00e3o integrada encerra festa no Conde, prende tr\u00eas suspeitos e apreende armas e drogas - Pol\u00edcia Militar da Para\u00edba","og_description":"Na madrugada deste domingo (5), a Pol\u00edcia Militar encerrou uma festa que ocorria no Loteamento Mata D\u2019\u00e1gua, munic\u00edpio do Conde.","og_url":"https:\/\/www.pm.pb.gov.br\/portal\/2020\/07\/05\/acao-integrada-encerra-festa-no-conde\/","og_site_name":"Pol\u00edcia Militar da Para\u00edba","article_published_time":"2020-07-05T14:51:52+00:00","article_modified_time":"2020-07-06T17:33:06+00:00","og_image":[{"width":1024,"height":635,"url":"https:\/\/www.pm.pb.gov.br\/portal\/wp-content\/uploads\/2020\/07\/Pol\u00edcia-Militar-acaba-com-festa-no-Conde-2.jpeg","type":"image\/jpeg"}],"author":"Assessoria de Imprensa da PMPB","twitter_card":"summary_large_image","twitter_misc":{"Escrito por":"Assessoria de Imprensa da PMPB","Est. tempo de leitura":"2 minutos"},"schema":{"@context":"https:\/\/schema.org","@graph":[{"@type":"Article","@id":"https:\/\/www.pm.pb.gov.br\/portal\/2020\/07\/05\/acao-integrada-encerra-festa-no-conde\/#article","isPartOf":{"@id":"https:\/\/www.pm.pb.gov.br\/portal\/2020\/07\/05\/acao-integrada-encerra-festa-no-conde\/"},"author":{"name":"Assessoria de Imprensa da PMPB","@id":"https:\/\/www.pm.pb.gov.br\/portal\/#\/schema\/person\/e8454f46651c3ecf0e1ba3c1666d9947"},"headline":"A\u00e7\u00e3o integrada encerra festa no Conde, prende tr\u00eas suspeitos e apreende armas e drogas","datePublished":"2020-07-05T14:51:52+00:00","dateModified":"2020-07-06T17:33:06+00:00","mainEntityOfPage":{"@id":"https:\/\/www.pm.pb.gov.br\/portal\/2020\/07\/05\/acao-integrada-encerra-festa-no-conde\/"},"wordCount":324,"publisher":{"@id":"https:\/\/www.pm.pb.gov.br\/portal\/#organization"},"articleSection":["A\u00e7\u00f5es Policiais"],"inLanguage":"pt-BR"},{"@type":"WebPage","@id":"https:\/\/www.pm.pb.gov.br\/portal\/2020\/07\/05\/acao-integrada-encerra-festa-no-conde\/","url":"https:\/\/www.pm.pb.gov.br\/portal\/2020\/07\/05\/acao-integrada-encerra-festa-no-conde\/","name":"A\u00e7\u00e3o integrada encerra festa no Conde, prende tr\u00eas suspeitos e apreende armas e drogas - Pol\u00edcia Militar da Para\u00edba","isPartOf":{"@id":"https:\/\/www.pm.pb.gov.br\/portal\/#website"},"datePublished":"2020-07-05T14:51:52+00:00","dateModified":"2020-07-06T17:33:06+00:00","breadcrumb":{"@id":"https:\/\/www.pm.pb.gov.br\/portal\/2020\/07\/05\/acao-integrada-encerra-festa-no-conde\/#breadcrumb"},"inLanguage":"pt-BR","potentialAction":[{"@type":"ReadAction","target":["https:\/\/www.pm.pb.gov.br\/portal\/2020\/07\/05\/acao-integrada-encerra-festa-no-conde\/"]}]},{"@type":"BreadcrumbList","@id":"https:\/\/www.pm.pb.gov.br\/portal\/2020\/07\/05\/acao-integrada-encerra-festa-no-conde\/#breadcrumb","itemListElement":[{"@type":"ListItem","position":1,"name":"In\u00edcio","item":"https:\/\/www.pm.pb.gov.br\/portal\/"},{"@type":"ListItem","position":2,"name":"A\u00e7\u00e3o integrada encerra festa no Conde, prende tr\u00eas suspeitos e apreende armas e drogas"}]},{"@type":"WebSite","@id":"https:\/\/www.pm.pb.gov.br\/portal\/#website","url":"https:\/\/www.pm.pb.gov.br\/portal\/","name":"Pol\u00edcia Militar da Para\u00edba","description":"","publisher":{"@id":"https:\/\/www.pm.pb.gov.br\/portal\/#organization"},"potentialAction":[{"@type":"SearchAction","target":{"@type":"EntryPoint","urlTemplate":"https:\/\/www.pm.pb.gov.br\/portal\/?s={search_term_string}"},"query-input":"required name=search_term_string"}],"inLanguage":"pt-BR"},{"@type":"Organization","@id":"https:\/\/www.pm.pb.gov.br\/portal\/#organization","name":"Pol\u00edcia Militar da Para\u00edba","url":"https:\/\/www.pm.pb.gov.br\/portal\/","logo":{"@type":"ImageObject","inLanguage":"pt-BR","@id":"https:\/\/www.pm.pb.gov.br\/portal\/#\/schema\/logo\/image\/","url":"https:\/\/www.pm.pb.gov.br\/portal\/wp-content\/uploads\/2025\/03\/cropped-logo-site-mag2-1.png","contentUrl":"https:\/\/www.pm.pb.gov.br\/portal\/wp-content\/uploads\/2025\/03\/cropped-logo-site-mag2-1.png","width":320,"height":90,"caption":"Pol\u00edcia Militar da Para\u00edba"},"image":{"@id":"https:\/\/www.pm.pb.gov.br\/portal\/#\/schema\/logo\/image\/"}},{"@type":"Person","@id":"https:\/\/www.pm.pb.gov.br\/portal\/#\/schema\/person\/e8454f46651c3ecf0e1ba3c1666d9947","name":"Assessoria de Imprensa da PMPB","image":{"@type":"ImageObject","inLanguage":"pt-BR","@id":"https:\/\/www.pm.pb.gov.br\/portal\/#\/schema\/person\/image\/","url":"https:\/\/secure.gravatar.com\/avatar\/2efe197438265d1e90bd98c4c8e1acf8?s=96&d=mm&r=g","contentUrl":"https:\/\/secure.gravatar.com\/avatar\/2efe197438265d1e90bd98c4c8e1acf8?s=96&d=mm&r=g","caption":"Assessoria de Imprensa da PMPB"},"url":"https:\/\/www.pm.pb.gov.br\/portal\/author\/assessoria\/"}]}},"_links":{"self":[{"href":"https:\/\/www.pm.pb.gov.br\/portal\/wp-json\/wp\/v2\/posts\/905913"}],"collection":[{"href":"https:\/\/www.pm.pb.gov.br\/portal\/wp-json\/wp\/v2\/posts"}],"about":[{"href":"https:\/\/www.pm.pb.gov.br\/portal\/wp-json\/wp\/v2\/types\/post"}],"author":[{"embeddable":true,"href":"https:\/\/www.pm.pb.gov.br\/portal\/wp-json\/wp\/v2\/users\/5"}],"replies":[{"embeddable":true,"href":"https:\/\/www.pm.pb.gov.br\/portal\/wp-json\/wp\/v2\/comments?post=905913"}],"version-history":[{"count":9,"href":"https:\/\/www.pm.pb.gov.br\/portal\/wp-json\/wp\/v2\/posts\/905913\/revisions"}],"predecessor-version":[{"id":905942,"href":"https:\/\/www.pm.pb.gov.br\/portal\/wp-json\/wp\/v2\/posts\/905913\/revisions\/905942"}],"wp:featuredmedia":[{"embeddable":true,"href":"https:\/\/www.pm.pb.gov.br\/portal\/wp-json\/wp\/v2\/media\/905914"}],"wp:attachment":[{"href":"https:\/\/www.pm.pb.gov.br\/portal\/wp-json\/wp\/v2\/media?parent=905913"}],"wp:term":[{"taxonomy":"category","embeddable":true,"href":"https:\/\/www.pm.pb.gov.br\/portal\/wp-json\/wp\/v2\/categories?post=905913"},{"taxonomy":"post_tag","embeddable":true,"href":"https:\/\/www.pm.pb.gov.br\/portal\/wp-json\/wp\/v2\/tags?post=905913"}],"curies":[{"name":"wp","href":"https:\/\/api.w.org\/{rel}","templated":true}]}}