{"id":905904,"date":"2020-07-03T19:25:24","date_gmt":"2020-07-03T22:25:24","guid":{"rendered":"http:\/\/www.pm.pb.gov.br\/portal\/?p=905904"},"modified":"2020-07-03T20:44:09","modified_gmt":"2020-07-03T23:44:09","slug":"captura-de-jacare-pela-policia-militar-leva-a-prisao-de-suspeito-com-arma-de-fogo-na-regiao-metropolitana-de-joao-pessoa","status":"publish","type":"post","link":"https:\/\/www.pm.pb.gov.br\/portal\/2020\/07\/03\/captura-de-jacare-pela-policia-militar-leva-a-prisao-de-suspeito-com-arma-de-fogo-na-regiao-metropolitana-de-joao-pessoa\/","title":{"rendered":"Captura de jacar\u00e9 pela Pol\u00edcia Militar leva a pris\u00e3o de suspeito com arma de fogo na regi\u00e3o metropolitana de Jo\u00e3o Pessoa"},"content":{"rendered":"<p>A captura e soltura de um jacar\u00e9, realizada pelos policiais militares do Batalh\u00e3o de Pol\u00edcia Ambiental (BPAmb), levou a apreens\u00e3o de uma arma de fogo na regi\u00e3o metropolitana de Jo\u00e3o Pessoa. A a\u00e7\u00e3o, que aconteceu na manh\u00e3 desta sexta-feira (03), resultou tamb\u00e9m na pris\u00e3o de um suspeito.<\/p>\n<p>Logo nas primeiras horas da manh\u00e3, os policiais foram acionados para capturarem um jacar\u00e9, que foi encontrado em uma cal\u00e7ada em via p\u00fablica, no bairro dos Novais, zona oeste de Jo\u00e3o Pessoa. \u201cAp\u00f3s a captura, fomos soltar o animal na regi\u00e3o do A\u00e7ude de Reis, em uma zona de mata em Santa Rita, e naquela localidade nos deparamos com um homem que demonstrou nervosismo ao perceber a presen\u00e7a da PM\u201d, relatou o cabo Duarte, do BPAmb, que conduziu as a\u00e7\u00f5es.<\/p>\n<p><img loading=\"lazy\" decoding=\"async\" class=\"wp-image-905905 aligncenter\" src=\"http:\/\/www.pm.pb.gov.br\/portal\/wp-content\/uploads\/2020\/07\/arma_apreendida-593x445.jpeg\" alt=\"\" width=\"466\" height=\"350\" srcset=\"https:\/\/www.pm.pb.gov.br\/portal\/wp-content\/uploads\/2020\/07\/arma_apreendida-593x445.jpeg 593w, https:\/\/www.pm.pb.gov.br\/portal\/wp-content\/uploads\/2020\/07\/arma_apreendida-760x570.jpeg 760w, https:\/\/www.pm.pb.gov.br\/portal\/wp-content\/uploads\/2020\/07\/arma_apreendida-768x576.jpeg 768w, https:\/\/www.pm.pb.gov.br\/portal\/wp-content\/uploads\/2020\/07\/arma_apreendida.jpeg 1280w\" sizes=\"(max-width: 466px) 100vw, 466px\" \/><\/p>\n<p>Durante uma abordagem ao suspeito, de 46 anos de idade, os policiais encontraram um revolver calibre 38 e 11 muni\u00e7\u00f5es (foto acima). O suspeito foi preso, encaminhado a Central de Flagrantes, com a arma de fogo apreendida. O animal, que era um jacar\u00e9-de-papo-amarelo, foi solto na natureza (foto abaixo).<\/p>\n<p><img loading=\"lazy\" decoding=\"async\" class=\" wp-image-905906 aligncenter\" src=\"http:\/\/www.pm.pb.gov.br\/portal\/wp-content\/uploads\/2020\/07\/captura_jacare-334x445.jpeg\" alt=\"\" width=\"311\" height=\"414\" srcset=\"https:\/\/www.pm.pb.gov.br\/portal\/wp-content\/uploads\/2020\/07\/captura_jacare-334x445.jpeg 334w, https:\/\/www.pm.pb.gov.br\/portal\/wp-content\/uploads\/2020\/07\/captura_jacare-428x570.jpeg 428w, https:\/\/www.pm.pb.gov.br\/portal\/wp-content\/uploads\/2020\/07\/captura_jacare-768x1024.jpeg 768w, https:\/\/www.pm.pb.gov.br\/portal\/wp-content\/uploads\/2020\/07\/captura_jacare.jpeg 960w\" sizes=\"(max-width: 311px) 100vw, 311px\" \/><\/p>\n","protected":false},"excerpt":{"rendered":"<p>A captura e soltura de um jacar\u00e9, realizada pelos policiais militares do Batalh\u00e3o de Pol\u00edcia Ambiental (BPAmb), levou a apreens\u00e3o<\/p>\n","protected":false},"author":12,"featured_media":905408,"comment_status":"closed","ping_status":"closed","sticky":false,"template":"","format":"standard","meta":{"_exactmetrics_skip_tracking":false,"_exactmetrics_sitenote_active":false,"_exactmetrics_sitenote_note":"","_exactmetrics_sitenote_category":0,"footnotes":""},"categories":[4],"tags":[],"yoast_head":"<!-- This site is optimized with the Yoast SEO plugin v22.0 - https:\/\/yoast.com\/wordpress\/plugins\/seo\/ -->\n<title>Captura de jacar\u00e9 pela Pol\u00edcia Militar leva a pris\u00e3o de suspeito com arma de fogo na regi\u00e3o metropolitana de Jo\u00e3o Pessoa - Pol\u00edcia Militar da Para\u00edba<\/title>\n<meta name=\"robots\" content=\"index, follow, max-snippet:-1, max-image-preview:large, max-video-preview:-1\" \/>\n<link rel=\"canonical\" href=\"https:\/\/www.pm.pb.gov.br\/portal\/2020\/07\/03\/captura-de-jacare-pela-policia-militar-leva-a-prisao-de-suspeito-com-arma-de-fogo-na-regiao-metropolitana-de-joao-pessoa\/\" \/>\n<meta property=\"og:locale\" content=\"pt_BR\" \/>\n<meta property=\"og:type\" content=\"article\" \/>\n<meta property=\"og:title\" content=\"Captura de jacar\u00e9 pela Pol\u00edcia Militar leva a pris\u00e3o de suspeito com arma de fogo na regi\u00e3o metropolitana de Jo\u00e3o Pessoa - Pol\u00edcia Militar da Para\u00edba\" \/>\n<meta property=\"og:description\" content=\"A captura e soltura de um jacar\u00e9, realizada pelos policiais militares do Batalh\u00e3o de Pol\u00edcia Ambiental (BPAmb), levou a apreens\u00e3o\" \/>\n<meta property=\"og:url\" content=\"https:\/\/www.pm.pb.gov.br\/portal\/2020\/07\/03\/captura-de-jacare-pela-policia-militar-leva-a-prisao-de-suspeito-com-arma-de-fogo-na-regiao-metropolitana-de-joao-pessoa\/\" \/>\n<meta property=\"og:site_name\" content=\"Pol\u00edcia Militar da Para\u00edba\" \/>\n<meta property=\"article:published_time\" content=\"2020-07-03T22:25:24+00:00\" \/>\n<meta property=\"article:modified_time\" content=\"2020-07-03T23:44:09+00:00\" \/>\n<meta property=\"og:image\" content=\"https:\/\/www.pm.pb.gov.br\/portal\/wp-content\/uploads\/2020\/05\/bpamb_ilustrativa1.jpeg\" \/>\n\t<meta property=\"og:image:width\" content=\"800\" \/>\n\t<meta property=\"og:image:height\" content=\"445\" \/>\n\t<meta property=\"og:image:type\" content=\"image\/jpeg\" \/>\n<meta name=\"author\" content=\"Tarcisio Oliveira\" \/>\n<meta name=\"twitter:card\" content=\"summary_large_image\" \/>\n<meta name=\"twitter:label1\" content=\"Escrito por\" \/>\n\t<meta name=\"twitter:data1\" content=\"Tarcisio Oliveira\" \/>\n\t<meta name=\"twitter:label2\" content=\"Est. tempo de leitura\" \/>\n\t<meta name=\"twitter:data2\" content=\"1 minuto\" \/>\n<script type=\"application\/ld+json\" class=\"yoast-schema-graph\">{\"@context\":\"https:\/\/schema.org\",\"@graph\":[{\"@type\":\"Article\",\"@id\":\"https:\/\/www.pm.pb.gov.br\/portal\/2020\/07\/03\/captura-de-jacare-pela-policia-militar-leva-a-prisao-de-suspeito-com-arma-de-fogo-na-regiao-metropolitana-de-joao-pessoa\/#article\",\"isPartOf\":{\"@id\":\"https:\/\/www.pm.pb.gov.br\/portal\/2020\/07\/03\/captura-de-jacare-pela-policia-militar-leva-a-prisao-de-suspeito-com-arma-de-fogo-na-regiao-metropolitana-de-joao-pessoa\/\"},\"author\":{\"name\":\"Tarcisio Oliveira\",\"@id\":\"https:\/\/www.pm.pb.gov.br\/portal\/#\/schema\/person\/f84f56dcc78ce4357054da888b8247fd\"},\"headline\":\"Captura de jacar\u00e9 pela Pol\u00edcia Militar leva a pris\u00e3o de suspeito com arma de fogo na regi\u00e3o metropolitana de Jo\u00e3o Pessoa\",\"datePublished\":\"2020-07-03T22:25:24+00:00\",\"dateModified\":\"2020-07-03T23:44:09+00:00\",\"mainEntityOfPage\":{\"@id\":\"https:\/\/www.pm.pb.gov.br\/portal\/2020\/07\/03\/captura-de-jacare-pela-policia-militar-leva-a-prisao-de-suspeito-com-arma-de-fogo-na-regiao-metropolitana-de-joao-pessoa\/\"},\"wordCount\":215,\"publisher\":{\"@id\":\"https:\/\/www.pm.pb.gov.br\/portal\/#organization\"},\"articleSection\":[\"A\u00e7\u00f5es Policiais\"],\"inLanguage\":\"pt-BR\"},{\"@type\":\"WebPage\",\"@id\":\"https:\/\/www.pm.pb.gov.br\/portal\/2020\/07\/03\/captura-de-jacare-pela-policia-militar-leva-a-prisao-de-suspeito-com-arma-de-fogo-na-regiao-metropolitana-de-joao-pessoa\/\",\"url\":\"https:\/\/www.pm.pb.gov.br\/portal\/2020\/07\/03\/captura-de-jacare-pela-policia-militar-leva-a-prisao-de-suspeito-com-arma-de-fogo-na-regiao-metropolitana-de-joao-pessoa\/\",\"name\":\"Captura de jacar\u00e9 pela Pol\u00edcia Militar leva a pris\u00e3o de suspeito com arma de fogo na regi\u00e3o metropolitana de Jo\u00e3o Pessoa - Pol\u00edcia Militar da Para\u00edba\",\"isPartOf\":{\"@id\":\"https:\/\/www.pm.pb.gov.br\/portal\/#website\"},\"datePublished\":\"2020-07-03T22:25:24+00:00\",\"dateModified\":\"2020-07-03T23:44:09+00:00\",\"breadcrumb\":{\"@id\":\"https:\/\/www.pm.pb.gov.br\/portal\/2020\/07\/03\/captura-de-jacare-pela-policia-militar-leva-a-prisao-de-suspeito-com-arma-de-fogo-na-regiao-metropolitana-de-joao-pessoa\/#breadcrumb\"},\"inLanguage\":\"pt-BR\",\"potentialAction\":[{\"@type\":\"ReadAction\",\"target\":[\"https:\/\/www.pm.pb.gov.br\/portal\/2020\/07\/03\/captura-de-jacare-pela-policia-militar-leva-a-prisao-de-suspeito-com-arma-de-fogo-na-regiao-metropolitana-de-joao-pessoa\/\"]}]},{\"@type\":\"BreadcrumbList\",\"@id\":\"https:\/\/www.pm.pb.gov.br\/portal\/2020\/07\/03\/captura-de-jacare-pela-policia-militar-leva-a-prisao-de-suspeito-com-arma-de-fogo-na-regiao-metropolitana-de-joao-pessoa\/#breadcrumb\",\"itemListElement\":[{\"@type\":\"ListItem\",\"position\":1,\"name\":\"In\u00edcio\",\"item\":\"https:\/\/www.pm.pb.gov.br\/portal\/\"},{\"@type\":\"ListItem\",\"position\":2,\"name\":\"Captura de jacar\u00e9 pela Pol\u00edcia Militar leva a pris\u00e3o de suspeito com arma de fogo na regi\u00e3o metropolitana de Jo\u00e3o Pessoa\"}]},{\"@type\":\"WebSite\",\"@id\":\"https:\/\/www.pm.pb.gov.br\/portal\/#website\",\"url\":\"https:\/\/www.pm.pb.gov.br\/portal\/\",\"name\":\"Pol\u00edcia Militar da Para\u00edba\",\"description\":\"\",\"publisher\":{\"@id\":\"https:\/\/www.pm.pb.gov.br\/portal\/#organization\"},\"potentialAction\":[{\"@type\":\"SearchAction\",\"target\":{\"@type\":\"EntryPoint\",\"urlTemplate\":\"https:\/\/www.pm.pb.gov.br\/portal\/?s={search_term_string}\"},\"query-input\":\"required name=search_term_string\"}],\"inLanguage\":\"pt-BR\"},{\"@type\":\"Organization\",\"@id\":\"https:\/\/www.pm.pb.gov.br\/portal\/#organization\",\"name\":\"Pol\u00edcia Militar da Para\u00edba\",\"url\":\"https:\/\/www.pm.pb.gov.br\/portal\/\",\"logo\":{\"@type\":\"ImageObject\",\"inLanguage\":\"pt-BR\",\"@id\":\"https:\/\/www.pm.pb.gov.br\/portal\/#\/schema\/logo\/image\/\",\"url\":\"https:\/\/www.pm.pb.gov.br\/portal\/wp-content\/uploads\/2025\/03\/cropped-logo-site-mag2-1.png\",\"contentUrl\":\"https:\/\/www.pm.pb.gov.br\/portal\/wp-content\/uploads\/2025\/03\/cropped-logo-site-mag2-1.png\",\"width\":320,\"height\":90,\"caption\":\"Pol\u00edcia Militar da Para\u00edba\"},\"image\":{\"@id\":\"https:\/\/www.pm.pb.gov.br\/portal\/#\/schema\/logo\/image\/\"}},{\"@type\":\"Person\",\"@id\":\"https:\/\/www.pm.pb.gov.br\/portal\/#\/schema\/person\/f84f56dcc78ce4357054da888b8247fd\",\"name\":\"Tarcisio Oliveira\",\"image\":{\"@type\":\"ImageObject\",\"inLanguage\":\"pt-BR\",\"@id\":\"https:\/\/www.pm.pb.gov.br\/portal\/#\/schema\/person\/image\/\",\"url\":\"https:\/\/secure.gravatar.com\/avatar\/72917b630b69d31cd0297507f34bac97?s=96&d=mm&r=g\",\"contentUrl\":\"https:\/\/secure.gravatar.com\/avatar\/72917b630b69d31cd0297507f34bac97?s=96&d=mm&r=g\",\"caption\":\"Tarcisio Oliveira\"},\"url\":\"https:\/\/www.pm.pb.gov.br\/portal\/author\/tarcisio\/\"}]}<\/script>\n<!-- \/ Yoast SEO plugin. -->","yoast_head_json":{"title":"Captura de jacar\u00e9 pela Pol\u00edcia Militar leva a pris\u00e3o de suspeito com arma de fogo na regi\u00e3o metropolitana de Jo\u00e3o Pessoa - Pol\u00edcia Militar da Para\u00edba","robots":{"index":"index","follow":"follow","max-snippet":"max-snippet:-1","max-image-preview":"max-image-preview:large","max-video-preview":"max-video-preview:-1"},"canonical":"https:\/\/www.pm.pb.gov.br\/portal\/2020\/07\/03\/captura-de-jacare-pela-policia-militar-leva-a-prisao-de-suspeito-com-arma-de-fogo-na-regiao-metropolitana-de-joao-pessoa\/","og_locale":"pt_BR","og_type":"article","og_title":"Captura de jacar\u00e9 pela Pol\u00edcia Militar leva a pris\u00e3o de suspeito com arma de fogo na regi\u00e3o metropolitana de Jo\u00e3o Pessoa - Pol\u00edcia Militar da Para\u00edba","og_description":"A captura e soltura de um jacar\u00e9, realizada pelos policiais militares do Batalh\u00e3o de Pol\u00edcia Ambiental (BPAmb), levou a apreens\u00e3o","og_url":"https:\/\/www.pm.pb.gov.br\/portal\/2020\/07\/03\/captura-de-jacare-pela-policia-militar-leva-a-prisao-de-suspeito-com-arma-de-fogo-na-regiao-metropolitana-de-joao-pessoa\/","og_site_name":"Pol\u00edcia Militar da Para\u00edba","article_published_time":"2020-07-03T22:25:24+00:00","article_modified_time":"2020-07-03T23:44:09+00:00","og_image":[{"width":800,"height":445,"url":"https:\/\/www.pm.pb.gov.br\/portal\/wp-content\/uploads\/2020\/05\/bpamb_ilustrativa1.jpeg","type":"image\/jpeg"}],"author":"Tarcisio Oliveira","twitter_card":"summary_large_image","twitter_misc":{"Escrito por":"Tarcisio Oliveira","Est. tempo de leitura":"1 minuto"},"schema":{"@context":"https:\/\/schema.org","@graph":[{"@type":"Article","@id":"https:\/\/www.pm.pb.gov.br\/portal\/2020\/07\/03\/captura-de-jacare-pela-policia-militar-leva-a-prisao-de-suspeito-com-arma-de-fogo-na-regiao-metropolitana-de-joao-pessoa\/#article","isPartOf":{"@id":"https:\/\/www.pm.pb.gov.br\/portal\/2020\/07\/03\/captura-de-jacare-pela-policia-militar-leva-a-prisao-de-suspeito-com-arma-de-fogo-na-regiao-metropolitana-de-joao-pessoa\/"},"author":{"name":"Tarcisio Oliveira","@id":"https:\/\/www.pm.pb.gov.br\/portal\/#\/schema\/person\/f84f56dcc78ce4357054da888b8247fd"},"headline":"Captura de jacar\u00e9 pela Pol\u00edcia Militar leva a pris\u00e3o de suspeito com arma de fogo na regi\u00e3o metropolitana de Jo\u00e3o Pessoa","datePublished":"2020-07-03T22:25:24+00:00","dateModified":"2020-07-03T23:44:09+00:00","mainEntityOfPage":{"@id":"https:\/\/www.pm.pb.gov.br\/portal\/2020\/07\/03\/captura-de-jacare-pela-policia-militar-leva-a-prisao-de-suspeito-com-arma-de-fogo-na-regiao-metropolitana-de-joao-pessoa\/"},"wordCount":215,"publisher":{"@id":"https:\/\/www.pm.pb.gov.br\/portal\/#organization"},"articleSection":["A\u00e7\u00f5es Policiais"],"inLanguage":"pt-BR"},{"@type":"WebPage","@id":"https:\/\/www.pm.pb.gov.br\/portal\/2020\/07\/03\/captura-de-jacare-pela-policia-militar-leva-a-prisao-de-suspeito-com-arma-de-fogo-na-regiao-metropolitana-de-joao-pessoa\/","url":"https:\/\/www.pm.pb.gov.br\/portal\/2020\/07\/03\/captura-de-jacare-pela-policia-militar-leva-a-prisao-de-suspeito-com-arma-de-fogo-na-regiao-metropolitana-de-joao-pessoa\/","name":"Captura de jacar\u00e9 pela Pol\u00edcia Militar leva a pris\u00e3o de suspeito com arma de fogo na regi\u00e3o metropolitana de Jo\u00e3o Pessoa - Pol\u00edcia Militar da Para\u00edba","isPartOf":{"@id":"https:\/\/www.pm.pb.gov.br\/portal\/#website"},"datePublished":"2020-07-03T22:25:24+00:00","dateModified":"2020-07-03T23:44:09+00:00","breadcrumb":{"@id":"https:\/\/www.pm.pb.gov.br\/portal\/2020\/07\/03\/captura-de-jacare-pela-policia-militar-leva-a-prisao-de-suspeito-com-arma-de-fogo-na-regiao-metropolitana-de-joao-pessoa\/#breadcrumb"},"inLanguage":"pt-BR","potentialAction":[{"@type":"ReadAction","target":["https:\/\/www.pm.pb.gov.br\/portal\/2020\/07\/03\/captura-de-jacare-pela-policia-militar-leva-a-prisao-de-suspeito-com-arma-de-fogo-na-regiao-metropolitana-de-joao-pessoa\/"]}]},{"@type":"BreadcrumbList","@id":"https:\/\/www.pm.pb.gov.br\/portal\/2020\/07\/03\/captura-de-jacare-pela-policia-militar-leva-a-prisao-de-suspeito-com-arma-de-fogo-na-regiao-metropolitana-de-joao-pessoa\/#breadcrumb","itemListElement":[{"@type":"ListItem","position":1,"name":"In\u00edcio","item":"https:\/\/www.pm.pb.gov.br\/portal\/"},{"@type":"ListItem","position":2,"name":"Captura de jacar\u00e9 pela Pol\u00edcia Militar leva a pris\u00e3o de suspeito com arma de fogo na regi\u00e3o metropolitana de Jo\u00e3o Pessoa"}]},{"@type":"WebSite","@id":"https:\/\/www.pm.pb.gov.br\/portal\/#website","url":"https:\/\/www.pm.pb.gov.br\/portal\/","name":"Pol\u00edcia Militar da Para\u00edba","description":"","publisher":{"@id":"https:\/\/www.pm.pb.gov.br\/portal\/#organization"},"potentialAction":[{"@type":"SearchAction","target":{"@type":"EntryPoint","urlTemplate":"https:\/\/www.pm.pb.gov.br\/portal\/?s={search_term_string}"},"query-input":"required name=search_term_string"}],"inLanguage":"pt-BR"},{"@type":"Organization","@id":"https:\/\/www.pm.pb.gov.br\/portal\/#organization","name":"Pol\u00edcia Militar da Para\u00edba","url":"https:\/\/www.pm.pb.gov.br\/portal\/","logo":{"@type":"ImageObject","inLanguage":"pt-BR","@id":"https:\/\/www.pm.pb.gov.br\/portal\/#\/schema\/logo\/image\/","url":"https:\/\/www.pm.pb.gov.br\/portal\/wp-content\/uploads\/2025\/03\/cropped-logo-site-mag2-1.png","contentUrl":"https:\/\/www.pm.pb.gov.br\/portal\/wp-content\/uploads\/2025\/03\/cropped-logo-site-mag2-1.png","width":320,"height":90,"caption":"Pol\u00edcia Militar da Para\u00edba"},"image":{"@id":"https:\/\/www.pm.pb.gov.br\/portal\/#\/schema\/logo\/image\/"}},{"@type":"Person","@id":"https:\/\/www.pm.pb.gov.br\/portal\/#\/schema\/person\/f84f56dcc78ce4357054da888b8247fd","name":"Tarcisio Oliveira","image":{"@type":"ImageObject","inLanguage":"pt-BR","@id":"https:\/\/www.pm.pb.gov.br\/portal\/#\/schema\/person\/image\/","url":"https:\/\/secure.gravatar.com\/avatar\/72917b630b69d31cd0297507f34bac97?s=96&d=mm&r=g","contentUrl":"https:\/\/secure.gravatar.com\/avatar\/72917b630b69d31cd0297507f34bac97?s=96&d=mm&r=g","caption":"Tarcisio Oliveira"},"url":"https:\/\/www.pm.pb.gov.br\/portal\/author\/tarcisio\/"}]}},"_links":{"self":[{"href":"https:\/\/www.pm.pb.gov.br\/portal\/wp-json\/wp\/v2\/posts\/905904"}],"collection":[{"href":"https:\/\/www.pm.pb.gov.br\/portal\/wp-json\/wp\/v2\/posts"}],"about":[{"href":"https:\/\/www.pm.pb.gov.br\/portal\/wp-json\/wp\/v2\/types\/post"}],"author":[{"embeddable":true,"href":"https:\/\/www.pm.pb.gov.br\/portal\/wp-json\/wp\/v2\/users\/12"}],"replies":[{"embeddable":true,"href":"https:\/\/www.pm.pb.gov.br\/portal\/wp-json\/wp\/v2\/comments?post=905904"}],"version-history":[{"count":2,"href":"https:\/\/www.pm.pb.gov.br\/portal\/wp-json\/wp\/v2\/posts\/905904\/revisions"}],"predecessor-version":[{"id":905909,"href":"https:\/\/www.pm.pb.gov.br\/portal\/wp-json\/wp\/v2\/posts\/905904\/revisions\/905909"}],"wp:featuredmedia":[{"embeddable":true,"href":"https:\/\/www.pm.pb.gov.br\/portal\/wp-json\/wp\/v2\/media\/905408"}],"wp:attachment":[{"href":"https:\/\/www.pm.pb.gov.br\/portal\/wp-json\/wp\/v2\/media?parent=905904"}],"wp:term":[{"taxonomy":"category","embeddable":true,"href":"https:\/\/www.pm.pb.gov.br\/portal\/wp-json\/wp\/v2\/categories?post=905904"},{"taxonomy":"post_tag","embeddable":true,"href":"https:\/\/www.pm.pb.gov.br\/portal\/wp-json\/wp\/v2\/tags?post=905904"}],"curies":[{"name":"wp","href":"https:\/\/api.w.org\/{rel}","templated":true}]}}