{"id":905882,"date":"2020-07-01T20:36:38","date_gmt":"2020-07-01T23:36:38","guid":{"rendered":"http:\/\/www.pm.pb.gov.br\/portal\/?p=905882"},"modified":"2020-07-01T20:36:40","modified_gmt":"2020-07-01T23:36:40","slug":"policia-militar-monta-cerco-e-prende-acusado-de-trafico-com-tres-armas-na-cidade-de-cajazeiras","status":"publish","type":"post","link":"https:\/\/www.pm.pb.gov.br\/portal\/2020\/07\/01\/policia-militar-monta-cerco-e-prende-acusado-de-trafico-com-tres-armas-na-cidade-de-cajazeiras\/","title":{"rendered":"Pol\u00edcia Militar monta cerco e prende acusado de tr\u00e1fico com tr\u00eas armas na cidade de Cajazeiras"},"content":{"rendered":"\n<p>A Pol\u00edcia Militar prendeu um acusado de tr\u00e1fico de drogas com tr\u00eas armas de fogo, nesta quarta-feira (1\u00ba), durante cerco a uma casa, no bairro Pio X, na cidade de Cajazeiras, no Sert\u00e3o da Para\u00edba. Contra ele, que tem 33 anos, tinha um mandado de pris\u00e3o expedido pela 1\u00aa Vara Mista do munic\u00edpio. O suspeito usava tornozeleira de monitoramento eletr\u00f4nico e responde a processos tamb\u00e9m por homic\u00eddio, porte ilegal de arma e adultera\u00e7\u00e3o de ve\u00edculos, sendo esta a 4\u00aa vez que ele \u00e9 preso.<br><br>A pris\u00e3o foi realizada pelas equipes da 3\u00aa Companhia do Batalh\u00e3o Especializado em Policiamento com Motocicletas (BEPMotos), que montou o cerco a casa em que o acusado estava ap\u00f3s indica\u00e7\u00e3o da Coordenadoria de Intelig\u00eancia (COInt) da PM. Ao perceber que estava cercado, o suspeito ainda tentou fugir, mas foi rendido e preso.<br><br>No momento da pris\u00e3o, ele estava com um rev\u00f3lver e uma pistola na cintura. A outra arma, que tamb\u00e9m era um rev\u00f3lver, estava escondida embaixo de um m\u00f3vel, no quarto do acusado.<br><br>O preso foi apresentado na delegacia de Pol\u00edcia Civil, em Cajazeiras.<br><\/p>\n","protected":false},"excerpt":{"rendered":"<p>A Pol\u00edcia Militar prendeu um acusado de tr\u00e1fico de drogas com tr\u00eas armas de fogo, nesta quarta-feira (1\u00ba), durante cerco<\/p>\n","protected":false},"author":10,"featured_media":905899,"comment_status":"closed","ping_status":"closed","sticky":false,"template":"","format":"standard","meta":{"_exactmetrics_skip_tracking":false,"_exactmetrics_sitenote_active":false,"_exactmetrics_sitenote_note":"","_exactmetrics_sitenote_category":0,"footnotes":""},"categories":[4],"tags":[],"yoast_head":"<!-- This site is optimized with the Yoast SEO plugin v22.0 - https:\/\/yoast.com\/wordpress\/plugins\/seo\/ -->\n<title>Pol\u00edcia Militar monta cerco e prende acusado de tr\u00e1fico com tr\u00eas armas na cidade de Cajazeiras - Pol\u00edcia Militar da Para\u00edba<\/title>\n<meta name=\"robots\" content=\"index, follow, max-snippet:-1, max-image-preview:large, max-video-preview:-1\" \/>\n<link rel=\"canonical\" href=\"https:\/\/www.pm.pb.gov.br\/portal\/2020\/07\/01\/policia-militar-monta-cerco-e-prende-acusado-de-trafico-com-tres-armas-na-cidade-de-cajazeiras\/\" \/>\n<meta property=\"og:locale\" content=\"pt_BR\" \/>\n<meta property=\"og:type\" content=\"article\" \/>\n<meta property=\"og:title\" content=\"Pol\u00edcia Militar monta cerco e prende acusado de tr\u00e1fico com tr\u00eas armas na cidade de Cajazeiras - Pol\u00edcia Militar da Para\u00edba\" \/>\n<meta property=\"og:description\" content=\"A Pol\u00edcia Militar prendeu um acusado de tr\u00e1fico de drogas com tr\u00eas armas de fogo, nesta quarta-feira (1\u00ba), durante cerco\" \/>\n<meta property=\"og:url\" content=\"https:\/\/www.pm.pb.gov.br\/portal\/2020\/07\/01\/policia-militar-monta-cerco-e-prende-acusado-de-trafico-com-tres-armas-na-cidade-de-cajazeiras\/\" \/>\n<meta property=\"og:site_name\" content=\"Pol\u00edcia Militar da Para\u00edba\" \/>\n<meta property=\"article:published_time\" content=\"2020-07-01T23:36:38+00:00\" \/>\n<meta property=\"article:modified_time\" content=\"2020-07-01T23:36:40+00:00\" \/>\n<meta property=\"og:image\" content=\"https:\/\/www.pm.pb.gov.br\/portal\/wp-content\/uploads\/2020\/07\/e7224c1b-aeca-418d-bd77-a444b5f4902f.jpg\" \/>\n\t<meta property=\"og:image:width\" content=\"1032\" \/>\n\t<meta property=\"og:image:height\" content=\"774\" \/>\n\t<meta property=\"og:image:type\" content=\"image\/jpeg\" \/>\n<meta name=\"author\" content=\"WAGNER HENRIQUE VARELA DA SILVA\" \/>\n<meta name=\"twitter:card\" content=\"summary_large_image\" \/>\n<meta name=\"twitter:label1\" content=\"Escrito por\" \/>\n\t<meta name=\"twitter:data1\" content=\"WAGNER HENRIQUE VARELA DA SILVA\" \/>\n\t<meta name=\"twitter:label2\" content=\"Est. tempo de leitura\" \/>\n\t<meta name=\"twitter:data2\" content=\"1 minuto\" \/>\n<script type=\"application\/ld+json\" class=\"yoast-schema-graph\">{\"@context\":\"https:\/\/schema.org\",\"@graph\":[{\"@type\":\"Article\",\"@id\":\"https:\/\/www.pm.pb.gov.br\/portal\/2020\/07\/01\/policia-militar-monta-cerco-e-prende-acusado-de-trafico-com-tres-armas-na-cidade-de-cajazeiras\/#article\",\"isPartOf\":{\"@id\":\"https:\/\/www.pm.pb.gov.br\/portal\/2020\/07\/01\/policia-militar-monta-cerco-e-prende-acusado-de-trafico-com-tres-armas-na-cidade-de-cajazeiras\/\"},\"author\":{\"name\":\"WAGNER HENRIQUE VARELA DA SILVA\",\"@id\":\"https:\/\/www.pm.pb.gov.br\/portal\/#\/schema\/person\/b169b297b8494dea236e315ed1a201d1\"},\"headline\":\"Pol\u00edcia Militar monta cerco e prende acusado de tr\u00e1fico com tr\u00eas armas na cidade de Cajazeiras\",\"datePublished\":\"2020-07-01T23:36:38+00:00\",\"dateModified\":\"2020-07-01T23:36:40+00:00\",\"mainEntityOfPage\":{\"@id\":\"https:\/\/www.pm.pb.gov.br\/portal\/2020\/07\/01\/policia-militar-monta-cerco-e-prende-acusado-de-trafico-com-tres-armas-na-cidade-de-cajazeiras\/\"},\"wordCount\":215,\"publisher\":{\"@id\":\"https:\/\/www.pm.pb.gov.br\/portal\/#organization\"},\"articleSection\":[\"A\u00e7\u00f5es Policiais\"],\"inLanguage\":\"pt-BR\"},{\"@type\":\"WebPage\",\"@id\":\"https:\/\/www.pm.pb.gov.br\/portal\/2020\/07\/01\/policia-militar-monta-cerco-e-prende-acusado-de-trafico-com-tres-armas-na-cidade-de-cajazeiras\/\",\"url\":\"https:\/\/www.pm.pb.gov.br\/portal\/2020\/07\/01\/policia-militar-monta-cerco-e-prende-acusado-de-trafico-com-tres-armas-na-cidade-de-cajazeiras\/\",\"name\":\"Pol\u00edcia Militar monta cerco e prende acusado de tr\u00e1fico com tr\u00eas armas na cidade de Cajazeiras - Pol\u00edcia Militar da Para\u00edba\",\"isPartOf\":{\"@id\":\"https:\/\/www.pm.pb.gov.br\/portal\/#website\"},\"datePublished\":\"2020-07-01T23:36:38+00:00\",\"dateModified\":\"2020-07-01T23:36:40+00:00\",\"breadcrumb\":{\"@id\":\"https:\/\/www.pm.pb.gov.br\/portal\/2020\/07\/01\/policia-militar-monta-cerco-e-prende-acusado-de-trafico-com-tres-armas-na-cidade-de-cajazeiras\/#breadcrumb\"},\"inLanguage\":\"pt-BR\",\"potentialAction\":[{\"@type\":\"ReadAction\",\"target\":[\"https:\/\/www.pm.pb.gov.br\/portal\/2020\/07\/01\/policia-militar-monta-cerco-e-prende-acusado-de-trafico-com-tres-armas-na-cidade-de-cajazeiras\/\"]}]},{\"@type\":\"BreadcrumbList\",\"@id\":\"https:\/\/www.pm.pb.gov.br\/portal\/2020\/07\/01\/policia-militar-monta-cerco-e-prende-acusado-de-trafico-com-tres-armas-na-cidade-de-cajazeiras\/#breadcrumb\",\"itemListElement\":[{\"@type\":\"ListItem\",\"position\":1,\"name\":\"In\u00edcio\",\"item\":\"https:\/\/www.pm.pb.gov.br\/portal\/\"},{\"@type\":\"ListItem\",\"position\":2,\"name\":\"Pol\u00edcia Militar monta cerco e prende acusado de tr\u00e1fico com tr\u00eas armas na cidade de Cajazeiras\"}]},{\"@type\":\"WebSite\",\"@id\":\"https:\/\/www.pm.pb.gov.br\/portal\/#website\",\"url\":\"https:\/\/www.pm.pb.gov.br\/portal\/\",\"name\":\"Pol\u00edcia Militar da Para\u00edba\",\"description\":\"\",\"publisher\":{\"@id\":\"https:\/\/www.pm.pb.gov.br\/portal\/#organization\"},\"potentialAction\":[{\"@type\":\"SearchAction\",\"target\":{\"@type\":\"EntryPoint\",\"urlTemplate\":\"https:\/\/www.pm.pb.gov.br\/portal\/?s={search_term_string}\"},\"query-input\":\"required name=search_term_string\"}],\"inLanguage\":\"pt-BR\"},{\"@type\":\"Organization\",\"@id\":\"https:\/\/www.pm.pb.gov.br\/portal\/#organization\",\"name\":\"Pol\u00edcia Militar da Para\u00edba\",\"url\":\"https:\/\/www.pm.pb.gov.br\/portal\/\",\"logo\":{\"@type\":\"ImageObject\",\"inLanguage\":\"pt-BR\",\"@id\":\"https:\/\/www.pm.pb.gov.br\/portal\/#\/schema\/logo\/image\/\",\"url\":\"https:\/\/www.pm.pb.gov.br\/portal\/wp-content\/uploads\/2025\/03\/cropped-logo-site-mag2-1.png\",\"contentUrl\":\"https:\/\/www.pm.pb.gov.br\/portal\/wp-content\/uploads\/2025\/03\/cropped-logo-site-mag2-1.png\",\"width\":320,\"height\":90,\"caption\":\"Pol\u00edcia Militar da Para\u00edba\"},\"image\":{\"@id\":\"https:\/\/www.pm.pb.gov.br\/portal\/#\/schema\/logo\/image\/\"}},{\"@type\":\"Person\",\"@id\":\"https:\/\/www.pm.pb.gov.br\/portal\/#\/schema\/person\/b169b297b8494dea236e315ed1a201d1\",\"name\":\"WAGNER HENRIQUE VARELA DA SILVA\",\"image\":{\"@type\":\"ImageObject\",\"inLanguage\":\"pt-BR\",\"@id\":\"https:\/\/www.pm.pb.gov.br\/portal\/#\/schema\/person\/image\/\",\"url\":\"https:\/\/secure.gravatar.com\/avatar\/e08af53176a66730df5c0706c6c31fd6?s=96&d=mm&r=g\",\"contentUrl\":\"https:\/\/secure.gravatar.com\/avatar\/e08af53176a66730df5c0706c6c31fd6?s=96&d=mm&r=g\",\"caption\":\"WAGNER HENRIQUE VARELA DA SILVA\"},\"url\":\"https:\/\/www.pm.pb.gov.br\/portal\/author\/varela\/\"}]}<\/script>\n<!-- \/ Yoast SEO plugin. -->","yoast_head_json":{"title":"Pol\u00edcia Militar monta cerco e prende acusado de tr\u00e1fico com tr\u00eas armas na cidade de Cajazeiras - Pol\u00edcia Militar da Para\u00edba","robots":{"index":"index","follow":"follow","max-snippet":"max-snippet:-1","max-image-preview":"max-image-preview:large","max-video-preview":"max-video-preview:-1"},"canonical":"https:\/\/www.pm.pb.gov.br\/portal\/2020\/07\/01\/policia-militar-monta-cerco-e-prende-acusado-de-trafico-com-tres-armas-na-cidade-de-cajazeiras\/","og_locale":"pt_BR","og_type":"article","og_title":"Pol\u00edcia Militar monta cerco e prende acusado de tr\u00e1fico com tr\u00eas armas na cidade de Cajazeiras - Pol\u00edcia Militar da Para\u00edba","og_description":"A Pol\u00edcia Militar prendeu um acusado de tr\u00e1fico de drogas com tr\u00eas armas de fogo, nesta quarta-feira (1\u00ba), durante cerco","og_url":"https:\/\/www.pm.pb.gov.br\/portal\/2020\/07\/01\/policia-militar-monta-cerco-e-prende-acusado-de-trafico-com-tres-armas-na-cidade-de-cajazeiras\/","og_site_name":"Pol\u00edcia Militar da Para\u00edba","article_published_time":"2020-07-01T23:36:38+00:00","article_modified_time":"2020-07-01T23:36:40+00:00","og_image":[{"width":1032,"height":774,"url":"https:\/\/www.pm.pb.gov.br\/portal\/wp-content\/uploads\/2020\/07\/e7224c1b-aeca-418d-bd77-a444b5f4902f.jpg","type":"image\/jpeg"}],"author":"WAGNER HENRIQUE VARELA DA SILVA","twitter_card":"summary_large_image","twitter_misc":{"Escrito por":"WAGNER HENRIQUE VARELA DA SILVA","Est. tempo de leitura":"1 minuto"},"schema":{"@context":"https:\/\/schema.org","@graph":[{"@type":"Article","@id":"https:\/\/www.pm.pb.gov.br\/portal\/2020\/07\/01\/policia-militar-monta-cerco-e-prende-acusado-de-trafico-com-tres-armas-na-cidade-de-cajazeiras\/#article","isPartOf":{"@id":"https:\/\/www.pm.pb.gov.br\/portal\/2020\/07\/01\/policia-militar-monta-cerco-e-prende-acusado-de-trafico-com-tres-armas-na-cidade-de-cajazeiras\/"},"author":{"name":"WAGNER HENRIQUE VARELA DA SILVA","@id":"https:\/\/www.pm.pb.gov.br\/portal\/#\/schema\/person\/b169b297b8494dea236e315ed1a201d1"},"headline":"Pol\u00edcia Militar monta cerco e prende acusado de tr\u00e1fico com tr\u00eas armas na cidade de Cajazeiras","datePublished":"2020-07-01T23:36:38+00:00","dateModified":"2020-07-01T23:36:40+00:00","mainEntityOfPage":{"@id":"https:\/\/www.pm.pb.gov.br\/portal\/2020\/07\/01\/policia-militar-monta-cerco-e-prende-acusado-de-trafico-com-tres-armas-na-cidade-de-cajazeiras\/"},"wordCount":215,"publisher":{"@id":"https:\/\/www.pm.pb.gov.br\/portal\/#organization"},"articleSection":["A\u00e7\u00f5es Policiais"],"inLanguage":"pt-BR"},{"@type":"WebPage","@id":"https:\/\/www.pm.pb.gov.br\/portal\/2020\/07\/01\/policia-militar-monta-cerco-e-prende-acusado-de-trafico-com-tres-armas-na-cidade-de-cajazeiras\/","url":"https:\/\/www.pm.pb.gov.br\/portal\/2020\/07\/01\/policia-militar-monta-cerco-e-prende-acusado-de-trafico-com-tres-armas-na-cidade-de-cajazeiras\/","name":"Pol\u00edcia Militar monta cerco e prende acusado de tr\u00e1fico com tr\u00eas armas na cidade de Cajazeiras - Pol\u00edcia Militar da Para\u00edba","isPartOf":{"@id":"https:\/\/www.pm.pb.gov.br\/portal\/#website"},"datePublished":"2020-07-01T23:36:38+00:00","dateModified":"2020-07-01T23:36:40+00:00","breadcrumb":{"@id":"https:\/\/www.pm.pb.gov.br\/portal\/2020\/07\/01\/policia-militar-monta-cerco-e-prende-acusado-de-trafico-com-tres-armas-na-cidade-de-cajazeiras\/#breadcrumb"},"inLanguage":"pt-BR","potentialAction":[{"@type":"ReadAction","target":["https:\/\/www.pm.pb.gov.br\/portal\/2020\/07\/01\/policia-militar-monta-cerco-e-prende-acusado-de-trafico-com-tres-armas-na-cidade-de-cajazeiras\/"]}]},{"@type":"BreadcrumbList","@id":"https:\/\/www.pm.pb.gov.br\/portal\/2020\/07\/01\/policia-militar-monta-cerco-e-prende-acusado-de-trafico-com-tres-armas-na-cidade-de-cajazeiras\/#breadcrumb","itemListElement":[{"@type":"ListItem","position":1,"name":"In\u00edcio","item":"https:\/\/www.pm.pb.gov.br\/portal\/"},{"@type":"ListItem","position":2,"name":"Pol\u00edcia Militar monta cerco e prende acusado de tr\u00e1fico com tr\u00eas armas na cidade de Cajazeiras"}]},{"@type":"WebSite","@id":"https:\/\/www.pm.pb.gov.br\/portal\/#website","url":"https:\/\/www.pm.pb.gov.br\/portal\/","name":"Pol\u00edcia Militar da Para\u00edba","description":"","publisher":{"@id":"https:\/\/www.pm.pb.gov.br\/portal\/#organization"},"potentialAction":[{"@type":"SearchAction","target":{"@type":"EntryPoint","urlTemplate":"https:\/\/www.pm.pb.gov.br\/portal\/?s={search_term_string}"},"query-input":"required name=search_term_string"}],"inLanguage":"pt-BR"},{"@type":"Organization","@id":"https:\/\/www.pm.pb.gov.br\/portal\/#organization","name":"Pol\u00edcia Militar da Para\u00edba","url":"https:\/\/www.pm.pb.gov.br\/portal\/","logo":{"@type":"ImageObject","inLanguage":"pt-BR","@id":"https:\/\/www.pm.pb.gov.br\/portal\/#\/schema\/logo\/image\/","url":"https:\/\/www.pm.pb.gov.br\/portal\/wp-content\/uploads\/2025\/03\/cropped-logo-site-mag2-1.png","contentUrl":"https:\/\/www.pm.pb.gov.br\/portal\/wp-content\/uploads\/2025\/03\/cropped-logo-site-mag2-1.png","width":320,"height":90,"caption":"Pol\u00edcia Militar da Para\u00edba"},"image":{"@id":"https:\/\/www.pm.pb.gov.br\/portal\/#\/schema\/logo\/image\/"}},{"@type":"Person","@id":"https:\/\/www.pm.pb.gov.br\/portal\/#\/schema\/person\/b169b297b8494dea236e315ed1a201d1","name":"WAGNER HENRIQUE VARELA DA SILVA","image":{"@type":"ImageObject","inLanguage":"pt-BR","@id":"https:\/\/www.pm.pb.gov.br\/portal\/#\/schema\/person\/image\/","url":"https:\/\/secure.gravatar.com\/avatar\/e08af53176a66730df5c0706c6c31fd6?s=96&d=mm&r=g","contentUrl":"https:\/\/secure.gravatar.com\/avatar\/e08af53176a66730df5c0706c6c31fd6?s=96&d=mm&r=g","caption":"WAGNER HENRIQUE VARELA DA SILVA"},"url":"https:\/\/www.pm.pb.gov.br\/portal\/author\/varela\/"}]}},"_links":{"self":[{"href":"https:\/\/www.pm.pb.gov.br\/portal\/wp-json\/wp\/v2\/posts\/905882"}],"collection":[{"href":"https:\/\/www.pm.pb.gov.br\/portal\/wp-json\/wp\/v2\/posts"}],"about":[{"href":"https:\/\/www.pm.pb.gov.br\/portal\/wp-json\/wp\/v2\/types\/post"}],"author":[{"embeddable":true,"href":"https:\/\/www.pm.pb.gov.br\/portal\/wp-json\/wp\/v2\/users\/10"}],"replies":[{"embeddable":true,"href":"https:\/\/www.pm.pb.gov.br\/portal\/wp-json\/wp\/v2\/comments?post=905882"}],"version-history":[{"count":2,"href":"https:\/\/www.pm.pb.gov.br\/portal\/wp-json\/wp\/v2\/posts\/905882\/revisions"}],"predecessor-version":[{"id":905900,"href":"https:\/\/www.pm.pb.gov.br\/portal\/wp-json\/wp\/v2\/posts\/905882\/revisions\/905900"}],"wp:featuredmedia":[{"embeddable":true,"href":"https:\/\/www.pm.pb.gov.br\/portal\/wp-json\/wp\/v2\/media\/905899"}],"wp:attachment":[{"href":"https:\/\/www.pm.pb.gov.br\/portal\/wp-json\/wp\/v2\/media?parent=905882"}],"wp:term":[{"taxonomy":"category","embeddable":true,"href":"https:\/\/www.pm.pb.gov.br\/portal\/wp-json\/wp\/v2\/categories?post=905882"},{"taxonomy":"post_tag","embeddable":true,"href":"https:\/\/www.pm.pb.gov.br\/portal\/wp-json\/wp\/v2\/tags?post=905882"}],"curies":[{"name":"wp","href":"https:\/\/api.w.org\/{rel}","templated":true}]}}