{"id":905875,"date":"2020-06-30T21:23:50","date_gmt":"2020-07-01T00:23:50","guid":{"rendered":"http:\/\/www.pm.pb.gov.br\/portal\/?p=905875"},"modified":"2020-06-30T22:20:29","modified_gmt":"2020-07-01T01:20:29","slug":"coronel-euller-e-eleito-presidente-do-conselho-nacional-de-comandantes-gerais-das-policias-e-corpos-de-bombeiros-militares","status":"publish","type":"post","link":"https:\/\/www.pm.pb.gov.br\/portal\/2020\/06\/30\/coronel-euller-e-eleito-presidente-do-conselho-nacional-de-comandantes-gerais-das-policias-e-corpos-de-bombeiros-militares\/","title":{"rendered":"Coronel Euller \u00e9 eleito presidente do Conselho Nacional de Comandantes-Gerais das Pol\u00edcias e Corpos de Bombeiros Militares"},"content":{"rendered":"\n<p>Pela primeira vez na hist\u00f3ria, o Conselho Nacional de Comandantes-Gerais das Pol\u00edcias e Corpos de Bombeiros Militares (CNCG) do Brasil ter\u00e1 como presidente um comandante de uma corpora\u00e7\u00e3o do Nordeste. A fun\u00e7\u00e3o agora passa a ser ocupada pelo comandante-geral da Pol\u00edcia Militar da Para\u00edba, coronel Euller Chaves, que foi eleito nesta ter\u00e7a-feira (30), durante reuni\u00e3o ordin\u00e1ria, feita por videoconfer\u00eancia.<br><br>O conselho, que re\u00fane os comandantes-gerais de todas as institui\u00e7\u00f5es militares estaduais, foi criado em 1993 e \u00e9 respons\u00e1vel por pautar e acompanhar as decis\u00f5es e projetos de lei nacionais relacionados \u00e0s Pol\u00edcias Militares, Corpo de Bombeiros Militares e a seguran\u00e7a p\u00fablica como um todo.<br><br>A elei\u00e7\u00e3o do comandante da PM paraibana contou com apoio un\u00e2nime dos comandantes das demais corpora\u00e7\u00f5es. A nova gest\u00e3o tem como 1\u00ba vice-presidente o comandante-geral do Corpo de Bombeiros Militar da Bahia, coronel Telles, e o 2\u00ba vice-presidente \u00e9 o comandante-geral da Pol\u00edcia Militar do Amazonas, coronel Norte. Nas regionais, o presidente da Regi\u00e3o Sul \u00e9 o comandante-geral da Pol\u00edcia Militar do Paran\u00e1, coronel P\u00e9ricles; na Regi\u00e3o Sudeste \u00e9 o comandante-geral da Pol\u00edcia Militar de Minas Gerais, coronel Rodrigo; na Regi\u00e3o Norte, \u00e9 o comandante-geral da Pol\u00edcia Militar do Par\u00e1, o coronel Dilson; Na Regi\u00e3o Centro-Oeste, \u00e9 o comandante-geral da Pol\u00edcia Militar do Distrito Federal, coronel Pontes; e na Regi\u00e3o Nordeste, \u00e9 o comandante-geral da Pol\u00edcia Militar do Rio Grande do Norte, coronel Alarico.<br><br>Nesta quarta-feira (1\u00ba), \u00e0s 14h, o coronel Euller participar\u00e1 de uma videoconfer\u00eancia que vai debater as perspectivas da seguran\u00e7a p\u00fablica para o p\u00f3s-pandemia, com v\u00e1rias autoridades da \u00e1rea de todo o pa\u00eds. O evento \u00e9 aberto a participa\u00e7\u00e3o do p\u00fablico, que pode se inscrever gratuitamente atrav\u00e9s do link https:\/\/bit.ly\/laadsw1<\/p>\n","protected":false},"excerpt":{"rendered":"<p>Pela primeira vez na hist\u00f3ria, o Conselho Nacional de Comandantes-Gerais das Pol\u00edcias e Corpos de Bombeiros Militares (CNCG) do Brasil<\/p>\n","protected":false},"author":10,"featured_media":905889,"comment_status":"closed","ping_status":"closed","sticky":false,"template":"","format":"standard","meta":{"_exactmetrics_skip_tracking":false,"_exactmetrics_sitenote_active":false,"_exactmetrics_sitenote_note":"","_exactmetrics_sitenote_category":0,"footnotes":""},"categories":[4],"tags":[],"yoast_head":"<!-- This site is optimized with the Yoast SEO plugin v22.0 - https:\/\/yoast.com\/wordpress\/plugins\/seo\/ -->\n<title>Coronel Euller \u00e9 eleito presidente do Conselho Nacional de Comandantes-Gerais das Pol\u00edcias e Corpos de Bombeiros Militares - Pol\u00edcia Militar da Para\u00edba<\/title>\n<meta name=\"robots\" content=\"index, follow, max-snippet:-1, max-image-preview:large, max-video-preview:-1\" \/>\n<link rel=\"canonical\" href=\"https:\/\/www.pm.pb.gov.br\/portal\/2020\/06\/30\/coronel-euller-e-eleito-presidente-do-conselho-nacional-de-comandantes-gerais-das-policias-e-corpos-de-bombeiros-militares\/\" \/>\n<meta property=\"og:locale\" content=\"pt_BR\" \/>\n<meta property=\"og:type\" content=\"article\" \/>\n<meta property=\"og:title\" content=\"Coronel Euller \u00e9 eleito presidente do Conselho Nacional de Comandantes-Gerais das Pol\u00edcias e Corpos de Bombeiros Militares - Pol\u00edcia Militar da Para\u00edba\" \/>\n<meta property=\"og:description\" content=\"Pela primeira vez na hist\u00f3ria, o Conselho Nacional de Comandantes-Gerais das Pol\u00edcias e Corpos de Bombeiros Militares (CNCG) do Brasil\" \/>\n<meta property=\"og:url\" content=\"https:\/\/www.pm.pb.gov.br\/portal\/2020\/06\/30\/coronel-euller-e-eleito-presidente-do-conselho-nacional-de-comandantes-gerais-das-policias-e-corpos-de-bombeiros-militares\/\" \/>\n<meta property=\"og:site_name\" content=\"Pol\u00edcia Militar da Para\u00edba\" \/>\n<meta property=\"article:published_time\" content=\"2020-07-01T00:23:50+00:00\" \/>\n<meta property=\"article:modified_time\" content=\"2020-07-01T01:20:29+00:00\" \/>\n<meta property=\"og:image\" content=\"https:\/\/www.pm.pb.gov.br\/portal\/wp-content\/uploads\/2020\/06\/c6efb903-e551-4991-9b55-9b69a0930ff6-1.jpg\" \/>\n\t<meta property=\"og:image:width\" content=\"1280\" \/>\n\t<meta property=\"og:image:height\" content=\"960\" \/>\n\t<meta property=\"og:image:type\" content=\"image\/jpeg\" \/>\n<meta name=\"author\" content=\"WAGNER HENRIQUE VARELA DA SILVA\" \/>\n<meta name=\"twitter:card\" content=\"summary_large_image\" \/>\n<meta name=\"twitter:label1\" content=\"Escrito por\" \/>\n\t<meta name=\"twitter:data1\" content=\"WAGNER HENRIQUE VARELA DA SILVA\" \/>\n\t<meta name=\"twitter:label2\" content=\"Est. tempo de leitura\" \/>\n\t<meta name=\"twitter:data2\" content=\"2 minutos\" \/>\n<script type=\"application\/ld+json\" class=\"yoast-schema-graph\">{\"@context\":\"https:\/\/schema.org\",\"@graph\":[{\"@type\":\"Article\",\"@id\":\"https:\/\/www.pm.pb.gov.br\/portal\/2020\/06\/30\/coronel-euller-e-eleito-presidente-do-conselho-nacional-de-comandantes-gerais-das-policias-e-corpos-de-bombeiros-militares\/#article\",\"isPartOf\":{\"@id\":\"https:\/\/www.pm.pb.gov.br\/portal\/2020\/06\/30\/coronel-euller-e-eleito-presidente-do-conselho-nacional-de-comandantes-gerais-das-policias-e-corpos-de-bombeiros-militares\/\"},\"author\":{\"name\":\"WAGNER HENRIQUE VARELA DA SILVA\",\"@id\":\"https:\/\/www.pm.pb.gov.br\/portal\/#\/schema\/person\/b169b297b8494dea236e315ed1a201d1\"},\"headline\":\"Coronel Euller \u00e9 eleito presidente do Conselho Nacional de Comandantes-Gerais das Pol\u00edcias e Corpos de Bombeiros Militares\",\"datePublished\":\"2020-07-01T00:23:50+00:00\",\"dateModified\":\"2020-07-01T01:20:29+00:00\",\"mainEntityOfPage\":{\"@id\":\"https:\/\/www.pm.pb.gov.br\/portal\/2020\/06\/30\/coronel-euller-e-eleito-presidente-do-conselho-nacional-de-comandantes-gerais-das-policias-e-corpos-de-bombeiros-militares\/\"},\"wordCount\":326,\"publisher\":{\"@id\":\"https:\/\/www.pm.pb.gov.br\/portal\/#organization\"},\"articleSection\":[\"A\u00e7\u00f5es Policiais\"],\"inLanguage\":\"pt-BR\"},{\"@type\":\"WebPage\",\"@id\":\"https:\/\/www.pm.pb.gov.br\/portal\/2020\/06\/30\/coronel-euller-e-eleito-presidente-do-conselho-nacional-de-comandantes-gerais-das-policias-e-corpos-de-bombeiros-militares\/\",\"url\":\"https:\/\/www.pm.pb.gov.br\/portal\/2020\/06\/30\/coronel-euller-e-eleito-presidente-do-conselho-nacional-de-comandantes-gerais-das-policias-e-corpos-de-bombeiros-militares\/\",\"name\":\"Coronel Euller \u00e9 eleito presidente do Conselho Nacional de Comandantes-Gerais das Pol\u00edcias e Corpos de Bombeiros Militares - Pol\u00edcia Militar da Para\u00edba\",\"isPartOf\":{\"@id\":\"https:\/\/www.pm.pb.gov.br\/portal\/#website\"},\"datePublished\":\"2020-07-01T00:23:50+00:00\",\"dateModified\":\"2020-07-01T01:20:29+00:00\",\"breadcrumb\":{\"@id\":\"https:\/\/www.pm.pb.gov.br\/portal\/2020\/06\/30\/coronel-euller-e-eleito-presidente-do-conselho-nacional-de-comandantes-gerais-das-policias-e-corpos-de-bombeiros-militares\/#breadcrumb\"},\"inLanguage\":\"pt-BR\",\"potentialAction\":[{\"@type\":\"ReadAction\",\"target\":[\"https:\/\/www.pm.pb.gov.br\/portal\/2020\/06\/30\/coronel-euller-e-eleito-presidente-do-conselho-nacional-de-comandantes-gerais-das-policias-e-corpos-de-bombeiros-militares\/\"]}]},{\"@type\":\"BreadcrumbList\",\"@id\":\"https:\/\/www.pm.pb.gov.br\/portal\/2020\/06\/30\/coronel-euller-e-eleito-presidente-do-conselho-nacional-de-comandantes-gerais-das-policias-e-corpos-de-bombeiros-militares\/#breadcrumb\",\"itemListElement\":[{\"@type\":\"ListItem\",\"position\":1,\"name\":\"In\u00edcio\",\"item\":\"https:\/\/www.pm.pb.gov.br\/portal\/\"},{\"@type\":\"ListItem\",\"position\":2,\"name\":\"Coronel Euller \u00e9 eleito presidente do Conselho Nacional de Comandantes-Gerais das Pol\u00edcias e Corpos de Bombeiros Militares\"}]},{\"@type\":\"WebSite\",\"@id\":\"https:\/\/www.pm.pb.gov.br\/portal\/#website\",\"url\":\"https:\/\/www.pm.pb.gov.br\/portal\/\",\"name\":\"Pol\u00edcia Militar da Para\u00edba\",\"description\":\"\",\"publisher\":{\"@id\":\"https:\/\/www.pm.pb.gov.br\/portal\/#organization\"},\"potentialAction\":[{\"@type\":\"SearchAction\",\"target\":{\"@type\":\"EntryPoint\",\"urlTemplate\":\"https:\/\/www.pm.pb.gov.br\/portal\/?s={search_term_string}\"},\"query-input\":\"required name=search_term_string\"}],\"inLanguage\":\"pt-BR\"},{\"@type\":\"Organization\",\"@id\":\"https:\/\/www.pm.pb.gov.br\/portal\/#organization\",\"name\":\"Pol\u00edcia Militar da Para\u00edba\",\"url\":\"https:\/\/www.pm.pb.gov.br\/portal\/\",\"logo\":{\"@type\":\"ImageObject\",\"inLanguage\":\"pt-BR\",\"@id\":\"https:\/\/www.pm.pb.gov.br\/portal\/#\/schema\/logo\/image\/\",\"url\":\"https:\/\/www.pm.pb.gov.br\/portal\/wp-content\/uploads\/2025\/03\/cropped-logo-site-mag2-1.png\",\"contentUrl\":\"https:\/\/www.pm.pb.gov.br\/portal\/wp-content\/uploads\/2025\/03\/cropped-logo-site-mag2-1.png\",\"width\":320,\"height\":90,\"caption\":\"Pol\u00edcia Militar da Para\u00edba\"},\"image\":{\"@id\":\"https:\/\/www.pm.pb.gov.br\/portal\/#\/schema\/logo\/image\/\"}},{\"@type\":\"Person\",\"@id\":\"https:\/\/www.pm.pb.gov.br\/portal\/#\/schema\/person\/b169b297b8494dea236e315ed1a201d1\",\"name\":\"WAGNER HENRIQUE VARELA DA SILVA\",\"image\":{\"@type\":\"ImageObject\",\"inLanguage\":\"pt-BR\",\"@id\":\"https:\/\/www.pm.pb.gov.br\/portal\/#\/schema\/person\/image\/\",\"url\":\"https:\/\/secure.gravatar.com\/avatar\/e08af53176a66730df5c0706c6c31fd6?s=96&d=mm&r=g\",\"contentUrl\":\"https:\/\/secure.gravatar.com\/avatar\/e08af53176a66730df5c0706c6c31fd6?s=96&d=mm&r=g\",\"caption\":\"WAGNER HENRIQUE VARELA DA SILVA\"},\"url\":\"https:\/\/www.pm.pb.gov.br\/portal\/author\/varela\/\"}]}<\/script>\n<!-- \/ Yoast SEO plugin. -->","yoast_head_json":{"title":"Coronel Euller \u00e9 eleito presidente do Conselho Nacional de Comandantes-Gerais das Pol\u00edcias e Corpos de Bombeiros Militares - Pol\u00edcia Militar da Para\u00edba","robots":{"index":"index","follow":"follow","max-snippet":"max-snippet:-1","max-image-preview":"max-image-preview:large","max-video-preview":"max-video-preview:-1"},"canonical":"https:\/\/www.pm.pb.gov.br\/portal\/2020\/06\/30\/coronel-euller-e-eleito-presidente-do-conselho-nacional-de-comandantes-gerais-das-policias-e-corpos-de-bombeiros-militares\/","og_locale":"pt_BR","og_type":"article","og_title":"Coronel Euller \u00e9 eleito presidente do Conselho Nacional de Comandantes-Gerais das Pol\u00edcias e Corpos de Bombeiros Militares - Pol\u00edcia Militar da Para\u00edba","og_description":"Pela primeira vez na hist\u00f3ria, o Conselho Nacional de Comandantes-Gerais das Pol\u00edcias e Corpos de Bombeiros Militares (CNCG) do Brasil","og_url":"https:\/\/www.pm.pb.gov.br\/portal\/2020\/06\/30\/coronel-euller-e-eleito-presidente-do-conselho-nacional-de-comandantes-gerais-das-policias-e-corpos-de-bombeiros-militares\/","og_site_name":"Pol\u00edcia Militar da Para\u00edba","article_published_time":"2020-07-01T00:23:50+00:00","article_modified_time":"2020-07-01T01:20:29+00:00","og_image":[{"width":1280,"height":960,"url":"https:\/\/www.pm.pb.gov.br\/portal\/wp-content\/uploads\/2020\/06\/c6efb903-e551-4991-9b55-9b69a0930ff6-1.jpg","type":"image\/jpeg"}],"author":"WAGNER HENRIQUE VARELA DA SILVA","twitter_card":"summary_large_image","twitter_misc":{"Escrito por":"WAGNER HENRIQUE VARELA DA SILVA","Est. tempo de leitura":"2 minutos"},"schema":{"@context":"https:\/\/schema.org","@graph":[{"@type":"Article","@id":"https:\/\/www.pm.pb.gov.br\/portal\/2020\/06\/30\/coronel-euller-e-eleito-presidente-do-conselho-nacional-de-comandantes-gerais-das-policias-e-corpos-de-bombeiros-militares\/#article","isPartOf":{"@id":"https:\/\/www.pm.pb.gov.br\/portal\/2020\/06\/30\/coronel-euller-e-eleito-presidente-do-conselho-nacional-de-comandantes-gerais-das-policias-e-corpos-de-bombeiros-militares\/"},"author":{"name":"WAGNER HENRIQUE VARELA DA SILVA","@id":"https:\/\/www.pm.pb.gov.br\/portal\/#\/schema\/person\/b169b297b8494dea236e315ed1a201d1"},"headline":"Coronel Euller \u00e9 eleito presidente do Conselho Nacional de Comandantes-Gerais das Pol\u00edcias e Corpos de Bombeiros Militares","datePublished":"2020-07-01T00:23:50+00:00","dateModified":"2020-07-01T01:20:29+00:00","mainEntityOfPage":{"@id":"https:\/\/www.pm.pb.gov.br\/portal\/2020\/06\/30\/coronel-euller-e-eleito-presidente-do-conselho-nacional-de-comandantes-gerais-das-policias-e-corpos-de-bombeiros-militares\/"},"wordCount":326,"publisher":{"@id":"https:\/\/www.pm.pb.gov.br\/portal\/#organization"},"articleSection":["A\u00e7\u00f5es Policiais"],"inLanguage":"pt-BR"},{"@type":"WebPage","@id":"https:\/\/www.pm.pb.gov.br\/portal\/2020\/06\/30\/coronel-euller-e-eleito-presidente-do-conselho-nacional-de-comandantes-gerais-das-policias-e-corpos-de-bombeiros-militares\/","url":"https:\/\/www.pm.pb.gov.br\/portal\/2020\/06\/30\/coronel-euller-e-eleito-presidente-do-conselho-nacional-de-comandantes-gerais-das-policias-e-corpos-de-bombeiros-militares\/","name":"Coronel Euller \u00e9 eleito presidente do Conselho Nacional de Comandantes-Gerais das Pol\u00edcias e Corpos de Bombeiros Militares - Pol\u00edcia Militar da Para\u00edba","isPartOf":{"@id":"https:\/\/www.pm.pb.gov.br\/portal\/#website"},"datePublished":"2020-07-01T00:23:50+00:00","dateModified":"2020-07-01T01:20:29+00:00","breadcrumb":{"@id":"https:\/\/www.pm.pb.gov.br\/portal\/2020\/06\/30\/coronel-euller-e-eleito-presidente-do-conselho-nacional-de-comandantes-gerais-das-policias-e-corpos-de-bombeiros-militares\/#breadcrumb"},"inLanguage":"pt-BR","potentialAction":[{"@type":"ReadAction","target":["https:\/\/www.pm.pb.gov.br\/portal\/2020\/06\/30\/coronel-euller-e-eleito-presidente-do-conselho-nacional-de-comandantes-gerais-das-policias-e-corpos-de-bombeiros-militares\/"]}]},{"@type":"BreadcrumbList","@id":"https:\/\/www.pm.pb.gov.br\/portal\/2020\/06\/30\/coronel-euller-e-eleito-presidente-do-conselho-nacional-de-comandantes-gerais-das-policias-e-corpos-de-bombeiros-militares\/#breadcrumb","itemListElement":[{"@type":"ListItem","position":1,"name":"In\u00edcio","item":"https:\/\/www.pm.pb.gov.br\/portal\/"},{"@type":"ListItem","position":2,"name":"Coronel Euller \u00e9 eleito presidente do Conselho Nacional de Comandantes-Gerais das Pol\u00edcias e Corpos de Bombeiros Militares"}]},{"@type":"WebSite","@id":"https:\/\/www.pm.pb.gov.br\/portal\/#website","url":"https:\/\/www.pm.pb.gov.br\/portal\/","name":"Pol\u00edcia Militar da Para\u00edba","description":"","publisher":{"@id":"https:\/\/www.pm.pb.gov.br\/portal\/#organization"},"potentialAction":[{"@type":"SearchAction","target":{"@type":"EntryPoint","urlTemplate":"https:\/\/www.pm.pb.gov.br\/portal\/?s={search_term_string}"},"query-input":"required name=search_term_string"}],"inLanguage":"pt-BR"},{"@type":"Organization","@id":"https:\/\/www.pm.pb.gov.br\/portal\/#organization","name":"Pol\u00edcia Militar da Para\u00edba","url":"https:\/\/www.pm.pb.gov.br\/portal\/","logo":{"@type":"ImageObject","inLanguage":"pt-BR","@id":"https:\/\/www.pm.pb.gov.br\/portal\/#\/schema\/logo\/image\/","url":"https:\/\/www.pm.pb.gov.br\/portal\/wp-content\/uploads\/2025\/03\/cropped-logo-site-mag2-1.png","contentUrl":"https:\/\/www.pm.pb.gov.br\/portal\/wp-content\/uploads\/2025\/03\/cropped-logo-site-mag2-1.png","width":320,"height":90,"caption":"Pol\u00edcia Militar da Para\u00edba"},"image":{"@id":"https:\/\/www.pm.pb.gov.br\/portal\/#\/schema\/logo\/image\/"}},{"@type":"Person","@id":"https:\/\/www.pm.pb.gov.br\/portal\/#\/schema\/person\/b169b297b8494dea236e315ed1a201d1","name":"WAGNER HENRIQUE VARELA DA SILVA","image":{"@type":"ImageObject","inLanguage":"pt-BR","@id":"https:\/\/www.pm.pb.gov.br\/portal\/#\/schema\/person\/image\/","url":"https:\/\/secure.gravatar.com\/avatar\/e08af53176a66730df5c0706c6c31fd6?s=96&d=mm&r=g","contentUrl":"https:\/\/secure.gravatar.com\/avatar\/e08af53176a66730df5c0706c6c31fd6?s=96&d=mm&r=g","caption":"WAGNER HENRIQUE VARELA DA SILVA"},"url":"https:\/\/www.pm.pb.gov.br\/portal\/author\/varela\/"}]}},"_links":{"self":[{"href":"https:\/\/www.pm.pb.gov.br\/portal\/wp-json\/wp\/v2\/posts\/905875"}],"collection":[{"href":"https:\/\/www.pm.pb.gov.br\/portal\/wp-json\/wp\/v2\/posts"}],"about":[{"href":"https:\/\/www.pm.pb.gov.br\/portal\/wp-json\/wp\/v2\/types\/post"}],"author":[{"embeddable":true,"href":"https:\/\/www.pm.pb.gov.br\/portal\/wp-json\/wp\/v2\/users\/10"}],"replies":[{"embeddable":true,"href":"https:\/\/www.pm.pb.gov.br\/portal\/wp-json\/wp\/v2\/comments?post=905875"}],"version-history":[{"count":3,"href":"https:\/\/www.pm.pb.gov.br\/portal\/wp-json\/wp\/v2\/posts\/905875\/revisions"}],"predecessor-version":[{"id":905887,"href":"https:\/\/www.pm.pb.gov.br\/portal\/wp-json\/wp\/v2\/posts\/905875\/revisions\/905887"}],"wp:featuredmedia":[{"embeddable":true,"href":"https:\/\/www.pm.pb.gov.br\/portal\/wp-json\/wp\/v2\/media\/905889"}],"wp:attachment":[{"href":"https:\/\/www.pm.pb.gov.br\/portal\/wp-json\/wp\/v2\/media?parent=905875"}],"wp:term":[{"taxonomy":"category","embeddable":true,"href":"https:\/\/www.pm.pb.gov.br\/portal\/wp-json\/wp\/v2\/categories?post=905875"},{"taxonomy":"post_tag","embeddable":true,"href":"https:\/\/www.pm.pb.gov.br\/portal\/wp-json\/wp\/v2\/tags?post=905875"}],"curies":[{"name":"wp","href":"https:\/\/api.w.org\/{rel}","templated":true}]}}