{"id":905839,"date":"2020-06-29T08:44:36","date_gmt":"2020-06-29T11:44:36","guid":{"rendered":"http:\/\/www.pm.pb.gov.br\/portal\/?p=905839"},"modified":"2020-06-29T08:52:14","modified_gmt":"2020-06-29T11:52:14","slug":"pm-prende-suspeitos-de-arrombar-quiosques-da-orla-da-capital-e-recupera-mercadorias-dos-comerciantes","status":"publish","type":"post","link":"https:\/\/www.pm.pb.gov.br\/portal\/2020\/06\/29\/pm-prende-suspeitos-de-arrombar-quiosques-da-orla-da-capital-e-recupera-mercadorias-dos-comerciantes\/","title":{"rendered":"PM prende suspeitos de arrombar quiosques da orla da Capital e recupera mercadorias dos comerciantes"},"content":{"rendered":"\n<p>A Pol\u00edcia Militar prendeu mais tr\u00eas suspeitos de arrombamentos de quiosques da orla de Jo\u00e3o de Pessoa, na madrugada desta segunda-feira (29), e recuperou com os acusados v\u00e1rias bebidas e outros objetos dos comerciantes. O trio era formado por dois homens de 19 anos, cada, e uma mulher, de 20. A pris\u00e3o deles aconteceu na praia do Cabo Branco. Com esses, j\u00e1 s\u00e3o 14 presos por furtos na regi\u00e3o, em menos de dois meses.<br><br>O comandante da Companhia Especializada em Apoio ao Turista (CEATur), major Bruno Rodrigues, contou que a pris\u00e3o do trio foi consequ\u00eancia do refor\u00e7o do policiamento na regi\u00e3o. \u201cDesde s\u00e1bado, refor\u00e7amos ainda mais as rondas na orla para continuar a preven\u00e7\u00e3o e combate a este tipo de crime, que at\u00e9 ent\u00e3o j\u00e1 t\u00ednhamos prendido 11 suspeitos, e na madrugada desta segunda-feira, quando uma de nossas guarni\u00e7\u00f5es passava pelo Cabo Branco, recebeu a informa\u00e7\u00e3o de que dois homens e uma mulher tinham arrombado um quiosque, foram feitas buscas imediatamente e eles foram presos com todas as mercadorias, tentando fugir pela parte da areia da praia\u201d, detalhou.<br><br>Os presos s\u00e3o de uma comunidade do bairro do Altiplano. Um deles j\u00e1 tinha sido preso h\u00e1 menos de tr\u00eas pelo mesmo crime de furto. Os trio foi apresentado na Central de Flagrantes, no Geisel. <\/p>\n\n\n\n<figure class=\"wp-block-image size-large\"><img loading=\"lazy\" decoding=\"async\" width=\"760\" height=\"570\" src=\"http:\/\/www.pm.pb.gov.br\/portal\/wp-content\/uploads\/2020\/06\/material-recuperado-760x570.jpg\" alt=\"\" class=\"wp-image-905843\" srcset=\"https:\/\/www.pm.pb.gov.br\/portal\/wp-content\/uploads\/2020\/06\/material-recuperado-760x570.jpg 760w, https:\/\/www.pm.pb.gov.br\/portal\/wp-content\/uploads\/2020\/06\/material-recuperado-593x445.jpg 593w, https:\/\/www.pm.pb.gov.br\/portal\/wp-content\/uploads\/2020\/06\/material-recuperado-768x576.jpg 768w, https:\/\/www.pm.pb.gov.br\/portal\/wp-content\/uploads\/2020\/06\/material-recuperado.jpg 1280w\" sizes=\"(max-width: 760px) 100vw, 760px\" \/><\/figure>\n\n\n","protected":false},"excerpt":{"rendered":"<p>A Pol\u00edcia Militar prendeu mais tr\u00eas suspeitos de arrombamentos de quiosques da orla de Jo\u00e3o de Pessoa, na madrugada desta<\/p>\n","protected":false},"author":10,"featured_media":905846,"comment_status":"closed","ping_status":"closed","sticky":false,"template":"","format":"standard","meta":{"_exactmetrics_skip_tracking":false,"_exactmetrics_sitenote_active":false,"_exactmetrics_sitenote_note":"","_exactmetrics_sitenote_category":0,"footnotes":""},"categories":[4],"tags":[],"yoast_head":"<!-- This site is optimized with the Yoast SEO plugin v22.0 - https:\/\/yoast.com\/wordpress\/plugins\/seo\/ -->\n<title>PM prende suspeitos de arrombar quiosques da orla da Capital e recupera mercadorias dos comerciantes - Pol\u00edcia Militar da Para\u00edba<\/title>\n<meta name=\"robots\" content=\"index, follow, max-snippet:-1, max-image-preview:large, max-video-preview:-1\" \/>\n<link rel=\"canonical\" href=\"https:\/\/www.pm.pb.gov.br\/portal\/2020\/06\/29\/pm-prende-suspeitos-de-arrombar-quiosques-da-orla-da-capital-e-recupera-mercadorias-dos-comerciantes\/\" \/>\n<meta property=\"og:locale\" content=\"pt_BR\" \/>\n<meta property=\"og:type\" content=\"article\" \/>\n<meta property=\"og:title\" content=\"PM prende suspeitos de arrombar quiosques da orla da Capital e recupera mercadorias dos comerciantes - Pol\u00edcia Militar da Para\u00edba\" \/>\n<meta property=\"og:description\" content=\"A Pol\u00edcia Militar prendeu mais tr\u00eas suspeitos de arrombamentos de quiosques da orla de Jo\u00e3o de Pessoa, na madrugada desta\" \/>\n<meta property=\"og:url\" content=\"https:\/\/www.pm.pb.gov.br\/portal\/2020\/06\/29\/pm-prende-suspeitos-de-arrombar-quiosques-da-orla-da-capital-e-recupera-mercadorias-dos-comerciantes\/\" \/>\n<meta property=\"og:site_name\" content=\"Pol\u00edcia Militar da Para\u00edba\" \/>\n<meta property=\"article:published_time\" content=\"2020-06-29T11:44:36+00:00\" \/>\n<meta property=\"article:modified_time\" content=\"2020-06-29T11:52:14+00:00\" \/>\n<meta property=\"og:image\" content=\"https:\/\/www.pm.pb.gov.br\/portal\/wp-content\/uploads\/2020\/06\/material-recuperado-760x57011-1.jpg\" \/>\n\t<meta property=\"og:image:width\" content=\"800\" \/>\n\t<meta property=\"og:image:height\" content=\"445\" \/>\n\t<meta property=\"og:image:type\" content=\"image\/jpeg\" \/>\n<meta name=\"author\" content=\"WAGNER HENRIQUE VARELA DA SILVA\" \/>\n<meta name=\"twitter:card\" content=\"summary_large_image\" \/>\n<meta name=\"twitter:label1\" content=\"Escrito por\" \/>\n\t<meta name=\"twitter:data1\" content=\"WAGNER HENRIQUE VARELA DA SILVA\" \/>\n\t<meta name=\"twitter:label2\" content=\"Est. tempo de leitura\" \/>\n\t<meta name=\"twitter:data2\" content=\"1 minuto\" \/>\n<script type=\"application\/ld+json\" class=\"yoast-schema-graph\">{\"@context\":\"https:\/\/schema.org\",\"@graph\":[{\"@type\":\"Article\",\"@id\":\"https:\/\/www.pm.pb.gov.br\/portal\/2020\/06\/29\/pm-prende-suspeitos-de-arrombar-quiosques-da-orla-da-capital-e-recupera-mercadorias-dos-comerciantes\/#article\",\"isPartOf\":{\"@id\":\"https:\/\/www.pm.pb.gov.br\/portal\/2020\/06\/29\/pm-prende-suspeitos-de-arrombar-quiosques-da-orla-da-capital-e-recupera-mercadorias-dos-comerciantes\/\"},\"author\":{\"name\":\"WAGNER HENRIQUE VARELA DA SILVA\",\"@id\":\"https:\/\/www.pm.pb.gov.br\/portal\/#\/schema\/person\/b169b297b8494dea236e315ed1a201d1\"},\"headline\":\"PM prende suspeitos de arrombar quiosques da orla da Capital e recupera mercadorias dos comerciantes\",\"datePublished\":\"2020-06-29T11:44:36+00:00\",\"dateModified\":\"2020-06-29T11:52:14+00:00\",\"mainEntityOfPage\":{\"@id\":\"https:\/\/www.pm.pb.gov.br\/portal\/2020\/06\/29\/pm-prende-suspeitos-de-arrombar-quiosques-da-orla-da-capital-e-recupera-mercadorias-dos-comerciantes\/\"},\"wordCount\":243,\"publisher\":{\"@id\":\"https:\/\/www.pm.pb.gov.br\/portal\/#organization\"},\"articleSection\":[\"A\u00e7\u00f5es Policiais\"],\"inLanguage\":\"pt-BR\"},{\"@type\":\"WebPage\",\"@id\":\"https:\/\/www.pm.pb.gov.br\/portal\/2020\/06\/29\/pm-prende-suspeitos-de-arrombar-quiosques-da-orla-da-capital-e-recupera-mercadorias-dos-comerciantes\/\",\"url\":\"https:\/\/www.pm.pb.gov.br\/portal\/2020\/06\/29\/pm-prende-suspeitos-de-arrombar-quiosques-da-orla-da-capital-e-recupera-mercadorias-dos-comerciantes\/\",\"name\":\"PM prende suspeitos de arrombar quiosques da orla da Capital e recupera mercadorias dos comerciantes - Pol\u00edcia Militar da Para\u00edba\",\"isPartOf\":{\"@id\":\"https:\/\/www.pm.pb.gov.br\/portal\/#website\"},\"datePublished\":\"2020-06-29T11:44:36+00:00\",\"dateModified\":\"2020-06-29T11:52:14+00:00\",\"breadcrumb\":{\"@id\":\"https:\/\/www.pm.pb.gov.br\/portal\/2020\/06\/29\/pm-prende-suspeitos-de-arrombar-quiosques-da-orla-da-capital-e-recupera-mercadorias-dos-comerciantes\/#breadcrumb\"},\"inLanguage\":\"pt-BR\",\"potentialAction\":[{\"@type\":\"ReadAction\",\"target\":[\"https:\/\/www.pm.pb.gov.br\/portal\/2020\/06\/29\/pm-prende-suspeitos-de-arrombar-quiosques-da-orla-da-capital-e-recupera-mercadorias-dos-comerciantes\/\"]}]},{\"@type\":\"BreadcrumbList\",\"@id\":\"https:\/\/www.pm.pb.gov.br\/portal\/2020\/06\/29\/pm-prende-suspeitos-de-arrombar-quiosques-da-orla-da-capital-e-recupera-mercadorias-dos-comerciantes\/#breadcrumb\",\"itemListElement\":[{\"@type\":\"ListItem\",\"position\":1,\"name\":\"In\u00edcio\",\"item\":\"https:\/\/www.pm.pb.gov.br\/portal\/\"},{\"@type\":\"ListItem\",\"position\":2,\"name\":\"PM prende suspeitos de arrombar quiosques da orla da Capital e recupera mercadorias dos comerciantes\"}]},{\"@type\":\"WebSite\",\"@id\":\"https:\/\/www.pm.pb.gov.br\/portal\/#website\",\"url\":\"https:\/\/www.pm.pb.gov.br\/portal\/\",\"name\":\"Pol\u00edcia Militar da Para\u00edba\",\"description\":\"\",\"publisher\":{\"@id\":\"https:\/\/www.pm.pb.gov.br\/portal\/#organization\"},\"potentialAction\":[{\"@type\":\"SearchAction\",\"target\":{\"@type\":\"EntryPoint\",\"urlTemplate\":\"https:\/\/www.pm.pb.gov.br\/portal\/?s={search_term_string}\"},\"query-input\":\"required name=search_term_string\"}],\"inLanguage\":\"pt-BR\"},{\"@type\":\"Organization\",\"@id\":\"https:\/\/www.pm.pb.gov.br\/portal\/#organization\",\"name\":\"Pol\u00edcia Militar da Para\u00edba\",\"url\":\"https:\/\/www.pm.pb.gov.br\/portal\/\",\"logo\":{\"@type\":\"ImageObject\",\"inLanguage\":\"pt-BR\",\"@id\":\"https:\/\/www.pm.pb.gov.br\/portal\/#\/schema\/logo\/image\/\",\"url\":\"https:\/\/www.pm.pb.gov.br\/portal\/wp-content\/uploads\/2025\/03\/cropped-logo-site-mag2-1.png\",\"contentUrl\":\"https:\/\/www.pm.pb.gov.br\/portal\/wp-content\/uploads\/2025\/03\/cropped-logo-site-mag2-1.png\",\"width\":320,\"height\":90,\"caption\":\"Pol\u00edcia Militar da Para\u00edba\"},\"image\":{\"@id\":\"https:\/\/www.pm.pb.gov.br\/portal\/#\/schema\/logo\/image\/\"}},{\"@type\":\"Person\",\"@id\":\"https:\/\/www.pm.pb.gov.br\/portal\/#\/schema\/person\/b169b297b8494dea236e315ed1a201d1\",\"name\":\"WAGNER HENRIQUE VARELA DA SILVA\",\"image\":{\"@type\":\"ImageObject\",\"inLanguage\":\"pt-BR\",\"@id\":\"https:\/\/www.pm.pb.gov.br\/portal\/#\/schema\/person\/image\/\",\"url\":\"https:\/\/secure.gravatar.com\/avatar\/e08af53176a66730df5c0706c6c31fd6?s=96&d=mm&r=g\",\"contentUrl\":\"https:\/\/secure.gravatar.com\/avatar\/e08af53176a66730df5c0706c6c31fd6?s=96&d=mm&r=g\",\"caption\":\"WAGNER HENRIQUE VARELA DA SILVA\"},\"url\":\"https:\/\/www.pm.pb.gov.br\/portal\/author\/varela\/\"}]}<\/script>\n<!-- \/ Yoast SEO plugin. -->","yoast_head_json":{"title":"PM prende suspeitos de arrombar quiosques da orla da Capital e recupera mercadorias dos comerciantes - Pol\u00edcia Militar da Para\u00edba","robots":{"index":"index","follow":"follow","max-snippet":"max-snippet:-1","max-image-preview":"max-image-preview:large","max-video-preview":"max-video-preview:-1"},"canonical":"https:\/\/www.pm.pb.gov.br\/portal\/2020\/06\/29\/pm-prende-suspeitos-de-arrombar-quiosques-da-orla-da-capital-e-recupera-mercadorias-dos-comerciantes\/","og_locale":"pt_BR","og_type":"article","og_title":"PM prende suspeitos de arrombar quiosques da orla da Capital e recupera mercadorias dos comerciantes - Pol\u00edcia Militar da Para\u00edba","og_description":"A Pol\u00edcia Militar prendeu mais tr\u00eas suspeitos de arrombamentos de quiosques da orla de Jo\u00e3o de Pessoa, na madrugada desta","og_url":"https:\/\/www.pm.pb.gov.br\/portal\/2020\/06\/29\/pm-prende-suspeitos-de-arrombar-quiosques-da-orla-da-capital-e-recupera-mercadorias-dos-comerciantes\/","og_site_name":"Pol\u00edcia Militar da Para\u00edba","article_published_time":"2020-06-29T11:44:36+00:00","article_modified_time":"2020-06-29T11:52:14+00:00","og_image":[{"width":800,"height":445,"url":"https:\/\/www.pm.pb.gov.br\/portal\/wp-content\/uploads\/2020\/06\/material-recuperado-760x57011-1.jpg","type":"image\/jpeg"}],"author":"WAGNER HENRIQUE VARELA DA SILVA","twitter_card":"summary_large_image","twitter_misc":{"Escrito por":"WAGNER HENRIQUE VARELA DA SILVA","Est. tempo de leitura":"1 minuto"},"schema":{"@context":"https:\/\/schema.org","@graph":[{"@type":"Article","@id":"https:\/\/www.pm.pb.gov.br\/portal\/2020\/06\/29\/pm-prende-suspeitos-de-arrombar-quiosques-da-orla-da-capital-e-recupera-mercadorias-dos-comerciantes\/#article","isPartOf":{"@id":"https:\/\/www.pm.pb.gov.br\/portal\/2020\/06\/29\/pm-prende-suspeitos-de-arrombar-quiosques-da-orla-da-capital-e-recupera-mercadorias-dos-comerciantes\/"},"author":{"name":"WAGNER HENRIQUE VARELA DA SILVA","@id":"https:\/\/www.pm.pb.gov.br\/portal\/#\/schema\/person\/b169b297b8494dea236e315ed1a201d1"},"headline":"PM prende suspeitos de arrombar quiosques da orla da Capital e recupera mercadorias dos comerciantes","datePublished":"2020-06-29T11:44:36+00:00","dateModified":"2020-06-29T11:52:14+00:00","mainEntityOfPage":{"@id":"https:\/\/www.pm.pb.gov.br\/portal\/2020\/06\/29\/pm-prende-suspeitos-de-arrombar-quiosques-da-orla-da-capital-e-recupera-mercadorias-dos-comerciantes\/"},"wordCount":243,"publisher":{"@id":"https:\/\/www.pm.pb.gov.br\/portal\/#organization"},"articleSection":["A\u00e7\u00f5es Policiais"],"inLanguage":"pt-BR"},{"@type":"WebPage","@id":"https:\/\/www.pm.pb.gov.br\/portal\/2020\/06\/29\/pm-prende-suspeitos-de-arrombar-quiosques-da-orla-da-capital-e-recupera-mercadorias-dos-comerciantes\/","url":"https:\/\/www.pm.pb.gov.br\/portal\/2020\/06\/29\/pm-prende-suspeitos-de-arrombar-quiosques-da-orla-da-capital-e-recupera-mercadorias-dos-comerciantes\/","name":"PM prende suspeitos de arrombar quiosques da orla da Capital e recupera mercadorias dos comerciantes - Pol\u00edcia Militar da Para\u00edba","isPartOf":{"@id":"https:\/\/www.pm.pb.gov.br\/portal\/#website"},"datePublished":"2020-06-29T11:44:36+00:00","dateModified":"2020-06-29T11:52:14+00:00","breadcrumb":{"@id":"https:\/\/www.pm.pb.gov.br\/portal\/2020\/06\/29\/pm-prende-suspeitos-de-arrombar-quiosques-da-orla-da-capital-e-recupera-mercadorias-dos-comerciantes\/#breadcrumb"},"inLanguage":"pt-BR","potentialAction":[{"@type":"ReadAction","target":["https:\/\/www.pm.pb.gov.br\/portal\/2020\/06\/29\/pm-prende-suspeitos-de-arrombar-quiosques-da-orla-da-capital-e-recupera-mercadorias-dos-comerciantes\/"]}]},{"@type":"BreadcrumbList","@id":"https:\/\/www.pm.pb.gov.br\/portal\/2020\/06\/29\/pm-prende-suspeitos-de-arrombar-quiosques-da-orla-da-capital-e-recupera-mercadorias-dos-comerciantes\/#breadcrumb","itemListElement":[{"@type":"ListItem","position":1,"name":"In\u00edcio","item":"https:\/\/www.pm.pb.gov.br\/portal\/"},{"@type":"ListItem","position":2,"name":"PM prende suspeitos de arrombar quiosques da orla da Capital e recupera mercadorias dos comerciantes"}]},{"@type":"WebSite","@id":"https:\/\/www.pm.pb.gov.br\/portal\/#website","url":"https:\/\/www.pm.pb.gov.br\/portal\/","name":"Pol\u00edcia Militar da Para\u00edba","description":"","publisher":{"@id":"https:\/\/www.pm.pb.gov.br\/portal\/#organization"},"potentialAction":[{"@type":"SearchAction","target":{"@type":"EntryPoint","urlTemplate":"https:\/\/www.pm.pb.gov.br\/portal\/?s={search_term_string}"},"query-input":"required name=search_term_string"}],"inLanguage":"pt-BR"},{"@type":"Organization","@id":"https:\/\/www.pm.pb.gov.br\/portal\/#organization","name":"Pol\u00edcia Militar da Para\u00edba","url":"https:\/\/www.pm.pb.gov.br\/portal\/","logo":{"@type":"ImageObject","inLanguage":"pt-BR","@id":"https:\/\/www.pm.pb.gov.br\/portal\/#\/schema\/logo\/image\/","url":"https:\/\/www.pm.pb.gov.br\/portal\/wp-content\/uploads\/2025\/03\/cropped-logo-site-mag2-1.png","contentUrl":"https:\/\/www.pm.pb.gov.br\/portal\/wp-content\/uploads\/2025\/03\/cropped-logo-site-mag2-1.png","width":320,"height":90,"caption":"Pol\u00edcia Militar da Para\u00edba"},"image":{"@id":"https:\/\/www.pm.pb.gov.br\/portal\/#\/schema\/logo\/image\/"}},{"@type":"Person","@id":"https:\/\/www.pm.pb.gov.br\/portal\/#\/schema\/person\/b169b297b8494dea236e315ed1a201d1","name":"WAGNER HENRIQUE VARELA DA SILVA","image":{"@type":"ImageObject","inLanguage":"pt-BR","@id":"https:\/\/www.pm.pb.gov.br\/portal\/#\/schema\/person\/image\/","url":"https:\/\/secure.gravatar.com\/avatar\/e08af53176a66730df5c0706c6c31fd6?s=96&d=mm&r=g","contentUrl":"https:\/\/secure.gravatar.com\/avatar\/e08af53176a66730df5c0706c6c31fd6?s=96&d=mm&r=g","caption":"WAGNER HENRIQUE VARELA DA SILVA"},"url":"https:\/\/www.pm.pb.gov.br\/portal\/author\/varela\/"}]}},"_links":{"self":[{"href":"https:\/\/www.pm.pb.gov.br\/portal\/wp-json\/wp\/v2\/posts\/905839"}],"collection":[{"href":"https:\/\/www.pm.pb.gov.br\/portal\/wp-json\/wp\/v2\/posts"}],"about":[{"href":"https:\/\/www.pm.pb.gov.br\/portal\/wp-json\/wp\/v2\/types\/post"}],"author":[{"embeddable":true,"href":"https:\/\/www.pm.pb.gov.br\/portal\/wp-json\/wp\/v2\/users\/10"}],"replies":[{"embeddable":true,"href":"https:\/\/www.pm.pb.gov.br\/portal\/wp-json\/wp\/v2\/comments?post=905839"}],"version-history":[{"count":5,"href":"https:\/\/www.pm.pb.gov.br\/portal\/wp-json\/wp\/v2\/posts\/905839\/revisions"}],"predecessor-version":[{"id":905848,"href":"https:\/\/www.pm.pb.gov.br\/portal\/wp-json\/wp\/v2\/posts\/905839\/revisions\/905848"}],"wp:featuredmedia":[{"embeddable":true,"href":"https:\/\/www.pm.pb.gov.br\/portal\/wp-json\/wp\/v2\/media\/905846"}],"wp:attachment":[{"href":"https:\/\/www.pm.pb.gov.br\/portal\/wp-json\/wp\/v2\/media?parent=905839"}],"wp:term":[{"taxonomy":"category","embeddable":true,"href":"https:\/\/www.pm.pb.gov.br\/portal\/wp-json\/wp\/v2\/categories?post=905839"},{"taxonomy":"post_tag","embeddable":true,"href":"https:\/\/www.pm.pb.gov.br\/portal\/wp-json\/wp\/v2\/tags?post=905839"}],"curies":[{"name":"wp","href":"https:\/\/api.w.org\/{rel}","templated":true}]}}