{"id":905827,"date":"2020-06-25T18:09:00","date_gmt":"2020-06-25T21:09:00","guid":{"rendered":"http:\/\/www.pm.pb.gov.br\/portal\/?p=905827"},"modified":"2020-06-25T21:10:35","modified_gmt":"2020-06-26T00:10:35","slug":"maconha-tem-sido-a-droga-mais-apreendida-pela-policia-militar-este-ano-na-paraiba","status":"publish","type":"post","link":"https:\/\/www.pm.pb.gov.br\/portal\/2020\/06\/25\/maconha-tem-sido-a-droga-mais-apreendida-pela-policia-militar-este-ano-na-paraiba\/","title":{"rendered":"Maconha tem sido a droga mais apreendida pela Pol\u00edcia Militar este ano na Para\u00edba"},"content":{"rendered":"\n<p style=\"font-weight: 400;\">A Pol\u00edcia Militar j\u00e1 apreendeu quase 400 kg de drogas, de janeiro at\u00e9 agora, na Para\u00edba (foto acima ilustrativa). Os dados foram divulgados nesta quinta-feira (25), v\u00e9spera do \u201cDia Internacional de Combate \u00e0s Drogas\u201d, que foi estabelecido pela Organiza\u00e7\u00e3o das Na\u00e7\u00f5es Unidas (ONU) como data para lembrar da necessidade de combater os problemas sociais criados pelas drogas il\u00edcitas.<\/p>\n<p style=\"font-weight: 400;\">Aqui na Para\u00edba, at\u00e9 agora, a droga mais apreendida pela Pol\u00edcia Militar foi a maconha, com quase 300 kg retirados de circula\u00e7\u00e3o. Em segundo lugar, vem a coca\u00edna, com mais 50 kg. Em terceiro, \u00e9 o crack que teve aproximadamente 29 kg apreendidos.<\/p>\n<p style=\"font-weight: 400;\">Os dados s\u00e3o da Coordenadoria de Estat\u00edstica e Avalia\u00e7\u00e3o (EM\/7) da PM e mostram que parte das drogas j\u00e1 apreendidas desde janeiro, estavam em laborat\u00f3rios de entorpecentes que foram desarticulados pela Pol\u00edcia Militar.<\/p>\n<p style=\"font-weight: 400;\">Ainda em rela\u00e7\u00e3o ao combate ao tr\u00e1fico de drogas, 830 suspeitos foram detidos, sendo 683 maiores de idade e 147 adolescentes. Nas a\u00e7\u00f5es e opera\u00e7\u00f5es contra este tipo de crime, 178 armas foram apreendidas nas m\u00e3os de acusados de atuar na seguran\u00e7a do tr\u00e1fico ou usando o armamento para cometer crimes motivados pela disputa de pontos de venda.\u00a0<\/p>\n","protected":false},"excerpt":{"rendered":"<p>A Pol\u00edcia Militar j\u00e1 apreendeu quase 400 kg de drogas, de janeiro at\u00e9 agora, na Para\u00edba (foto acima ilustrativa). Os<\/p>\n","protected":false},"author":12,"featured_media":905433,"comment_status":"closed","ping_status":"closed","sticky":false,"template":"","format":"standard","meta":{"_exactmetrics_skip_tracking":false,"_exactmetrics_sitenote_active":false,"_exactmetrics_sitenote_note":"","_exactmetrics_sitenote_category":0,"footnotes":""},"categories":[4],"tags":[],"yoast_head":"<!-- This site is optimized with the Yoast SEO plugin v22.0 - https:\/\/yoast.com\/wordpress\/plugins\/seo\/ -->\n<title>Maconha tem sido a droga mais apreendida pela Pol\u00edcia Militar este ano na Para\u00edba - Pol\u00edcia Militar da Para\u00edba<\/title>\n<meta name=\"robots\" content=\"index, follow, max-snippet:-1, max-image-preview:large, max-video-preview:-1\" \/>\n<link rel=\"canonical\" href=\"https:\/\/www.pm.pb.gov.br\/portal\/2020\/06\/25\/maconha-tem-sido-a-droga-mais-apreendida-pela-policia-militar-este-ano-na-paraiba\/\" \/>\n<meta property=\"og:locale\" content=\"pt_BR\" \/>\n<meta property=\"og:type\" content=\"article\" \/>\n<meta property=\"og:title\" content=\"Maconha tem sido a droga mais apreendida pela Pol\u00edcia Militar este ano na Para\u00edba - Pol\u00edcia Militar da Para\u00edba\" \/>\n<meta property=\"og:description\" content=\"A Pol\u00edcia Militar j\u00e1 apreendeu quase 400 kg de drogas, de janeiro at\u00e9 agora, na Para\u00edba (foto acima ilustrativa). Os\" \/>\n<meta property=\"og:url\" content=\"https:\/\/www.pm.pb.gov.br\/portal\/2020\/06\/25\/maconha-tem-sido-a-droga-mais-apreendida-pela-policia-militar-este-ano-na-paraiba\/\" \/>\n<meta property=\"og:site_name\" content=\"Pol\u00edcia Militar da Para\u00edba\" \/>\n<meta property=\"article:published_time\" content=\"2020-06-25T21:09:00+00:00\" \/>\n<meta property=\"article:modified_time\" content=\"2020-06-26T00:10:35+00:00\" \/>\n<meta property=\"og:image\" content=\"https:\/\/www.pm.pb.gov.br\/portal\/wp-content\/uploads\/2020\/05\/WhatsApp-Image-2020-05-30-at-18.08.10-1.jpeg\" \/>\n\t<meta property=\"og:image:width\" content=\"1158\" \/>\n\t<meta property=\"og:image:height\" content=\"869\" \/>\n\t<meta property=\"og:image:type\" content=\"image\/jpeg\" \/>\n<meta name=\"author\" content=\"Tarcisio Oliveira\" \/>\n<meta name=\"twitter:card\" content=\"summary_large_image\" \/>\n<meta name=\"twitter:label1\" content=\"Escrito por\" \/>\n\t<meta name=\"twitter:data1\" content=\"Tarcisio Oliveira\" \/>\n\t<meta name=\"twitter:label2\" content=\"Est. tempo de leitura\" \/>\n\t<meta name=\"twitter:data2\" content=\"1 minuto\" \/>\n<script type=\"application\/ld+json\" class=\"yoast-schema-graph\">{\"@context\":\"https:\/\/schema.org\",\"@graph\":[{\"@type\":\"Article\",\"@id\":\"https:\/\/www.pm.pb.gov.br\/portal\/2020\/06\/25\/maconha-tem-sido-a-droga-mais-apreendida-pela-policia-militar-este-ano-na-paraiba\/#article\",\"isPartOf\":{\"@id\":\"https:\/\/www.pm.pb.gov.br\/portal\/2020\/06\/25\/maconha-tem-sido-a-droga-mais-apreendida-pela-policia-militar-este-ano-na-paraiba\/\"},\"author\":{\"name\":\"Tarcisio Oliveira\",\"@id\":\"https:\/\/www.pm.pb.gov.br\/portal\/#\/schema\/person\/f84f56dcc78ce4357054da888b8247fd\"},\"headline\":\"Maconha tem sido a droga mais apreendida pela Pol\u00edcia Militar este ano na Para\u00edba\",\"datePublished\":\"2020-06-25T21:09:00+00:00\",\"dateModified\":\"2020-06-26T00:10:35+00:00\",\"mainEntityOfPage\":{\"@id\":\"https:\/\/www.pm.pb.gov.br\/portal\/2020\/06\/25\/maconha-tem-sido-a-droga-mais-apreendida-pela-policia-militar-este-ano-na-paraiba\/\"},\"wordCount\":220,\"publisher\":{\"@id\":\"https:\/\/www.pm.pb.gov.br\/portal\/#organization\"},\"articleSection\":[\"A\u00e7\u00f5es Policiais\"],\"inLanguage\":\"pt-BR\"},{\"@type\":\"WebPage\",\"@id\":\"https:\/\/www.pm.pb.gov.br\/portal\/2020\/06\/25\/maconha-tem-sido-a-droga-mais-apreendida-pela-policia-militar-este-ano-na-paraiba\/\",\"url\":\"https:\/\/www.pm.pb.gov.br\/portal\/2020\/06\/25\/maconha-tem-sido-a-droga-mais-apreendida-pela-policia-militar-este-ano-na-paraiba\/\",\"name\":\"Maconha tem sido a droga mais apreendida pela Pol\u00edcia Militar este ano na Para\u00edba - Pol\u00edcia Militar da Para\u00edba\",\"isPartOf\":{\"@id\":\"https:\/\/www.pm.pb.gov.br\/portal\/#website\"},\"datePublished\":\"2020-06-25T21:09:00+00:00\",\"dateModified\":\"2020-06-26T00:10:35+00:00\",\"breadcrumb\":{\"@id\":\"https:\/\/www.pm.pb.gov.br\/portal\/2020\/06\/25\/maconha-tem-sido-a-droga-mais-apreendida-pela-policia-militar-este-ano-na-paraiba\/#breadcrumb\"},\"inLanguage\":\"pt-BR\",\"potentialAction\":[{\"@type\":\"ReadAction\",\"target\":[\"https:\/\/www.pm.pb.gov.br\/portal\/2020\/06\/25\/maconha-tem-sido-a-droga-mais-apreendida-pela-policia-militar-este-ano-na-paraiba\/\"]}]},{\"@type\":\"BreadcrumbList\",\"@id\":\"https:\/\/www.pm.pb.gov.br\/portal\/2020\/06\/25\/maconha-tem-sido-a-droga-mais-apreendida-pela-policia-militar-este-ano-na-paraiba\/#breadcrumb\",\"itemListElement\":[{\"@type\":\"ListItem\",\"position\":1,\"name\":\"In\u00edcio\",\"item\":\"https:\/\/www.pm.pb.gov.br\/portal\/\"},{\"@type\":\"ListItem\",\"position\":2,\"name\":\"Maconha tem sido a droga mais apreendida pela Pol\u00edcia Militar este ano na Para\u00edba\"}]},{\"@type\":\"WebSite\",\"@id\":\"https:\/\/www.pm.pb.gov.br\/portal\/#website\",\"url\":\"https:\/\/www.pm.pb.gov.br\/portal\/\",\"name\":\"Pol\u00edcia Militar da Para\u00edba\",\"description\":\"\",\"publisher\":{\"@id\":\"https:\/\/www.pm.pb.gov.br\/portal\/#organization\"},\"potentialAction\":[{\"@type\":\"SearchAction\",\"target\":{\"@type\":\"EntryPoint\",\"urlTemplate\":\"https:\/\/www.pm.pb.gov.br\/portal\/?s={search_term_string}\"},\"query-input\":\"required name=search_term_string\"}],\"inLanguage\":\"pt-BR\"},{\"@type\":\"Organization\",\"@id\":\"https:\/\/www.pm.pb.gov.br\/portal\/#organization\",\"name\":\"Pol\u00edcia Militar da Para\u00edba\",\"url\":\"https:\/\/www.pm.pb.gov.br\/portal\/\",\"logo\":{\"@type\":\"ImageObject\",\"inLanguage\":\"pt-BR\",\"@id\":\"https:\/\/www.pm.pb.gov.br\/portal\/#\/schema\/logo\/image\/\",\"url\":\"https:\/\/www.pm.pb.gov.br\/portal\/wp-content\/uploads\/2025\/03\/cropped-logo-site-mag2-1.png\",\"contentUrl\":\"https:\/\/www.pm.pb.gov.br\/portal\/wp-content\/uploads\/2025\/03\/cropped-logo-site-mag2-1.png\",\"width\":320,\"height\":90,\"caption\":\"Pol\u00edcia Militar da Para\u00edba\"},\"image\":{\"@id\":\"https:\/\/www.pm.pb.gov.br\/portal\/#\/schema\/logo\/image\/\"}},{\"@type\":\"Person\",\"@id\":\"https:\/\/www.pm.pb.gov.br\/portal\/#\/schema\/person\/f84f56dcc78ce4357054da888b8247fd\",\"name\":\"Tarcisio Oliveira\",\"image\":{\"@type\":\"ImageObject\",\"inLanguage\":\"pt-BR\",\"@id\":\"https:\/\/www.pm.pb.gov.br\/portal\/#\/schema\/person\/image\/\",\"url\":\"https:\/\/secure.gravatar.com\/avatar\/72917b630b69d31cd0297507f34bac97?s=96&d=mm&r=g\",\"contentUrl\":\"https:\/\/secure.gravatar.com\/avatar\/72917b630b69d31cd0297507f34bac97?s=96&d=mm&r=g\",\"caption\":\"Tarcisio Oliveira\"},\"url\":\"https:\/\/www.pm.pb.gov.br\/portal\/author\/tarcisio\/\"}]}<\/script>\n<!-- \/ Yoast SEO plugin. -->","yoast_head_json":{"title":"Maconha tem sido a droga mais apreendida pela Pol\u00edcia Militar este ano na Para\u00edba - Pol\u00edcia Militar da Para\u00edba","robots":{"index":"index","follow":"follow","max-snippet":"max-snippet:-1","max-image-preview":"max-image-preview:large","max-video-preview":"max-video-preview:-1"},"canonical":"https:\/\/www.pm.pb.gov.br\/portal\/2020\/06\/25\/maconha-tem-sido-a-droga-mais-apreendida-pela-policia-militar-este-ano-na-paraiba\/","og_locale":"pt_BR","og_type":"article","og_title":"Maconha tem sido a droga mais apreendida pela Pol\u00edcia Militar este ano na Para\u00edba - Pol\u00edcia Militar da Para\u00edba","og_description":"A Pol\u00edcia Militar j\u00e1 apreendeu quase 400 kg de drogas, de janeiro at\u00e9 agora, na Para\u00edba (foto acima ilustrativa). Os","og_url":"https:\/\/www.pm.pb.gov.br\/portal\/2020\/06\/25\/maconha-tem-sido-a-droga-mais-apreendida-pela-policia-militar-este-ano-na-paraiba\/","og_site_name":"Pol\u00edcia Militar da Para\u00edba","article_published_time":"2020-06-25T21:09:00+00:00","article_modified_time":"2020-06-26T00:10:35+00:00","og_image":[{"width":1158,"height":869,"url":"https:\/\/www.pm.pb.gov.br\/portal\/wp-content\/uploads\/2020\/05\/WhatsApp-Image-2020-05-30-at-18.08.10-1.jpeg","type":"image\/jpeg"}],"author":"Tarcisio Oliveira","twitter_card":"summary_large_image","twitter_misc":{"Escrito por":"Tarcisio Oliveira","Est. tempo de leitura":"1 minuto"},"schema":{"@context":"https:\/\/schema.org","@graph":[{"@type":"Article","@id":"https:\/\/www.pm.pb.gov.br\/portal\/2020\/06\/25\/maconha-tem-sido-a-droga-mais-apreendida-pela-policia-militar-este-ano-na-paraiba\/#article","isPartOf":{"@id":"https:\/\/www.pm.pb.gov.br\/portal\/2020\/06\/25\/maconha-tem-sido-a-droga-mais-apreendida-pela-policia-militar-este-ano-na-paraiba\/"},"author":{"name":"Tarcisio Oliveira","@id":"https:\/\/www.pm.pb.gov.br\/portal\/#\/schema\/person\/f84f56dcc78ce4357054da888b8247fd"},"headline":"Maconha tem sido a droga mais apreendida pela Pol\u00edcia Militar este ano na Para\u00edba","datePublished":"2020-06-25T21:09:00+00:00","dateModified":"2020-06-26T00:10:35+00:00","mainEntityOfPage":{"@id":"https:\/\/www.pm.pb.gov.br\/portal\/2020\/06\/25\/maconha-tem-sido-a-droga-mais-apreendida-pela-policia-militar-este-ano-na-paraiba\/"},"wordCount":220,"publisher":{"@id":"https:\/\/www.pm.pb.gov.br\/portal\/#organization"},"articleSection":["A\u00e7\u00f5es Policiais"],"inLanguage":"pt-BR"},{"@type":"WebPage","@id":"https:\/\/www.pm.pb.gov.br\/portal\/2020\/06\/25\/maconha-tem-sido-a-droga-mais-apreendida-pela-policia-militar-este-ano-na-paraiba\/","url":"https:\/\/www.pm.pb.gov.br\/portal\/2020\/06\/25\/maconha-tem-sido-a-droga-mais-apreendida-pela-policia-militar-este-ano-na-paraiba\/","name":"Maconha tem sido a droga mais apreendida pela Pol\u00edcia Militar este ano na Para\u00edba - Pol\u00edcia Militar da Para\u00edba","isPartOf":{"@id":"https:\/\/www.pm.pb.gov.br\/portal\/#website"},"datePublished":"2020-06-25T21:09:00+00:00","dateModified":"2020-06-26T00:10:35+00:00","breadcrumb":{"@id":"https:\/\/www.pm.pb.gov.br\/portal\/2020\/06\/25\/maconha-tem-sido-a-droga-mais-apreendida-pela-policia-militar-este-ano-na-paraiba\/#breadcrumb"},"inLanguage":"pt-BR","potentialAction":[{"@type":"ReadAction","target":["https:\/\/www.pm.pb.gov.br\/portal\/2020\/06\/25\/maconha-tem-sido-a-droga-mais-apreendida-pela-policia-militar-este-ano-na-paraiba\/"]}]},{"@type":"BreadcrumbList","@id":"https:\/\/www.pm.pb.gov.br\/portal\/2020\/06\/25\/maconha-tem-sido-a-droga-mais-apreendida-pela-policia-militar-este-ano-na-paraiba\/#breadcrumb","itemListElement":[{"@type":"ListItem","position":1,"name":"In\u00edcio","item":"https:\/\/www.pm.pb.gov.br\/portal\/"},{"@type":"ListItem","position":2,"name":"Maconha tem sido a droga mais apreendida pela Pol\u00edcia Militar este ano na Para\u00edba"}]},{"@type":"WebSite","@id":"https:\/\/www.pm.pb.gov.br\/portal\/#website","url":"https:\/\/www.pm.pb.gov.br\/portal\/","name":"Pol\u00edcia Militar da Para\u00edba","description":"","publisher":{"@id":"https:\/\/www.pm.pb.gov.br\/portal\/#organization"},"potentialAction":[{"@type":"SearchAction","target":{"@type":"EntryPoint","urlTemplate":"https:\/\/www.pm.pb.gov.br\/portal\/?s={search_term_string}"},"query-input":"required name=search_term_string"}],"inLanguage":"pt-BR"},{"@type":"Organization","@id":"https:\/\/www.pm.pb.gov.br\/portal\/#organization","name":"Pol\u00edcia Militar da Para\u00edba","url":"https:\/\/www.pm.pb.gov.br\/portal\/","logo":{"@type":"ImageObject","inLanguage":"pt-BR","@id":"https:\/\/www.pm.pb.gov.br\/portal\/#\/schema\/logo\/image\/","url":"https:\/\/www.pm.pb.gov.br\/portal\/wp-content\/uploads\/2025\/03\/cropped-logo-site-mag2-1.png","contentUrl":"https:\/\/www.pm.pb.gov.br\/portal\/wp-content\/uploads\/2025\/03\/cropped-logo-site-mag2-1.png","width":320,"height":90,"caption":"Pol\u00edcia Militar da Para\u00edba"},"image":{"@id":"https:\/\/www.pm.pb.gov.br\/portal\/#\/schema\/logo\/image\/"}},{"@type":"Person","@id":"https:\/\/www.pm.pb.gov.br\/portal\/#\/schema\/person\/f84f56dcc78ce4357054da888b8247fd","name":"Tarcisio Oliveira","image":{"@type":"ImageObject","inLanguage":"pt-BR","@id":"https:\/\/www.pm.pb.gov.br\/portal\/#\/schema\/person\/image\/","url":"https:\/\/secure.gravatar.com\/avatar\/72917b630b69d31cd0297507f34bac97?s=96&d=mm&r=g","contentUrl":"https:\/\/secure.gravatar.com\/avatar\/72917b630b69d31cd0297507f34bac97?s=96&d=mm&r=g","caption":"Tarcisio Oliveira"},"url":"https:\/\/www.pm.pb.gov.br\/portal\/author\/tarcisio\/"}]}},"_links":{"self":[{"href":"https:\/\/www.pm.pb.gov.br\/portal\/wp-json\/wp\/v2\/posts\/905827"}],"collection":[{"href":"https:\/\/www.pm.pb.gov.br\/portal\/wp-json\/wp\/v2\/posts"}],"about":[{"href":"https:\/\/www.pm.pb.gov.br\/portal\/wp-json\/wp\/v2\/types\/post"}],"author":[{"embeddable":true,"href":"https:\/\/www.pm.pb.gov.br\/portal\/wp-json\/wp\/v2\/users\/12"}],"replies":[{"embeddable":true,"href":"https:\/\/www.pm.pb.gov.br\/portal\/wp-json\/wp\/v2\/comments?post=905827"}],"version-history":[{"count":1,"href":"https:\/\/www.pm.pb.gov.br\/portal\/wp-json\/wp\/v2\/posts\/905827\/revisions"}],"predecessor-version":[{"id":905828,"href":"https:\/\/www.pm.pb.gov.br\/portal\/wp-json\/wp\/v2\/posts\/905827\/revisions\/905828"}],"wp:featuredmedia":[{"embeddable":true,"href":"https:\/\/www.pm.pb.gov.br\/portal\/wp-json\/wp\/v2\/media\/905433"}],"wp:attachment":[{"href":"https:\/\/www.pm.pb.gov.br\/portal\/wp-json\/wp\/v2\/media?parent=905827"}],"wp:term":[{"taxonomy":"category","embeddable":true,"href":"https:\/\/www.pm.pb.gov.br\/portal\/wp-json\/wp\/v2\/categories?post=905827"},{"taxonomy":"post_tag","embeddable":true,"href":"https:\/\/www.pm.pb.gov.br\/portal\/wp-json\/wp\/v2\/tags?post=905827"}],"curies":[{"name":"wp","href":"https:\/\/api.w.org\/{rel}","templated":true}]}}