{"id":905802,"date":"2020-06-24T19:41:15","date_gmt":"2020-06-24T22:41:15","guid":{"rendered":"http:\/\/www.pm.pb.gov.br\/portal\/?p=905802"},"modified":"2020-06-24T19:41:17","modified_gmt":"2020-06-24T22:41:17","slug":"policia-militar-captura-foragido-do-pb1-apontado-por-liderar-grupo-criminoso-no-agreste","status":"publish","type":"post","link":"https:\/\/www.pm.pb.gov.br\/portal\/2020\/06\/24\/policia-militar-captura-foragido-do-pb1-apontado-por-liderar-grupo-criminoso-no-agreste\/","title":{"rendered":"Pol\u00edcia Militar captura foragido do PB1, apontado por liderar grupo criminoso no agreste"},"content":{"rendered":"\n<p>Mais um fugitivo do pres\u00eddio PB1 foi capturado pela Pol\u00edcia Militar. A a\u00e7\u00e3o aconteceu na manh\u00e3 desta quarta-feira (24), durante o refor\u00e7o da Opera\u00e7\u00e3o \u201cFestas Juninas\u201d, realizada em todo o estado.<\/p>\n<p>A captura do criminoso, que cumpria pena no PB1 por diversos crimes, aconteceu no munic\u00edpio de Pocinhos, regi\u00e3o de Campina grande, e foi realizada pelos policiais do 2\u00ba Batalh\u00e3o. \u201cEle \u00e9 suspeito de cometer v\u00e1rios crimes, entre eles homic\u00eddios, tr\u00e1fico de drogas e assaltos, al\u00e9m de agir com muita viol\u00eancia com suas v\u00edtimas. O acusado tamb\u00e9m \u00e9 apontado como sendo l\u00edder de um grupo criminoso que agia em pelo menos quatro munic\u00edpios, como Pocinhos, Puxinan\u00e3, Boa Vista, como tamb\u00e9m o distrito de S\u00e3o Jos\u00e9 da Mata, em Campina\u201d, explicou o comandante de Policiamento Regional I, coronel Val\u00e9rio.<\/p>\n<p>O foragido, que tem pelo menos cinco mandados de pris\u00e3o em aberto contra ele, foi preso no povoado de Arruda, em Pocinhos, durante abordagem a um carro em que ele estava, feita por policiais da Patrulha Rural do 2\u00ba Batalh\u00e3o. Uma espingarda, que tamb\u00e9m era dele, foi apreendida em dilig\u00eancias complementares na zona rural do munic\u00edpio de Boa Vista. O acusado e a arma apreendida foram encaminhados para a Central de Pol\u00edcia em Campina Grande, onde segue \u00e0 disposi\u00e7\u00e3o da Justi\u00e7a para o cumprimento da pena.<\/p>\n<p><strong>Mais<\/strong> \u2013 A Opera\u00e7\u00e3o \u201cFestas Juninas\u201d segue com refor\u00e7o das a\u00e7\u00f5es policiais durante todo o per\u00edodo junino, buscando combater crimes contra a vida, prevenir crimes patrimoniais e capturar foragidos.<\/p>\n<p><\/p>\n<figure class=\"wp-block-image size-large\"><img loading=\"lazy\" decoding=\"async\" width=\"1024\" height=\"512\" class=\"wp-image-905807\" src=\"http:\/\/www.pm.pb.gov.br\/portal\/wp-content\/uploads\/2020\/06\/WhatsApp-Image-2020-06-24-at-19.41.09.jpeg\" alt=\"\" srcset=\"https:\/\/www.pm.pb.gov.br\/portal\/wp-content\/uploads\/2020\/06\/WhatsApp-Image-2020-06-24-at-19.41.09.jpeg 1024w, https:\/\/www.pm.pb.gov.br\/portal\/wp-content\/uploads\/2020\/06\/WhatsApp-Image-2020-06-24-at-19.41.09-800x400.jpeg 800w, https:\/\/www.pm.pb.gov.br\/portal\/wp-content\/uploads\/2020\/06\/WhatsApp-Image-2020-06-24-at-19.41.09-768x384.jpeg 768w\" sizes=\"(max-width: 1024px) 100vw, 1024px\" \/><\/figure>\n<p><\/p>\n","protected":false},"excerpt":{"rendered":"","protected":false},"author":5,"featured_media":898129,"comment_status":"closed","ping_status":"closed","sticky":false,"template":"","format":"standard","meta":{"_exactmetrics_skip_tracking":false,"_exactmetrics_sitenote_active":false,"_exactmetrics_sitenote_note":"","_exactmetrics_sitenote_category":0,"footnotes":""},"categories":[4],"tags":[],"yoast_head":"<!-- This site is optimized with the Yoast SEO plugin v22.0 - https:\/\/yoast.com\/wordpress\/plugins\/seo\/ -->\n<title>Pol\u00edcia Militar captura foragido do PB1, apontado por liderar grupo criminoso no agreste - Pol\u00edcia Militar da Para\u00edba<\/title>\n<meta name=\"robots\" content=\"index, follow, max-snippet:-1, max-image-preview:large, max-video-preview:-1\" \/>\n<link rel=\"canonical\" href=\"https:\/\/www.pm.pb.gov.br\/portal\/2020\/06\/24\/policia-militar-captura-foragido-do-pb1-apontado-por-liderar-grupo-criminoso-no-agreste\/\" \/>\n<meta property=\"og:locale\" content=\"pt_BR\" \/>\n<meta property=\"og:type\" content=\"article\" \/>\n<meta property=\"og:title\" content=\"Pol\u00edcia Militar captura foragido do PB1, apontado por liderar grupo criminoso no agreste - Pol\u00edcia Militar da Para\u00edba\" \/>\n<meta property=\"og:url\" content=\"https:\/\/www.pm.pb.gov.br\/portal\/2020\/06\/24\/policia-militar-captura-foragido-do-pb1-apontado-por-liderar-grupo-criminoso-no-agreste\/\" \/>\n<meta property=\"og:site_name\" content=\"Pol\u00edcia Militar da Para\u00edba\" \/>\n<meta property=\"article:published_time\" content=\"2020-06-24T22:41:15+00:00\" \/>\n<meta property=\"article:modified_time\" content=\"2020-06-24T22:41:17+00:00\" \/>\n<meta property=\"og:image\" content=\"https:\/\/www.pm.pb.gov.br\/portal\/wp-content\/uploads\/2018\/06\/ricardo-entrerga-equipamentos-a-pm-de-campina_foto-jojse-marques-2.jpg\" \/>\n\t<meta property=\"og:image:width\" content=\"2008\" \/>\n\t<meta property=\"og:image:height\" content=\"1181\" \/>\n\t<meta property=\"og:image:type\" content=\"image\/jpeg\" \/>\n<meta name=\"author\" content=\"Assessoria de Imprensa da PMPB\" \/>\n<meta name=\"twitter:card\" content=\"summary_large_image\" \/>\n<meta name=\"twitter:label1\" content=\"Escrito por\" \/>\n\t<meta name=\"twitter:data1\" content=\"Assessoria de Imprensa da PMPB\" \/>\n\t<meta name=\"twitter:label2\" content=\"Est. tempo de leitura\" \/>\n\t<meta name=\"twitter:data2\" content=\"1 minuto\" \/>\n<script type=\"application\/ld+json\" class=\"yoast-schema-graph\">{\"@context\":\"https:\/\/schema.org\",\"@graph\":[{\"@type\":\"Article\",\"@id\":\"https:\/\/www.pm.pb.gov.br\/portal\/2020\/06\/24\/policia-militar-captura-foragido-do-pb1-apontado-por-liderar-grupo-criminoso-no-agreste\/#article\",\"isPartOf\":{\"@id\":\"https:\/\/www.pm.pb.gov.br\/portal\/2020\/06\/24\/policia-militar-captura-foragido-do-pb1-apontado-por-liderar-grupo-criminoso-no-agreste\/\"},\"author\":{\"name\":\"Assessoria de Imprensa da PMPB\",\"@id\":\"https:\/\/www.pm.pb.gov.br\/portal\/#\/schema\/person\/e8454f46651c3ecf0e1ba3c1666d9947\"},\"headline\":\"Pol\u00edcia Militar captura foragido do PB1, apontado por liderar grupo criminoso no agreste\",\"datePublished\":\"2020-06-24T22:41:15+00:00\",\"dateModified\":\"2020-06-24T22:41:17+00:00\",\"mainEntityOfPage\":{\"@id\":\"https:\/\/www.pm.pb.gov.br\/portal\/2020\/06\/24\/policia-militar-captura-foragido-do-pb1-apontado-por-liderar-grupo-criminoso-no-agreste\/\"},\"wordCount\":282,\"publisher\":{\"@id\":\"https:\/\/www.pm.pb.gov.br\/portal\/#organization\"},\"articleSection\":[\"A\u00e7\u00f5es Policiais\"],\"inLanguage\":\"pt-BR\"},{\"@type\":\"WebPage\",\"@id\":\"https:\/\/www.pm.pb.gov.br\/portal\/2020\/06\/24\/policia-militar-captura-foragido-do-pb1-apontado-por-liderar-grupo-criminoso-no-agreste\/\",\"url\":\"https:\/\/www.pm.pb.gov.br\/portal\/2020\/06\/24\/policia-militar-captura-foragido-do-pb1-apontado-por-liderar-grupo-criminoso-no-agreste\/\",\"name\":\"Pol\u00edcia Militar captura foragido do PB1, apontado por liderar grupo criminoso no agreste - Pol\u00edcia Militar da Para\u00edba\",\"isPartOf\":{\"@id\":\"https:\/\/www.pm.pb.gov.br\/portal\/#website\"},\"datePublished\":\"2020-06-24T22:41:15+00:00\",\"dateModified\":\"2020-06-24T22:41:17+00:00\",\"breadcrumb\":{\"@id\":\"https:\/\/www.pm.pb.gov.br\/portal\/2020\/06\/24\/policia-militar-captura-foragido-do-pb1-apontado-por-liderar-grupo-criminoso-no-agreste\/#breadcrumb\"},\"inLanguage\":\"pt-BR\",\"potentialAction\":[{\"@type\":\"ReadAction\",\"target\":[\"https:\/\/www.pm.pb.gov.br\/portal\/2020\/06\/24\/policia-militar-captura-foragido-do-pb1-apontado-por-liderar-grupo-criminoso-no-agreste\/\"]}]},{\"@type\":\"BreadcrumbList\",\"@id\":\"https:\/\/www.pm.pb.gov.br\/portal\/2020\/06\/24\/policia-militar-captura-foragido-do-pb1-apontado-por-liderar-grupo-criminoso-no-agreste\/#breadcrumb\",\"itemListElement\":[{\"@type\":\"ListItem\",\"position\":1,\"name\":\"In\u00edcio\",\"item\":\"https:\/\/www.pm.pb.gov.br\/portal\/\"},{\"@type\":\"ListItem\",\"position\":2,\"name\":\"Pol\u00edcia Militar captura foragido do PB1, apontado por liderar grupo criminoso no agreste\"}]},{\"@type\":\"WebSite\",\"@id\":\"https:\/\/www.pm.pb.gov.br\/portal\/#website\",\"url\":\"https:\/\/www.pm.pb.gov.br\/portal\/\",\"name\":\"Pol\u00edcia Militar da Para\u00edba\",\"description\":\"\",\"publisher\":{\"@id\":\"https:\/\/www.pm.pb.gov.br\/portal\/#organization\"},\"potentialAction\":[{\"@type\":\"SearchAction\",\"target\":{\"@type\":\"EntryPoint\",\"urlTemplate\":\"https:\/\/www.pm.pb.gov.br\/portal\/?s={search_term_string}\"},\"query-input\":\"required name=search_term_string\"}],\"inLanguage\":\"pt-BR\"},{\"@type\":\"Organization\",\"@id\":\"https:\/\/www.pm.pb.gov.br\/portal\/#organization\",\"name\":\"Pol\u00edcia Militar da Para\u00edba\",\"url\":\"https:\/\/www.pm.pb.gov.br\/portal\/\",\"logo\":{\"@type\":\"ImageObject\",\"inLanguage\":\"pt-BR\",\"@id\":\"https:\/\/www.pm.pb.gov.br\/portal\/#\/schema\/logo\/image\/\",\"url\":\"https:\/\/www.pm.pb.gov.br\/portal\/wp-content\/uploads\/2025\/03\/cropped-logo-site-mag2-1.png\",\"contentUrl\":\"https:\/\/www.pm.pb.gov.br\/portal\/wp-content\/uploads\/2025\/03\/cropped-logo-site-mag2-1.png\",\"width\":320,\"height\":90,\"caption\":\"Pol\u00edcia Militar da Para\u00edba\"},\"image\":{\"@id\":\"https:\/\/www.pm.pb.gov.br\/portal\/#\/schema\/logo\/image\/\"}},{\"@type\":\"Person\",\"@id\":\"https:\/\/www.pm.pb.gov.br\/portal\/#\/schema\/person\/e8454f46651c3ecf0e1ba3c1666d9947\",\"name\":\"Assessoria de Imprensa da PMPB\",\"image\":{\"@type\":\"ImageObject\",\"inLanguage\":\"pt-BR\",\"@id\":\"https:\/\/www.pm.pb.gov.br\/portal\/#\/schema\/person\/image\/\",\"url\":\"https:\/\/secure.gravatar.com\/avatar\/2efe197438265d1e90bd98c4c8e1acf8?s=96&d=mm&r=g\",\"contentUrl\":\"https:\/\/secure.gravatar.com\/avatar\/2efe197438265d1e90bd98c4c8e1acf8?s=96&d=mm&r=g\",\"caption\":\"Assessoria de Imprensa da PMPB\"},\"url\":\"https:\/\/www.pm.pb.gov.br\/portal\/author\/assessoria\/\"}]}<\/script>\n<!-- \/ Yoast SEO plugin. -->","yoast_head_json":{"title":"Pol\u00edcia Militar captura foragido do PB1, apontado por liderar grupo criminoso no agreste - Pol\u00edcia Militar da Para\u00edba","robots":{"index":"index","follow":"follow","max-snippet":"max-snippet:-1","max-image-preview":"max-image-preview:large","max-video-preview":"max-video-preview:-1"},"canonical":"https:\/\/www.pm.pb.gov.br\/portal\/2020\/06\/24\/policia-militar-captura-foragido-do-pb1-apontado-por-liderar-grupo-criminoso-no-agreste\/","og_locale":"pt_BR","og_type":"article","og_title":"Pol\u00edcia Militar captura foragido do PB1, apontado por liderar grupo criminoso no agreste - Pol\u00edcia Militar da Para\u00edba","og_url":"https:\/\/www.pm.pb.gov.br\/portal\/2020\/06\/24\/policia-militar-captura-foragido-do-pb1-apontado-por-liderar-grupo-criminoso-no-agreste\/","og_site_name":"Pol\u00edcia Militar da Para\u00edba","article_published_time":"2020-06-24T22:41:15+00:00","article_modified_time":"2020-06-24T22:41:17+00:00","og_image":[{"width":2008,"height":1181,"url":"https:\/\/www.pm.pb.gov.br\/portal\/wp-content\/uploads\/2018\/06\/ricardo-entrerga-equipamentos-a-pm-de-campina_foto-jojse-marques-2.jpg","type":"image\/jpeg"}],"author":"Assessoria de Imprensa da PMPB","twitter_card":"summary_large_image","twitter_misc":{"Escrito por":"Assessoria de Imprensa da PMPB","Est. tempo de leitura":"1 minuto"},"schema":{"@context":"https:\/\/schema.org","@graph":[{"@type":"Article","@id":"https:\/\/www.pm.pb.gov.br\/portal\/2020\/06\/24\/policia-militar-captura-foragido-do-pb1-apontado-por-liderar-grupo-criminoso-no-agreste\/#article","isPartOf":{"@id":"https:\/\/www.pm.pb.gov.br\/portal\/2020\/06\/24\/policia-militar-captura-foragido-do-pb1-apontado-por-liderar-grupo-criminoso-no-agreste\/"},"author":{"name":"Assessoria de Imprensa da PMPB","@id":"https:\/\/www.pm.pb.gov.br\/portal\/#\/schema\/person\/e8454f46651c3ecf0e1ba3c1666d9947"},"headline":"Pol\u00edcia Militar captura foragido do PB1, apontado por liderar grupo criminoso no agreste","datePublished":"2020-06-24T22:41:15+00:00","dateModified":"2020-06-24T22:41:17+00:00","mainEntityOfPage":{"@id":"https:\/\/www.pm.pb.gov.br\/portal\/2020\/06\/24\/policia-militar-captura-foragido-do-pb1-apontado-por-liderar-grupo-criminoso-no-agreste\/"},"wordCount":282,"publisher":{"@id":"https:\/\/www.pm.pb.gov.br\/portal\/#organization"},"articleSection":["A\u00e7\u00f5es Policiais"],"inLanguage":"pt-BR"},{"@type":"WebPage","@id":"https:\/\/www.pm.pb.gov.br\/portal\/2020\/06\/24\/policia-militar-captura-foragido-do-pb1-apontado-por-liderar-grupo-criminoso-no-agreste\/","url":"https:\/\/www.pm.pb.gov.br\/portal\/2020\/06\/24\/policia-militar-captura-foragido-do-pb1-apontado-por-liderar-grupo-criminoso-no-agreste\/","name":"Pol\u00edcia Militar captura foragido do PB1, apontado por liderar grupo criminoso no agreste - Pol\u00edcia Militar da Para\u00edba","isPartOf":{"@id":"https:\/\/www.pm.pb.gov.br\/portal\/#website"},"datePublished":"2020-06-24T22:41:15+00:00","dateModified":"2020-06-24T22:41:17+00:00","breadcrumb":{"@id":"https:\/\/www.pm.pb.gov.br\/portal\/2020\/06\/24\/policia-militar-captura-foragido-do-pb1-apontado-por-liderar-grupo-criminoso-no-agreste\/#breadcrumb"},"inLanguage":"pt-BR","potentialAction":[{"@type":"ReadAction","target":["https:\/\/www.pm.pb.gov.br\/portal\/2020\/06\/24\/policia-militar-captura-foragido-do-pb1-apontado-por-liderar-grupo-criminoso-no-agreste\/"]}]},{"@type":"BreadcrumbList","@id":"https:\/\/www.pm.pb.gov.br\/portal\/2020\/06\/24\/policia-militar-captura-foragido-do-pb1-apontado-por-liderar-grupo-criminoso-no-agreste\/#breadcrumb","itemListElement":[{"@type":"ListItem","position":1,"name":"In\u00edcio","item":"https:\/\/www.pm.pb.gov.br\/portal\/"},{"@type":"ListItem","position":2,"name":"Pol\u00edcia Militar captura foragido do PB1, apontado por liderar grupo criminoso no agreste"}]},{"@type":"WebSite","@id":"https:\/\/www.pm.pb.gov.br\/portal\/#website","url":"https:\/\/www.pm.pb.gov.br\/portal\/","name":"Pol\u00edcia Militar da Para\u00edba","description":"","publisher":{"@id":"https:\/\/www.pm.pb.gov.br\/portal\/#organization"},"potentialAction":[{"@type":"SearchAction","target":{"@type":"EntryPoint","urlTemplate":"https:\/\/www.pm.pb.gov.br\/portal\/?s={search_term_string}"},"query-input":"required name=search_term_string"}],"inLanguage":"pt-BR"},{"@type":"Organization","@id":"https:\/\/www.pm.pb.gov.br\/portal\/#organization","name":"Pol\u00edcia Militar da Para\u00edba","url":"https:\/\/www.pm.pb.gov.br\/portal\/","logo":{"@type":"ImageObject","inLanguage":"pt-BR","@id":"https:\/\/www.pm.pb.gov.br\/portal\/#\/schema\/logo\/image\/","url":"https:\/\/www.pm.pb.gov.br\/portal\/wp-content\/uploads\/2025\/03\/cropped-logo-site-mag2-1.png","contentUrl":"https:\/\/www.pm.pb.gov.br\/portal\/wp-content\/uploads\/2025\/03\/cropped-logo-site-mag2-1.png","width":320,"height":90,"caption":"Pol\u00edcia Militar da Para\u00edba"},"image":{"@id":"https:\/\/www.pm.pb.gov.br\/portal\/#\/schema\/logo\/image\/"}},{"@type":"Person","@id":"https:\/\/www.pm.pb.gov.br\/portal\/#\/schema\/person\/e8454f46651c3ecf0e1ba3c1666d9947","name":"Assessoria de Imprensa da PMPB","image":{"@type":"ImageObject","inLanguage":"pt-BR","@id":"https:\/\/www.pm.pb.gov.br\/portal\/#\/schema\/person\/image\/","url":"https:\/\/secure.gravatar.com\/avatar\/2efe197438265d1e90bd98c4c8e1acf8?s=96&d=mm&r=g","contentUrl":"https:\/\/secure.gravatar.com\/avatar\/2efe197438265d1e90bd98c4c8e1acf8?s=96&d=mm&r=g","caption":"Assessoria de Imprensa da PMPB"},"url":"https:\/\/www.pm.pb.gov.br\/portal\/author\/assessoria\/"}]}},"_links":{"self":[{"href":"https:\/\/www.pm.pb.gov.br\/portal\/wp-json\/wp\/v2\/posts\/905802"}],"collection":[{"href":"https:\/\/www.pm.pb.gov.br\/portal\/wp-json\/wp\/v2\/posts"}],"about":[{"href":"https:\/\/www.pm.pb.gov.br\/portal\/wp-json\/wp\/v2\/types\/post"}],"author":[{"embeddable":true,"href":"https:\/\/www.pm.pb.gov.br\/portal\/wp-json\/wp\/v2\/users\/5"}],"replies":[{"embeddable":true,"href":"https:\/\/www.pm.pb.gov.br\/portal\/wp-json\/wp\/v2\/comments?post=905802"}],"version-history":[{"count":3,"href":"https:\/\/www.pm.pb.gov.br\/portal\/wp-json\/wp\/v2\/posts\/905802\/revisions"}],"predecessor-version":[{"id":905808,"href":"https:\/\/www.pm.pb.gov.br\/portal\/wp-json\/wp\/v2\/posts\/905802\/revisions\/905808"}],"wp:featuredmedia":[{"embeddable":true,"href":"https:\/\/www.pm.pb.gov.br\/portal\/wp-json\/wp\/v2\/media\/898129"}],"wp:attachment":[{"href":"https:\/\/www.pm.pb.gov.br\/portal\/wp-json\/wp\/v2\/media?parent=905802"}],"wp:term":[{"taxonomy":"category","embeddable":true,"href":"https:\/\/www.pm.pb.gov.br\/portal\/wp-json\/wp\/v2\/categories?post=905802"},{"taxonomy":"post_tag","embeddable":true,"href":"https:\/\/www.pm.pb.gov.br\/portal\/wp-json\/wp\/v2\/tags?post=905802"}],"curies":[{"name":"wp","href":"https:\/\/api.w.org\/{rel}","templated":true}]}}