{"id":905794,"date":"2020-06-25T09:21:24","date_gmt":"2020-06-25T12:21:24","guid":{"rendered":"http:\/\/www.pm.pb.gov.br\/portal\/?p=905794"},"modified":"2020-06-25T09:51:39","modified_gmt":"2020-06-25T12:51:39","slug":"operacao-combate-mais-de-100-fogueiras-no-sao-joao-da-paraiba-e-novas-acoes-serao-realizadas-no-sao-pedro","status":"publish","type":"post","link":"https:\/\/www.pm.pb.gov.br\/portal\/2020\/06\/25\/operacao-combate-mais-de-100-fogueiras-no-sao-joao-da-paraiba-e-novas-acoes-serao-realizadas-no-sao-pedro\/","title":{"rendered":"Opera\u00e7\u00e3o combate mais de 100 fogueiras no S\u00e3o Jo\u00e3o da Para\u00edba e novas a\u00e7\u00f5es ser\u00e3o realizadas no S\u00e3o Pedro"},"content":{"rendered":"\n<p>A Opera\u00e7\u00e3o S\u00e3o Jo\u00e3o Sem Fogueiras combateu 102 fogueiras durante as atividades realizadas na ter\u00e7a e quarta-feira (24), em todo o Estado, com a atua\u00e7\u00e3o conjunta do Batalh\u00e3o de Pol\u00edcia Ambiental (BPAmb), Superintend\u00eancia de Administra\u00e7\u00e3o do Meio Ambiente (SUDEMA) e Corpo de Bombeiros Militar. O objetivo foi evitar os preju\u00edzos \u00e0 sa\u00fade da popula\u00e7\u00e3o que s\u00e3o causados pela fuma\u00e7a das fogueiras, principalmente para as pessoas que t\u00eam doen\u00e7as respirat\u00f3rias e s\u00e3o do grupo de risco da COVID-19.<\/p>\n\n\n\n<p>Quem foi flagrado com fogueira, recebeu a orienta\u00e7\u00e3o sobre a proibi\u00e7\u00e3o imposta pela lei estadual n\u00ba 11.711. Apenas tr\u00eas multas tiveram que ser aplicadas, cada uma no valor de 517 reais. &nbsp;Nos dois dias de opera\u00e7\u00e3o, foram recolhidas 67 fogueiras antes de serem acesas e outras 35 foram apagadas.&nbsp;<\/p>\n\n\n\n<p>O comandante do Batalh\u00e3o de Pol\u00edcia Ambiental (BPAmb), tenente-coronel&nbsp;Melquisedec Lima, lembrou que a proibi\u00e7\u00e3o n\u00e3o valeu apenas para o S\u00e3o Jo\u00e3o, mas \u00e9 para todo o per\u00edodo da pandemia e que j\u00e1 h\u00e1 um planejamento para novas atividades no S\u00e3o Pedro, na Para\u00edba. \u201cCom o resultado final da opera\u00e7\u00e3o no S\u00e3o Jo\u00e3o, faremos uma avalia\u00e7\u00e3o com a experi\u00eancia deste per\u00edodo e j\u00e1 fecharemos o planejamento para o S\u00e3o Pedro\u201d, destacou.<\/p>\n\n\n\n<p><strong>Efeitos da opera\u00e7\u00e3o &#8211; <\/strong>Al\u00e9m da preven\u00e7\u00e3o aos problemas causados pela fuma\u00e7a das fogueiras, a opera\u00e7\u00e3o contribuiu para a redu\u00e7\u00e3o de 75% do n\u00famero de pacientes v\u00edtimas de queimaduras que deram entrada nos Hospitais de Emerg\u00eancia e Traumas de Jo\u00e3o Pessoa e Campina Grande, este ano. Foram 17 casos a menos em Campina Grande (5 no S\u00e3o Jo\u00e3o deste ano contra 22 do ano passado) e 13 casos a menos na capital (5 no S\u00e3o Jo\u00e3o deste ano contra 18 do ano passado). Os dados s\u00e3o das assessorias das duas unidades hospitalares.<\/p>\n\n\n\n<p><br><\/p>\n","protected":false},"excerpt":{"rendered":"<p>A Opera\u00e7\u00e3o S\u00e3o Jo\u00e3o Sem Fogueiras combateu 102 fogueiras durante as atividades realizadas na ter\u00e7a e quarta-feira (24), em todo<\/p>\n","protected":false},"author":10,"featured_media":905812,"comment_status":"closed","ping_status":"closed","sticky":false,"template":"","format":"standard","meta":{"_exactmetrics_skip_tracking":false,"_exactmetrics_sitenote_active":false,"_exactmetrics_sitenote_note":"","_exactmetrics_sitenote_category":0,"footnotes":""},"categories":[4],"tags":[],"yoast_head":"<!-- This site is optimized with the Yoast SEO plugin v22.0 - https:\/\/yoast.com\/wordpress\/plugins\/seo\/ -->\n<title>Opera\u00e7\u00e3o combate mais de 100 fogueiras no S\u00e3o Jo\u00e3o da Para\u00edba e novas a\u00e7\u00f5es ser\u00e3o realizadas no S\u00e3o Pedro - Pol\u00edcia Militar da Para\u00edba<\/title>\n<meta name=\"robots\" content=\"index, follow, max-snippet:-1, max-image-preview:large, max-video-preview:-1\" \/>\n<link rel=\"canonical\" href=\"https:\/\/www.pm.pb.gov.br\/portal\/2020\/06\/25\/operacao-combate-mais-de-100-fogueiras-no-sao-joao-da-paraiba-e-novas-acoes-serao-realizadas-no-sao-pedro\/\" \/>\n<meta property=\"og:locale\" content=\"pt_BR\" \/>\n<meta property=\"og:type\" content=\"article\" \/>\n<meta property=\"og:title\" content=\"Opera\u00e7\u00e3o combate mais de 100 fogueiras no S\u00e3o Jo\u00e3o da Para\u00edba e novas a\u00e7\u00f5es ser\u00e3o realizadas no S\u00e3o Pedro - Pol\u00edcia Militar da Para\u00edba\" \/>\n<meta property=\"og:description\" content=\"A Opera\u00e7\u00e3o S\u00e3o Jo\u00e3o Sem Fogueiras combateu 102 fogueiras durante as atividades realizadas na ter\u00e7a e quarta-feira (24), em todo\" \/>\n<meta property=\"og:url\" content=\"https:\/\/www.pm.pb.gov.br\/portal\/2020\/06\/25\/operacao-combate-mais-de-100-fogueiras-no-sao-joao-da-paraiba-e-novas-acoes-serao-realizadas-no-sao-pedro\/\" \/>\n<meta property=\"og:site_name\" content=\"Pol\u00edcia Militar da Para\u00edba\" \/>\n<meta property=\"article:published_time\" content=\"2020-06-25T12:21:24+00:00\" \/>\n<meta property=\"article:modified_time\" content=\"2020-06-25T12:51:39+00:00\" \/>\n<meta property=\"og:image\" content=\"https:\/\/www.pm.pb.gov.br\/portal\/wp-content\/uploads\/2020\/06\/6b129018-d35c-4ca1-8730-05d67101a803.jpg\" \/>\n\t<meta property=\"og:image:width\" content=\"1024\" \/>\n\t<meta property=\"og:image:height\" content=\"768\" \/>\n\t<meta property=\"og:image:type\" content=\"image\/jpeg\" \/>\n<meta name=\"author\" content=\"WAGNER HENRIQUE VARELA DA SILVA\" \/>\n<meta name=\"twitter:card\" content=\"summary_large_image\" \/>\n<meta name=\"twitter:label1\" content=\"Escrito por\" \/>\n\t<meta name=\"twitter:data1\" content=\"WAGNER HENRIQUE VARELA DA SILVA\" \/>\n\t<meta name=\"twitter:label2\" content=\"Est. tempo de leitura\" \/>\n\t<meta name=\"twitter:data2\" content=\"2 minutos\" \/>\n<script type=\"application\/ld+json\" class=\"yoast-schema-graph\">{\"@context\":\"https:\/\/schema.org\",\"@graph\":[{\"@type\":\"Article\",\"@id\":\"https:\/\/www.pm.pb.gov.br\/portal\/2020\/06\/25\/operacao-combate-mais-de-100-fogueiras-no-sao-joao-da-paraiba-e-novas-acoes-serao-realizadas-no-sao-pedro\/#article\",\"isPartOf\":{\"@id\":\"https:\/\/www.pm.pb.gov.br\/portal\/2020\/06\/25\/operacao-combate-mais-de-100-fogueiras-no-sao-joao-da-paraiba-e-novas-acoes-serao-realizadas-no-sao-pedro\/\"},\"author\":{\"name\":\"WAGNER HENRIQUE VARELA DA SILVA\",\"@id\":\"https:\/\/www.pm.pb.gov.br\/portal\/#\/schema\/person\/b169b297b8494dea236e315ed1a201d1\"},\"headline\":\"Opera\u00e7\u00e3o combate mais de 100 fogueiras no S\u00e3o Jo\u00e3o da Para\u00edba e novas a\u00e7\u00f5es ser\u00e3o realizadas no S\u00e3o Pedro\",\"datePublished\":\"2020-06-25T12:21:24+00:00\",\"dateModified\":\"2020-06-25T12:51:39+00:00\",\"mainEntityOfPage\":{\"@id\":\"https:\/\/www.pm.pb.gov.br\/portal\/2020\/06\/25\/operacao-combate-mais-de-100-fogueiras-no-sao-joao-da-paraiba-e-novas-acoes-serao-realizadas-no-sao-pedro\/\"},\"wordCount\":355,\"publisher\":{\"@id\":\"https:\/\/www.pm.pb.gov.br\/portal\/#organization\"},\"articleSection\":[\"A\u00e7\u00f5es Policiais\"],\"inLanguage\":\"pt-BR\"},{\"@type\":\"WebPage\",\"@id\":\"https:\/\/www.pm.pb.gov.br\/portal\/2020\/06\/25\/operacao-combate-mais-de-100-fogueiras-no-sao-joao-da-paraiba-e-novas-acoes-serao-realizadas-no-sao-pedro\/\",\"url\":\"https:\/\/www.pm.pb.gov.br\/portal\/2020\/06\/25\/operacao-combate-mais-de-100-fogueiras-no-sao-joao-da-paraiba-e-novas-acoes-serao-realizadas-no-sao-pedro\/\",\"name\":\"Opera\u00e7\u00e3o combate mais de 100 fogueiras no S\u00e3o Jo\u00e3o da Para\u00edba e novas a\u00e7\u00f5es ser\u00e3o realizadas no S\u00e3o Pedro - Pol\u00edcia Militar da Para\u00edba\",\"isPartOf\":{\"@id\":\"https:\/\/www.pm.pb.gov.br\/portal\/#website\"},\"datePublished\":\"2020-06-25T12:21:24+00:00\",\"dateModified\":\"2020-06-25T12:51:39+00:00\",\"breadcrumb\":{\"@id\":\"https:\/\/www.pm.pb.gov.br\/portal\/2020\/06\/25\/operacao-combate-mais-de-100-fogueiras-no-sao-joao-da-paraiba-e-novas-acoes-serao-realizadas-no-sao-pedro\/#breadcrumb\"},\"inLanguage\":\"pt-BR\",\"potentialAction\":[{\"@type\":\"ReadAction\",\"target\":[\"https:\/\/www.pm.pb.gov.br\/portal\/2020\/06\/25\/operacao-combate-mais-de-100-fogueiras-no-sao-joao-da-paraiba-e-novas-acoes-serao-realizadas-no-sao-pedro\/\"]}]},{\"@type\":\"BreadcrumbList\",\"@id\":\"https:\/\/www.pm.pb.gov.br\/portal\/2020\/06\/25\/operacao-combate-mais-de-100-fogueiras-no-sao-joao-da-paraiba-e-novas-acoes-serao-realizadas-no-sao-pedro\/#breadcrumb\",\"itemListElement\":[{\"@type\":\"ListItem\",\"position\":1,\"name\":\"In\u00edcio\",\"item\":\"https:\/\/www.pm.pb.gov.br\/portal\/\"},{\"@type\":\"ListItem\",\"position\":2,\"name\":\"Opera\u00e7\u00e3o combate mais de 100 fogueiras no S\u00e3o Jo\u00e3o da Para\u00edba e novas a\u00e7\u00f5es ser\u00e3o realizadas no S\u00e3o Pedro\"}]},{\"@type\":\"WebSite\",\"@id\":\"https:\/\/www.pm.pb.gov.br\/portal\/#website\",\"url\":\"https:\/\/www.pm.pb.gov.br\/portal\/\",\"name\":\"Pol\u00edcia Militar da Para\u00edba\",\"description\":\"\",\"publisher\":{\"@id\":\"https:\/\/www.pm.pb.gov.br\/portal\/#organization\"},\"potentialAction\":[{\"@type\":\"SearchAction\",\"target\":{\"@type\":\"EntryPoint\",\"urlTemplate\":\"https:\/\/www.pm.pb.gov.br\/portal\/?s={search_term_string}\"},\"query-input\":\"required name=search_term_string\"}],\"inLanguage\":\"pt-BR\"},{\"@type\":\"Organization\",\"@id\":\"https:\/\/www.pm.pb.gov.br\/portal\/#organization\",\"name\":\"Pol\u00edcia Militar da Para\u00edba\",\"url\":\"https:\/\/www.pm.pb.gov.br\/portal\/\",\"logo\":{\"@type\":\"ImageObject\",\"inLanguage\":\"pt-BR\",\"@id\":\"https:\/\/www.pm.pb.gov.br\/portal\/#\/schema\/logo\/image\/\",\"url\":\"https:\/\/www.pm.pb.gov.br\/portal\/wp-content\/uploads\/2025\/03\/cropped-logo-site-mag2-1.png\",\"contentUrl\":\"https:\/\/www.pm.pb.gov.br\/portal\/wp-content\/uploads\/2025\/03\/cropped-logo-site-mag2-1.png\",\"width\":320,\"height\":90,\"caption\":\"Pol\u00edcia Militar da Para\u00edba\"},\"image\":{\"@id\":\"https:\/\/www.pm.pb.gov.br\/portal\/#\/schema\/logo\/image\/\"}},{\"@type\":\"Person\",\"@id\":\"https:\/\/www.pm.pb.gov.br\/portal\/#\/schema\/person\/b169b297b8494dea236e315ed1a201d1\",\"name\":\"WAGNER HENRIQUE VARELA DA SILVA\",\"image\":{\"@type\":\"ImageObject\",\"inLanguage\":\"pt-BR\",\"@id\":\"https:\/\/www.pm.pb.gov.br\/portal\/#\/schema\/person\/image\/\",\"url\":\"https:\/\/secure.gravatar.com\/avatar\/e08af53176a66730df5c0706c6c31fd6?s=96&d=mm&r=g\",\"contentUrl\":\"https:\/\/secure.gravatar.com\/avatar\/e08af53176a66730df5c0706c6c31fd6?s=96&d=mm&r=g\",\"caption\":\"WAGNER HENRIQUE VARELA DA SILVA\"},\"url\":\"https:\/\/www.pm.pb.gov.br\/portal\/author\/varela\/\"}]}<\/script>\n<!-- \/ Yoast SEO plugin. -->","yoast_head_json":{"title":"Opera\u00e7\u00e3o combate mais de 100 fogueiras no S\u00e3o Jo\u00e3o da Para\u00edba e novas a\u00e7\u00f5es ser\u00e3o realizadas no S\u00e3o Pedro - Pol\u00edcia Militar da Para\u00edba","robots":{"index":"index","follow":"follow","max-snippet":"max-snippet:-1","max-image-preview":"max-image-preview:large","max-video-preview":"max-video-preview:-1"},"canonical":"https:\/\/www.pm.pb.gov.br\/portal\/2020\/06\/25\/operacao-combate-mais-de-100-fogueiras-no-sao-joao-da-paraiba-e-novas-acoes-serao-realizadas-no-sao-pedro\/","og_locale":"pt_BR","og_type":"article","og_title":"Opera\u00e7\u00e3o combate mais de 100 fogueiras no S\u00e3o Jo\u00e3o da Para\u00edba e novas a\u00e7\u00f5es ser\u00e3o realizadas no S\u00e3o Pedro - Pol\u00edcia Militar da Para\u00edba","og_description":"A Opera\u00e7\u00e3o S\u00e3o Jo\u00e3o Sem Fogueiras combateu 102 fogueiras durante as atividades realizadas na ter\u00e7a e quarta-feira (24), em todo","og_url":"https:\/\/www.pm.pb.gov.br\/portal\/2020\/06\/25\/operacao-combate-mais-de-100-fogueiras-no-sao-joao-da-paraiba-e-novas-acoes-serao-realizadas-no-sao-pedro\/","og_site_name":"Pol\u00edcia Militar da Para\u00edba","article_published_time":"2020-06-25T12:21:24+00:00","article_modified_time":"2020-06-25T12:51:39+00:00","og_image":[{"width":1024,"height":768,"url":"https:\/\/www.pm.pb.gov.br\/portal\/wp-content\/uploads\/2020\/06\/6b129018-d35c-4ca1-8730-05d67101a803.jpg","type":"image\/jpeg"}],"author":"WAGNER HENRIQUE VARELA DA SILVA","twitter_card":"summary_large_image","twitter_misc":{"Escrito por":"WAGNER HENRIQUE VARELA DA SILVA","Est. tempo de leitura":"2 minutos"},"schema":{"@context":"https:\/\/schema.org","@graph":[{"@type":"Article","@id":"https:\/\/www.pm.pb.gov.br\/portal\/2020\/06\/25\/operacao-combate-mais-de-100-fogueiras-no-sao-joao-da-paraiba-e-novas-acoes-serao-realizadas-no-sao-pedro\/#article","isPartOf":{"@id":"https:\/\/www.pm.pb.gov.br\/portal\/2020\/06\/25\/operacao-combate-mais-de-100-fogueiras-no-sao-joao-da-paraiba-e-novas-acoes-serao-realizadas-no-sao-pedro\/"},"author":{"name":"WAGNER HENRIQUE VARELA DA SILVA","@id":"https:\/\/www.pm.pb.gov.br\/portal\/#\/schema\/person\/b169b297b8494dea236e315ed1a201d1"},"headline":"Opera\u00e7\u00e3o combate mais de 100 fogueiras no S\u00e3o Jo\u00e3o da Para\u00edba e novas a\u00e7\u00f5es ser\u00e3o realizadas no S\u00e3o Pedro","datePublished":"2020-06-25T12:21:24+00:00","dateModified":"2020-06-25T12:51:39+00:00","mainEntityOfPage":{"@id":"https:\/\/www.pm.pb.gov.br\/portal\/2020\/06\/25\/operacao-combate-mais-de-100-fogueiras-no-sao-joao-da-paraiba-e-novas-acoes-serao-realizadas-no-sao-pedro\/"},"wordCount":355,"publisher":{"@id":"https:\/\/www.pm.pb.gov.br\/portal\/#organization"},"articleSection":["A\u00e7\u00f5es Policiais"],"inLanguage":"pt-BR"},{"@type":"WebPage","@id":"https:\/\/www.pm.pb.gov.br\/portal\/2020\/06\/25\/operacao-combate-mais-de-100-fogueiras-no-sao-joao-da-paraiba-e-novas-acoes-serao-realizadas-no-sao-pedro\/","url":"https:\/\/www.pm.pb.gov.br\/portal\/2020\/06\/25\/operacao-combate-mais-de-100-fogueiras-no-sao-joao-da-paraiba-e-novas-acoes-serao-realizadas-no-sao-pedro\/","name":"Opera\u00e7\u00e3o combate mais de 100 fogueiras no S\u00e3o Jo\u00e3o da Para\u00edba e novas a\u00e7\u00f5es ser\u00e3o realizadas no S\u00e3o Pedro - Pol\u00edcia Militar da Para\u00edba","isPartOf":{"@id":"https:\/\/www.pm.pb.gov.br\/portal\/#website"},"datePublished":"2020-06-25T12:21:24+00:00","dateModified":"2020-06-25T12:51:39+00:00","breadcrumb":{"@id":"https:\/\/www.pm.pb.gov.br\/portal\/2020\/06\/25\/operacao-combate-mais-de-100-fogueiras-no-sao-joao-da-paraiba-e-novas-acoes-serao-realizadas-no-sao-pedro\/#breadcrumb"},"inLanguage":"pt-BR","potentialAction":[{"@type":"ReadAction","target":["https:\/\/www.pm.pb.gov.br\/portal\/2020\/06\/25\/operacao-combate-mais-de-100-fogueiras-no-sao-joao-da-paraiba-e-novas-acoes-serao-realizadas-no-sao-pedro\/"]}]},{"@type":"BreadcrumbList","@id":"https:\/\/www.pm.pb.gov.br\/portal\/2020\/06\/25\/operacao-combate-mais-de-100-fogueiras-no-sao-joao-da-paraiba-e-novas-acoes-serao-realizadas-no-sao-pedro\/#breadcrumb","itemListElement":[{"@type":"ListItem","position":1,"name":"In\u00edcio","item":"https:\/\/www.pm.pb.gov.br\/portal\/"},{"@type":"ListItem","position":2,"name":"Opera\u00e7\u00e3o combate mais de 100 fogueiras no S\u00e3o Jo\u00e3o da Para\u00edba e novas a\u00e7\u00f5es ser\u00e3o realizadas no S\u00e3o Pedro"}]},{"@type":"WebSite","@id":"https:\/\/www.pm.pb.gov.br\/portal\/#website","url":"https:\/\/www.pm.pb.gov.br\/portal\/","name":"Pol\u00edcia Militar da Para\u00edba","description":"","publisher":{"@id":"https:\/\/www.pm.pb.gov.br\/portal\/#organization"},"potentialAction":[{"@type":"SearchAction","target":{"@type":"EntryPoint","urlTemplate":"https:\/\/www.pm.pb.gov.br\/portal\/?s={search_term_string}"},"query-input":"required name=search_term_string"}],"inLanguage":"pt-BR"},{"@type":"Organization","@id":"https:\/\/www.pm.pb.gov.br\/portal\/#organization","name":"Pol\u00edcia Militar da Para\u00edba","url":"https:\/\/www.pm.pb.gov.br\/portal\/","logo":{"@type":"ImageObject","inLanguage":"pt-BR","@id":"https:\/\/www.pm.pb.gov.br\/portal\/#\/schema\/logo\/image\/","url":"https:\/\/www.pm.pb.gov.br\/portal\/wp-content\/uploads\/2025\/03\/cropped-logo-site-mag2-1.png","contentUrl":"https:\/\/www.pm.pb.gov.br\/portal\/wp-content\/uploads\/2025\/03\/cropped-logo-site-mag2-1.png","width":320,"height":90,"caption":"Pol\u00edcia Militar da Para\u00edba"},"image":{"@id":"https:\/\/www.pm.pb.gov.br\/portal\/#\/schema\/logo\/image\/"}},{"@type":"Person","@id":"https:\/\/www.pm.pb.gov.br\/portal\/#\/schema\/person\/b169b297b8494dea236e315ed1a201d1","name":"WAGNER HENRIQUE VARELA DA SILVA","image":{"@type":"ImageObject","inLanguage":"pt-BR","@id":"https:\/\/www.pm.pb.gov.br\/portal\/#\/schema\/person\/image\/","url":"https:\/\/secure.gravatar.com\/avatar\/e08af53176a66730df5c0706c6c31fd6?s=96&d=mm&r=g","contentUrl":"https:\/\/secure.gravatar.com\/avatar\/e08af53176a66730df5c0706c6c31fd6?s=96&d=mm&r=g","caption":"WAGNER HENRIQUE VARELA DA SILVA"},"url":"https:\/\/www.pm.pb.gov.br\/portal\/author\/varela\/"}]}},"_links":{"self":[{"href":"https:\/\/www.pm.pb.gov.br\/portal\/wp-json\/wp\/v2\/posts\/905794"}],"collection":[{"href":"https:\/\/www.pm.pb.gov.br\/portal\/wp-json\/wp\/v2\/posts"}],"about":[{"href":"https:\/\/www.pm.pb.gov.br\/portal\/wp-json\/wp\/v2\/types\/post"}],"author":[{"embeddable":true,"href":"https:\/\/www.pm.pb.gov.br\/portal\/wp-json\/wp\/v2\/users\/10"}],"replies":[{"embeddable":true,"href":"https:\/\/www.pm.pb.gov.br\/portal\/wp-json\/wp\/v2\/comments?post=905794"}],"version-history":[{"count":3,"href":"https:\/\/www.pm.pb.gov.br\/portal\/wp-json\/wp\/v2\/posts\/905794\/revisions"}],"predecessor-version":[{"id":905814,"href":"https:\/\/www.pm.pb.gov.br\/portal\/wp-json\/wp\/v2\/posts\/905794\/revisions\/905814"}],"wp:featuredmedia":[{"embeddable":true,"href":"https:\/\/www.pm.pb.gov.br\/portal\/wp-json\/wp\/v2\/media\/905812"}],"wp:attachment":[{"href":"https:\/\/www.pm.pb.gov.br\/portal\/wp-json\/wp\/v2\/media?parent=905794"}],"wp:term":[{"taxonomy":"category","embeddable":true,"href":"https:\/\/www.pm.pb.gov.br\/portal\/wp-json\/wp\/v2\/categories?post=905794"},{"taxonomy":"post_tag","embeddable":true,"href":"https:\/\/www.pm.pb.gov.br\/portal\/wp-json\/wp\/v2\/tags?post=905794"}],"curies":[{"name":"wp","href":"https:\/\/api.w.org\/{rel}","templated":true}]}}