{"id":905775,"date":"2020-06-23T14:08:55","date_gmt":"2020-06-23T17:08:55","guid":{"rendered":"http:\/\/www.pm.pb.gov.br\/portal\/?p=905775"},"modified":"2020-06-23T14:08:57","modified_gmt":"2020-06-23T17:08:57","slug":"operacao-de-combate-as-fogueiras-intensifica-fiscalizacoes-e-multa-e-de-mais-de-r-500","status":"publish","type":"post","link":"https:\/\/www.pm.pb.gov.br\/portal\/2020\/06\/23\/operacao-de-combate-as-fogueiras-intensifica-fiscalizacoes-e-multa-e-de-mais-de-r-500\/","title":{"rendered":"Opera\u00e7\u00e3o de combate \u00e0s fogueiras intensifica fiscaliza\u00e7\u00f5es e multa \u00e9 de mais de R$ 500"},"content":{"rendered":"\n<p>A Opera\u00e7\u00e3o \u201cS\u00e3o Jo\u00e3o Sem Fogueiras\u201d ser\u00e1 deflagrada no come\u00e7o da noite desta ter\u00e7a-feira (23) para coibir o acendimento de fogueiras em \u00e1reas urbanas, em toda a Para\u00edba. As fiscaliza\u00e7\u00f5es contam com a atua\u00e7\u00e3o conjunta do Batalh\u00e3o de Pol\u00edcia Ambiental (BPAmb), Superintend\u00eancia de Administra\u00e7\u00e3o do Meio Ambiente (Sudema) e Corpo de Bombeiros Militar. A proibi\u00e7\u00e3o foi estabelecida pela lei n\u00ba 11.711, sancionada pelo Governo do Estado no \u00faltimo dia 19.<br><br>O comandante do Batalh\u00e3o de Pol\u00edcia Ambiental (BPAmb), tenente-coronel Melquisedec Lima, disse que o descumprimento da lei acarretar\u00e1 multa de mais de R$ 500. \u201cDesde o come\u00e7o do m\u00eas, j\u00e1 estamos fiscalizando a quest\u00e3o da venda de madeira para fogueiras e agora, com a san\u00e7\u00e3o dessa lei, estendemos a fiscaliza\u00e7\u00e3o para a quest\u00e3o do acendimento de fogueiras, que est\u00e1 proibido em espa\u00e7os urbanos durante toda a pandemia. Fim de semana j\u00e1 foram feitas abordagens educativas e, a partir desta v\u00e9spera de S\u00e3o Jo\u00e3o, a fiscaliza\u00e7\u00e3o ser\u00e1 mais rigorosa, inclusive com aplica\u00e7\u00e3o de multa no valor de 517 reais, podendo ser o dobro, em caso de reincid\u00eancia\u201d, destacou.<br><br>As den\u00fancias podem ser feitas pelo n\u00famero 190. Al\u00e9m da puni\u00e7\u00e3o com multa, as equipes contar\u00e3o tamb\u00e9m com log\u00edstica para apagar imediatamente a fogueira que esteja acesa em local proibido pela lei. A medida busca prevenir as complica\u00e7\u00f5es que a fuma\u00e7a provoca \u00e0 sa\u00fade das pessoas, principalmente as que t\u00eam problemas respirat\u00f3rios e est\u00e3o no grupo de risco da Covid-19 ou que contra\u00edram a doen\u00e7a.<\/p>\n","protected":false},"excerpt":{"rendered":"<p>A Opera\u00e7\u00e3o \u201cS\u00e3o Jo\u00e3o Sem Fogueiras\u201d ser\u00e1 deflagrada no come\u00e7o da noite desta ter\u00e7a-feira (23) para coibir o acendimento de<\/p>\n","protected":false},"author":10,"featured_media":905795,"comment_status":"closed","ping_status":"closed","sticky":false,"template":"","format":"standard","meta":{"_exactmetrics_skip_tracking":false,"_exactmetrics_sitenote_active":false,"_exactmetrics_sitenote_note":"","_exactmetrics_sitenote_category":0,"footnotes":""},"categories":[4],"tags":[],"yoast_head":"<!-- This site is optimized with the Yoast SEO plugin v22.0 - https:\/\/yoast.com\/wordpress\/plugins\/seo\/ -->\n<title>Opera\u00e7\u00e3o de combate \u00e0s fogueiras intensifica fiscaliza\u00e7\u00f5es e multa \u00e9 de mais de R$ 500 - Pol\u00edcia Militar da Para\u00edba<\/title>\n<meta name=\"robots\" content=\"index, follow, max-snippet:-1, max-image-preview:large, max-video-preview:-1\" \/>\n<link rel=\"canonical\" href=\"https:\/\/www.pm.pb.gov.br\/portal\/2020\/06\/23\/operacao-de-combate-as-fogueiras-intensifica-fiscalizacoes-e-multa-e-de-mais-de-r-500\/\" \/>\n<meta property=\"og:locale\" content=\"pt_BR\" \/>\n<meta property=\"og:type\" content=\"article\" \/>\n<meta property=\"og:title\" content=\"Opera\u00e7\u00e3o de combate \u00e0s fogueiras intensifica fiscaliza\u00e7\u00f5es e multa \u00e9 de mais de R$ 500 - Pol\u00edcia Militar da Para\u00edba\" \/>\n<meta property=\"og:description\" content=\"A Opera\u00e7\u00e3o \u201cS\u00e3o Jo\u00e3o Sem Fogueiras\u201d ser\u00e1 deflagrada no come\u00e7o da noite desta ter\u00e7a-feira (23) para coibir o acendimento de\" \/>\n<meta property=\"og:url\" content=\"https:\/\/www.pm.pb.gov.br\/portal\/2020\/06\/23\/operacao-de-combate-as-fogueiras-intensifica-fiscalizacoes-e-multa-e-de-mais-de-r-500\/\" \/>\n<meta property=\"og:site_name\" content=\"Pol\u00edcia Militar da Para\u00edba\" \/>\n<meta property=\"article:published_time\" content=\"2020-06-23T17:08:55+00:00\" \/>\n<meta property=\"article:modified_time\" content=\"2020-06-23T17:08:57+00:00\" \/>\n<meta property=\"og:image\" content=\"https:\/\/www.pm.pb.gov.br\/portal\/wp-content\/uploads\/2020\/06\/referencial-scaled.jpg\" \/>\n\t<meta property=\"og:image:width\" content=\"2560\" \/>\n\t<meta property=\"og:image:height\" content=\"2560\" \/>\n\t<meta property=\"og:image:type\" content=\"image\/jpeg\" \/>\n<meta name=\"author\" content=\"WAGNER HENRIQUE VARELA DA SILVA\" \/>\n<meta name=\"twitter:card\" content=\"summary_large_image\" \/>\n<meta name=\"twitter:label1\" content=\"Escrito por\" \/>\n\t<meta name=\"twitter:data1\" content=\"WAGNER HENRIQUE VARELA DA SILVA\" \/>\n\t<meta name=\"twitter:label2\" content=\"Est. tempo de leitura\" \/>\n\t<meta name=\"twitter:data2\" content=\"1 minuto\" \/>\n<script type=\"application\/ld+json\" class=\"yoast-schema-graph\">{\"@context\":\"https:\/\/schema.org\",\"@graph\":[{\"@type\":\"Article\",\"@id\":\"https:\/\/www.pm.pb.gov.br\/portal\/2020\/06\/23\/operacao-de-combate-as-fogueiras-intensifica-fiscalizacoes-e-multa-e-de-mais-de-r-500\/#article\",\"isPartOf\":{\"@id\":\"https:\/\/www.pm.pb.gov.br\/portal\/2020\/06\/23\/operacao-de-combate-as-fogueiras-intensifica-fiscalizacoes-e-multa-e-de-mais-de-r-500\/\"},\"author\":{\"name\":\"WAGNER HENRIQUE VARELA DA SILVA\",\"@id\":\"https:\/\/www.pm.pb.gov.br\/portal\/#\/schema\/person\/b169b297b8494dea236e315ed1a201d1\"},\"headline\":\"Opera\u00e7\u00e3o de combate \u00e0s fogueiras intensifica fiscaliza\u00e7\u00f5es e multa \u00e9 de mais de R$ 500\",\"datePublished\":\"2020-06-23T17:08:55+00:00\",\"dateModified\":\"2020-06-23T17:08:57+00:00\",\"mainEntityOfPage\":{\"@id\":\"https:\/\/www.pm.pb.gov.br\/portal\/2020\/06\/23\/operacao-de-combate-as-fogueiras-intensifica-fiscalizacoes-e-multa-e-de-mais-de-r-500\/\"},\"wordCount\":293,\"publisher\":{\"@id\":\"https:\/\/www.pm.pb.gov.br\/portal\/#organization\"},\"articleSection\":[\"A\u00e7\u00f5es Policiais\"],\"inLanguage\":\"pt-BR\"},{\"@type\":\"WebPage\",\"@id\":\"https:\/\/www.pm.pb.gov.br\/portal\/2020\/06\/23\/operacao-de-combate-as-fogueiras-intensifica-fiscalizacoes-e-multa-e-de-mais-de-r-500\/\",\"url\":\"https:\/\/www.pm.pb.gov.br\/portal\/2020\/06\/23\/operacao-de-combate-as-fogueiras-intensifica-fiscalizacoes-e-multa-e-de-mais-de-r-500\/\",\"name\":\"Opera\u00e7\u00e3o de combate \u00e0s fogueiras intensifica fiscaliza\u00e7\u00f5es e multa \u00e9 de mais de R$ 500 - Pol\u00edcia Militar da Para\u00edba\",\"isPartOf\":{\"@id\":\"https:\/\/www.pm.pb.gov.br\/portal\/#website\"},\"datePublished\":\"2020-06-23T17:08:55+00:00\",\"dateModified\":\"2020-06-23T17:08:57+00:00\",\"breadcrumb\":{\"@id\":\"https:\/\/www.pm.pb.gov.br\/portal\/2020\/06\/23\/operacao-de-combate-as-fogueiras-intensifica-fiscalizacoes-e-multa-e-de-mais-de-r-500\/#breadcrumb\"},\"inLanguage\":\"pt-BR\",\"potentialAction\":[{\"@type\":\"ReadAction\",\"target\":[\"https:\/\/www.pm.pb.gov.br\/portal\/2020\/06\/23\/operacao-de-combate-as-fogueiras-intensifica-fiscalizacoes-e-multa-e-de-mais-de-r-500\/\"]}]},{\"@type\":\"BreadcrumbList\",\"@id\":\"https:\/\/www.pm.pb.gov.br\/portal\/2020\/06\/23\/operacao-de-combate-as-fogueiras-intensifica-fiscalizacoes-e-multa-e-de-mais-de-r-500\/#breadcrumb\",\"itemListElement\":[{\"@type\":\"ListItem\",\"position\":1,\"name\":\"In\u00edcio\",\"item\":\"https:\/\/www.pm.pb.gov.br\/portal\/\"},{\"@type\":\"ListItem\",\"position\":2,\"name\":\"Opera\u00e7\u00e3o de combate \u00e0s fogueiras intensifica fiscaliza\u00e7\u00f5es e multa \u00e9 de mais de R$ 500\"}]},{\"@type\":\"WebSite\",\"@id\":\"https:\/\/www.pm.pb.gov.br\/portal\/#website\",\"url\":\"https:\/\/www.pm.pb.gov.br\/portal\/\",\"name\":\"Pol\u00edcia Militar da Para\u00edba\",\"description\":\"\",\"publisher\":{\"@id\":\"https:\/\/www.pm.pb.gov.br\/portal\/#organization\"},\"potentialAction\":[{\"@type\":\"SearchAction\",\"target\":{\"@type\":\"EntryPoint\",\"urlTemplate\":\"https:\/\/www.pm.pb.gov.br\/portal\/?s={search_term_string}\"},\"query-input\":\"required name=search_term_string\"}],\"inLanguage\":\"pt-BR\"},{\"@type\":\"Organization\",\"@id\":\"https:\/\/www.pm.pb.gov.br\/portal\/#organization\",\"name\":\"Pol\u00edcia Militar da Para\u00edba\",\"url\":\"https:\/\/www.pm.pb.gov.br\/portal\/\",\"logo\":{\"@type\":\"ImageObject\",\"inLanguage\":\"pt-BR\",\"@id\":\"https:\/\/www.pm.pb.gov.br\/portal\/#\/schema\/logo\/image\/\",\"url\":\"https:\/\/www.pm.pb.gov.br\/portal\/wp-content\/uploads\/2025\/03\/cropped-logo-site-mag2-1.png\",\"contentUrl\":\"https:\/\/www.pm.pb.gov.br\/portal\/wp-content\/uploads\/2025\/03\/cropped-logo-site-mag2-1.png\",\"width\":320,\"height\":90,\"caption\":\"Pol\u00edcia Militar da Para\u00edba\"},\"image\":{\"@id\":\"https:\/\/www.pm.pb.gov.br\/portal\/#\/schema\/logo\/image\/\"}},{\"@type\":\"Person\",\"@id\":\"https:\/\/www.pm.pb.gov.br\/portal\/#\/schema\/person\/b169b297b8494dea236e315ed1a201d1\",\"name\":\"WAGNER HENRIQUE VARELA DA SILVA\",\"image\":{\"@type\":\"ImageObject\",\"inLanguage\":\"pt-BR\",\"@id\":\"https:\/\/www.pm.pb.gov.br\/portal\/#\/schema\/person\/image\/\",\"url\":\"https:\/\/secure.gravatar.com\/avatar\/e08af53176a66730df5c0706c6c31fd6?s=96&d=mm&r=g\",\"contentUrl\":\"https:\/\/secure.gravatar.com\/avatar\/e08af53176a66730df5c0706c6c31fd6?s=96&d=mm&r=g\",\"caption\":\"WAGNER HENRIQUE VARELA DA SILVA\"},\"url\":\"https:\/\/www.pm.pb.gov.br\/portal\/author\/varela\/\"}]}<\/script>\n<!-- \/ Yoast SEO plugin. -->","yoast_head_json":{"title":"Opera\u00e7\u00e3o de combate \u00e0s fogueiras intensifica fiscaliza\u00e7\u00f5es e multa \u00e9 de mais de R$ 500 - Pol\u00edcia Militar da Para\u00edba","robots":{"index":"index","follow":"follow","max-snippet":"max-snippet:-1","max-image-preview":"max-image-preview:large","max-video-preview":"max-video-preview:-1"},"canonical":"https:\/\/www.pm.pb.gov.br\/portal\/2020\/06\/23\/operacao-de-combate-as-fogueiras-intensifica-fiscalizacoes-e-multa-e-de-mais-de-r-500\/","og_locale":"pt_BR","og_type":"article","og_title":"Opera\u00e7\u00e3o de combate \u00e0s fogueiras intensifica fiscaliza\u00e7\u00f5es e multa \u00e9 de mais de R$ 500 - Pol\u00edcia Militar da Para\u00edba","og_description":"A Opera\u00e7\u00e3o \u201cS\u00e3o Jo\u00e3o Sem Fogueiras\u201d ser\u00e1 deflagrada no come\u00e7o da noite desta ter\u00e7a-feira (23) para coibir o acendimento de","og_url":"https:\/\/www.pm.pb.gov.br\/portal\/2020\/06\/23\/operacao-de-combate-as-fogueiras-intensifica-fiscalizacoes-e-multa-e-de-mais-de-r-500\/","og_site_name":"Pol\u00edcia Militar da Para\u00edba","article_published_time":"2020-06-23T17:08:55+00:00","article_modified_time":"2020-06-23T17:08:57+00:00","og_image":[{"width":2560,"height":2560,"url":"https:\/\/www.pm.pb.gov.br\/portal\/wp-content\/uploads\/2020\/06\/referencial-scaled.jpg","type":"image\/jpeg"}],"author":"WAGNER HENRIQUE VARELA DA SILVA","twitter_card":"summary_large_image","twitter_misc":{"Escrito por":"WAGNER HENRIQUE VARELA DA SILVA","Est. tempo de leitura":"1 minuto"},"schema":{"@context":"https:\/\/schema.org","@graph":[{"@type":"Article","@id":"https:\/\/www.pm.pb.gov.br\/portal\/2020\/06\/23\/operacao-de-combate-as-fogueiras-intensifica-fiscalizacoes-e-multa-e-de-mais-de-r-500\/#article","isPartOf":{"@id":"https:\/\/www.pm.pb.gov.br\/portal\/2020\/06\/23\/operacao-de-combate-as-fogueiras-intensifica-fiscalizacoes-e-multa-e-de-mais-de-r-500\/"},"author":{"name":"WAGNER HENRIQUE VARELA DA SILVA","@id":"https:\/\/www.pm.pb.gov.br\/portal\/#\/schema\/person\/b169b297b8494dea236e315ed1a201d1"},"headline":"Opera\u00e7\u00e3o de combate \u00e0s fogueiras intensifica fiscaliza\u00e7\u00f5es e multa \u00e9 de mais de R$ 500","datePublished":"2020-06-23T17:08:55+00:00","dateModified":"2020-06-23T17:08:57+00:00","mainEntityOfPage":{"@id":"https:\/\/www.pm.pb.gov.br\/portal\/2020\/06\/23\/operacao-de-combate-as-fogueiras-intensifica-fiscalizacoes-e-multa-e-de-mais-de-r-500\/"},"wordCount":293,"publisher":{"@id":"https:\/\/www.pm.pb.gov.br\/portal\/#organization"},"articleSection":["A\u00e7\u00f5es Policiais"],"inLanguage":"pt-BR"},{"@type":"WebPage","@id":"https:\/\/www.pm.pb.gov.br\/portal\/2020\/06\/23\/operacao-de-combate-as-fogueiras-intensifica-fiscalizacoes-e-multa-e-de-mais-de-r-500\/","url":"https:\/\/www.pm.pb.gov.br\/portal\/2020\/06\/23\/operacao-de-combate-as-fogueiras-intensifica-fiscalizacoes-e-multa-e-de-mais-de-r-500\/","name":"Opera\u00e7\u00e3o de combate \u00e0s fogueiras intensifica fiscaliza\u00e7\u00f5es e multa \u00e9 de mais de R$ 500 - Pol\u00edcia Militar da Para\u00edba","isPartOf":{"@id":"https:\/\/www.pm.pb.gov.br\/portal\/#website"},"datePublished":"2020-06-23T17:08:55+00:00","dateModified":"2020-06-23T17:08:57+00:00","breadcrumb":{"@id":"https:\/\/www.pm.pb.gov.br\/portal\/2020\/06\/23\/operacao-de-combate-as-fogueiras-intensifica-fiscalizacoes-e-multa-e-de-mais-de-r-500\/#breadcrumb"},"inLanguage":"pt-BR","potentialAction":[{"@type":"ReadAction","target":["https:\/\/www.pm.pb.gov.br\/portal\/2020\/06\/23\/operacao-de-combate-as-fogueiras-intensifica-fiscalizacoes-e-multa-e-de-mais-de-r-500\/"]}]},{"@type":"BreadcrumbList","@id":"https:\/\/www.pm.pb.gov.br\/portal\/2020\/06\/23\/operacao-de-combate-as-fogueiras-intensifica-fiscalizacoes-e-multa-e-de-mais-de-r-500\/#breadcrumb","itemListElement":[{"@type":"ListItem","position":1,"name":"In\u00edcio","item":"https:\/\/www.pm.pb.gov.br\/portal\/"},{"@type":"ListItem","position":2,"name":"Opera\u00e7\u00e3o de combate \u00e0s fogueiras intensifica fiscaliza\u00e7\u00f5es e multa \u00e9 de mais de R$ 500"}]},{"@type":"WebSite","@id":"https:\/\/www.pm.pb.gov.br\/portal\/#website","url":"https:\/\/www.pm.pb.gov.br\/portal\/","name":"Pol\u00edcia Militar da Para\u00edba","description":"","publisher":{"@id":"https:\/\/www.pm.pb.gov.br\/portal\/#organization"},"potentialAction":[{"@type":"SearchAction","target":{"@type":"EntryPoint","urlTemplate":"https:\/\/www.pm.pb.gov.br\/portal\/?s={search_term_string}"},"query-input":"required name=search_term_string"}],"inLanguage":"pt-BR"},{"@type":"Organization","@id":"https:\/\/www.pm.pb.gov.br\/portal\/#organization","name":"Pol\u00edcia Militar da Para\u00edba","url":"https:\/\/www.pm.pb.gov.br\/portal\/","logo":{"@type":"ImageObject","inLanguage":"pt-BR","@id":"https:\/\/www.pm.pb.gov.br\/portal\/#\/schema\/logo\/image\/","url":"https:\/\/www.pm.pb.gov.br\/portal\/wp-content\/uploads\/2025\/03\/cropped-logo-site-mag2-1.png","contentUrl":"https:\/\/www.pm.pb.gov.br\/portal\/wp-content\/uploads\/2025\/03\/cropped-logo-site-mag2-1.png","width":320,"height":90,"caption":"Pol\u00edcia Militar da Para\u00edba"},"image":{"@id":"https:\/\/www.pm.pb.gov.br\/portal\/#\/schema\/logo\/image\/"}},{"@type":"Person","@id":"https:\/\/www.pm.pb.gov.br\/portal\/#\/schema\/person\/b169b297b8494dea236e315ed1a201d1","name":"WAGNER HENRIQUE VARELA DA SILVA","image":{"@type":"ImageObject","inLanguage":"pt-BR","@id":"https:\/\/www.pm.pb.gov.br\/portal\/#\/schema\/person\/image\/","url":"https:\/\/secure.gravatar.com\/avatar\/e08af53176a66730df5c0706c6c31fd6?s=96&d=mm&r=g","contentUrl":"https:\/\/secure.gravatar.com\/avatar\/e08af53176a66730df5c0706c6c31fd6?s=96&d=mm&r=g","caption":"WAGNER HENRIQUE VARELA DA SILVA"},"url":"https:\/\/www.pm.pb.gov.br\/portal\/author\/varela\/"}]}},"_links":{"self":[{"href":"https:\/\/www.pm.pb.gov.br\/portal\/wp-json\/wp\/v2\/posts\/905775"}],"collection":[{"href":"https:\/\/www.pm.pb.gov.br\/portal\/wp-json\/wp\/v2\/posts"}],"about":[{"href":"https:\/\/www.pm.pb.gov.br\/portal\/wp-json\/wp\/v2\/types\/post"}],"author":[{"embeddable":true,"href":"https:\/\/www.pm.pb.gov.br\/portal\/wp-json\/wp\/v2\/users\/10"}],"replies":[{"embeddable":true,"href":"https:\/\/www.pm.pb.gov.br\/portal\/wp-json\/wp\/v2\/comments?post=905775"}],"version-history":[{"count":2,"href":"https:\/\/www.pm.pb.gov.br\/portal\/wp-json\/wp\/v2\/posts\/905775\/revisions"}],"predecessor-version":[{"id":905796,"href":"https:\/\/www.pm.pb.gov.br\/portal\/wp-json\/wp\/v2\/posts\/905775\/revisions\/905796"}],"wp:featuredmedia":[{"embeddable":true,"href":"https:\/\/www.pm.pb.gov.br\/portal\/wp-json\/wp\/v2\/media\/905795"}],"wp:attachment":[{"href":"https:\/\/www.pm.pb.gov.br\/portal\/wp-json\/wp\/v2\/media?parent=905775"}],"wp:term":[{"taxonomy":"category","embeddable":true,"href":"https:\/\/www.pm.pb.gov.br\/portal\/wp-json\/wp\/v2\/categories?post=905775"},{"taxonomy":"post_tag","embeddable":true,"href":"https:\/\/www.pm.pb.gov.br\/portal\/wp-json\/wp\/v2\/tags?post=905775"}],"curies":[{"name":"wp","href":"https:\/\/api.w.org\/{rel}","templated":true}]}}