{"id":905772,"date":"2020-06-19T15:21:21","date_gmt":"2020-06-19T18:21:21","guid":{"rendered":"http:\/\/www.pm.pb.gov.br\/portal\/?p=905772"},"modified":"2020-06-19T15:21:23","modified_gmt":"2020-06-19T18:21:23","slug":"policia-militar-da-paraiba-apreende-drogas-com-suspeito-de-integrar-grupo-criminoso-do-rio-grande-do-norte","status":"publish","type":"post","link":"https:\/\/www.pm.pb.gov.br\/portal\/2020\/06\/19\/policia-militar-da-paraiba-apreende-drogas-com-suspeito-de-integrar-grupo-criminoso-do-rio-grande-do-norte\/","title":{"rendered":"Pol\u00edcia Militar da Para\u00edba apreende drogas com suspeito de integrar grupo criminoso do Rio Grande do Norte"},"content":{"rendered":"\n<p>A Pol\u00edcia Militar interceptou uma entrega de mais cinco quilos de maconha que um suspeito do Rio Grande do Norte iria fazer na manh\u00e3 desta sexta-feira (19), na comunidade Nova Trindade, no bairro Jardim Veneza, na Capital da Para\u00edba. Ele foi preso por equipes da For\u00e7a T\u00e1tica do 1\u00ba Batalh\u00e3o, que receberam informes sobre a atua\u00e7\u00e3o do acusado.<br><br>O preso, que j\u00e1 tem passagem pela pol\u00edcia por roubo em Pernambuco, seria integrante de um grupo criminoso que atua no tr\u00e1fico de drogas do Rio Grande do Norte, com ramifica\u00e7\u00f5es em outros Estados do Nordeste.<br><br>Os policiais paraibanos prenderam o suspeito em frente a uma casa, onde ele estava em p\u00e9, possivelmente esperando quem vinha buscar a droga. O entorpecente estava dentro de uma bolsa e a PM acredita que criminosos que estariam dando suporte a ele teriam fugido ao perceber a presen\u00e7a das viaturas.<br><br>O suspeito foi apresentado na Central de Flagrantes, em Jo\u00e3o Pessoa.<\/p>\n","protected":false},"excerpt":{"rendered":"<p>A Pol\u00edcia Militar interceptou uma entrega de mais cinco quilos de maconha que um suspeito do Rio Grande do Norte<\/p>\n","protected":false},"author":10,"featured_media":905776,"comment_status":"closed","ping_status":"closed","sticky":false,"template":"","format":"standard","meta":{"_exactmetrics_skip_tracking":false,"_exactmetrics_sitenote_active":false,"_exactmetrics_sitenote_note":"","_exactmetrics_sitenote_category":0,"footnotes":""},"categories":[4],"tags":[],"yoast_head":"<!-- This site is optimized with the Yoast SEO plugin v22.0 - https:\/\/yoast.com\/wordpress\/plugins\/seo\/ -->\n<title>Pol\u00edcia Militar da Para\u00edba apreende drogas com suspeito de integrar grupo criminoso do Rio Grande do Norte - Pol\u00edcia Militar da Para\u00edba<\/title>\n<meta name=\"robots\" content=\"index, follow, max-snippet:-1, max-image-preview:large, max-video-preview:-1\" \/>\n<link rel=\"canonical\" href=\"https:\/\/www.pm.pb.gov.br\/portal\/2020\/06\/19\/policia-militar-da-paraiba-apreende-drogas-com-suspeito-de-integrar-grupo-criminoso-do-rio-grande-do-norte\/\" \/>\n<meta property=\"og:locale\" content=\"pt_BR\" \/>\n<meta property=\"og:type\" content=\"article\" \/>\n<meta property=\"og:title\" content=\"Pol\u00edcia Militar da Para\u00edba apreende drogas com suspeito de integrar grupo criminoso do Rio Grande do Norte - Pol\u00edcia Militar da Para\u00edba\" \/>\n<meta property=\"og:description\" content=\"A Pol\u00edcia Militar interceptou uma entrega de mais cinco quilos de maconha que um suspeito do Rio Grande do Norte\" \/>\n<meta property=\"og:url\" content=\"https:\/\/www.pm.pb.gov.br\/portal\/2020\/06\/19\/policia-militar-da-paraiba-apreende-drogas-com-suspeito-de-integrar-grupo-criminoso-do-rio-grande-do-norte\/\" \/>\n<meta property=\"og:site_name\" content=\"Pol\u00edcia Militar da Para\u00edba\" \/>\n<meta property=\"article:published_time\" content=\"2020-06-19T18:21:21+00:00\" \/>\n<meta property=\"article:modified_time\" content=\"2020-06-19T18:21:23+00:00\" \/>\n<meta property=\"og:image\" content=\"https:\/\/www.pm.pb.gov.br\/portal\/wp-content\/uploads\/2020\/06\/drogas-2.jpg\" \/>\n\t<meta property=\"og:image:width\" content=\"1600\" \/>\n\t<meta property=\"og:image:height\" content=\"900\" \/>\n\t<meta property=\"og:image:type\" content=\"image\/jpeg\" \/>\n<meta name=\"author\" content=\"WAGNER HENRIQUE VARELA DA SILVA\" \/>\n<meta name=\"twitter:card\" content=\"summary_large_image\" \/>\n<meta name=\"twitter:label1\" content=\"Escrito por\" \/>\n\t<meta name=\"twitter:data1\" content=\"WAGNER HENRIQUE VARELA DA SILVA\" \/>\n\t<meta name=\"twitter:label2\" content=\"Est. tempo de leitura\" \/>\n\t<meta name=\"twitter:data2\" content=\"1 minuto\" \/>\n<script type=\"application\/ld+json\" class=\"yoast-schema-graph\">{\"@context\":\"https:\/\/schema.org\",\"@graph\":[{\"@type\":\"Article\",\"@id\":\"https:\/\/www.pm.pb.gov.br\/portal\/2020\/06\/19\/policia-militar-da-paraiba-apreende-drogas-com-suspeito-de-integrar-grupo-criminoso-do-rio-grande-do-norte\/#article\",\"isPartOf\":{\"@id\":\"https:\/\/www.pm.pb.gov.br\/portal\/2020\/06\/19\/policia-militar-da-paraiba-apreende-drogas-com-suspeito-de-integrar-grupo-criminoso-do-rio-grande-do-norte\/\"},\"author\":{\"name\":\"WAGNER HENRIQUE VARELA DA SILVA\",\"@id\":\"https:\/\/www.pm.pb.gov.br\/portal\/#\/schema\/person\/b169b297b8494dea236e315ed1a201d1\"},\"headline\":\"Pol\u00edcia Militar da Para\u00edba apreende drogas com suspeito de integrar grupo criminoso do Rio Grande do Norte\",\"datePublished\":\"2020-06-19T18:21:21+00:00\",\"dateModified\":\"2020-06-19T18:21:23+00:00\",\"mainEntityOfPage\":{\"@id\":\"https:\/\/www.pm.pb.gov.br\/portal\/2020\/06\/19\/policia-militar-da-paraiba-apreende-drogas-com-suspeito-de-integrar-grupo-criminoso-do-rio-grande-do-norte\/\"},\"wordCount\":183,\"publisher\":{\"@id\":\"https:\/\/www.pm.pb.gov.br\/portal\/#organization\"},\"articleSection\":[\"A\u00e7\u00f5es Policiais\"],\"inLanguage\":\"pt-BR\"},{\"@type\":\"WebPage\",\"@id\":\"https:\/\/www.pm.pb.gov.br\/portal\/2020\/06\/19\/policia-militar-da-paraiba-apreende-drogas-com-suspeito-de-integrar-grupo-criminoso-do-rio-grande-do-norte\/\",\"url\":\"https:\/\/www.pm.pb.gov.br\/portal\/2020\/06\/19\/policia-militar-da-paraiba-apreende-drogas-com-suspeito-de-integrar-grupo-criminoso-do-rio-grande-do-norte\/\",\"name\":\"Pol\u00edcia Militar da Para\u00edba apreende drogas com suspeito de integrar grupo criminoso do Rio Grande do Norte - Pol\u00edcia Militar da Para\u00edba\",\"isPartOf\":{\"@id\":\"https:\/\/www.pm.pb.gov.br\/portal\/#website\"},\"datePublished\":\"2020-06-19T18:21:21+00:00\",\"dateModified\":\"2020-06-19T18:21:23+00:00\",\"breadcrumb\":{\"@id\":\"https:\/\/www.pm.pb.gov.br\/portal\/2020\/06\/19\/policia-militar-da-paraiba-apreende-drogas-com-suspeito-de-integrar-grupo-criminoso-do-rio-grande-do-norte\/#breadcrumb\"},\"inLanguage\":\"pt-BR\",\"potentialAction\":[{\"@type\":\"ReadAction\",\"target\":[\"https:\/\/www.pm.pb.gov.br\/portal\/2020\/06\/19\/policia-militar-da-paraiba-apreende-drogas-com-suspeito-de-integrar-grupo-criminoso-do-rio-grande-do-norte\/\"]}]},{\"@type\":\"BreadcrumbList\",\"@id\":\"https:\/\/www.pm.pb.gov.br\/portal\/2020\/06\/19\/policia-militar-da-paraiba-apreende-drogas-com-suspeito-de-integrar-grupo-criminoso-do-rio-grande-do-norte\/#breadcrumb\",\"itemListElement\":[{\"@type\":\"ListItem\",\"position\":1,\"name\":\"In\u00edcio\",\"item\":\"https:\/\/www.pm.pb.gov.br\/portal\/\"},{\"@type\":\"ListItem\",\"position\":2,\"name\":\"Pol\u00edcia Militar da Para\u00edba apreende drogas com suspeito de integrar grupo criminoso do Rio Grande do Norte\"}]},{\"@type\":\"WebSite\",\"@id\":\"https:\/\/www.pm.pb.gov.br\/portal\/#website\",\"url\":\"https:\/\/www.pm.pb.gov.br\/portal\/\",\"name\":\"Pol\u00edcia Militar da Para\u00edba\",\"description\":\"\",\"publisher\":{\"@id\":\"https:\/\/www.pm.pb.gov.br\/portal\/#organization\"},\"potentialAction\":[{\"@type\":\"SearchAction\",\"target\":{\"@type\":\"EntryPoint\",\"urlTemplate\":\"https:\/\/www.pm.pb.gov.br\/portal\/?s={search_term_string}\"},\"query-input\":\"required name=search_term_string\"}],\"inLanguage\":\"pt-BR\"},{\"@type\":\"Organization\",\"@id\":\"https:\/\/www.pm.pb.gov.br\/portal\/#organization\",\"name\":\"Pol\u00edcia Militar da Para\u00edba\",\"url\":\"https:\/\/www.pm.pb.gov.br\/portal\/\",\"logo\":{\"@type\":\"ImageObject\",\"inLanguage\":\"pt-BR\",\"@id\":\"https:\/\/www.pm.pb.gov.br\/portal\/#\/schema\/logo\/image\/\",\"url\":\"https:\/\/www.pm.pb.gov.br\/portal\/wp-content\/uploads\/2025\/03\/cropped-logo-site-mag2-1.png\",\"contentUrl\":\"https:\/\/www.pm.pb.gov.br\/portal\/wp-content\/uploads\/2025\/03\/cropped-logo-site-mag2-1.png\",\"width\":320,\"height\":90,\"caption\":\"Pol\u00edcia Militar da Para\u00edba\"},\"image\":{\"@id\":\"https:\/\/www.pm.pb.gov.br\/portal\/#\/schema\/logo\/image\/\"}},{\"@type\":\"Person\",\"@id\":\"https:\/\/www.pm.pb.gov.br\/portal\/#\/schema\/person\/b169b297b8494dea236e315ed1a201d1\",\"name\":\"WAGNER HENRIQUE VARELA DA SILVA\",\"image\":{\"@type\":\"ImageObject\",\"inLanguage\":\"pt-BR\",\"@id\":\"https:\/\/www.pm.pb.gov.br\/portal\/#\/schema\/person\/image\/\",\"url\":\"https:\/\/secure.gravatar.com\/avatar\/e08af53176a66730df5c0706c6c31fd6?s=96&d=mm&r=g\",\"contentUrl\":\"https:\/\/secure.gravatar.com\/avatar\/e08af53176a66730df5c0706c6c31fd6?s=96&d=mm&r=g\",\"caption\":\"WAGNER HENRIQUE VARELA DA SILVA\"},\"url\":\"https:\/\/www.pm.pb.gov.br\/portal\/author\/varela\/\"}]}<\/script>\n<!-- \/ Yoast SEO plugin. -->","yoast_head_json":{"title":"Pol\u00edcia Militar da Para\u00edba apreende drogas com suspeito de integrar grupo criminoso do Rio Grande do Norte - Pol\u00edcia Militar da Para\u00edba","robots":{"index":"index","follow":"follow","max-snippet":"max-snippet:-1","max-image-preview":"max-image-preview:large","max-video-preview":"max-video-preview:-1"},"canonical":"https:\/\/www.pm.pb.gov.br\/portal\/2020\/06\/19\/policia-militar-da-paraiba-apreende-drogas-com-suspeito-de-integrar-grupo-criminoso-do-rio-grande-do-norte\/","og_locale":"pt_BR","og_type":"article","og_title":"Pol\u00edcia Militar da Para\u00edba apreende drogas com suspeito de integrar grupo criminoso do Rio Grande do Norte - Pol\u00edcia Militar da Para\u00edba","og_description":"A Pol\u00edcia Militar interceptou uma entrega de mais cinco quilos de maconha que um suspeito do Rio Grande do Norte","og_url":"https:\/\/www.pm.pb.gov.br\/portal\/2020\/06\/19\/policia-militar-da-paraiba-apreende-drogas-com-suspeito-de-integrar-grupo-criminoso-do-rio-grande-do-norte\/","og_site_name":"Pol\u00edcia Militar da Para\u00edba","article_published_time":"2020-06-19T18:21:21+00:00","article_modified_time":"2020-06-19T18:21:23+00:00","og_image":[{"width":1600,"height":900,"url":"https:\/\/www.pm.pb.gov.br\/portal\/wp-content\/uploads\/2020\/06\/drogas-2.jpg","type":"image\/jpeg"}],"author":"WAGNER HENRIQUE VARELA DA SILVA","twitter_card":"summary_large_image","twitter_misc":{"Escrito por":"WAGNER HENRIQUE VARELA DA SILVA","Est. tempo de leitura":"1 minuto"},"schema":{"@context":"https:\/\/schema.org","@graph":[{"@type":"Article","@id":"https:\/\/www.pm.pb.gov.br\/portal\/2020\/06\/19\/policia-militar-da-paraiba-apreende-drogas-com-suspeito-de-integrar-grupo-criminoso-do-rio-grande-do-norte\/#article","isPartOf":{"@id":"https:\/\/www.pm.pb.gov.br\/portal\/2020\/06\/19\/policia-militar-da-paraiba-apreende-drogas-com-suspeito-de-integrar-grupo-criminoso-do-rio-grande-do-norte\/"},"author":{"name":"WAGNER HENRIQUE VARELA DA SILVA","@id":"https:\/\/www.pm.pb.gov.br\/portal\/#\/schema\/person\/b169b297b8494dea236e315ed1a201d1"},"headline":"Pol\u00edcia Militar da Para\u00edba apreende drogas com suspeito de integrar grupo criminoso do Rio Grande do Norte","datePublished":"2020-06-19T18:21:21+00:00","dateModified":"2020-06-19T18:21:23+00:00","mainEntityOfPage":{"@id":"https:\/\/www.pm.pb.gov.br\/portal\/2020\/06\/19\/policia-militar-da-paraiba-apreende-drogas-com-suspeito-de-integrar-grupo-criminoso-do-rio-grande-do-norte\/"},"wordCount":183,"publisher":{"@id":"https:\/\/www.pm.pb.gov.br\/portal\/#organization"},"articleSection":["A\u00e7\u00f5es Policiais"],"inLanguage":"pt-BR"},{"@type":"WebPage","@id":"https:\/\/www.pm.pb.gov.br\/portal\/2020\/06\/19\/policia-militar-da-paraiba-apreende-drogas-com-suspeito-de-integrar-grupo-criminoso-do-rio-grande-do-norte\/","url":"https:\/\/www.pm.pb.gov.br\/portal\/2020\/06\/19\/policia-militar-da-paraiba-apreende-drogas-com-suspeito-de-integrar-grupo-criminoso-do-rio-grande-do-norte\/","name":"Pol\u00edcia Militar da Para\u00edba apreende drogas com suspeito de integrar grupo criminoso do Rio Grande do Norte - Pol\u00edcia Militar da Para\u00edba","isPartOf":{"@id":"https:\/\/www.pm.pb.gov.br\/portal\/#website"},"datePublished":"2020-06-19T18:21:21+00:00","dateModified":"2020-06-19T18:21:23+00:00","breadcrumb":{"@id":"https:\/\/www.pm.pb.gov.br\/portal\/2020\/06\/19\/policia-militar-da-paraiba-apreende-drogas-com-suspeito-de-integrar-grupo-criminoso-do-rio-grande-do-norte\/#breadcrumb"},"inLanguage":"pt-BR","potentialAction":[{"@type":"ReadAction","target":["https:\/\/www.pm.pb.gov.br\/portal\/2020\/06\/19\/policia-militar-da-paraiba-apreende-drogas-com-suspeito-de-integrar-grupo-criminoso-do-rio-grande-do-norte\/"]}]},{"@type":"BreadcrumbList","@id":"https:\/\/www.pm.pb.gov.br\/portal\/2020\/06\/19\/policia-militar-da-paraiba-apreende-drogas-com-suspeito-de-integrar-grupo-criminoso-do-rio-grande-do-norte\/#breadcrumb","itemListElement":[{"@type":"ListItem","position":1,"name":"In\u00edcio","item":"https:\/\/www.pm.pb.gov.br\/portal\/"},{"@type":"ListItem","position":2,"name":"Pol\u00edcia Militar da Para\u00edba apreende drogas com suspeito de integrar grupo criminoso do Rio Grande do Norte"}]},{"@type":"WebSite","@id":"https:\/\/www.pm.pb.gov.br\/portal\/#website","url":"https:\/\/www.pm.pb.gov.br\/portal\/","name":"Pol\u00edcia Militar da Para\u00edba","description":"","publisher":{"@id":"https:\/\/www.pm.pb.gov.br\/portal\/#organization"},"potentialAction":[{"@type":"SearchAction","target":{"@type":"EntryPoint","urlTemplate":"https:\/\/www.pm.pb.gov.br\/portal\/?s={search_term_string}"},"query-input":"required name=search_term_string"}],"inLanguage":"pt-BR"},{"@type":"Organization","@id":"https:\/\/www.pm.pb.gov.br\/portal\/#organization","name":"Pol\u00edcia Militar da Para\u00edba","url":"https:\/\/www.pm.pb.gov.br\/portal\/","logo":{"@type":"ImageObject","inLanguage":"pt-BR","@id":"https:\/\/www.pm.pb.gov.br\/portal\/#\/schema\/logo\/image\/","url":"https:\/\/www.pm.pb.gov.br\/portal\/wp-content\/uploads\/2025\/03\/cropped-logo-site-mag2-1.png","contentUrl":"https:\/\/www.pm.pb.gov.br\/portal\/wp-content\/uploads\/2025\/03\/cropped-logo-site-mag2-1.png","width":320,"height":90,"caption":"Pol\u00edcia Militar da Para\u00edba"},"image":{"@id":"https:\/\/www.pm.pb.gov.br\/portal\/#\/schema\/logo\/image\/"}},{"@type":"Person","@id":"https:\/\/www.pm.pb.gov.br\/portal\/#\/schema\/person\/b169b297b8494dea236e315ed1a201d1","name":"WAGNER HENRIQUE VARELA DA SILVA","image":{"@type":"ImageObject","inLanguage":"pt-BR","@id":"https:\/\/www.pm.pb.gov.br\/portal\/#\/schema\/person\/image\/","url":"https:\/\/secure.gravatar.com\/avatar\/e08af53176a66730df5c0706c6c31fd6?s=96&d=mm&r=g","contentUrl":"https:\/\/secure.gravatar.com\/avatar\/e08af53176a66730df5c0706c6c31fd6?s=96&d=mm&r=g","caption":"WAGNER HENRIQUE VARELA DA SILVA"},"url":"https:\/\/www.pm.pb.gov.br\/portal\/author\/varela\/"}]}},"_links":{"self":[{"href":"https:\/\/www.pm.pb.gov.br\/portal\/wp-json\/wp\/v2\/posts\/905772"}],"collection":[{"href":"https:\/\/www.pm.pb.gov.br\/portal\/wp-json\/wp\/v2\/posts"}],"about":[{"href":"https:\/\/www.pm.pb.gov.br\/portal\/wp-json\/wp\/v2\/types\/post"}],"author":[{"embeddable":true,"href":"https:\/\/www.pm.pb.gov.br\/portal\/wp-json\/wp\/v2\/users\/10"}],"replies":[{"embeddable":true,"href":"https:\/\/www.pm.pb.gov.br\/portal\/wp-json\/wp\/v2\/comments?post=905772"}],"version-history":[{"count":2,"href":"https:\/\/www.pm.pb.gov.br\/portal\/wp-json\/wp\/v2\/posts\/905772\/revisions"}],"predecessor-version":[{"id":905777,"href":"https:\/\/www.pm.pb.gov.br\/portal\/wp-json\/wp\/v2\/posts\/905772\/revisions\/905777"}],"wp:featuredmedia":[{"embeddable":true,"href":"https:\/\/www.pm.pb.gov.br\/portal\/wp-json\/wp\/v2\/media\/905776"}],"wp:attachment":[{"href":"https:\/\/www.pm.pb.gov.br\/portal\/wp-json\/wp\/v2\/media?parent=905772"}],"wp:term":[{"taxonomy":"category","embeddable":true,"href":"https:\/\/www.pm.pb.gov.br\/portal\/wp-json\/wp\/v2\/categories?post=905772"},{"taxonomy":"post_tag","embeddable":true,"href":"https:\/\/www.pm.pb.gov.br\/portal\/wp-json\/wp\/v2\/tags?post=905772"}],"curies":[{"name":"wp","href":"https:\/\/api.w.org\/{rel}","templated":true}]}}