{"id":905756,"date":"2020-06-18T16:22:38","date_gmt":"2020-06-18T19:22:38","guid":{"rendered":"http:\/\/www.pm.pb.gov.br\/portal\/?p=905756"},"modified":"2020-06-18T16:22:39","modified_gmt":"2020-06-18T19:22:39","slug":"policia-militar-prende-suspeitos-de-arrombar-comercio-no-sertao-e-captura-foragido-da-justica","status":"publish","type":"post","link":"https:\/\/www.pm.pb.gov.br\/portal\/2020\/06\/18\/policia-militar-prende-suspeitos-de-arrombar-comercio-no-sertao-e-captura-foragido-da-justica\/","title":{"rendered":"Pol\u00edcia Militar prende suspeitos de arrombar com\u00e9rcio no Sert\u00e3o e captura foragido da Justi\u00e7a"},"content":{"rendered":"\n<p>A Pol\u00edcia Militar intensificou o combate aos crimes patrimoniais no Sert\u00e3o e prendeu tr\u00eas suspeitos envolvidos em roubos, arrombamentos e furtos em com\u00e9rcio na regi\u00e3o de Catol\u00e9 do Rocha (foto acima ilustrativa). Dois suspeitos foram presos nesta quinta-feira (18), e outro acusado de roubo que estava foragido da Justi\u00e7a foi capturado na quarta (17).<\/p>\n<p>Na pris\u00e3o mais recente, policiais do 12\u00ba Batalh\u00e3o e da For\u00e7a T\u00e1tica da Unidade chegaram at\u00e9 uma dupla, de 42 e 29 anos de idade, suspeita de arrombar e furtar mercadorias de um supermercado em Catol\u00e9 do Rocha, crime que aconteceu na noite de ontem. Com a ajuda das imagens gravadas pelas c\u00e2meras de seguran\u00e7a, a PM chegou at\u00e9 eles nos bairros do Batalh\u00e3o e Luzia Maia.<\/p>\n<p>Segundo os policiais do 12\u00ba BPM que fizeram a pris\u00e3o, a dupla tem envolvimento com drogas. Eles foram encaminhados para a Delegacia de Pol\u00edcia Civil da cidade, para as medidas legais cab\u00edveis. \u00a0<\/p>\n<p><strong>Identificado e preso &#8211;<\/strong> Em Bel\u00e9m do Brejo do Cruz, um homem de 26 anos que estava sendo procurado pela Justi\u00e7a pelo crime de roubo, foi identificado e preso pelos policiais da 2\u00aa Companhia do 12\u00ba BPM, durante uma abordagem. Contra o acusado havia um mandado de pris\u00e3o em aberto expedido pela Comarca de Catol\u00e9 do Rocha.<\/p>\n<p>Ele foi encaminhado para a Delegacia e est\u00e1 \u00e0 disposi\u00e7\u00e3o da Justi\u00e7a para o cumprimento da pena.<\/p>\n","protected":false},"excerpt":{"rendered":"<p>A Pol\u00edcia Militar intensificou o combate aos crimes patrimoniais no Sert\u00e3o e prendeu tr\u00eas suspeitos envolvidos em roubos, arrombamentos e<\/p>\n","protected":false},"author":12,"featured_media":902591,"comment_status":"closed","ping_status":"closed","sticky":false,"template":"","format":"standard","meta":{"_exactmetrics_skip_tracking":false,"_exactmetrics_sitenote_active":false,"_exactmetrics_sitenote_note":"","_exactmetrics_sitenote_category":0,"footnotes":""},"categories":[4],"tags":[],"yoast_head":"<!-- This site is optimized with the Yoast SEO plugin v22.0 - https:\/\/yoast.com\/wordpress\/plugins\/seo\/ -->\n<title>Pol\u00edcia Militar prende suspeitos de arrombar com\u00e9rcio no Sert\u00e3o e captura foragido da Justi\u00e7a - Pol\u00edcia Militar da Para\u00edba<\/title>\n<meta name=\"robots\" content=\"index, follow, max-snippet:-1, max-image-preview:large, max-video-preview:-1\" \/>\n<link rel=\"canonical\" href=\"https:\/\/www.pm.pb.gov.br\/portal\/2020\/06\/18\/policia-militar-prende-suspeitos-de-arrombar-comercio-no-sertao-e-captura-foragido-da-justica\/\" \/>\n<meta property=\"og:locale\" content=\"pt_BR\" \/>\n<meta property=\"og:type\" content=\"article\" \/>\n<meta property=\"og:title\" content=\"Pol\u00edcia Militar prende suspeitos de arrombar com\u00e9rcio no Sert\u00e3o e captura foragido da Justi\u00e7a - Pol\u00edcia Militar da Para\u00edba\" \/>\n<meta property=\"og:description\" content=\"A Pol\u00edcia Militar intensificou o combate aos crimes patrimoniais no Sert\u00e3o e prendeu tr\u00eas suspeitos envolvidos em roubos, arrombamentos e\" \/>\n<meta property=\"og:url\" content=\"https:\/\/www.pm.pb.gov.br\/portal\/2020\/06\/18\/policia-militar-prende-suspeitos-de-arrombar-comercio-no-sertao-e-captura-foragido-da-justica\/\" \/>\n<meta property=\"og:site_name\" content=\"Pol\u00edcia Militar da Para\u00edba\" \/>\n<meta property=\"article:published_time\" content=\"2020-06-18T19:22:38+00:00\" \/>\n<meta property=\"article:modified_time\" content=\"2020-06-18T19:22:39+00:00\" \/>\n<meta property=\"og:image\" content=\"https:\/\/www.pm.pb.gov.br\/portal\/wp-content\/uploads\/2019\/10\/sertaoilustrativa.jpeg\" \/>\n\t<meta property=\"og:image:width\" content=\"800\" \/>\n\t<meta property=\"og:image:height\" content=\"445\" \/>\n\t<meta property=\"og:image:type\" content=\"image\/jpeg\" \/>\n<meta name=\"author\" content=\"Tarcisio Oliveira\" \/>\n<meta name=\"twitter:card\" content=\"summary_large_image\" \/>\n<meta name=\"twitter:label1\" content=\"Escrito por\" \/>\n\t<meta name=\"twitter:data1\" content=\"Tarcisio Oliveira\" \/>\n\t<meta name=\"twitter:label2\" content=\"Est. tempo de leitura\" \/>\n\t<meta name=\"twitter:data2\" content=\"1 minuto\" \/>\n<script type=\"application\/ld+json\" class=\"yoast-schema-graph\">{\"@context\":\"https:\/\/schema.org\",\"@graph\":[{\"@type\":\"Article\",\"@id\":\"https:\/\/www.pm.pb.gov.br\/portal\/2020\/06\/18\/policia-militar-prende-suspeitos-de-arrombar-comercio-no-sertao-e-captura-foragido-da-justica\/#article\",\"isPartOf\":{\"@id\":\"https:\/\/www.pm.pb.gov.br\/portal\/2020\/06\/18\/policia-militar-prende-suspeitos-de-arrombar-comercio-no-sertao-e-captura-foragido-da-justica\/\"},\"author\":{\"name\":\"Tarcisio Oliveira\",\"@id\":\"https:\/\/www.pm.pb.gov.br\/portal\/#\/schema\/person\/f84f56dcc78ce4357054da888b8247fd\"},\"headline\":\"Pol\u00edcia Militar prende suspeitos de arrombar com\u00e9rcio no Sert\u00e3o e captura foragido da Justi\u00e7a\",\"datePublished\":\"2020-06-18T19:22:38+00:00\",\"dateModified\":\"2020-06-18T19:22:39+00:00\",\"mainEntityOfPage\":{\"@id\":\"https:\/\/www.pm.pb.gov.br\/portal\/2020\/06\/18\/policia-militar-prende-suspeitos-de-arrombar-comercio-no-sertao-e-captura-foragido-da-justica\/\"},\"wordCount\":256,\"publisher\":{\"@id\":\"https:\/\/www.pm.pb.gov.br\/portal\/#organization\"},\"articleSection\":[\"A\u00e7\u00f5es Policiais\"],\"inLanguage\":\"pt-BR\"},{\"@type\":\"WebPage\",\"@id\":\"https:\/\/www.pm.pb.gov.br\/portal\/2020\/06\/18\/policia-militar-prende-suspeitos-de-arrombar-comercio-no-sertao-e-captura-foragido-da-justica\/\",\"url\":\"https:\/\/www.pm.pb.gov.br\/portal\/2020\/06\/18\/policia-militar-prende-suspeitos-de-arrombar-comercio-no-sertao-e-captura-foragido-da-justica\/\",\"name\":\"Pol\u00edcia Militar prende suspeitos de arrombar com\u00e9rcio no Sert\u00e3o e captura foragido da Justi\u00e7a - Pol\u00edcia Militar da Para\u00edba\",\"isPartOf\":{\"@id\":\"https:\/\/www.pm.pb.gov.br\/portal\/#website\"},\"datePublished\":\"2020-06-18T19:22:38+00:00\",\"dateModified\":\"2020-06-18T19:22:39+00:00\",\"breadcrumb\":{\"@id\":\"https:\/\/www.pm.pb.gov.br\/portal\/2020\/06\/18\/policia-militar-prende-suspeitos-de-arrombar-comercio-no-sertao-e-captura-foragido-da-justica\/#breadcrumb\"},\"inLanguage\":\"pt-BR\",\"potentialAction\":[{\"@type\":\"ReadAction\",\"target\":[\"https:\/\/www.pm.pb.gov.br\/portal\/2020\/06\/18\/policia-militar-prende-suspeitos-de-arrombar-comercio-no-sertao-e-captura-foragido-da-justica\/\"]}]},{\"@type\":\"BreadcrumbList\",\"@id\":\"https:\/\/www.pm.pb.gov.br\/portal\/2020\/06\/18\/policia-militar-prende-suspeitos-de-arrombar-comercio-no-sertao-e-captura-foragido-da-justica\/#breadcrumb\",\"itemListElement\":[{\"@type\":\"ListItem\",\"position\":1,\"name\":\"In\u00edcio\",\"item\":\"https:\/\/www.pm.pb.gov.br\/portal\/\"},{\"@type\":\"ListItem\",\"position\":2,\"name\":\"Pol\u00edcia Militar prende suspeitos de arrombar com\u00e9rcio no Sert\u00e3o e captura foragido da Justi\u00e7a\"}]},{\"@type\":\"WebSite\",\"@id\":\"https:\/\/www.pm.pb.gov.br\/portal\/#website\",\"url\":\"https:\/\/www.pm.pb.gov.br\/portal\/\",\"name\":\"Pol\u00edcia Militar da Para\u00edba\",\"description\":\"\",\"publisher\":{\"@id\":\"https:\/\/www.pm.pb.gov.br\/portal\/#organization\"},\"potentialAction\":[{\"@type\":\"SearchAction\",\"target\":{\"@type\":\"EntryPoint\",\"urlTemplate\":\"https:\/\/www.pm.pb.gov.br\/portal\/?s={search_term_string}\"},\"query-input\":\"required name=search_term_string\"}],\"inLanguage\":\"pt-BR\"},{\"@type\":\"Organization\",\"@id\":\"https:\/\/www.pm.pb.gov.br\/portal\/#organization\",\"name\":\"Pol\u00edcia Militar da Para\u00edba\",\"url\":\"https:\/\/www.pm.pb.gov.br\/portal\/\",\"logo\":{\"@type\":\"ImageObject\",\"inLanguage\":\"pt-BR\",\"@id\":\"https:\/\/www.pm.pb.gov.br\/portal\/#\/schema\/logo\/image\/\",\"url\":\"https:\/\/www.pm.pb.gov.br\/portal\/wp-content\/uploads\/2025\/03\/cropped-logo-site-mag2-1.png\",\"contentUrl\":\"https:\/\/www.pm.pb.gov.br\/portal\/wp-content\/uploads\/2025\/03\/cropped-logo-site-mag2-1.png\",\"width\":320,\"height\":90,\"caption\":\"Pol\u00edcia Militar da Para\u00edba\"},\"image\":{\"@id\":\"https:\/\/www.pm.pb.gov.br\/portal\/#\/schema\/logo\/image\/\"}},{\"@type\":\"Person\",\"@id\":\"https:\/\/www.pm.pb.gov.br\/portal\/#\/schema\/person\/f84f56dcc78ce4357054da888b8247fd\",\"name\":\"Tarcisio Oliveira\",\"image\":{\"@type\":\"ImageObject\",\"inLanguage\":\"pt-BR\",\"@id\":\"https:\/\/www.pm.pb.gov.br\/portal\/#\/schema\/person\/image\/\",\"url\":\"https:\/\/secure.gravatar.com\/avatar\/72917b630b69d31cd0297507f34bac97?s=96&d=mm&r=g\",\"contentUrl\":\"https:\/\/secure.gravatar.com\/avatar\/72917b630b69d31cd0297507f34bac97?s=96&d=mm&r=g\",\"caption\":\"Tarcisio Oliveira\"},\"url\":\"https:\/\/www.pm.pb.gov.br\/portal\/author\/tarcisio\/\"}]}<\/script>\n<!-- \/ Yoast SEO plugin. -->","yoast_head_json":{"title":"Pol\u00edcia Militar prende suspeitos de arrombar com\u00e9rcio no Sert\u00e3o e captura foragido da Justi\u00e7a - Pol\u00edcia Militar da Para\u00edba","robots":{"index":"index","follow":"follow","max-snippet":"max-snippet:-1","max-image-preview":"max-image-preview:large","max-video-preview":"max-video-preview:-1"},"canonical":"https:\/\/www.pm.pb.gov.br\/portal\/2020\/06\/18\/policia-militar-prende-suspeitos-de-arrombar-comercio-no-sertao-e-captura-foragido-da-justica\/","og_locale":"pt_BR","og_type":"article","og_title":"Pol\u00edcia Militar prende suspeitos de arrombar com\u00e9rcio no Sert\u00e3o e captura foragido da Justi\u00e7a - Pol\u00edcia Militar da Para\u00edba","og_description":"A Pol\u00edcia Militar intensificou o combate aos crimes patrimoniais no Sert\u00e3o e prendeu tr\u00eas suspeitos envolvidos em roubos, arrombamentos e","og_url":"https:\/\/www.pm.pb.gov.br\/portal\/2020\/06\/18\/policia-militar-prende-suspeitos-de-arrombar-comercio-no-sertao-e-captura-foragido-da-justica\/","og_site_name":"Pol\u00edcia Militar da Para\u00edba","article_published_time":"2020-06-18T19:22:38+00:00","article_modified_time":"2020-06-18T19:22:39+00:00","og_image":[{"width":800,"height":445,"url":"https:\/\/www.pm.pb.gov.br\/portal\/wp-content\/uploads\/2019\/10\/sertaoilustrativa.jpeg","type":"image\/jpeg"}],"author":"Tarcisio Oliveira","twitter_card":"summary_large_image","twitter_misc":{"Escrito por":"Tarcisio Oliveira","Est. tempo de leitura":"1 minuto"},"schema":{"@context":"https:\/\/schema.org","@graph":[{"@type":"Article","@id":"https:\/\/www.pm.pb.gov.br\/portal\/2020\/06\/18\/policia-militar-prende-suspeitos-de-arrombar-comercio-no-sertao-e-captura-foragido-da-justica\/#article","isPartOf":{"@id":"https:\/\/www.pm.pb.gov.br\/portal\/2020\/06\/18\/policia-militar-prende-suspeitos-de-arrombar-comercio-no-sertao-e-captura-foragido-da-justica\/"},"author":{"name":"Tarcisio Oliveira","@id":"https:\/\/www.pm.pb.gov.br\/portal\/#\/schema\/person\/f84f56dcc78ce4357054da888b8247fd"},"headline":"Pol\u00edcia Militar prende suspeitos de arrombar com\u00e9rcio no Sert\u00e3o e captura foragido da Justi\u00e7a","datePublished":"2020-06-18T19:22:38+00:00","dateModified":"2020-06-18T19:22:39+00:00","mainEntityOfPage":{"@id":"https:\/\/www.pm.pb.gov.br\/portal\/2020\/06\/18\/policia-militar-prende-suspeitos-de-arrombar-comercio-no-sertao-e-captura-foragido-da-justica\/"},"wordCount":256,"publisher":{"@id":"https:\/\/www.pm.pb.gov.br\/portal\/#organization"},"articleSection":["A\u00e7\u00f5es Policiais"],"inLanguage":"pt-BR"},{"@type":"WebPage","@id":"https:\/\/www.pm.pb.gov.br\/portal\/2020\/06\/18\/policia-militar-prende-suspeitos-de-arrombar-comercio-no-sertao-e-captura-foragido-da-justica\/","url":"https:\/\/www.pm.pb.gov.br\/portal\/2020\/06\/18\/policia-militar-prende-suspeitos-de-arrombar-comercio-no-sertao-e-captura-foragido-da-justica\/","name":"Pol\u00edcia Militar prende suspeitos de arrombar com\u00e9rcio no Sert\u00e3o e captura foragido da Justi\u00e7a - Pol\u00edcia Militar da Para\u00edba","isPartOf":{"@id":"https:\/\/www.pm.pb.gov.br\/portal\/#website"},"datePublished":"2020-06-18T19:22:38+00:00","dateModified":"2020-06-18T19:22:39+00:00","breadcrumb":{"@id":"https:\/\/www.pm.pb.gov.br\/portal\/2020\/06\/18\/policia-militar-prende-suspeitos-de-arrombar-comercio-no-sertao-e-captura-foragido-da-justica\/#breadcrumb"},"inLanguage":"pt-BR","potentialAction":[{"@type":"ReadAction","target":["https:\/\/www.pm.pb.gov.br\/portal\/2020\/06\/18\/policia-militar-prende-suspeitos-de-arrombar-comercio-no-sertao-e-captura-foragido-da-justica\/"]}]},{"@type":"BreadcrumbList","@id":"https:\/\/www.pm.pb.gov.br\/portal\/2020\/06\/18\/policia-militar-prende-suspeitos-de-arrombar-comercio-no-sertao-e-captura-foragido-da-justica\/#breadcrumb","itemListElement":[{"@type":"ListItem","position":1,"name":"In\u00edcio","item":"https:\/\/www.pm.pb.gov.br\/portal\/"},{"@type":"ListItem","position":2,"name":"Pol\u00edcia Militar prende suspeitos de arrombar com\u00e9rcio no Sert\u00e3o e captura foragido da Justi\u00e7a"}]},{"@type":"WebSite","@id":"https:\/\/www.pm.pb.gov.br\/portal\/#website","url":"https:\/\/www.pm.pb.gov.br\/portal\/","name":"Pol\u00edcia Militar da Para\u00edba","description":"","publisher":{"@id":"https:\/\/www.pm.pb.gov.br\/portal\/#organization"},"potentialAction":[{"@type":"SearchAction","target":{"@type":"EntryPoint","urlTemplate":"https:\/\/www.pm.pb.gov.br\/portal\/?s={search_term_string}"},"query-input":"required name=search_term_string"}],"inLanguage":"pt-BR"},{"@type":"Organization","@id":"https:\/\/www.pm.pb.gov.br\/portal\/#organization","name":"Pol\u00edcia Militar da Para\u00edba","url":"https:\/\/www.pm.pb.gov.br\/portal\/","logo":{"@type":"ImageObject","inLanguage":"pt-BR","@id":"https:\/\/www.pm.pb.gov.br\/portal\/#\/schema\/logo\/image\/","url":"https:\/\/www.pm.pb.gov.br\/portal\/wp-content\/uploads\/2025\/03\/cropped-logo-site-mag2-1.png","contentUrl":"https:\/\/www.pm.pb.gov.br\/portal\/wp-content\/uploads\/2025\/03\/cropped-logo-site-mag2-1.png","width":320,"height":90,"caption":"Pol\u00edcia Militar da Para\u00edba"},"image":{"@id":"https:\/\/www.pm.pb.gov.br\/portal\/#\/schema\/logo\/image\/"}},{"@type":"Person","@id":"https:\/\/www.pm.pb.gov.br\/portal\/#\/schema\/person\/f84f56dcc78ce4357054da888b8247fd","name":"Tarcisio Oliveira","image":{"@type":"ImageObject","inLanguage":"pt-BR","@id":"https:\/\/www.pm.pb.gov.br\/portal\/#\/schema\/person\/image\/","url":"https:\/\/secure.gravatar.com\/avatar\/72917b630b69d31cd0297507f34bac97?s=96&d=mm&r=g","contentUrl":"https:\/\/secure.gravatar.com\/avatar\/72917b630b69d31cd0297507f34bac97?s=96&d=mm&r=g","caption":"Tarcisio Oliveira"},"url":"https:\/\/www.pm.pb.gov.br\/portal\/author\/tarcisio\/"}]}},"_links":{"self":[{"href":"https:\/\/www.pm.pb.gov.br\/portal\/wp-json\/wp\/v2\/posts\/905756"}],"collection":[{"href":"https:\/\/www.pm.pb.gov.br\/portal\/wp-json\/wp\/v2\/posts"}],"about":[{"href":"https:\/\/www.pm.pb.gov.br\/portal\/wp-json\/wp\/v2\/types\/post"}],"author":[{"embeddable":true,"href":"https:\/\/www.pm.pb.gov.br\/portal\/wp-json\/wp\/v2\/users\/12"}],"replies":[{"embeddable":true,"href":"https:\/\/www.pm.pb.gov.br\/portal\/wp-json\/wp\/v2\/comments?post=905756"}],"version-history":[{"count":2,"href":"https:\/\/www.pm.pb.gov.br\/portal\/wp-json\/wp\/v2\/posts\/905756\/revisions"}],"predecessor-version":[{"id":905758,"href":"https:\/\/www.pm.pb.gov.br\/portal\/wp-json\/wp\/v2\/posts\/905756\/revisions\/905758"}],"wp:featuredmedia":[{"embeddable":true,"href":"https:\/\/www.pm.pb.gov.br\/portal\/wp-json\/wp\/v2\/media\/902591"}],"wp:attachment":[{"href":"https:\/\/www.pm.pb.gov.br\/portal\/wp-json\/wp\/v2\/media?parent=905756"}],"wp:term":[{"taxonomy":"category","embeddable":true,"href":"https:\/\/www.pm.pb.gov.br\/portal\/wp-json\/wp\/v2\/categories?post=905756"},{"taxonomy":"post_tag","embeddable":true,"href":"https:\/\/www.pm.pb.gov.br\/portal\/wp-json\/wp\/v2\/tags?post=905756"}],"curies":[{"name":"wp","href":"https:\/\/api.w.org\/{rel}","templated":true}]}}