{"id":905754,"date":"2020-06-19T11:57:04","date_gmt":"2020-06-19T14:57:04","guid":{"rendered":"http:\/\/www.pm.pb.gov.br\/portal\/?p=905754"},"modified":"2020-06-19T11:57:48","modified_gmt":"2020-06-19T14:57:48","slug":"sete-armas-de-fogo-sao-apreendidas-em-acao-conjunta-das-policias-militares-da-pb-e-ce","status":"publish","type":"post","link":"https:\/\/www.pm.pb.gov.br\/portal\/2020\/06\/19\/sete-armas-de-fogo-sao-apreendidas-em-acao-conjunta-das-policias-militares-da-pb-e-ce\/","title":{"rendered":"Sete armas de fogo s\u00e3o apreendidas em a\u00e7\u00e3o conjunta das Pol\u00edcias Militares da PB e CE"},"content":{"rendered":"\n<p>Uma a\u00e7\u00e3o conjunta das Pol\u00edcias Militares da Para\u00edba e do Cear\u00e1 resultou na apreens\u00e3o de sete armas de fogo, entre espingardas e um rifle calibre 44. Dois suspeitos que estavam com o armamento foram capturados durante as dilig\u00eancias, que iniciaram em Ipaumirim, no Cear\u00e1, e tiveram desfecho no munic\u00edpio de Cachoeira dos \u00cdndios, na Para\u00edba. Equipes da Companhia de Opera\u00e7\u00f5es de Divisas (COD) pertencente ao Batalh\u00e3o Especializado de Policiamento do Interior (Bepi) do Comando de Policiamento de Choque (CPChoque) da PMCE e da Patrulha Rural do 6\u00ba Batalh\u00e3o da PMPB (Cajazeiras) participaram da a\u00e7\u00e3o.<br><br>Os policiais militares iniciaram as dilig\u00eancias com o objetivo de capturar suspeitos com mandados de pris\u00e3o em aberto no Cear\u00e1 e envolvidos em uma troca de tiros com policiais paraibanos, na semana passada, na divisa entre os dois estados. Nas primeiras horas da manh\u00e3 dessa quinta-feira (18), a a\u00e7\u00e3o come\u00e7ou em Ipaumirim (CE). Em um endere\u00e7o mencionado no mandado judicial, os policiais identificaram o primeiro alvo.<br><br>Era um suspeito de 25 anos, paraibano de Santa Helena. Contra ele, tinha dois mandados de pris\u00e3o em aberto expedidos pela Justi\u00e7a do Cear\u00e1, pelos crimes de tr\u00e1fico de drogas, associa\u00e7\u00e3o para o tr\u00e1fico, roubo majorado e associa\u00e7\u00e3o criminosa, al\u00e9m de um mandado da Justi\u00e7a paraibana por homic\u00eddio qualificado, expedido na \u00faltima segunda-feira (15). Ele apontou o local das armas que teriam sido utilizadas na troca de tiros com os policiais paraibanos.<br><br>Foi ent\u00e3o que o segundo suspeito, de 37 anos, foi identificado e as armas foram localizadas, j\u00e1 no munic\u00edpio de Cachoeira dos \u00cdndios (PB). Ele apontou um s\u00edtio onde os policiais encontraram quatro espingardas artesanais, outras duas espingardas, sendo uma de calibre 12 e outra de 32, um rifle calibre 44, 20 cartuchos calibre 32, duas muni\u00e7\u00f5es de calibre 38 e 280 gramas de maconha. O material foi encontrado tanto enterrado na propriedade como numa casa abandonada no terreno.<br><br>Diante das circunst\u00e2ncias encontradas, os PMs do Cear\u00e1 e da Para\u00edba levaram a dupla para a realiza\u00e7\u00e3o do procedimento policial na delegacia de Pol\u00edcia Civil, em Cajazeiras. <br><br><strong>Capturas ap\u00f3s troca de tiros<\/strong><br><br>Ap\u00f3s passarem 24 horas ininterruptas em buscas pelo grupo suspeito de trocar tiros com a Pol\u00edcia Militar e a Pol\u00edcia Civil da Para\u00edba, no dia 10 de junho, equipes do 6\u00ba Batalh\u00e3o da Pol\u00edcia Militar e da 6\u00aa Companhia do Batalh\u00e3o de Opera\u00e7\u00f5es Especiais (BOPE) capturaram cinco integrantes do grupo, sendo dois adultos e tr\u00eas adolescentes de 15 e 16 anos, no dia 11. As capturas aconteceram em Cachoeira dos \u00cdndios, cidade do sert\u00e3o paraibano.<\/p>\n","protected":false},"excerpt":{"rendered":"<p>Uma a\u00e7\u00e3o conjunta das Pol\u00edcias Militares da Para\u00edba e do Cear\u00e1 resultou na apreens\u00e3o de sete armas de fogo, entre<\/p>\n","protected":false},"author":10,"featured_media":905769,"comment_status":"closed","ping_status":"closed","sticky":false,"template":"","format":"standard","meta":{"_exactmetrics_skip_tracking":false,"_exactmetrics_sitenote_active":false,"_exactmetrics_sitenote_note":"","_exactmetrics_sitenote_category":0,"footnotes":""},"categories":[4],"tags":[],"yoast_head":"<!-- This site is optimized with the Yoast SEO plugin v22.0 - https:\/\/yoast.com\/wordpress\/plugins\/seo\/ -->\n<title>Sete armas de fogo s\u00e3o apreendidas em a\u00e7\u00e3o conjunta das Pol\u00edcias Militares da PB e CE - Pol\u00edcia Militar da Para\u00edba<\/title>\n<meta name=\"robots\" content=\"index, follow, max-snippet:-1, max-image-preview:large, max-video-preview:-1\" \/>\n<link rel=\"canonical\" href=\"https:\/\/www.pm.pb.gov.br\/portal\/2020\/06\/19\/sete-armas-de-fogo-sao-apreendidas-em-acao-conjunta-das-policias-militares-da-pb-e-ce\/\" \/>\n<meta property=\"og:locale\" content=\"pt_BR\" \/>\n<meta property=\"og:type\" content=\"article\" \/>\n<meta property=\"og:title\" content=\"Sete armas de fogo s\u00e3o apreendidas em a\u00e7\u00e3o conjunta das Pol\u00edcias Militares da PB e CE - Pol\u00edcia Militar da Para\u00edba\" \/>\n<meta property=\"og:description\" content=\"Uma a\u00e7\u00e3o conjunta das Pol\u00edcias Militares da Para\u00edba e do Cear\u00e1 resultou na apreens\u00e3o de sete armas de fogo, entre\" \/>\n<meta property=\"og:url\" content=\"https:\/\/www.pm.pb.gov.br\/portal\/2020\/06\/19\/sete-armas-de-fogo-sao-apreendidas-em-acao-conjunta-das-policias-militares-da-pb-e-ce\/\" \/>\n<meta property=\"og:site_name\" content=\"Pol\u00edcia Militar da Para\u00edba\" \/>\n<meta property=\"article:published_time\" content=\"2020-06-19T14:57:04+00:00\" \/>\n<meta property=\"article:modified_time\" content=\"2020-06-19T14:57:48+00:00\" \/>\n<meta property=\"og:image\" content=\"https:\/\/www.pm.pb.gov.br\/portal\/wp-content\/uploads\/2020\/06\/6a914ec6-ccb7-403e-a0d1-23978c7e489e.jpg\" \/>\n\t<meta property=\"og:image:width\" content=\"1280\" \/>\n\t<meta property=\"og:image:height\" content=\"590\" \/>\n\t<meta property=\"og:image:type\" content=\"image\/jpeg\" \/>\n<meta name=\"author\" content=\"WAGNER HENRIQUE VARELA DA SILVA\" \/>\n<meta name=\"twitter:card\" content=\"summary_large_image\" \/>\n<meta name=\"twitter:label1\" content=\"Escrito por\" \/>\n\t<meta name=\"twitter:data1\" content=\"WAGNER HENRIQUE VARELA DA SILVA\" \/>\n\t<meta name=\"twitter:label2\" content=\"Est. tempo de leitura\" \/>\n\t<meta name=\"twitter:data2\" content=\"2 minutos\" \/>\n<script type=\"application\/ld+json\" class=\"yoast-schema-graph\">{\"@context\":\"https:\/\/schema.org\",\"@graph\":[{\"@type\":\"Article\",\"@id\":\"https:\/\/www.pm.pb.gov.br\/portal\/2020\/06\/19\/sete-armas-de-fogo-sao-apreendidas-em-acao-conjunta-das-policias-militares-da-pb-e-ce\/#article\",\"isPartOf\":{\"@id\":\"https:\/\/www.pm.pb.gov.br\/portal\/2020\/06\/19\/sete-armas-de-fogo-sao-apreendidas-em-acao-conjunta-das-policias-militares-da-pb-e-ce\/\"},\"author\":{\"name\":\"WAGNER HENRIQUE VARELA DA SILVA\",\"@id\":\"https:\/\/www.pm.pb.gov.br\/portal\/#\/schema\/person\/b169b297b8494dea236e315ed1a201d1\"},\"headline\":\"Sete armas de fogo s\u00e3o apreendidas em a\u00e7\u00e3o conjunta das Pol\u00edcias Militares da PB e CE\",\"datePublished\":\"2020-06-19T14:57:04+00:00\",\"dateModified\":\"2020-06-19T14:57:48+00:00\",\"mainEntityOfPage\":{\"@id\":\"https:\/\/www.pm.pb.gov.br\/portal\/2020\/06\/19\/sete-armas-de-fogo-sao-apreendidas-em-acao-conjunta-das-policias-militares-da-pb-e-ce\/\"},\"wordCount\":461,\"publisher\":{\"@id\":\"https:\/\/www.pm.pb.gov.br\/portal\/#organization\"},\"articleSection\":[\"A\u00e7\u00f5es Policiais\"],\"inLanguage\":\"pt-BR\"},{\"@type\":\"WebPage\",\"@id\":\"https:\/\/www.pm.pb.gov.br\/portal\/2020\/06\/19\/sete-armas-de-fogo-sao-apreendidas-em-acao-conjunta-das-policias-militares-da-pb-e-ce\/\",\"url\":\"https:\/\/www.pm.pb.gov.br\/portal\/2020\/06\/19\/sete-armas-de-fogo-sao-apreendidas-em-acao-conjunta-das-policias-militares-da-pb-e-ce\/\",\"name\":\"Sete armas de fogo s\u00e3o apreendidas em a\u00e7\u00e3o conjunta das Pol\u00edcias Militares da PB e CE - Pol\u00edcia Militar da Para\u00edba\",\"isPartOf\":{\"@id\":\"https:\/\/www.pm.pb.gov.br\/portal\/#website\"},\"datePublished\":\"2020-06-19T14:57:04+00:00\",\"dateModified\":\"2020-06-19T14:57:48+00:00\",\"breadcrumb\":{\"@id\":\"https:\/\/www.pm.pb.gov.br\/portal\/2020\/06\/19\/sete-armas-de-fogo-sao-apreendidas-em-acao-conjunta-das-policias-militares-da-pb-e-ce\/#breadcrumb\"},\"inLanguage\":\"pt-BR\",\"potentialAction\":[{\"@type\":\"ReadAction\",\"target\":[\"https:\/\/www.pm.pb.gov.br\/portal\/2020\/06\/19\/sete-armas-de-fogo-sao-apreendidas-em-acao-conjunta-das-policias-militares-da-pb-e-ce\/\"]}]},{\"@type\":\"BreadcrumbList\",\"@id\":\"https:\/\/www.pm.pb.gov.br\/portal\/2020\/06\/19\/sete-armas-de-fogo-sao-apreendidas-em-acao-conjunta-das-policias-militares-da-pb-e-ce\/#breadcrumb\",\"itemListElement\":[{\"@type\":\"ListItem\",\"position\":1,\"name\":\"In\u00edcio\",\"item\":\"https:\/\/www.pm.pb.gov.br\/portal\/\"},{\"@type\":\"ListItem\",\"position\":2,\"name\":\"Sete armas de fogo s\u00e3o apreendidas em a\u00e7\u00e3o conjunta das Pol\u00edcias Militares da PB e CE\"}]},{\"@type\":\"WebSite\",\"@id\":\"https:\/\/www.pm.pb.gov.br\/portal\/#website\",\"url\":\"https:\/\/www.pm.pb.gov.br\/portal\/\",\"name\":\"Pol\u00edcia Militar da Para\u00edba\",\"description\":\"\",\"publisher\":{\"@id\":\"https:\/\/www.pm.pb.gov.br\/portal\/#organization\"},\"potentialAction\":[{\"@type\":\"SearchAction\",\"target\":{\"@type\":\"EntryPoint\",\"urlTemplate\":\"https:\/\/www.pm.pb.gov.br\/portal\/?s={search_term_string}\"},\"query-input\":\"required name=search_term_string\"}],\"inLanguage\":\"pt-BR\"},{\"@type\":\"Organization\",\"@id\":\"https:\/\/www.pm.pb.gov.br\/portal\/#organization\",\"name\":\"Pol\u00edcia Militar da Para\u00edba\",\"url\":\"https:\/\/www.pm.pb.gov.br\/portal\/\",\"logo\":{\"@type\":\"ImageObject\",\"inLanguage\":\"pt-BR\",\"@id\":\"https:\/\/www.pm.pb.gov.br\/portal\/#\/schema\/logo\/image\/\",\"url\":\"https:\/\/www.pm.pb.gov.br\/portal\/wp-content\/uploads\/2025\/03\/cropped-logo-site-mag2-1.png\",\"contentUrl\":\"https:\/\/www.pm.pb.gov.br\/portal\/wp-content\/uploads\/2025\/03\/cropped-logo-site-mag2-1.png\",\"width\":320,\"height\":90,\"caption\":\"Pol\u00edcia Militar da Para\u00edba\"},\"image\":{\"@id\":\"https:\/\/www.pm.pb.gov.br\/portal\/#\/schema\/logo\/image\/\"}},{\"@type\":\"Person\",\"@id\":\"https:\/\/www.pm.pb.gov.br\/portal\/#\/schema\/person\/b169b297b8494dea236e315ed1a201d1\",\"name\":\"WAGNER HENRIQUE VARELA DA SILVA\",\"image\":{\"@type\":\"ImageObject\",\"inLanguage\":\"pt-BR\",\"@id\":\"https:\/\/www.pm.pb.gov.br\/portal\/#\/schema\/person\/image\/\",\"url\":\"https:\/\/secure.gravatar.com\/avatar\/e08af53176a66730df5c0706c6c31fd6?s=96&d=mm&r=g\",\"contentUrl\":\"https:\/\/secure.gravatar.com\/avatar\/e08af53176a66730df5c0706c6c31fd6?s=96&d=mm&r=g\",\"caption\":\"WAGNER HENRIQUE VARELA DA SILVA\"},\"url\":\"https:\/\/www.pm.pb.gov.br\/portal\/author\/varela\/\"}]}<\/script>\n<!-- \/ Yoast SEO plugin. -->","yoast_head_json":{"title":"Sete armas de fogo s\u00e3o apreendidas em a\u00e7\u00e3o conjunta das Pol\u00edcias Militares da PB e CE - Pol\u00edcia Militar da Para\u00edba","robots":{"index":"index","follow":"follow","max-snippet":"max-snippet:-1","max-image-preview":"max-image-preview:large","max-video-preview":"max-video-preview:-1"},"canonical":"https:\/\/www.pm.pb.gov.br\/portal\/2020\/06\/19\/sete-armas-de-fogo-sao-apreendidas-em-acao-conjunta-das-policias-militares-da-pb-e-ce\/","og_locale":"pt_BR","og_type":"article","og_title":"Sete armas de fogo s\u00e3o apreendidas em a\u00e7\u00e3o conjunta das Pol\u00edcias Militares da PB e CE - Pol\u00edcia Militar da Para\u00edba","og_description":"Uma a\u00e7\u00e3o conjunta das Pol\u00edcias Militares da Para\u00edba e do Cear\u00e1 resultou na apreens\u00e3o de sete armas de fogo, entre","og_url":"https:\/\/www.pm.pb.gov.br\/portal\/2020\/06\/19\/sete-armas-de-fogo-sao-apreendidas-em-acao-conjunta-das-policias-militares-da-pb-e-ce\/","og_site_name":"Pol\u00edcia Militar da Para\u00edba","article_published_time":"2020-06-19T14:57:04+00:00","article_modified_time":"2020-06-19T14:57:48+00:00","og_image":[{"width":1280,"height":590,"url":"https:\/\/www.pm.pb.gov.br\/portal\/wp-content\/uploads\/2020\/06\/6a914ec6-ccb7-403e-a0d1-23978c7e489e.jpg","type":"image\/jpeg"}],"author":"WAGNER HENRIQUE VARELA DA SILVA","twitter_card":"summary_large_image","twitter_misc":{"Escrito por":"WAGNER HENRIQUE VARELA DA SILVA","Est. tempo de leitura":"2 minutos"},"schema":{"@context":"https:\/\/schema.org","@graph":[{"@type":"Article","@id":"https:\/\/www.pm.pb.gov.br\/portal\/2020\/06\/19\/sete-armas-de-fogo-sao-apreendidas-em-acao-conjunta-das-policias-militares-da-pb-e-ce\/#article","isPartOf":{"@id":"https:\/\/www.pm.pb.gov.br\/portal\/2020\/06\/19\/sete-armas-de-fogo-sao-apreendidas-em-acao-conjunta-das-policias-militares-da-pb-e-ce\/"},"author":{"name":"WAGNER HENRIQUE VARELA DA SILVA","@id":"https:\/\/www.pm.pb.gov.br\/portal\/#\/schema\/person\/b169b297b8494dea236e315ed1a201d1"},"headline":"Sete armas de fogo s\u00e3o apreendidas em a\u00e7\u00e3o conjunta das Pol\u00edcias Militares da PB e CE","datePublished":"2020-06-19T14:57:04+00:00","dateModified":"2020-06-19T14:57:48+00:00","mainEntityOfPage":{"@id":"https:\/\/www.pm.pb.gov.br\/portal\/2020\/06\/19\/sete-armas-de-fogo-sao-apreendidas-em-acao-conjunta-das-policias-militares-da-pb-e-ce\/"},"wordCount":461,"publisher":{"@id":"https:\/\/www.pm.pb.gov.br\/portal\/#organization"},"articleSection":["A\u00e7\u00f5es Policiais"],"inLanguage":"pt-BR"},{"@type":"WebPage","@id":"https:\/\/www.pm.pb.gov.br\/portal\/2020\/06\/19\/sete-armas-de-fogo-sao-apreendidas-em-acao-conjunta-das-policias-militares-da-pb-e-ce\/","url":"https:\/\/www.pm.pb.gov.br\/portal\/2020\/06\/19\/sete-armas-de-fogo-sao-apreendidas-em-acao-conjunta-das-policias-militares-da-pb-e-ce\/","name":"Sete armas de fogo s\u00e3o apreendidas em a\u00e7\u00e3o conjunta das Pol\u00edcias Militares da PB e CE - Pol\u00edcia Militar da Para\u00edba","isPartOf":{"@id":"https:\/\/www.pm.pb.gov.br\/portal\/#website"},"datePublished":"2020-06-19T14:57:04+00:00","dateModified":"2020-06-19T14:57:48+00:00","breadcrumb":{"@id":"https:\/\/www.pm.pb.gov.br\/portal\/2020\/06\/19\/sete-armas-de-fogo-sao-apreendidas-em-acao-conjunta-das-policias-militares-da-pb-e-ce\/#breadcrumb"},"inLanguage":"pt-BR","potentialAction":[{"@type":"ReadAction","target":["https:\/\/www.pm.pb.gov.br\/portal\/2020\/06\/19\/sete-armas-de-fogo-sao-apreendidas-em-acao-conjunta-das-policias-militares-da-pb-e-ce\/"]}]},{"@type":"BreadcrumbList","@id":"https:\/\/www.pm.pb.gov.br\/portal\/2020\/06\/19\/sete-armas-de-fogo-sao-apreendidas-em-acao-conjunta-das-policias-militares-da-pb-e-ce\/#breadcrumb","itemListElement":[{"@type":"ListItem","position":1,"name":"In\u00edcio","item":"https:\/\/www.pm.pb.gov.br\/portal\/"},{"@type":"ListItem","position":2,"name":"Sete armas de fogo s\u00e3o apreendidas em a\u00e7\u00e3o conjunta das Pol\u00edcias Militares da PB e CE"}]},{"@type":"WebSite","@id":"https:\/\/www.pm.pb.gov.br\/portal\/#website","url":"https:\/\/www.pm.pb.gov.br\/portal\/","name":"Pol\u00edcia Militar da Para\u00edba","description":"","publisher":{"@id":"https:\/\/www.pm.pb.gov.br\/portal\/#organization"},"potentialAction":[{"@type":"SearchAction","target":{"@type":"EntryPoint","urlTemplate":"https:\/\/www.pm.pb.gov.br\/portal\/?s={search_term_string}"},"query-input":"required name=search_term_string"}],"inLanguage":"pt-BR"},{"@type":"Organization","@id":"https:\/\/www.pm.pb.gov.br\/portal\/#organization","name":"Pol\u00edcia Militar da Para\u00edba","url":"https:\/\/www.pm.pb.gov.br\/portal\/","logo":{"@type":"ImageObject","inLanguage":"pt-BR","@id":"https:\/\/www.pm.pb.gov.br\/portal\/#\/schema\/logo\/image\/","url":"https:\/\/www.pm.pb.gov.br\/portal\/wp-content\/uploads\/2025\/03\/cropped-logo-site-mag2-1.png","contentUrl":"https:\/\/www.pm.pb.gov.br\/portal\/wp-content\/uploads\/2025\/03\/cropped-logo-site-mag2-1.png","width":320,"height":90,"caption":"Pol\u00edcia Militar da Para\u00edba"},"image":{"@id":"https:\/\/www.pm.pb.gov.br\/portal\/#\/schema\/logo\/image\/"}},{"@type":"Person","@id":"https:\/\/www.pm.pb.gov.br\/portal\/#\/schema\/person\/b169b297b8494dea236e315ed1a201d1","name":"WAGNER HENRIQUE VARELA DA SILVA","image":{"@type":"ImageObject","inLanguage":"pt-BR","@id":"https:\/\/www.pm.pb.gov.br\/portal\/#\/schema\/person\/image\/","url":"https:\/\/secure.gravatar.com\/avatar\/e08af53176a66730df5c0706c6c31fd6?s=96&d=mm&r=g","contentUrl":"https:\/\/secure.gravatar.com\/avatar\/e08af53176a66730df5c0706c6c31fd6?s=96&d=mm&r=g","caption":"WAGNER HENRIQUE VARELA DA SILVA"},"url":"https:\/\/www.pm.pb.gov.br\/portal\/author\/varela\/"}]}},"_links":{"self":[{"href":"https:\/\/www.pm.pb.gov.br\/portal\/wp-json\/wp\/v2\/posts\/905754"}],"collection":[{"href":"https:\/\/www.pm.pb.gov.br\/portal\/wp-json\/wp\/v2\/posts"}],"about":[{"href":"https:\/\/www.pm.pb.gov.br\/portal\/wp-json\/wp\/v2\/types\/post"}],"author":[{"embeddable":true,"href":"https:\/\/www.pm.pb.gov.br\/portal\/wp-json\/wp\/v2\/users\/10"}],"replies":[{"embeddable":true,"href":"https:\/\/www.pm.pb.gov.br\/portal\/wp-json\/wp\/v2\/comments?post=905754"}],"version-history":[{"count":3,"href":"https:\/\/www.pm.pb.gov.br\/portal\/wp-json\/wp\/v2\/posts\/905754\/revisions"}],"predecessor-version":[{"id":905770,"href":"https:\/\/www.pm.pb.gov.br\/portal\/wp-json\/wp\/v2\/posts\/905754\/revisions\/905770"}],"wp:featuredmedia":[{"embeddable":true,"href":"https:\/\/www.pm.pb.gov.br\/portal\/wp-json\/wp\/v2\/media\/905769"}],"wp:attachment":[{"href":"https:\/\/www.pm.pb.gov.br\/portal\/wp-json\/wp\/v2\/media?parent=905754"}],"wp:term":[{"taxonomy":"category","embeddable":true,"href":"https:\/\/www.pm.pb.gov.br\/portal\/wp-json\/wp\/v2\/categories?post=905754"},{"taxonomy":"post_tag","embeddable":true,"href":"https:\/\/www.pm.pb.gov.br\/portal\/wp-json\/wp\/v2\/tags?post=905754"}],"curies":[{"name":"wp","href":"https:\/\/api.w.org\/{rel}","templated":true}]}}