{"id":905730,"date":"2020-06-18T11:44:39","date_gmt":"2020-06-18T14:44:39","guid":{"rendered":"http:\/\/www.pm.pb.gov.br\/portal\/?p=905730"},"modified":"2020-06-18T11:44:42","modified_gmt":"2020-06-18T14:44:42","slug":"procurado-pela-justica-por-trafico-de-drogas-e-preso-na-orla-do-cabo-branco","status":"publish","type":"post","link":"https:\/\/www.pm.pb.gov.br\/portal\/2020\/06\/18\/procurado-pela-justica-por-trafico-de-drogas-e-preso-na-orla-do-cabo-branco\/","title":{"rendered":"Procurado pela justi\u00e7a por tr\u00e1fico de drogas \u00e9 preso na orla do Cabo Branco"},"content":{"rendered":"\n<p>A Pol\u00edcia Militar prendeu, no fim da manh\u00e3 desta quinta-feira (18), na orla do Cabo Branco, em Jo\u00e3o Pessoa, um acusado de tr\u00e1fico de drogas que vinha sendo procurado pela justi\u00e7a paraibana desde maio do ano passado. Contra o suspeito, que tem 41 anos, tinha um mandado de pris\u00e3o preventiva expedido pela Vara \u00danica de Bel\u00e9m, com validade at\u00e9 2040. <br><br>Atualmente, o acusado estaria atuando no tr\u00e1fico do bairro do Roger, tamb\u00e9m na Capital. Ele foi preso durante patrulhamento da equipe do comando da Companhia Especializada em Apoio ao Turista (CEATur), na praia do Cabo Branco, que achou suspeita a atitude do acusado ao perceber a presen\u00e7a da PM. Ao ser abordado, os policiais consultaram os dados dele e descobriram que se tratava de um procurado da justi\u00e7a.<br><br>O preso est\u00e1 sendo apresentado na Central de Flagrantes, no bairro do Geisel.<br><\/p>\n","protected":false},"excerpt":{"rendered":"<p>A Pol\u00edcia Militar prendeu, no fim da manh\u00e3 desta quinta-feira (18), na orla do Cabo Branco, em Jo\u00e3o Pessoa, um<\/p>\n","protected":false},"author":10,"featured_media":905174,"comment_status":"closed","ping_status":"closed","sticky":false,"template":"","format":"standard","meta":{"_exactmetrics_skip_tracking":false,"_exactmetrics_sitenote_active":false,"_exactmetrics_sitenote_note":"","_exactmetrics_sitenote_category":0,"footnotes":""},"categories":[4],"tags":[],"yoast_head":"<!-- This site is optimized with the Yoast SEO plugin v22.0 - https:\/\/yoast.com\/wordpress\/plugins\/seo\/ -->\n<title>Procurado pela justi\u00e7a por tr\u00e1fico de drogas \u00e9 preso na orla do Cabo Branco - Pol\u00edcia Militar da Para\u00edba<\/title>\n<meta name=\"robots\" content=\"index, follow, max-snippet:-1, max-image-preview:large, max-video-preview:-1\" \/>\n<link rel=\"canonical\" href=\"https:\/\/www.pm.pb.gov.br\/portal\/2020\/06\/18\/procurado-pela-justica-por-trafico-de-drogas-e-preso-na-orla-do-cabo-branco\/\" \/>\n<meta property=\"og:locale\" content=\"pt_BR\" \/>\n<meta property=\"og:type\" content=\"article\" \/>\n<meta property=\"og:title\" content=\"Procurado pela justi\u00e7a por tr\u00e1fico de drogas \u00e9 preso na orla do Cabo Branco - Pol\u00edcia Militar da Para\u00edba\" \/>\n<meta property=\"og:description\" content=\"A Pol\u00edcia Militar prendeu, no fim da manh\u00e3 desta quinta-feira (18), na orla do Cabo Branco, em Jo\u00e3o Pessoa, um\" \/>\n<meta property=\"og:url\" content=\"https:\/\/www.pm.pb.gov.br\/portal\/2020\/06\/18\/procurado-pela-justica-por-trafico-de-drogas-e-preso-na-orla-do-cabo-branco\/\" \/>\n<meta property=\"og:site_name\" content=\"Pol\u00edcia Militar da Para\u00edba\" \/>\n<meta property=\"article:published_time\" content=\"2020-06-18T14:44:39+00:00\" \/>\n<meta property=\"article:modified_time\" content=\"2020-06-18T14:44:42+00:00\" \/>\n<meta property=\"og:image\" content=\"https:\/\/www.pm.pb.gov.br\/portal\/wp-content\/uploads\/2020\/05\/ceatur-1.jpeg\" \/>\n\t<meta property=\"og:image:width\" content=\"800\" \/>\n\t<meta property=\"og:image:height\" content=\"445\" \/>\n\t<meta property=\"og:image:type\" content=\"image\/jpeg\" \/>\n<meta name=\"author\" content=\"WAGNER HENRIQUE VARELA DA SILVA\" \/>\n<meta name=\"twitter:card\" content=\"summary_large_image\" \/>\n<meta name=\"twitter:label1\" content=\"Escrito por\" \/>\n\t<meta name=\"twitter:data1\" content=\"WAGNER HENRIQUE VARELA DA SILVA\" \/>\n\t<meta name=\"twitter:label2\" content=\"Est. tempo de leitura\" \/>\n\t<meta name=\"twitter:data2\" content=\"1 minuto\" \/>\n<script type=\"application\/ld+json\" class=\"yoast-schema-graph\">{\"@context\":\"https:\/\/schema.org\",\"@graph\":[{\"@type\":\"Article\",\"@id\":\"https:\/\/www.pm.pb.gov.br\/portal\/2020\/06\/18\/procurado-pela-justica-por-trafico-de-drogas-e-preso-na-orla-do-cabo-branco\/#article\",\"isPartOf\":{\"@id\":\"https:\/\/www.pm.pb.gov.br\/portal\/2020\/06\/18\/procurado-pela-justica-por-trafico-de-drogas-e-preso-na-orla-do-cabo-branco\/\"},\"author\":{\"name\":\"WAGNER HENRIQUE VARELA DA SILVA\",\"@id\":\"https:\/\/www.pm.pb.gov.br\/portal\/#\/schema\/person\/b169b297b8494dea236e315ed1a201d1\"},\"headline\":\"Procurado pela justi\u00e7a por tr\u00e1fico de drogas \u00e9 preso na orla do Cabo Branco\",\"datePublished\":\"2020-06-18T14:44:39+00:00\",\"dateModified\":\"2020-06-18T14:44:42+00:00\",\"mainEntityOfPage\":{\"@id\":\"https:\/\/www.pm.pb.gov.br\/portal\/2020\/06\/18\/procurado-pela-justica-por-trafico-de-drogas-e-preso-na-orla-do-cabo-branco\/\"},\"wordCount\":163,\"publisher\":{\"@id\":\"https:\/\/www.pm.pb.gov.br\/portal\/#organization\"},\"articleSection\":[\"A\u00e7\u00f5es Policiais\"],\"inLanguage\":\"pt-BR\"},{\"@type\":\"WebPage\",\"@id\":\"https:\/\/www.pm.pb.gov.br\/portal\/2020\/06\/18\/procurado-pela-justica-por-trafico-de-drogas-e-preso-na-orla-do-cabo-branco\/\",\"url\":\"https:\/\/www.pm.pb.gov.br\/portal\/2020\/06\/18\/procurado-pela-justica-por-trafico-de-drogas-e-preso-na-orla-do-cabo-branco\/\",\"name\":\"Procurado pela justi\u00e7a por tr\u00e1fico de drogas \u00e9 preso na orla do Cabo Branco - Pol\u00edcia Militar da Para\u00edba\",\"isPartOf\":{\"@id\":\"https:\/\/www.pm.pb.gov.br\/portal\/#website\"},\"datePublished\":\"2020-06-18T14:44:39+00:00\",\"dateModified\":\"2020-06-18T14:44:42+00:00\",\"breadcrumb\":{\"@id\":\"https:\/\/www.pm.pb.gov.br\/portal\/2020\/06\/18\/procurado-pela-justica-por-trafico-de-drogas-e-preso-na-orla-do-cabo-branco\/#breadcrumb\"},\"inLanguage\":\"pt-BR\",\"potentialAction\":[{\"@type\":\"ReadAction\",\"target\":[\"https:\/\/www.pm.pb.gov.br\/portal\/2020\/06\/18\/procurado-pela-justica-por-trafico-de-drogas-e-preso-na-orla-do-cabo-branco\/\"]}]},{\"@type\":\"BreadcrumbList\",\"@id\":\"https:\/\/www.pm.pb.gov.br\/portal\/2020\/06\/18\/procurado-pela-justica-por-trafico-de-drogas-e-preso-na-orla-do-cabo-branco\/#breadcrumb\",\"itemListElement\":[{\"@type\":\"ListItem\",\"position\":1,\"name\":\"In\u00edcio\",\"item\":\"https:\/\/www.pm.pb.gov.br\/portal\/\"},{\"@type\":\"ListItem\",\"position\":2,\"name\":\"Procurado pela justi\u00e7a por tr\u00e1fico de drogas \u00e9 preso na orla do Cabo Branco\"}]},{\"@type\":\"WebSite\",\"@id\":\"https:\/\/www.pm.pb.gov.br\/portal\/#website\",\"url\":\"https:\/\/www.pm.pb.gov.br\/portal\/\",\"name\":\"Pol\u00edcia Militar da Para\u00edba\",\"description\":\"\",\"publisher\":{\"@id\":\"https:\/\/www.pm.pb.gov.br\/portal\/#organization\"},\"potentialAction\":[{\"@type\":\"SearchAction\",\"target\":{\"@type\":\"EntryPoint\",\"urlTemplate\":\"https:\/\/www.pm.pb.gov.br\/portal\/?s={search_term_string}\"},\"query-input\":\"required name=search_term_string\"}],\"inLanguage\":\"pt-BR\"},{\"@type\":\"Organization\",\"@id\":\"https:\/\/www.pm.pb.gov.br\/portal\/#organization\",\"name\":\"Pol\u00edcia Militar da Para\u00edba\",\"url\":\"https:\/\/www.pm.pb.gov.br\/portal\/\",\"logo\":{\"@type\":\"ImageObject\",\"inLanguage\":\"pt-BR\",\"@id\":\"https:\/\/www.pm.pb.gov.br\/portal\/#\/schema\/logo\/image\/\",\"url\":\"https:\/\/www.pm.pb.gov.br\/portal\/wp-content\/uploads\/2025\/03\/cropped-logo-site-mag2-1.png\",\"contentUrl\":\"https:\/\/www.pm.pb.gov.br\/portal\/wp-content\/uploads\/2025\/03\/cropped-logo-site-mag2-1.png\",\"width\":320,\"height\":90,\"caption\":\"Pol\u00edcia Militar da Para\u00edba\"},\"image\":{\"@id\":\"https:\/\/www.pm.pb.gov.br\/portal\/#\/schema\/logo\/image\/\"}},{\"@type\":\"Person\",\"@id\":\"https:\/\/www.pm.pb.gov.br\/portal\/#\/schema\/person\/b169b297b8494dea236e315ed1a201d1\",\"name\":\"WAGNER HENRIQUE VARELA DA SILVA\",\"image\":{\"@type\":\"ImageObject\",\"inLanguage\":\"pt-BR\",\"@id\":\"https:\/\/www.pm.pb.gov.br\/portal\/#\/schema\/person\/image\/\",\"url\":\"https:\/\/secure.gravatar.com\/avatar\/e08af53176a66730df5c0706c6c31fd6?s=96&d=mm&r=g\",\"contentUrl\":\"https:\/\/secure.gravatar.com\/avatar\/e08af53176a66730df5c0706c6c31fd6?s=96&d=mm&r=g\",\"caption\":\"WAGNER HENRIQUE VARELA DA SILVA\"},\"url\":\"https:\/\/www.pm.pb.gov.br\/portal\/author\/varela\/\"}]}<\/script>\n<!-- \/ Yoast SEO plugin. -->","yoast_head_json":{"title":"Procurado pela justi\u00e7a por tr\u00e1fico de drogas \u00e9 preso na orla do Cabo Branco - Pol\u00edcia Militar da Para\u00edba","robots":{"index":"index","follow":"follow","max-snippet":"max-snippet:-1","max-image-preview":"max-image-preview:large","max-video-preview":"max-video-preview:-1"},"canonical":"https:\/\/www.pm.pb.gov.br\/portal\/2020\/06\/18\/procurado-pela-justica-por-trafico-de-drogas-e-preso-na-orla-do-cabo-branco\/","og_locale":"pt_BR","og_type":"article","og_title":"Procurado pela justi\u00e7a por tr\u00e1fico de drogas \u00e9 preso na orla do Cabo Branco - Pol\u00edcia Militar da Para\u00edba","og_description":"A Pol\u00edcia Militar prendeu, no fim da manh\u00e3 desta quinta-feira (18), na orla do Cabo Branco, em Jo\u00e3o Pessoa, um","og_url":"https:\/\/www.pm.pb.gov.br\/portal\/2020\/06\/18\/procurado-pela-justica-por-trafico-de-drogas-e-preso-na-orla-do-cabo-branco\/","og_site_name":"Pol\u00edcia Militar da Para\u00edba","article_published_time":"2020-06-18T14:44:39+00:00","article_modified_time":"2020-06-18T14:44:42+00:00","og_image":[{"width":800,"height":445,"url":"https:\/\/www.pm.pb.gov.br\/portal\/wp-content\/uploads\/2020\/05\/ceatur-1.jpeg","type":"image\/jpeg"}],"author":"WAGNER HENRIQUE VARELA DA SILVA","twitter_card":"summary_large_image","twitter_misc":{"Escrito por":"WAGNER HENRIQUE VARELA DA SILVA","Est. tempo de leitura":"1 minuto"},"schema":{"@context":"https:\/\/schema.org","@graph":[{"@type":"Article","@id":"https:\/\/www.pm.pb.gov.br\/portal\/2020\/06\/18\/procurado-pela-justica-por-trafico-de-drogas-e-preso-na-orla-do-cabo-branco\/#article","isPartOf":{"@id":"https:\/\/www.pm.pb.gov.br\/portal\/2020\/06\/18\/procurado-pela-justica-por-trafico-de-drogas-e-preso-na-orla-do-cabo-branco\/"},"author":{"name":"WAGNER HENRIQUE VARELA DA SILVA","@id":"https:\/\/www.pm.pb.gov.br\/portal\/#\/schema\/person\/b169b297b8494dea236e315ed1a201d1"},"headline":"Procurado pela justi\u00e7a por tr\u00e1fico de drogas \u00e9 preso na orla do Cabo Branco","datePublished":"2020-06-18T14:44:39+00:00","dateModified":"2020-06-18T14:44:42+00:00","mainEntityOfPage":{"@id":"https:\/\/www.pm.pb.gov.br\/portal\/2020\/06\/18\/procurado-pela-justica-por-trafico-de-drogas-e-preso-na-orla-do-cabo-branco\/"},"wordCount":163,"publisher":{"@id":"https:\/\/www.pm.pb.gov.br\/portal\/#organization"},"articleSection":["A\u00e7\u00f5es Policiais"],"inLanguage":"pt-BR"},{"@type":"WebPage","@id":"https:\/\/www.pm.pb.gov.br\/portal\/2020\/06\/18\/procurado-pela-justica-por-trafico-de-drogas-e-preso-na-orla-do-cabo-branco\/","url":"https:\/\/www.pm.pb.gov.br\/portal\/2020\/06\/18\/procurado-pela-justica-por-trafico-de-drogas-e-preso-na-orla-do-cabo-branco\/","name":"Procurado pela justi\u00e7a por tr\u00e1fico de drogas \u00e9 preso na orla do Cabo Branco - Pol\u00edcia Militar da Para\u00edba","isPartOf":{"@id":"https:\/\/www.pm.pb.gov.br\/portal\/#website"},"datePublished":"2020-06-18T14:44:39+00:00","dateModified":"2020-06-18T14:44:42+00:00","breadcrumb":{"@id":"https:\/\/www.pm.pb.gov.br\/portal\/2020\/06\/18\/procurado-pela-justica-por-trafico-de-drogas-e-preso-na-orla-do-cabo-branco\/#breadcrumb"},"inLanguage":"pt-BR","potentialAction":[{"@type":"ReadAction","target":["https:\/\/www.pm.pb.gov.br\/portal\/2020\/06\/18\/procurado-pela-justica-por-trafico-de-drogas-e-preso-na-orla-do-cabo-branco\/"]}]},{"@type":"BreadcrumbList","@id":"https:\/\/www.pm.pb.gov.br\/portal\/2020\/06\/18\/procurado-pela-justica-por-trafico-de-drogas-e-preso-na-orla-do-cabo-branco\/#breadcrumb","itemListElement":[{"@type":"ListItem","position":1,"name":"In\u00edcio","item":"https:\/\/www.pm.pb.gov.br\/portal\/"},{"@type":"ListItem","position":2,"name":"Procurado pela justi\u00e7a por tr\u00e1fico de drogas \u00e9 preso na orla do Cabo Branco"}]},{"@type":"WebSite","@id":"https:\/\/www.pm.pb.gov.br\/portal\/#website","url":"https:\/\/www.pm.pb.gov.br\/portal\/","name":"Pol\u00edcia Militar da Para\u00edba","description":"","publisher":{"@id":"https:\/\/www.pm.pb.gov.br\/portal\/#organization"},"potentialAction":[{"@type":"SearchAction","target":{"@type":"EntryPoint","urlTemplate":"https:\/\/www.pm.pb.gov.br\/portal\/?s={search_term_string}"},"query-input":"required name=search_term_string"}],"inLanguage":"pt-BR"},{"@type":"Organization","@id":"https:\/\/www.pm.pb.gov.br\/portal\/#organization","name":"Pol\u00edcia Militar da Para\u00edba","url":"https:\/\/www.pm.pb.gov.br\/portal\/","logo":{"@type":"ImageObject","inLanguage":"pt-BR","@id":"https:\/\/www.pm.pb.gov.br\/portal\/#\/schema\/logo\/image\/","url":"https:\/\/www.pm.pb.gov.br\/portal\/wp-content\/uploads\/2025\/03\/cropped-logo-site-mag2-1.png","contentUrl":"https:\/\/www.pm.pb.gov.br\/portal\/wp-content\/uploads\/2025\/03\/cropped-logo-site-mag2-1.png","width":320,"height":90,"caption":"Pol\u00edcia Militar da Para\u00edba"},"image":{"@id":"https:\/\/www.pm.pb.gov.br\/portal\/#\/schema\/logo\/image\/"}},{"@type":"Person","@id":"https:\/\/www.pm.pb.gov.br\/portal\/#\/schema\/person\/b169b297b8494dea236e315ed1a201d1","name":"WAGNER HENRIQUE VARELA DA SILVA","image":{"@type":"ImageObject","inLanguage":"pt-BR","@id":"https:\/\/www.pm.pb.gov.br\/portal\/#\/schema\/person\/image\/","url":"https:\/\/secure.gravatar.com\/avatar\/e08af53176a66730df5c0706c6c31fd6?s=96&d=mm&r=g","contentUrl":"https:\/\/secure.gravatar.com\/avatar\/e08af53176a66730df5c0706c6c31fd6?s=96&d=mm&r=g","caption":"WAGNER HENRIQUE VARELA DA SILVA"},"url":"https:\/\/www.pm.pb.gov.br\/portal\/author\/varela\/"}]}},"_links":{"self":[{"href":"https:\/\/www.pm.pb.gov.br\/portal\/wp-json\/wp\/v2\/posts\/905730"}],"collection":[{"href":"https:\/\/www.pm.pb.gov.br\/portal\/wp-json\/wp\/v2\/posts"}],"about":[{"href":"https:\/\/www.pm.pb.gov.br\/portal\/wp-json\/wp\/v2\/types\/post"}],"author":[{"embeddable":true,"href":"https:\/\/www.pm.pb.gov.br\/portal\/wp-json\/wp\/v2\/users\/10"}],"replies":[{"embeddable":true,"href":"https:\/\/www.pm.pb.gov.br\/portal\/wp-json\/wp\/v2\/comments?post=905730"}],"version-history":[{"count":2,"href":"https:\/\/www.pm.pb.gov.br\/portal\/wp-json\/wp\/v2\/posts\/905730\/revisions"}],"predecessor-version":[{"id":905743,"href":"https:\/\/www.pm.pb.gov.br\/portal\/wp-json\/wp\/v2\/posts\/905730\/revisions\/905743"}],"wp:featuredmedia":[{"embeddable":true,"href":"https:\/\/www.pm.pb.gov.br\/portal\/wp-json\/wp\/v2\/media\/905174"}],"wp:attachment":[{"href":"https:\/\/www.pm.pb.gov.br\/portal\/wp-json\/wp\/v2\/media?parent=905730"}],"wp:term":[{"taxonomy":"category","embeddable":true,"href":"https:\/\/www.pm.pb.gov.br\/portal\/wp-json\/wp\/v2\/categories?post=905730"},{"taxonomy":"post_tag","embeddable":true,"href":"https:\/\/www.pm.pb.gov.br\/portal\/wp-json\/wp\/v2\/tags?post=905730"}],"curies":[{"name":"wp","href":"https:\/\/api.w.org\/{rel}","templated":true}]}}