{"id":905728,"date":"2020-06-18T07:37:25","date_gmt":"2020-06-18T10:37:25","guid":{"rendered":"http:\/\/www.pm.pb.gov.br\/portal\/?p=905728"},"modified":"2020-06-18T07:37:27","modified_gmt":"2020-06-18T10:37:27","slug":"pm-apreende-dez-armas-ao-atender-denuncia-de-aglomeracao-de-pessoas-em-um-bar-na-cidade-do-congo","status":"publish","type":"post","link":"https:\/\/www.pm.pb.gov.br\/portal\/2020\/06\/18\/pm-apreende-dez-armas-ao-atender-denuncia-de-aglomeracao-de-pessoas-em-um-bar-na-cidade-do-congo\/","title":{"rendered":"PM apreende dez armas ao atender den\u00fancia de aglomera\u00e7\u00e3o de pessoas em um bar na cidade do Congo"},"content":{"rendered":"\n<p>A Pol\u00edcia Militar apreendeu dez armas de fogo, nessa quarta-feira (17), ap\u00f3s receber den\u00fancia do funcionamento de um bar, que estava promovendo aglomera\u00e7\u00e3o de pessoas, na zona rural da cidade do Congo, no Cariri Paraibano. Os policiais do 11\u00ba Batalh\u00e3o foram at\u00e9 o local orientar a propriet\u00e1ria do estabelecimento sobre as medidas de preven\u00e7\u00e3o contra o novo coronav\u00edrus, mas perceberam que dentro do bar tinham espingardas.<br><br>Foram quatro espingardas encontradas no estabelecimento e outras seis com o sogro da dona do bar, em uma casa que ficava em frente ao local. Ao perceber a chegada da PM, o homem ainda tentou fugir levando algumas das armas, mas foi rendido e preso.<br><br>Os dois foram levados com armas para a delegacia de Pol\u00edcia Civil, em Monteiro.<br><br>Na Capital \u2013 Uma espingarda foi apreendida durante incurs\u00e3o realizada por uma equipe do Batalh\u00e3o Especializado em Policiamento com Motocicletas (BEPMotos), nessa quarta-feira (17), na rua da Mata, no bairro do Rangel. A arma foi abandonada por suspeitos que fugiram ao perceberem a presen\u00e7a da PM na localidade. O caso foi levado para a Central de Flagrantes, no Geisel.  <br><br><\/p>\n","protected":false},"excerpt":{"rendered":"<p>A Pol\u00edcia Militar apreendeu dez armas de fogo, nessa quarta-feira (17), ap\u00f3s receber den\u00fancia do funcionamento de um bar, que<\/p>\n","protected":false},"author":10,"featured_media":905731,"comment_status":"closed","ping_status":"closed","sticky":false,"template":"","format":"standard","meta":{"_exactmetrics_skip_tracking":false,"_exactmetrics_sitenote_active":false,"_exactmetrics_sitenote_note":"","_exactmetrics_sitenote_category":0,"footnotes":""},"categories":[4],"tags":[],"yoast_head":"<!-- This site is optimized with the Yoast SEO plugin v22.0 - https:\/\/yoast.com\/wordpress\/plugins\/seo\/ -->\n<title>PM apreende dez armas ao atender den\u00fancia de aglomera\u00e7\u00e3o de pessoas em um bar na cidade do Congo - Pol\u00edcia Militar da Para\u00edba<\/title>\n<meta name=\"robots\" content=\"index, follow, max-snippet:-1, max-image-preview:large, max-video-preview:-1\" \/>\n<link rel=\"canonical\" href=\"https:\/\/www.pm.pb.gov.br\/portal\/2020\/06\/18\/pm-apreende-dez-armas-ao-atender-denuncia-de-aglomeracao-de-pessoas-em-um-bar-na-cidade-do-congo\/\" \/>\n<meta property=\"og:locale\" content=\"pt_BR\" \/>\n<meta property=\"og:type\" content=\"article\" \/>\n<meta property=\"og:title\" content=\"PM apreende dez armas ao atender den\u00fancia de aglomera\u00e7\u00e3o de pessoas em um bar na cidade do Congo - Pol\u00edcia Militar da Para\u00edba\" \/>\n<meta property=\"og:description\" content=\"A Pol\u00edcia Militar apreendeu dez armas de fogo, nessa quarta-feira (17), ap\u00f3s receber den\u00fancia do funcionamento de um bar, que\" \/>\n<meta property=\"og:url\" content=\"https:\/\/www.pm.pb.gov.br\/portal\/2020\/06\/18\/pm-apreende-dez-armas-ao-atender-denuncia-de-aglomeracao-de-pessoas-em-um-bar-na-cidade-do-congo\/\" \/>\n<meta property=\"og:site_name\" content=\"Pol\u00edcia Militar da Para\u00edba\" \/>\n<meta property=\"article:published_time\" content=\"2020-06-18T10:37:25+00:00\" \/>\n<meta property=\"article:modified_time\" content=\"2020-06-18T10:37:27+00:00\" \/>\n<meta property=\"og:image\" content=\"https:\/\/www.pm.pb.gov.br\/portal\/wp-content\/uploads\/2020\/06\/espingardas.jpg\" \/>\n\t<meta property=\"og:image:width\" content=\"951\" \/>\n\t<meta property=\"og:image:height\" content=\"580\" \/>\n\t<meta property=\"og:image:type\" content=\"image\/jpeg\" \/>\n<meta name=\"author\" content=\"WAGNER HENRIQUE VARELA DA SILVA\" \/>\n<meta name=\"twitter:card\" content=\"summary_large_image\" \/>\n<meta name=\"twitter:label1\" content=\"Escrito por\" \/>\n\t<meta name=\"twitter:data1\" content=\"WAGNER HENRIQUE VARELA DA SILVA\" \/>\n\t<meta name=\"twitter:label2\" content=\"Est. tempo de leitura\" \/>\n\t<meta name=\"twitter:data2\" content=\"1 minuto\" \/>\n<script type=\"application\/ld+json\" class=\"yoast-schema-graph\">{\"@context\":\"https:\/\/schema.org\",\"@graph\":[{\"@type\":\"Article\",\"@id\":\"https:\/\/www.pm.pb.gov.br\/portal\/2020\/06\/18\/pm-apreende-dez-armas-ao-atender-denuncia-de-aglomeracao-de-pessoas-em-um-bar-na-cidade-do-congo\/#article\",\"isPartOf\":{\"@id\":\"https:\/\/www.pm.pb.gov.br\/portal\/2020\/06\/18\/pm-apreende-dez-armas-ao-atender-denuncia-de-aglomeracao-de-pessoas-em-um-bar-na-cidade-do-congo\/\"},\"author\":{\"name\":\"WAGNER HENRIQUE VARELA DA SILVA\",\"@id\":\"https:\/\/www.pm.pb.gov.br\/portal\/#\/schema\/person\/b169b297b8494dea236e315ed1a201d1\"},\"headline\":\"PM apreende dez armas ao atender den\u00fancia de aglomera\u00e7\u00e3o de pessoas em um bar na cidade do Congo\",\"datePublished\":\"2020-06-18T10:37:25+00:00\",\"dateModified\":\"2020-06-18T10:37:27+00:00\",\"mainEntityOfPage\":{\"@id\":\"https:\/\/www.pm.pb.gov.br\/portal\/2020\/06\/18\/pm-apreende-dez-armas-ao-atender-denuncia-de-aglomeracao-de-pessoas-em-um-bar-na-cidade-do-congo\/\"},\"wordCount\":212,\"publisher\":{\"@id\":\"https:\/\/www.pm.pb.gov.br\/portal\/#organization\"},\"articleSection\":[\"A\u00e7\u00f5es Policiais\"],\"inLanguage\":\"pt-BR\"},{\"@type\":\"WebPage\",\"@id\":\"https:\/\/www.pm.pb.gov.br\/portal\/2020\/06\/18\/pm-apreende-dez-armas-ao-atender-denuncia-de-aglomeracao-de-pessoas-em-um-bar-na-cidade-do-congo\/\",\"url\":\"https:\/\/www.pm.pb.gov.br\/portal\/2020\/06\/18\/pm-apreende-dez-armas-ao-atender-denuncia-de-aglomeracao-de-pessoas-em-um-bar-na-cidade-do-congo\/\",\"name\":\"PM apreende dez armas ao atender den\u00fancia de aglomera\u00e7\u00e3o de pessoas em um bar na cidade do Congo - Pol\u00edcia Militar da Para\u00edba\",\"isPartOf\":{\"@id\":\"https:\/\/www.pm.pb.gov.br\/portal\/#website\"},\"datePublished\":\"2020-06-18T10:37:25+00:00\",\"dateModified\":\"2020-06-18T10:37:27+00:00\",\"breadcrumb\":{\"@id\":\"https:\/\/www.pm.pb.gov.br\/portal\/2020\/06\/18\/pm-apreende-dez-armas-ao-atender-denuncia-de-aglomeracao-de-pessoas-em-um-bar-na-cidade-do-congo\/#breadcrumb\"},\"inLanguage\":\"pt-BR\",\"potentialAction\":[{\"@type\":\"ReadAction\",\"target\":[\"https:\/\/www.pm.pb.gov.br\/portal\/2020\/06\/18\/pm-apreende-dez-armas-ao-atender-denuncia-de-aglomeracao-de-pessoas-em-um-bar-na-cidade-do-congo\/\"]}]},{\"@type\":\"BreadcrumbList\",\"@id\":\"https:\/\/www.pm.pb.gov.br\/portal\/2020\/06\/18\/pm-apreende-dez-armas-ao-atender-denuncia-de-aglomeracao-de-pessoas-em-um-bar-na-cidade-do-congo\/#breadcrumb\",\"itemListElement\":[{\"@type\":\"ListItem\",\"position\":1,\"name\":\"In\u00edcio\",\"item\":\"https:\/\/www.pm.pb.gov.br\/portal\/\"},{\"@type\":\"ListItem\",\"position\":2,\"name\":\"PM apreende dez armas ao atender den\u00fancia de aglomera\u00e7\u00e3o de pessoas em um bar na cidade do Congo\"}]},{\"@type\":\"WebSite\",\"@id\":\"https:\/\/www.pm.pb.gov.br\/portal\/#website\",\"url\":\"https:\/\/www.pm.pb.gov.br\/portal\/\",\"name\":\"Pol\u00edcia Militar da Para\u00edba\",\"description\":\"\",\"publisher\":{\"@id\":\"https:\/\/www.pm.pb.gov.br\/portal\/#organization\"},\"potentialAction\":[{\"@type\":\"SearchAction\",\"target\":{\"@type\":\"EntryPoint\",\"urlTemplate\":\"https:\/\/www.pm.pb.gov.br\/portal\/?s={search_term_string}\"},\"query-input\":\"required name=search_term_string\"}],\"inLanguage\":\"pt-BR\"},{\"@type\":\"Organization\",\"@id\":\"https:\/\/www.pm.pb.gov.br\/portal\/#organization\",\"name\":\"Pol\u00edcia Militar da Para\u00edba\",\"url\":\"https:\/\/www.pm.pb.gov.br\/portal\/\",\"logo\":{\"@type\":\"ImageObject\",\"inLanguage\":\"pt-BR\",\"@id\":\"https:\/\/www.pm.pb.gov.br\/portal\/#\/schema\/logo\/image\/\",\"url\":\"https:\/\/www.pm.pb.gov.br\/portal\/wp-content\/uploads\/2025\/03\/cropped-logo-site-mag2-1.png\",\"contentUrl\":\"https:\/\/www.pm.pb.gov.br\/portal\/wp-content\/uploads\/2025\/03\/cropped-logo-site-mag2-1.png\",\"width\":320,\"height\":90,\"caption\":\"Pol\u00edcia Militar da Para\u00edba\"},\"image\":{\"@id\":\"https:\/\/www.pm.pb.gov.br\/portal\/#\/schema\/logo\/image\/\"}},{\"@type\":\"Person\",\"@id\":\"https:\/\/www.pm.pb.gov.br\/portal\/#\/schema\/person\/b169b297b8494dea236e315ed1a201d1\",\"name\":\"WAGNER HENRIQUE VARELA DA SILVA\",\"image\":{\"@type\":\"ImageObject\",\"inLanguage\":\"pt-BR\",\"@id\":\"https:\/\/www.pm.pb.gov.br\/portal\/#\/schema\/person\/image\/\",\"url\":\"https:\/\/secure.gravatar.com\/avatar\/e08af53176a66730df5c0706c6c31fd6?s=96&d=mm&r=g\",\"contentUrl\":\"https:\/\/secure.gravatar.com\/avatar\/e08af53176a66730df5c0706c6c31fd6?s=96&d=mm&r=g\",\"caption\":\"WAGNER HENRIQUE VARELA DA SILVA\"},\"url\":\"https:\/\/www.pm.pb.gov.br\/portal\/author\/varela\/\"}]}<\/script>\n<!-- \/ Yoast SEO plugin. -->","yoast_head_json":{"title":"PM apreende dez armas ao atender den\u00fancia de aglomera\u00e7\u00e3o de pessoas em um bar na cidade do Congo - Pol\u00edcia Militar da Para\u00edba","robots":{"index":"index","follow":"follow","max-snippet":"max-snippet:-1","max-image-preview":"max-image-preview:large","max-video-preview":"max-video-preview:-1"},"canonical":"https:\/\/www.pm.pb.gov.br\/portal\/2020\/06\/18\/pm-apreende-dez-armas-ao-atender-denuncia-de-aglomeracao-de-pessoas-em-um-bar-na-cidade-do-congo\/","og_locale":"pt_BR","og_type":"article","og_title":"PM apreende dez armas ao atender den\u00fancia de aglomera\u00e7\u00e3o de pessoas em um bar na cidade do Congo - Pol\u00edcia Militar da Para\u00edba","og_description":"A Pol\u00edcia Militar apreendeu dez armas de fogo, nessa quarta-feira (17), ap\u00f3s receber den\u00fancia do funcionamento de um bar, que","og_url":"https:\/\/www.pm.pb.gov.br\/portal\/2020\/06\/18\/pm-apreende-dez-armas-ao-atender-denuncia-de-aglomeracao-de-pessoas-em-um-bar-na-cidade-do-congo\/","og_site_name":"Pol\u00edcia Militar da Para\u00edba","article_published_time":"2020-06-18T10:37:25+00:00","article_modified_time":"2020-06-18T10:37:27+00:00","og_image":[{"width":951,"height":580,"url":"https:\/\/www.pm.pb.gov.br\/portal\/wp-content\/uploads\/2020\/06\/espingardas.jpg","type":"image\/jpeg"}],"author":"WAGNER HENRIQUE VARELA DA SILVA","twitter_card":"summary_large_image","twitter_misc":{"Escrito por":"WAGNER HENRIQUE VARELA DA SILVA","Est. tempo de leitura":"1 minuto"},"schema":{"@context":"https:\/\/schema.org","@graph":[{"@type":"Article","@id":"https:\/\/www.pm.pb.gov.br\/portal\/2020\/06\/18\/pm-apreende-dez-armas-ao-atender-denuncia-de-aglomeracao-de-pessoas-em-um-bar-na-cidade-do-congo\/#article","isPartOf":{"@id":"https:\/\/www.pm.pb.gov.br\/portal\/2020\/06\/18\/pm-apreende-dez-armas-ao-atender-denuncia-de-aglomeracao-de-pessoas-em-um-bar-na-cidade-do-congo\/"},"author":{"name":"WAGNER HENRIQUE VARELA DA SILVA","@id":"https:\/\/www.pm.pb.gov.br\/portal\/#\/schema\/person\/b169b297b8494dea236e315ed1a201d1"},"headline":"PM apreende dez armas ao atender den\u00fancia de aglomera\u00e7\u00e3o de pessoas em um bar na cidade do Congo","datePublished":"2020-06-18T10:37:25+00:00","dateModified":"2020-06-18T10:37:27+00:00","mainEntityOfPage":{"@id":"https:\/\/www.pm.pb.gov.br\/portal\/2020\/06\/18\/pm-apreende-dez-armas-ao-atender-denuncia-de-aglomeracao-de-pessoas-em-um-bar-na-cidade-do-congo\/"},"wordCount":212,"publisher":{"@id":"https:\/\/www.pm.pb.gov.br\/portal\/#organization"},"articleSection":["A\u00e7\u00f5es Policiais"],"inLanguage":"pt-BR"},{"@type":"WebPage","@id":"https:\/\/www.pm.pb.gov.br\/portal\/2020\/06\/18\/pm-apreende-dez-armas-ao-atender-denuncia-de-aglomeracao-de-pessoas-em-um-bar-na-cidade-do-congo\/","url":"https:\/\/www.pm.pb.gov.br\/portal\/2020\/06\/18\/pm-apreende-dez-armas-ao-atender-denuncia-de-aglomeracao-de-pessoas-em-um-bar-na-cidade-do-congo\/","name":"PM apreende dez armas ao atender den\u00fancia de aglomera\u00e7\u00e3o de pessoas em um bar na cidade do Congo - Pol\u00edcia Militar da Para\u00edba","isPartOf":{"@id":"https:\/\/www.pm.pb.gov.br\/portal\/#website"},"datePublished":"2020-06-18T10:37:25+00:00","dateModified":"2020-06-18T10:37:27+00:00","breadcrumb":{"@id":"https:\/\/www.pm.pb.gov.br\/portal\/2020\/06\/18\/pm-apreende-dez-armas-ao-atender-denuncia-de-aglomeracao-de-pessoas-em-um-bar-na-cidade-do-congo\/#breadcrumb"},"inLanguage":"pt-BR","potentialAction":[{"@type":"ReadAction","target":["https:\/\/www.pm.pb.gov.br\/portal\/2020\/06\/18\/pm-apreende-dez-armas-ao-atender-denuncia-de-aglomeracao-de-pessoas-em-um-bar-na-cidade-do-congo\/"]}]},{"@type":"BreadcrumbList","@id":"https:\/\/www.pm.pb.gov.br\/portal\/2020\/06\/18\/pm-apreende-dez-armas-ao-atender-denuncia-de-aglomeracao-de-pessoas-em-um-bar-na-cidade-do-congo\/#breadcrumb","itemListElement":[{"@type":"ListItem","position":1,"name":"In\u00edcio","item":"https:\/\/www.pm.pb.gov.br\/portal\/"},{"@type":"ListItem","position":2,"name":"PM apreende dez armas ao atender den\u00fancia de aglomera\u00e7\u00e3o de pessoas em um bar na cidade do Congo"}]},{"@type":"WebSite","@id":"https:\/\/www.pm.pb.gov.br\/portal\/#website","url":"https:\/\/www.pm.pb.gov.br\/portal\/","name":"Pol\u00edcia Militar da Para\u00edba","description":"","publisher":{"@id":"https:\/\/www.pm.pb.gov.br\/portal\/#organization"},"potentialAction":[{"@type":"SearchAction","target":{"@type":"EntryPoint","urlTemplate":"https:\/\/www.pm.pb.gov.br\/portal\/?s={search_term_string}"},"query-input":"required name=search_term_string"}],"inLanguage":"pt-BR"},{"@type":"Organization","@id":"https:\/\/www.pm.pb.gov.br\/portal\/#organization","name":"Pol\u00edcia Militar da Para\u00edba","url":"https:\/\/www.pm.pb.gov.br\/portal\/","logo":{"@type":"ImageObject","inLanguage":"pt-BR","@id":"https:\/\/www.pm.pb.gov.br\/portal\/#\/schema\/logo\/image\/","url":"https:\/\/www.pm.pb.gov.br\/portal\/wp-content\/uploads\/2025\/03\/cropped-logo-site-mag2-1.png","contentUrl":"https:\/\/www.pm.pb.gov.br\/portal\/wp-content\/uploads\/2025\/03\/cropped-logo-site-mag2-1.png","width":320,"height":90,"caption":"Pol\u00edcia Militar da Para\u00edba"},"image":{"@id":"https:\/\/www.pm.pb.gov.br\/portal\/#\/schema\/logo\/image\/"}},{"@type":"Person","@id":"https:\/\/www.pm.pb.gov.br\/portal\/#\/schema\/person\/b169b297b8494dea236e315ed1a201d1","name":"WAGNER HENRIQUE VARELA DA SILVA","image":{"@type":"ImageObject","inLanguage":"pt-BR","@id":"https:\/\/www.pm.pb.gov.br\/portal\/#\/schema\/person\/image\/","url":"https:\/\/secure.gravatar.com\/avatar\/e08af53176a66730df5c0706c6c31fd6?s=96&d=mm&r=g","contentUrl":"https:\/\/secure.gravatar.com\/avatar\/e08af53176a66730df5c0706c6c31fd6?s=96&d=mm&r=g","caption":"WAGNER HENRIQUE VARELA DA SILVA"},"url":"https:\/\/www.pm.pb.gov.br\/portal\/author\/varela\/"}]}},"_links":{"self":[{"href":"https:\/\/www.pm.pb.gov.br\/portal\/wp-json\/wp\/v2\/posts\/905728"}],"collection":[{"href":"https:\/\/www.pm.pb.gov.br\/portal\/wp-json\/wp\/v2\/posts"}],"about":[{"href":"https:\/\/www.pm.pb.gov.br\/portal\/wp-json\/wp\/v2\/types\/post"}],"author":[{"embeddable":true,"href":"https:\/\/www.pm.pb.gov.br\/portal\/wp-json\/wp\/v2\/users\/10"}],"replies":[{"embeddable":true,"href":"https:\/\/www.pm.pb.gov.br\/portal\/wp-json\/wp\/v2\/comments?post=905728"}],"version-history":[{"count":2,"href":"https:\/\/www.pm.pb.gov.br\/portal\/wp-json\/wp\/v2\/posts\/905728\/revisions"}],"predecessor-version":[{"id":905732,"href":"https:\/\/www.pm.pb.gov.br\/portal\/wp-json\/wp\/v2\/posts\/905728\/revisions\/905732"}],"wp:featuredmedia":[{"embeddable":true,"href":"https:\/\/www.pm.pb.gov.br\/portal\/wp-json\/wp\/v2\/media\/905731"}],"wp:attachment":[{"href":"https:\/\/www.pm.pb.gov.br\/portal\/wp-json\/wp\/v2\/media?parent=905728"}],"wp:term":[{"taxonomy":"category","embeddable":true,"href":"https:\/\/www.pm.pb.gov.br\/portal\/wp-json\/wp\/v2\/categories?post=905728"},{"taxonomy":"post_tag","embeddable":true,"href":"https:\/\/www.pm.pb.gov.br\/portal\/wp-json\/wp\/v2\/tags?post=905728"}],"curies":[{"name":"wp","href":"https:\/\/api.w.org\/{rel}","templated":true}]}}