{"id":905703,"date":"2020-06-17T06:43:00","date_gmt":"2020-06-17T09:43:00","guid":{"rendered":"http:\/\/www.pm.pb.gov.br\/portal\/?p=905703"},"modified":"2020-06-17T09:38:42","modified_gmt":"2020-06-17T12:38:42","slug":"policia-militar-frustra-ataques-a-bancos-que-bandidos-planejavam-promover-durante-a-madrugada-na-cidade-de-areia","status":"publish","type":"post","link":"https:\/\/www.pm.pb.gov.br\/portal\/2020\/06\/17\/policia-militar-frustra-ataques-a-bancos-que-bandidos-planejavam-promover-durante-a-madrugada-na-cidade-de-areia\/","title":{"rendered":"Pol\u00edcia Militar frustra ataques a bancos e enfrenta quadrilha interestadual durante a madrugada na cidade de Areia"},"content":{"rendered":"\n<p>A Pol\u00edcia Militar frustrou ataques a bancos que uma quadrilha formada por integrantes dos Estados de S\u00e3o Paulo, Rio Grande do Norte, Pernambuco e Para\u00edba planejavam cometer na madrugada desta quarta-feira (17), na cidade de Areia. Atrav\u00e9s do trabalho integrado com a Pol\u00edcia Federal, o munic\u00edpio foi cercado pela PM e, por volta das 3h, teve in\u00edcio uma intensa troca de tiros, que evitou toda a a\u00e7\u00e3o criminosa. Seis suspeitos morreram e outros dois foram presos \u2013 um deles ferido.<\/p>\n\n\n\n<p>Na a\u00e7\u00e3o, foram apreendidas armas, muni\u00e7\u00f5es, explosivos, grampos, alicates e at\u00e9 uma serra el\u00e9trica que os criminosos usaram para derrubar \u00e1rvores nos acessos ao munic\u00edpio, com o objetivo de impedir a resposta da pol\u00edcia, mas os planos foram frustrados. Entre o arsenal apreendido, estavam uma submetralhadora, uma pistola, dois rev\u00f3lveres, uma carabina e uma espingarda.<\/p>\n\n\n\n<p>O enfrentamento \u00e0 quadrilha interestadual teve a atua\u00e7\u00e3o de quase 40 policiais militares paraibanos do 15\u00ba Batalh\u00e3o, Grupamento T\u00e1tico de A\u00e7\u00f5es Especiais (GATE) e Grupamento Especializado de Opera\u00e7\u00f5es em \u00c1rea de Caatinga (GEOsAC).<\/p>\n\n\n\n<p>Um dos presos j\u00e1 foi apresentado na sede da Pol\u00edcia Federal, em Campina Grande. O outro tamb\u00e9m ser\u00e1 levado para l\u00e1, assim que receber alta no Hospital de Emerg\u00eancia e Trauma, onde est\u00e1 internado sob cust\u00f3dia policial.<\/p>\n\n\n\n<p><br><\/p>\n","protected":false},"excerpt":{"rendered":"<p>A Pol\u00edcia Militar frustrou ataques a bancos que uma quadrilha formada por integrantes dos Estados de S\u00e3o Paulo, Rio Grande<\/p>\n","protected":false},"author":10,"featured_media":905708,"comment_status":"closed","ping_status":"closed","sticky":false,"template":"","format":"standard","meta":{"_exactmetrics_skip_tracking":false,"_exactmetrics_sitenote_active":false,"_exactmetrics_sitenote_note":"","_exactmetrics_sitenote_category":0,"footnotes":""},"categories":[4],"tags":[],"yoast_head":"<!-- This site is optimized with the Yoast SEO plugin v22.0 - https:\/\/yoast.com\/wordpress\/plugins\/seo\/ -->\n<title>Pol\u00edcia Militar frustra ataques a bancos e enfrenta quadrilha interestadual durante a madrugada na cidade de Areia - Pol\u00edcia Militar da Para\u00edba<\/title>\n<meta name=\"robots\" content=\"index, follow, max-snippet:-1, max-image-preview:large, max-video-preview:-1\" \/>\n<link rel=\"canonical\" href=\"https:\/\/www.pm.pb.gov.br\/portal\/2020\/06\/17\/policia-militar-frustra-ataques-a-bancos-que-bandidos-planejavam-promover-durante-a-madrugada-na-cidade-de-areia\/\" \/>\n<meta property=\"og:locale\" content=\"pt_BR\" \/>\n<meta property=\"og:type\" content=\"article\" \/>\n<meta property=\"og:title\" content=\"Pol\u00edcia Militar frustra ataques a bancos e enfrenta quadrilha interestadual durante a madrugada na cidade de Areia - Pol\u00edcia Militar da Para\u00edba\" \/>\n<meta property=\"og:description\" content=\"A Pol\u00edcia Militar frustrou ataques a bancos que uma quadrilha formada por integrantes dos Estados de S\u00e3o Paulo, Rio Grande\" \/>\n<meta property=\"og:url\" content=\"https:\/\/www.pm.pb.gov.br\/portal\/2020\/06\/17\/policia-militar-frustra-ataques-a-bancos-que-bandidos-planejavam-promover-durante-a-madrugada-na-cidade-de-areia\/\" \/>\n<meta property=\"og:site_name\" content=\"Pol\u00edcia Militar da Para\u00edba\" \/>\n<meta property=\"article:published_time\" content=\"2020-06-17T09:43:00+00:00\" \/>\n<meta property=\"article:modified_time\" content=\"2020-06-17T12:38:42+00:00\" \/>\n<meta property=\"og:image\" content=\"https:\/\/www.pm.pb.gov.br\/portal\/wp-content\/uploads\/2020\/06\/armas-apreendidas-1.jpg\" \/>\n\t<meta property=\"og:image:width\" content=\"960\" \/>\n\t<meta property=\"og:image:height\" content=\"1280\" \/>\n\t<meta property=\"og:image:type\" content=\"image\/jpeg\" \/>\n<meta name=\"author\" content=\"WAGNER HENRIQUE VARELA DA SILVA\" \/>\n<meta name=\"twitter:card\" content=\"summary_large_image\" \/>\n<meta name=\"twitter:label1\" content=\"Escrito por\" \/>\n\t<meta name=\"twitter:data1\" content=\"WAGNER HENRIQUE VARELA DA SILVA\" \/>\n\t<meta name=\"twitter:label2\" content=\"Est. tempo de leitura\" \/>\n\t<meta name=\"twitter:data2\" content=\"1 minuto\" \/>\n<script type=\"application\/ld+json\" class=\"yoast-schema-graph\">{\"@context\":\"https:\/\/schema.org\",\"@graph\":[{\"@type\":\"Article\",\"@id\":\"https:\/\/www.pm.pb.gov.br\/portal\/2020\/06\/17\/policia-militar-frustra-ataques-a-bancos-que-bandidos-planejavam-promover-durante-a-madrugada-na-cidade-de-areia\/#article\",\"isPartOf\":{\"@id\":\"https:\/\/www.pm.pb.gov.br\/portal\/2020\/06\/17\/policia-militar-frustra-ataques-a-bancos-que-bandidos-planejavam-promover-durante-a-madrugada-na-cidade-de-areia\/\"},\"author\":{\"name\":\"WAGNER HENRIQUE VARELA DA SILVA\",\"@id\":\"https:\/\/www.pm.pb.gov.br\/portal\/#\/schema\/person\/b169b297b8494dea236e315ed1a201d1\"},\"headline\":\"Pol\u00edcia Militar frustra ataques a bancos e enfrenta quadrilha interestadual durante a madrugada na cidade de Areia\",\"datePublished\":\"2020-06-17T09:43:00+00:00\",\"dateModified\":\"2020-06-17T12:38:42+00:00\",\"mainEntityOfPage\":{\"@id\":\"https:\/\/www.pm.pb.gov.br\/portal\/2020\/06\/17\/policia-militar-frustra-ataques-a-bancos-que-bandidos-planejavam-promover-durante-a-madrugada-na-cidade-de-areia\/\"},\"wordCount\":241,\"publisher\":{\"@id\":\"https:\/\/www.pm.pb.gov.br\/portal\/#organization\"},\"articleSection\":[\"A\u00e7\u00f5es Policiais\"],\"inLanguage\":\"pt-BR\"},{\"@type\":\"WebPage\",\"@id\":\"https:\/\/www.pm.pb.gov.br\/portal\/2020\/06\/17\/policia-militar-frustra-ataques-a-bancos-que-bandidos-planejavam-promover-durante-a-madrugada-na-cidade-de-areia\/\",\"url\":\"https:\/\/www.pm.pb.gov.br\/portal\/2020\/06\/17\/policia-militar-frustra-ataques-a-bancos-que-bandidos-planejavam-promover-durante-a-madrugada-na-cidade-de-areia\/\",\"name\":\"Pol\u00edcia Militar frustra ataques a bancos e enfrenta quadrilha interestadual durante a madrugada na cidade de Areia - Pol\u00edcia Militar da Para\u00edba\",\"isPartOf\":{\"@id\":\"https:\/\/www.pm.pb.gov.br\/portal\/#website\"},\"datePublished\":\"2020-06-17T09:43:00+00:00\",\"dateModified\":\"2020-06-17T12:38:42+00:00\",\"breadcrumb\":{\"@id\":\"https:\/\/www.pm.pb.gov.br\/portal\/2020\/06\/17\/policia-militar-frustra-ataques-a-bancos-que-bandidos-planejavam-promover-durante-a-madrugada-na-cidade-de-areia\/#breadcrumb\"},\"inLanguage\":\"pt-BR\",\"potentialAction\":[{\"@type\":\"ReadAction\",\"target\":[\"https:\/\/www.pm.pb.gov.br\/portal\/2020\/06\/17\/policia-militar-frustra-ataques-a-bancos-que-bandidos-planejavam-promover-durante-a-madrugada-na-cidade-de-areia\/\"]}]},{\"@type\":\"BreadcrumbList\",\"@id\":\"https:\/\/www.pm.pb.gov.br\/portal\/2020\/06\/17\/policia-militar-frustra-ataques-a-bancos-que-bandidos-planejavam-promover-durante-a-madrugada-na-cidade-de-areia\/#breadcrumb\",\"itemListElement\":[{\"@type\":\"ListItem\",\"position\":1,\"name\":\"In\u00edcio\",\"item\":\"https:\/\/www.pm.pb.gov.br\/portal\/\"},{\"@type\":\"ListItem\",\"position\":2,\"name\":\"Pol\u00edcia Militar frustra ataques a bancos e enfrenta quadrilha interestadual durante a madrugada na cidade de Areia\"}]},{\"@type\":\"WebSite\",\"@id\":\"https:\/\/www.pm.pb.gov.br\/portal\/#website\",\"url\":\"https:\/\/www.pm.pb.gov.br\/portal\/\",\"name\":\"Pol\u00edcia Militar da Para\u00edba\",\"description\":\"\",\"publisher\":{\"@id\":\"https:\/\/www.pm.pb.gov.br\/portal\/#organization\"},\"potentialAction\":[{\"@type\":\"SearchAction\",\"target\":{\"@type\":\"EntryPoint\",\"urlTemplate\":\"https:\/\/www.pm.pb.gov.br\/portal\/?s={search_term_string}\"},\"query-input\":\"required name=search_term_string\"}],\"inLanguage\":\"pt-BR\"},{\"@type\":\"Organization\",\"@id\":\"https:\/\/www.pm.pb.gov.br\/portal\/#organization\",\"name\":\"Pol\u00edcia Militar da Para\u00edba\",\"url\":\"https:\/\/www.pm.pb.gov.br\/portal\/\",\"logo\":{\"@type\":\"ImageObject\",\"inLanguage\":\"pt-BR\",\"@id\":\"https:\/\/www.pm.pb.gov.br\/portal\/#\/schema\/logo\/image\/\",\"url\":\"https:\/\/www.pm.pb.gov.br\/portal\/wp-content\/uploads\/2025\/03\/cropped-logo-site-mag2-1.png\",\"contentUrl\":\"https:\/\/www.pm.pb.gov.br\/portal\/wp-content\/uploads\/2025\/03\/cropped-logo-site-mag2-1.png\",\"width\":320,\"height\":90,\"caption\":\"Pol\u00edcia Militar da Para\u00edba\"},\"image\":{\"@id\":\"https:\/\/www.pm.pb.gov.br\/portal\/#\/schema\/logo\/image\/\"}},{\"@type\":\"Person\",\"@id\":\"https:\/\/www.pm.pb.gov.br\/portal\/#\/schema\/person\/b169b297b8494dea236e315ed1a201d1\",\"name\":\"WAGNER HENRIQUE VARELA DA SILVA\",\"image\":{\"@type\":\"ImageObject\",\"inLanguage\":\"pt-BR\",\"@id\":\"https:\/\/www.pm.pb.gov.br\/portal\/#\/schema\/person\/image\/\",\"url\":\"https:\/\/secure.gravatar.com\/avatar\/e08af53176a66730df5c0706c6c31fd6?s=96&d=mm&r=g\",\"contentUrl\":\"https:\/\/secure.gravatar.com\/avatar\/e08af53176a66730df5c0706c6c31fd6?s=96&d=mm&r=g\",\"caption\":\"WAGNER HENRIQUE VARELA DA SILVA\"},\"url\":\"https:\/\/www.pm.pb.gov.br\/portal\/author\/varela\/\"}]}<\/script>\n<!-- \/ Yoast SEO plugin. -->","yoast_head_json":{"title":"Pol\u00edcia Militar frustra ataques a bancos e enfrenta quadrilha interestadual durante a madrugada na cidade de Areia - Pol\u00edcia Militar da Para\u00edba","robots":{"index":"index","follow":"follow","max-snippet":"max-snippet:-1","max-image-preview":"max-image-preview:large","max-video-preview":"max-video-preview:-1"},"canonical":"https:\/\/www.pm.pb.gov.br\/portal\/2020\/06\/17\/policia-militar-frustra-ataques-a-bancos-que-bandidos-planejavam-promover-durante-a-madrugada-na-cidade-de-areia\/","og_locale":"pt_BR","og_type":"article","og_title":"Pol\u00edcia Militar frustra ataques a bancos e enfrenta quadrilha interestadual durante a madrugada na cidade de Areia - Pol\u00edcia Militar da Para\u00edba","og_description":"A Pol\u00edcia Militar frustrou ataques a bancos que uma quadrilha formada por integrantes dos Estados de S\u00e3o Paulo, Rio Grande","og_url":"https:\/\/www.pm.pb.gov.br\/portal\/2020\/06\/17\/policia-militar-frustra-ataques-a-bancos-que-bandidos-planejavam-promover-durante-a-madrugada-na-cidade-de-areia\/","og_site_name":"Pol\u00edcia Militar da Para\u00edba","article_published_time":"2020-06-17T09:43:00+00:00","article_modified_time":"2020-06-17T12:38:42+00:00","og_image":[{"width":960,"height":1280,"url":"https:\/\/www.pm.pb.gov.br\/portal\/wp-content\/uploads\/2020\/06\/armas-apreendidas-1.jpg","type":"image\/jpeg"}],"author":"WAGNER HENRIQUE VARELA DA SILVA","twitter_card":"summary_large_image","twitter_misc":{"Escrito por":"WAGNER HENRIQUE VARELA DA SILVA","Est. tempo de leitura":"1 minuto"},"schema":{"@context":"https:\/\/schema.org","@graph":[{"@type":"Article","@id":"https:\/\/www.pm.pb.gov.br\/portal\/2020\/06\/17\/policia-militar-frustra-ataques-a-bancos-que-bandidos-planejavam-promover-durante-a-madrugada-na-cidade-de-areia\/#article","isPartOf":{"@id":"https:\/\/www.pm.pb.gov.br\/portal\/2020\/06\/17\/policia-militar-frustra-ataques-a-bancos-que-bandidos-planejavam-promover-durante-a-madrugada-na-cidade-de-areia\/"},"author":{"name":"WAGNER HENRIQUE VARELA DA SILVA","@id":"https:\/\/www.pm.pb.gov.br\/portal\/#\/schema\/person\/b169b297b8494dea236e315ed1a201d1"},"headline":"Pol\u00edcia Militar frustra ataques a bancos e enfrenta quadrilha interestadual durante a madrugada na cidade de Areia","datePublished":"2020-06-17T09:43:00+00:00","dateModified":"2020-06-17T12:38:42+00:00","mainEntityOfPage":{"@id":"https:\/\/www.pm.pb.gov.br\/portal\/2020\/06\/17\/policia-militar-frustra-ataques-a-bancos-que-bandidos-planejavam-promover-durante-a-madrugada-na-cidade-de-areia\/"},"wordCount":241,"publisher":{"@id":"https:\/\/www.pm.pb.gov.br\/portal\/#organization"},"articleSection":["A\u00e7\u00f5es Policiais"],"inLanguage":"pt-BR"},{"@type":"WebPage","@id":"https:\/\/www.pm.pb.gov.br\/portal\/2020\/06\/17\/policia-militar-frustra-ataques-a-bancos-que-bandidos-planejavam-promover-durante-a-madrugada-na-cidade-de-areia\/","url":"https:\/\/www.pm.pb.gov.br\/portal\/2020\/06\/17\/policia-militar-frustra-ataques-a-bancos-que-bandidos-planejavam-promover-durante-a-madrugada-na-cidade-de-areia\/","name":"Pol\u00edcia Militar frustra ataques a bancos e enfrenta quadrilha interestadual durante a madrugada na cidade de Areia - Pol\u00edcia Militar da Para\u00edba","isPartOf":{"@id":"https:\/\/www.pm.pb.gov.br\/portal\/#website"},"datePublished":"2020-06-17T09:43:00+00:00","dateModified":"2020-06-17T12:38:42+00:00","breadcrumb":{"@id":"https:\/\/www.pm.pb.gov.br\/portal\/2020\/06\/17\/policia-militar-frustra-ataques-a-bancos-que-bandidos-planejavam-promover-durante-a-madrugada-na-cidade-de-areia\/#breadcrumb"},"inLanguage":"pt-BR","potentialAction":[{"@type":"ReadAction","target":["https:\/\/www.pm.pb.gov.br\/portal\/2020\/06\/17\/policia-militar-frustra-ataques-a-bancos-que-bandidos-planejavam-promover-durante-a-madrugada-na-cidade-de-areia\/"]}]},{"@type":"BreadcrumbList","@id":"https:\/\/www.pm.pb.gov.br\/portal\/2020\/06\/17\/policia-militar-frustra-ataques-a-bancos-que-bandidos-planejavam-promover-durante-a-madrugada-na-cidade-de-areia\/#breadcrumb","itemListElement":[{"@type":"ListItem","position":1,"name":"In\u00edcio","item":"https:\/\/www.pm.pb.gov.br\/portal\/"},{"@type":"ListItem","position":2,"name":"Pol\u00edcia Militar frustra ataques a bancos e enfrenta quadrilha interestadual durante a madrugada na cidade de Areia"}]},{"@type":"WebSite","@id":"https:\/\/www.pm.pb.gov.br\/portal\/#website","url":"https:\/\/www.pm.pb.gov.br\/portal\/","name":"Pol\u00edcia Militar da Para\u00edba","description":"","publisher":{"@id":"https:\/\/www.pm.pb.gov.br\/portal\/#organization"},"potentialAction":[{"@type":"SearchAction","target":{"@type":"EntryPoint","urlTemplate":"https:\/\/www.pm.pb.gov.br\/portal\/?s={search_term_string}"},"query-input":"required name=search_term_string"}],"inLanguage":"pt-BR"},{"@type":"Organization","@id":"https:\/\/www.pm.pb.gov.br\/portal\/#organization","name":"Pol\u00edcia Militar da Para\u00edba","url":"https:\/\/www.pm.pb.gov.br\/portal\/","logo":{"@type":"ImageObject","inLanguage":"pt-BR","@id":"https:\/\/www.pm.pb.gov.br\/portal\/#\/schema\/logo\/image\/","url":"https:\/\/www.pm.pb.gov.br\/portal\/wp-content\/uploads\/2025\/03\/cropped-logo-site-mag2-1.png","contentUrl":"https:\/\/www.pm.pb.gov.br\/portal\/wp-content\/uploads\/2025\/03\/cropped-logo-site-mag2-1.png","width":320,"height":90,"caption":"Pol\u00edcia Militar da Para\u00edba"},"image":{"@id":"https:\/\/www.pm.pb.gov.br\/portal\/#\/schema\/logo\/image\/"}},{"@type":"Person","@id":"https:\/\/www.pm.pb.gov.br\/portal\/#\/schema\/person\/b169b297b8494dea236e315ed1a201d1","name":"WAGNER HENRIQUE VARELA DA SILVA","image":{"@type":"ImageObject","inLanguage":"pt-BR","@id":"https:\/\/www.pm.pb.gov.br\/portal\/#\/schema\/person\/image\/","url":"https:\/\/secure.gravatar.com\/avatar\/e08af53176a66730df5c0706c6c31fd6?s=96&d=mm&r=g","contentUrl":"https:\/\/secure.gravatar.com\/avatar\/e08af53176a66730df5c0706c6c31fd6?s=96&d=mm&r=g","caption":"WAGNER HENRIQUE VARELA DA SILVA"},"url":"https:\/\/www.pm.pb.gov.br\/portal\/author\/varela\/"}]}},"_links":{"self":[{"href":"https:\/\/www.pm.pb.gov.br\/portal\/wp-json\/wp\/v2\/posts\/905703"}],"collection":[{"href":"https:\/\/www.pm.pb.gov.br\/portal\/wp-json\/wp\/v2\/posts"}],"about":[{"href":"https:\/\/www.pm.pb.gov.br\/portal\/wp-json\/wp\/v2\/types\/post"}],"author":[{"embeddable":true,"href":"https:\/\/www.pm.pb.gov.br\/portal\/wp-json\/wp\/v2\/users\/10"}],"replies":[{"embeddable":true,"href":"https:\/\/www.pm.pb.gov.br\/portal\/wp-json\/wp\/v2\/comments?post=905703"}],"version-history":[{"count":6,"href":"https:\/\/www.pm.pb.gov.br\/portal\/wp-json\/wp\/v2\/posts\/905703\/revisions"}],"predecessor-version":[{"id":905718,"href":"https:\/\/www.pm.pb.gov.br\/portal\/wp-json\/wp\/v2\/posts\/905703\/revisions\/905718"}],"wp:featuredmedia":[{"embeddable":true,"href":"https:\/\/www.pm.pb.gov.br\/portal\/wp-json\/wp\/v2\/media\/905708"}],"wp:attachment":[{"href":"https:\/\/www.pm.pb.gov.br\/portal\/wp-json\/wp\/v2\/media?parent=905703"}],"wp:term":[{"taxonomy":"category","embeddable":true,"href":"https:\/\/www.pm.pb.gov.br\/portal\/wp-json\/wp\/v2\/categories?post=905703"},{"taxonomy":"post_tag","embeddable":true,"href":"https:\/\/www.pm.pb.gov.br\/portal\/wp-json\/wp\/v2\/tags?post=905703"}],"curies":[{"name":"wp","href":"https:\/\/api.w.org\/{rel}","templated":true}]}}