{"id":905661,"date":"2020-06-14T17:37:17","date_gmt":"2020-06-14T20:37:17","guid":{"rendered":"http:\/\/www.pm.pb.gov.br\/portal\/?p=905661"},"modified":"2020-06-14T17:37:19","modified_gmt":"2020-06-14T20:37:19","slug":"parceria-entre-o-ministerio-publico-da-paraiba-alpargatas-e-policia-militar-doa-2500-pares-de-calcados-em-comunidades-no-estado","status":"publish","type":"post","link":"https:\/\/www.pm.pb.gov.br\/portal\/2020\/06\/14\/parceria-entre-o-ministerio-publico-da-paraiba-alpargatas-e-policia-militar-doa-2500-pares-de-calcados-em-comunidades-no-estado\/","title":{"rendered":"Parceria entre o Minist\u00e9rio P\u00fablico da Para\u00edba, Alpargatas e Pol\u00edcia Militar doa 2500 pares de cal\u00e7ados em comunidades no estado"},"content":{"rendered":"<p>S\u00e3o em tempos de dificuldade que as grandes iniciativas e o esp\u00edrito de ajudar o pr\u00f3ximo falam mais alto, trazendo esperan\u00e7a a quem tanto precisa. Uma parceria entre o Minist\u00e9rio P\u00fablico da Para\u00edba, Pol\u00edcia Militar e a Alpargatas doou 2500 pares de cal\u00e7ados, entre t\u00eanis e chinelos, para serem entregues a meninos e meninas em diversas cidades da Para\u00edba.<\/p>\n<p>As doa\u00e7\u00f5es j\u00e1 come\u00e7aram a ser entregues nessa \u00faltima semana pelos pr\u00f3prios policiais militares, em pelo menos sete munic\u00edpios, alcan\u00e7ando fam\u00edlias de comunidades em Jo\u00e3o Pessoa, Bayeux, Campina Grande, Sousa, Pombal, Patos e S\u00e3o Bento (foto abaixo). Para o Comando da Pol\u00edcia Militar, a parceria entre as institui\u00e7\u00f5es \u00e9 fundamental, maximizando ainda mais a assist\u00eancia para aqueles que est\u00e3o em momento de dificuldade.<\/p>\n<p><img loading=\"lazy\" decoding=\"async\" class=\"wp-image-905663 aligncenter\" src=\"http:\/\/www.pm.pb.gov.br\/portal\/wp-content\/uploads\/2020\/06\/WhatsApp-Image-2020-06-10-at-08.29.46-593x445.jpeg\" alt=\"\" width=\"438\" height=\"329\" srcset=\"https:\/\/www.pm.pb.gov.br\/portal\/wp-content\/uploads\/2020\/06\/WhatsApp-Image-2020-06-10-at-08.29.46-593x445.jpeg 593w, https:\/\/www.pm.pb.gov.br\/portal\/wp-content\/uploads\/2020\/06\/WhatsApp-Image-2020-06-10-at-08.29.46-760x570.jpeg 760w, https:\/\/www.pm.pb.gov.br\/portal\/wp-content\/uploads\/2020\/06\/WhatsApp-Image-2020-06-10-at-08.29.46-768x576.jpeg 768w, https:\/\/www.pm.pb.gov.br\/portal\/wp-content\/uploads\/2020\/06\/WhatsApp-Image-2020-06-10-at-08.29.46.jpeg 1024w\" sizes=\"(max-width: 438px) 100vw, 438px\" \/><\/p>\n<p>Crian\u00e7as e adolescentes do bairro Mario Andreazza, em Bayeux, foram algumas das contempladas pela a\u00e7\u00e3o social nesse \u00faltimo s\u00e1bado (13), que entregou t\u00eanis e sand\u00e1lias. O lugar da entrega n\u00e3o poderia ser outro: a a\u00e7\u00e3o aconteceu na pr\u00f3pria sede da Unidade de Pol\u00edcia Solid\u00e1ria do bairro (foto abaixo), local em que meninos e meninas j\u00e1 s\u00e3o atendidos por diversos programas sociais oferecidos pela PM, e por organiza\u00e7\u00f5es n\u00e3o-governamentais.<\/p>\n<p><img loading=\"lazy\" decoding=\"async\" class=\"wp-image-905664 aligncenter\" src=\"http:\/\/www.pm.pb.gov.br\/portal\/wp-content\/uploads\/2020\/06\/WhatsApp-Image-2020-06-13-at-20.41.16-2-790x445.jpeg\" alt=\"\" width=\"491\" height=\"277\" srcset=\"https:\/\/www.pm.pb.gov.br\/portal\/wp-content\/uploads\/2020\/06\/WhatsApp-Image-2020-06-13-at-20.41.16-2-790x445.jpeg 790w, https:\/\/www.pm.pb.gov.br\/portal\/wp-content\/uploads\/2020\/06\/WhatsApp-Image-2020-06-13-at-20.41.16-2-1012x570.jpeg 1012w, https:\/\/www.pm.pb.gov.br\/portal\/wp-content\/uploads\/2020\/06\/WhatsApp-Image-2020-06-13-at-20.41.16-2-768x432.jpeg 768w, https:\/\/www.pm.pb.gov.br\/portal\/wp-content\/uploads\/2020\/06\/WhatsApp-Image-2020-06-13-at-20.41.16-2.jpeg 1032w\" sizes=\"(max-width: 491px) 100vw, 491px\" \/><\/p>\n<p>A corrente de solidariedade continua. Novas a\u00e7\u00f5es, que tamb\u00e9m beneficiam adultos com as doa\u00e7\u00f5es de cal\u00e7ados, est\u00e3o programadas para acontecerem nos pr\u00f3ximos dias, alcan\u00e7ando ainda mais fam\u00edlias de outras cidades na Para\u00edba.<\/p>\n<p><img loading=\"lazy\" decoding=\"async\" class=\"wp-image-905662 aligncenter\" src=\"http:\/\/www.pm.pb.gov.br\/portal\/wp-content\/uploads\/2020\/06\/doacao.jpeg\" alt=\"\" width=\"551\" height=\"307\" srcset=\"https:\/\/www.pm.pb.gov.br\/portal\/wp-content\/uploads\/2020\/06\/doacao.jpeg 800w, https:\/\/www.pm.pb.gov.br\/portal\/wp-content\/uploads\/2020\/06\/doacao-245x136.jpeg 245w, https:\/\/www.pm.pb.gov.br\/portal\/wp-content\/uploads\/2020\/06\/doacao-768x427.jpeg 768w\" sizes=\"(max-width: 551px) 100vw, 551px\" \/><\/p>\n","protected":false},"excerpt":{"rendered":"<p>S\u00e3o em tempos de dificuldade que as grandes iniciativas e o esp\u00edrito de ajudar o pr\u00f3ximo falam mais alto, trazendo<\/p>\n","protected":false},"author":12,"featured_media":905667,"comment_status":"closed","ping_status":"closed","sticky":false,"template":"","format":"standard","meta":{"_exactmetrics_skip_tracking":false,"_exactmetrics_sitenote_active":false,"_exactmetrics_sitenote_note":"","_exactmetrics_sitenote_category":0,"footnotes":""},"categories":[4],"tags":[],"yoast_head":"<!-- This site is optimized with the Yoast SEO plugin v22.0 - https:\/\/yoast.com\/wordpress\/plugins\/seo\/ -->\n<title>Parceria entre o Minist\u00e9rio P\u00fablico da Para\u00edba, Alpargatas e Pol\u00edcia Militar doa 2500 pares de cal\u00e7ados em comunidades no estado - Pol\u00edcia Militar da Para\u00edba<\/title>\n<meta name=\"robots\" content=\"index, follow, max-snippet:-1, max-image-preview:large, max-video-preview:-1\" \/>\n<link rel=\"canonical\" href=\"https:\/\/www.pm.pb.gov.br\/portal\/2020\/06\/14\/parceria-entre-o-ministerio-publico-da-paraiba-alpargatas-e-policia-militar-doa-2500-pares-de-calcados-em-comunidades-no-estado\/\" \/>\n<meta property=\"og:locale\" content=\"pt_BR\" \/>\n<meta property=\"og:type\" content=\"article\" \/>\n<meta property=\"og:title\" content=\"Parceria entre o Minist\u00e9rio P\u00fablico da Para\u00edba, Alpargatas e Pol\u00edcia Militar doa 2500 pares de cal\u00e7ados em comunidades no estado - Pol\u00edcia Militar da Para\u00edba\" \/>\n<meta property=\"og:description\" content=\"S\u00e3o em tempos de dificuldade que as grandes iniciativas e o esp\u00edrito de ajudar o pr\u00f3ximo falam mais alto, trazendo\" \/>\n<meta property=\"og:url\" content=\"https:\/\/www.pm.pb.gov.br\/portal\/2020\/06\/14\/parceria-entre-o-ministerio-publico-da-paraiba-alpargatas-e-policia-militar-doa-2500-pares-de-calcados-em-comunidades-no-estado\/\" \/>\n<meta property=\"og:site_name\" content=\"Pol\u00edcia Militar da Para\u00edba\" \/>\n<meta property=\"article:published_time\" content=\"2020-06-14T20:37:17+00:00\" \/>\n<meta property=\"article:modified_time\" content=\"2020-06-14T20:37:19+00:00\" \/>\n<meta property=\"og:image\" content=\"https:\/\/www.pm.pb.gov.br\/portal\/wp-content\/uploads\/2020\/06\/doacao1.jpeg\" \/>\n\t<meta property=\"og:image:width\" content=\"800\" \/>\n\t<meta property=\"og:image:height\" content=\"445\" \/>\n\t<meta property=\"og:image:type\" content=\"image\/jpeg\" \/>\n<meta name=\"author\" content=\"Tarcisio Oliveira\" \/>\n<meta name=\"twitter:card\" content=\"summary_large_image\" \/>\n<meta name=\"twitter:label1\" content=\"Escrito por\" \/>\n\t<meta name=\"twitter:data1\" content=\"Tarcisio Oliveira\" \/>\n\t<meta name=\"twitter:label2\" content=\"Est. tempo de leitura\" \/>\n\t<meta name=\"twitter:data2\" content=\"1 minuto\" \/>\n<script type=\"application\/ld+json\" class=\"yoast-schema-graph\">{\"@context\":\"https:\/\/schema.org\",\"@graph\":[{\"@type\":\"Article\",\"@id\":\"https:\/\/www.pm.pb.gov.br\/portal\/2020\/06\/14\/parceria-entre-o-ministerio-publico-da-paraiba-alpargatas-e-policia-militar-doa-2500-pares-de-calcados-em-comunidades-no-estado\/#article\",\"isPartOf\":{\"@id\":\"https:\/\/www.pm.pb.gov.br\/portal\/2020\/06\/14\/parceria-entre-o-ministerio-publico-da-paraiba-alpargatas-e-policia-militar-doa-2500-pares-de-calcados-em-comunidades-no-estado\/\"},\"author\":{\"name\":\"Tarcisio Oliveira\",\"@id\":\"https:\/\/www.pm.pb.gov.br\/portal\/#\/schema\/person\/f84f56dcc78ce4357054da888b8247fd\"},\"headline\":\"Parceria entre o Minist\u00e9rio P\u00fablico da Para\u00edba, Alpargatas e Pol\u00edcia Militar doa 2500 pares de cal\u00e7ados em comunidades no estado\",\"datePublished\":\"2020-06-14T20:37:17+00:00\",\"dateModified\":\"2020-06-14T20:37:19+00:00\",\"mainEntityOfPage\":{\"@id\":\"https:\/\/www.pm.pb.gov.br\/portal\/2020\/06\/14\/parceria-entre-o-ministerio-publico-da-paraiba-alpargatas-e-policia-militar-doa-2500-pares-de-calcados-em-comunidades-no-estado\/\"},\"wordCount\":288,\"publisher\":{\"@id\":\"https:\/\/www.pm.pb.gov.br\/portal\/#organization\"},\"articleSection\":[\"A\u00e7\u00f5es Policiais\"],\"inLanguage\":\"pt-BR\"},{\"@type\":\"WebPage\",\"@id\":\"https:\/\/www.pm.pb.gov.br\/portal\/2020\/06\/14\/parceria-entre-o-ministerio-publico-da-paraiba-alpargatas-e-policia-militar-doa-2500-pares-de-calcados-em-comunidades-no-estado\/\",\"url\":\"https:\/\/www.pm.pb.gov.br\/portal\/2020\/06\/14\/parceria-entre-o-ministerio-publico-da-paraiba-alpargatas-e-policia-militar-doa-2500-pares-de-calcados-em-comunidades-no-estado\/\",\"name\":\"Parceria entre o Minist\u00e9rio P\u00fablico da Para\u00edba, Alpargatas e Pol\u00edcia Militar doa 2500 pares de cal\u00e7ados em comunidades no estado - Pol\u00edcia Militar da Para\u00edba\",\"isPartOf\":{\"@id\":\"https:\/\/www.pm.pb.gov.br\/portal\/#website\"},\"datePublished\":\"2020-06-14T20:37:17+00:00\",\"dateModified\":\"2020-06-14T20:37:19+00:00\",\"breadcrumb\":{\"@id\":\"https:\/\/www.pm.pb.gov.br\/portal\/2020\/06\/14\/parceria-entre-o-ministerio-publico-da-paraiba-alpargatas-e-policia-militar-doa-2500-pares-de-calcados-em-comunidades-no-estado\/#breadcrumb\"},\"inLanguage\":\"pt-BR\",\"potentialAction\":[{\"@type\":\"ReadAction\",\"target\":[\"https:\/\/www.pm.pb.gov.br\/portal\/2020\/06\/14\/parceria-entre-o-ministerio-publico-da-paraiba-alpargatas-e-policia-militar-doa-2500-pares-de-calcados-em-comunidades-no-estado\/\"]}]},{\"@type\":\"BreadcrumbList\",\"@id\":\"https:\/\/www.pm.pb.gov.br\/portal\/2020\/06\/14\/parceria-entre-o-ministerio-publico-da-paraiba-alpargatas-e-policia-militar-doa-2500-pares-de-calcados-em-comunidades-no-estado\/#breadcrumb\",\"itemListElement\":[{\"@type\":\"ListItem\",\"position\":1,\"name\":\"In\u00edcio\",\"item\":\"https:\/\/www.pm.pb.gov.br\/portal\/\"},{\"@type\":\"ListItem\",\"position\":2,\"name\":\"Parceria entre o Minist\u00e9rio P\u00fablico da Para\u00edba, Alpargatas e Pol\u00edcia Militar doa 2500 pares de cal\u00e7ados em comunidades no estado\"}]},{\"@type\":\"WebSite\",\"@id\":\"https:\/\/www.pm.pb.gov.br\/portal\/#website\",\"url\":\"https:\/\/www.pm.pb.gov.br\/portal\/\",\"name\":\"Pol\u00edcia Militar da Para\u00edba\",\"description\":\"\",\"publisher\":{\"@id\":\"https:\/\/www.pm.pb.gov.br\/portal\/#organization\"},\"potentialAction\":[{\"@type\":\"SearchAction\",\"target\":{\"@type\":\"EntryPoint\",\"urlTemplate\":\"https:\/\/www.pm.pb.gov.br\/portal\/?s={search_term_string}\"},\"query-input\":\"required name=search_term_string\"}],\"inLanguage\":\"pt-BR\"},{\"@type\":\"Organization\",\"@id\":\"https:\/\/www.pm.pb.gov.br\/portal\/#organization\",\"name\":\"Pol\u00edcia Militar da Para\u00edba\",\"url\":\"https:\/\/www.pm.pb.gov.br\/portal\/\",\"logo\":{\"@type\":\"ImageObject\",\"inLanguage\":\"pt-BR\",\"@id\":\"https:\/\/www.pm.pb.gov.br\/portal\/#\/schema\/logo\/image\/\",\"url\":\"https:\/\/www.pm.pb.gov.br\/portal\/wp-content\/uploads\/2025\/03\/cropped-logo-site-mag2-1.png\",\"contentUrl\":\"https:\/\/www.pm.pb.gov.br\/portal\/wp-content\/uploads\/2025\/03\/cropped-logo-site-mag2-1.png\",\"width\":320,\"height\":90,\"caption\":\"Pol\u00edcia Militar da Para\u00edba\"},\"image\":{\"@id\":\"https:\/\/www.pm.pb.gov.br\/portal\/#\/schema\/logo\/image\/\"}},{\"@type\":\"Person\",\"@id\":\"https:\/\/www.pm.pb.gov.br\/portal\/#\/schema\/person\/f84f56dcc78ce4357054da888b8247fd\",\"name\":\"Tarcisio Oliveira\",\"image\":{\"@type\":\"ImageObject\",\"inLanguage\":\"pt-BR\",\"@id\":\"https:\/\/www.pm.pb.gov.br\/portal\/#\/schema\/person\/image\/\",\"url\":\"https:\/\/secure.gravatar.com\/avatar\/72917b630b69d31cd0297507f34bac97?s=96&d=mm&r=g\",\"contentUrl\":\"https:\/\/secure.gravatar.com\/avatar\/72917b630b69d31cd0297507f34bac97?s=96&d=mm&r=g\",\"caption\":\"Tarcisio Oliveira\"},\"url\":\"https:\/\/www.pm.pb.gov.br\/portal\/author\/tarcisio\/\"}]}<\/script>\n<!-- \/ Yoast SEO plugin. -->","yoast_head_json":{"title":"Parceria entre o Minist\u00e9rio P\u00fablico da Para\u00edba, Alpargatas e Pol\u00edcia Militar doa 2500 pares de cal\u00e7ados em comunidades no estado - Pol\u00edcia Militar da Para\u00edba","robots":{"index":"index","follow":"follow","max-snippet":"max-snippet:-1","max-image-preview":"max-image-preview:large","max-video-preview":"max-video-preview:-1"},"canonical":"https:\/\/www.pm.pb.gov.br\/portal\/2020\/06\/14\/parceria-entre-o-ministerio-publico-da-paraiba-alpargatas-e-policia-militar-doa-2500-pares-de-calcados-em-comunidades-no-estado\/","og_locale":"pt_BR","og_type":"article","og_title":"Parceria entre o Minist\u00e9rio P\u00fablico da Para\u00edba, Alpargatas e Pol\u00edcia Militar doa 2500 pares de cal\u00e7ados em comunidades no estado - Pol\u00edcia Militar da Para\u00edba","og_description":"S\u00e3o em tempos de dificuldade que as grandes iniciativas e o esp\u00edrito de ajudar o pr\u00f3ximo falam mais alto, trazendo","og_url":"https:\/\/www.pm.pb.gov.br\/portal\/2020\/06\/14\/parceria-entre-o-ministerio-publico-da-paraiba-alpargatas-e-policia-militar-doa-2500-pares-de-calcados-em-comunidades-no-estado\/","og_site_name":"Pol\u00edcia Militar da Para\u00edba","article_published_time":"2020-06-14T20:37:17+00:00","article_modified_time":"2020-06-14T20:37:19+00:00","og_image":[{"width":800,"height":445,"url":"https:\/\/www.pm.pb.gov.br\/portal\/wp-content\/uploads\/2020\/06\/doacao1.jpeg","type":"image\/jpeg"}],"author":"Tarcisio Oliveira","twitter_card":"summary_large_image","twitter_misc":{"Escrito por":"Tarcisio Oliveira","Est. tempo de leitura":"1 minuto"},"schema":{"@context":"https:\/\/schema.org","@graph":[{"@type":"Article","@id":"https:\/\/www.pm.pb.gov.br\/portal\/2020\/06\/14\/parceria-entre-o-ministerio-publico-da-paraiba-alpargatas-e-policia-militar-doa-2500-pares-de-calcados-em-comunidades-no-estado\/#article","isPartOf":{"@id":"https:\/\/www.pm.pb.gov.br\/portal\/2020\/06\/14\/parceria-entre-o-ministerio-publico-da-paraiba-alpargatas-e-policia-militar-doa-2500-pares-de-calcados-em-comunidades-no-estado\/"},"author":{"name":"Tarcisio Oliveira","@id":"https:\/\/www.pm.pb.gov.br\/portal\/#\/schema\/person\/f84f56dcc78ce4357054da888b8247fd"},"headline":"Parceria entre o Minist\u00e9rio P\u00fablico da Para\u00edba, Alpargatas e Pol\u00edcia Militar doa 2500 pares de cal\u00e7ados em comunidades no estado","datePublished":"2020-06-14T20:37:17+00:00","dateModified":"2020-06-14T20:37:19+00:00","mainEntityOfPage":{"@id":"https:\/\/www.pm.pb.gov.br\/portal\/2020\/06\/14\/parceria-entre-o-ministerio-publico-da-paraiba-alpargatas-e-policia-militar-doa-2500-pares-de-calcados-em-comunidades-no-estado\/"},"wordCount":288,"publisher":{"@id":"https:\/\/www.pm.pb.gov.br\/portal\/#organization"},"articleSection":["A\u00e7\u00f5es Policiais"],"inLanguage":"pt-BR"},{"@type":"WebPage","@id":"https:\/\/www.pm.pb.gov.br\/portal\/2020\/06\/14\/parceria-entre-o-ministerio-publico-da-paraiba-alpargatas-e-policia-militar-doa-2500-pares-de-calcados-em-comunidades-no-estado\/","url":"https:\/\/www.pm.pb.gov.br\/portal\/2020\/06\/14\/parceria-entre-o-ministerio-publico-da-paraiba-alpargatas-e-policia-militar-doa-2500-pares-de-calcados-em-comunidades-no-estado\/","name":"Parceria entre o Minist\u00e9rio P\u00fablico da Para\u00edba, Alpargatas e Pol\u00edcia Militar doa 2500 pares de cal\u00e7ados em comunidades no estado - Pol\u00edcia Militar da Para\u00edba","isPartOf":{"@id":"https:\/\/www.pm.pb.gov.br\/portal\/#website"},"datePublished":"2020-06-14T20:37:17+00:00","dateModified":"2020-06-14T20:37:19+00:00","breadcrumb":{"@id":"https:\/\/www.pm.pb.gov.br\/portal\/2020\/06\/14\/parceria-entre-o-ministerio-publico-da-paraiba-alpargatas-e-policia-militar-doa-2500-pares-de-calcados-em-comunidades-no-estado\/#breadcrumb"},"inLanguage":"pt-BR","potentialAction":[{"@type":"ReadAction","target":["https:\/\/www.pm.pb.gov.br\/portal\/2020\/06\/14\/parceria-entre-o-ministerio-publico-da-paraiba-alpargatas-e-policia-militar-doa-2500-pares-de-calcados-em-comunidades-no-estado\/"]}]},{"@type":"BreadcrumbList","@id":"https:\/\/www.pm.pb.gov.br\/portal\/2020\/06\/14\/parceria-entre-o-ministerio-publico-da-paraiba-alpargatas-e-policia-militar-doa-2500-pares-de-calcados-em-comunidades-no-estado\/#breadcrumb","itemListElement":[{"@type":"ListItem","position":1,"name":"In\u00edcio","item":"https:\/\/www.pm.pb.gov.br\/portal\/"},{"@type":"ListItem","position":2,"name":"Parceria entre o Minist\u00e9rio P\u00fablico da Para\u00edba, Alpargatas e Pol\u00edcia Militar doa 2500 pares de cal\u00e7ados em comunidades no estado"}]},{"@type":"WebSite","@id":"https:\/\/www.pm.pb.gov.br\/portal\/#website","url":"https:\/\/www.pm.pb.gov.br\/portal\/","name":"Pol\u00edcia Militar da Para\u00edba","description":"","publisher":{"@id":"https:\/\/www.pm.pb.gov.br\/portal\/#organization"},"potentialAction":[{"@type":"SearchAction","target":{"@type":"EntryPoint","urlTemplate":"https:\/\/www.pm.pb.gov.br\/portal\/?s={search_term_string}"},"query-input":"required name=search_term_string"}],"inLanguage":"pt-BR"},{"@type":"Organization","@id":"https:\/\/www.pm.pb.gov.br\/portal\/#organization","name":"Pol\u00edcia Militar da Para\u00edba","url":"https:\/\/www.pm.pb.gov.br\/portal\/","logo":{"@type":"ImageObject","inLanguage":"pt-BR","@id":"https:\/\/www.pm.pb.gov.br\/portal\/#\/schema\/logo\/image\/","url":"https:\/\/www.pm.pb.gov.br\/portal\/wp-content\/uploads\/2025\/03\/cropped-logo-site-mag2-1.png","contentUrl":"https:\/\/www.pm.pb.gov.br\/portal\/wp-content\/uploads\/2025\/03\/cropped-logo-site-mag2-1.png","width":320,"height":90,"caption":"Pol\u00edcia Militar da Para\u00edba"},"image":{"@id":"https:\/\/www.pm.pb.gov.br\/portal\/#\/schema\/logo\/image\/"}},{"@type":"Person","@id":"https:\/\/www.pm.pb.gov.br\/portal\/#\/schema\/person\/f84f56dcc78ce4357054da888b8247fd","name":"Tarcisio Oliveira","image":{"@type":"ImageObject","inLanguage":"pt-BR","@id":"https:\/\/www.pm.pb.gov.br\/portal\/#\/schema\/person\/image\/","url":"https:\/\/secure.gravatar.com\/avatar\/72917b630b69d31cd0297507f34bac97?s=96&d=mm&r=g","contentUrl":"https:\/\/secure.gravatar.com\/avatar\/72917b630b69d31cd0297507f34bac97?s=96&d=mm&r=g","caption":"Tarcisio Oliveira"},"url":"https:\/\/www.pm.pb.gov.br\/portal\/author\/tarcisio\/"}]}},"_links":{"self":[{"href":"https:\/\/www.pm.pb.gov.br\/portal\/wp-json\/wp\/v2\/posts\/905661"}],"collection":[{"href":"https:\/\/www.pm.pb.gov.br\/portal\/wp-json\/wp\/v2\/posts"}],"about":[{"href":"https:\/\/www.pm.pb.gov.br\/portal\/wp-json\/wp\/v2\/types\/post"}],"author":[{"embeddable":true,"href":"https:\/\/www.pm.pb.gov.br\/portal\/wp-json\/wp\/v2\/users\/12"}],"replies":[{"embeddable":true,"href":"https:\/\/www.pm.pb.gov.br\/portal\/wp-json\/wp\/v2\/comments?post=905661"}],"version-history":[{"count":2,"href":"https:\/\/www.pm.pb.gov.br\/portal\/wp-json\/wp\/v2\/posts\/905661\/revisions"}],"predecessor-version":[{"id":905668,"href":"https:\/\/www.pm.pb.gov.br\/portal\/wp-json\/wp\/v2\/posts\/905661\/revisions\/905668"}],"wp:featuredmedia":[{"embeddable":true,"href":"https:\/\/www.pm.pb.gov.br\/portal\/wp-json\/wp\/v2\/media\/905667"}],"wp:attachment":[{"href":"https:\/\/www.pm.pb.gov.br\/portal\/wp-json\/wp\/v2\/media?parent=905661"}],"wp:term":[{"taxonomy":"category","embeddable":true,"href":"https:\/\/www.pm.pb.gov.br\/portal\/wp-json\/wp\/v2\/categories?post=905661"},{"taxonomy":"post_tag","embeddable":true,"href":"https:\/\/www.pm.pb.gov.br\/portal\/wp-json\/wp\/v2\/tags?post=905661"}],"curies":[{"name":"wp","href":"https:\/\/api.w.org\/{rel}","templated":true}]}}