{"id":905658,"date":"2020-06-13T18:07:38","date_gmt":"2020-06-13T21:07:38","guid":{"rendered":"http:\/\/www.pm.pb.gov.br\/portal\/?p=905658"},"modified":"2020-06-13T18:07:40","modified_gmt":"2020-06-13T21:07:40","slug":"policia-militar-prende-suspeito-de-roubo-que-pode-estar-envolvido-em-homicidio-de-empresario-na-praia-do-bessa","status":"publish","type":"post","link":"https:\/\/www.pm.pb.gov.br\/portal\/2020\/06\/13\/policia-militar-prende-suspeito-de-roubo-que-pode-estar-envolvido-em-homicidio-de-empresario-na-praia-do-bessa\/","title":{"rendered":"Pol\u00edcia Militar prende suspeito de roubo que pode estar envolvido em homic\u00eddio de empres\u00e1rio na praia do Bessa"},"content":{"rendered":"<p>A Pol\u00edcia Militar prendeu, no come\u00e7o da tarde deste s\u00e1bado (13), um homem que vinha praticando v\u00e1rios assaltos nas praias do Po\u00e7o, Camboinha, e pr\u00f3ximo a Esta\u00e7\u00e3o do Trem, no munic\u00edpio de Cabedelo (foto acima ilustrativa). O suspeito tamb\u00e9m pode estar envolvido em um assassinato ocorrido na praia do Bessa, no final do ano passado, em Jo\u00e3o Pessoa, crime que teve grande repercuss\u00e3o.<\/p>\n<p>A pris\u00e3o do acusado, de 22 anos de idade, aconteceu ap\u00f3s policiais da For\u00e7a T\u00e1tica da 6\u00aa Companhia Independente serem informados que homens estariam em motocicletas cometendo crimes em Cabedelo.<\/p>\n<p>Durante as dilig\u00eancias, a PM chegou at\u00e9 o suspeito, que foi localizado no bairro de Camboinha I. Na abordagem e na verifica\u00e7\u00e3o do nome foi constatado que contra ele havia um mandado de pris\u00e3o pelo crime de roubo majorado.<\/p>\n<p>\u201cTamb\u00e9m temos informa\u00e7\u00f5es que ele pode estar envolvido no homic\u00eddio que vitimou um empres\u00e1rio no m\u00eas de dezembro do ano passado, na praia do Bessa, em Jo\u00e3o Pessoa, crime que teve bastante repercuss\u00e3o na \u00e9poca. Outros dois suspeitos j\u00e1 foram presos naquele m\u00eas pela Pol\u00edcia Civil, e este acusado agora seria o terceiro envolvido\u201d, explicou o major Kelton Pontes, comandante da 6\u00aa CIPM.<\/p>\n<p>O suspeito preso foi encaminhado para a Central de Flagrantes, onde a participa\u00e7\u00e3o dele no homic\u00eddio, e em outros crimes, ainda dever\u00e1 ser esclarecida pelas investiga\u00e7\u00f5es<\/p>\n","protected":false},"excerpt":{"rendered":"<p>A Pol\u00edcia Militar prendeu, no come\u00e7o da tarde deste s\u00e1bado (13), um homem que vinha praticando v\u00e1rios assaltos nas praias<\/p>\n","protected":false},"author":12,"featured_media":903434,"comment_status":"closed","ping_status":"closed","sticky":false,"template":"","format":"standard","meta":{"_exactmetrics_skip_tracking":false,"_exactmetrics_sitenote_active":false,"_exactmetrics_sitenote_note":"","_exactmetrics_sitenote_category":0,"footnotes":""},"categories":[4],"tags":[],"yoast_head":"<!-- This site is optimized with the Yoast SEO plugin v22.0 - https:\/\/yoast.com\/wordpress\/plugins\/seo\/ -->\n<title>Pol\u00edcia Militar prende suspeito de roubo que pode estar envolvido em homic\u00eddio de empres\u00e1rio na praia do Bessa - Pol\u00edcia Militar da Para\u00edba<\/title>\n<meta name=\"robots\" content=\"index, follow, max-snippet:-1, max-image-preview:large, max-video-preview:-1\" \/>\n<link rel=\"canonical\" href=\"https:\/\/www.pm.pb.gov.br\/portal\/2020\/06\/13\/policia-militar-prende-suspeito-de-roubo-que-pode-estar-envolvido-em-homicidio-de-empresario-na-praia-do-bessa\/\" \/>\n<meta property=\"og:locale\" content=\"pt_BR\" \/>\n<meta property=\"og:type\" content=\"article\" \/>\n<meta property=\"og:title\" content=\"Pol\u00edcia Militar prende suspeito de roubo que pode estar envolvido em homic\u00eddio de empres\u00e1rio na praia do Bessa - Pol\u00edcia Militar da Para\u00edba\" \/>\n<meta property=\"og:description\" content=\"A Pol\u00edcia Militar prendeu, no come\u00e7o da tarde deste s\u00e1bado (13), um homem que vinha praticando v\u00e1rios assaltos nas praias\" \/>\n<meta property=\"og:url\" content=\"https:\/\/www.pm.pb.gov.br\/portal\/2020\/06\/13\/policia-militar-prende-suspeito-de-roubo-que-pode-estar-envolvido-em-homicidio-de-empresario-na-praia-do-bessa\/\" \/>\n<meta property=\"og:site_name\" content=\"Pol\u00edcia Militar da Para\u00edba\" \/>\n<meta property=\"article:published_time\" content=\"2020-06-13T21:07:38+00:00\" \/>\n<meta property=\"article:modified_time\" content=\"2020-06-13T21:07:40+00:00\" \/>\n<meta property=\"og:image\" content=\"https:\/\/www.pm.pb.gov.br\/portal\/wp-content\/uploads\/2020\/01\/Ilustrativaintermares1.jpeg\" \/>\n\t<meta property=\"og:image:width\" content=\"800\" \/>\n\t<meta property=\"og:image:height\" content=\"445\" \/>\n\t<meta property=\"og:image:type\" content=\"image\/jpeg\" \/>\n<meta name=\"author\" content=\"Tarcisio Oliveira\" \/>\n<meta name=\"twitter:card\" content=\"summary_large_image\" \/>\n<meta name=\"twitter:label1\" content=\"Escrito por\" \/>\n\t<meta name=\"twitter:data1\" content=\"Tarcisio Oliveira\" \/>\n\t<meta name=\"twitter:label2\" content=\"Est. tempo de leitura\" \/>\n\t<meta name=\"twitter:data2\" content=\"1 minuto\" \/>\n<script type=\"application\/ld+json\" class=\"yoast-schema-graph\">{\"@context\":\"https:\/\/schema.org\",\"@graph\":[{\"@type\":\"Article\",\"@id\":\"https:\/\/www.pm.pb.gov.br\/portal\/2020\/06\/13\/policia-militar-prende-suspeito-de-roubo-que-pode-estar-envolvido-em-homicidio-de-empresario-na-praia-do-bessa\/#article\",\"isPartOf\":{\"@id\":\"https:\/\/www.pm.pb.gov.br\/portal\/2020\/06\/13\/policia-militar-prende-suspeito-de-roubo-que-pode-estar-envolvido-em-homicidio-de-empresario-na-praia-do-bessa\/\"},\"author\":{\"name\":\"Tarcisio Oliveira\",\"@id\":\"https:\/\/www.pm.pb.gov.br\/portal\/#\/schema\/person\/f84f56dcc78ce4357054da888b8247fd\"},\"headline\":\"Pol\u00edcia Militar prende suspeito de roubo que pode estar envolvido em homic\u00eddio de empres\u00e1rio na praia do Bessa\",\"datePublished\":\"2020-06-13T21:07:38+00:00\",\"dateModified\":\"2020-06-13T21:07:40+00:00\",\"mainEntityOfPage\":{\"@id\":\"https:\/\/www.pm.pb.gov.br\/portal\/2020\/06\/13\/policia-militar-prende-suspeito-de-roubo-que-pode-estar-envolvido-em-homicidio-de-empresario-na-praia-do-bessa\/\"},\"wordCount\":268,\"publisher\":{\"@id\":\"https:\/\/www.pm.pb.gov.br\/portal\/#organization\"},\"articleSection\":[\"A\u00e7\u00f5es Policiais\"],\"inLanguage\":\"pt-BR\"},{\"@type\":\"WebPage\",\"@id\":\"https:\/\/www.pm.pb.gov.br\/portal\/2020\/06\/13\/policia-militar-prende-suspeito-de-roubo-que-pode-estar-envolvido-em-homicidio-de-empresario-na-praia-do-bessa\/\",\"url\":\"https:\/\/www.pm.pb.gov.br\/portal\/2020\/06\/13\/policia-militar-prende-suspeito-de-roubo-que-pode-estar-envolvido-em-homicidio-de-empresario-na-praia-do-bessa\/\",\"name\":\"Pol\u00edcia Militar prende suspeito de roubo que pode estar envolvido em homic\u00eddio de empres\u00e1rio na praia do Bessa - Pol\u00edcia Militar da Para\u00edba\",\"isPartOf\":{\"@id\":\"https:\/\/www.pm.pb.gov.br\/portal\/#website\"},\"datePublished\":\"2020-06-13T21:07:38+00:00\",\"dateModified\":\"2020-06-13T21:07:40+00:00\",\"breadcrumb\":{\"@id\":\"https:\/\/www.pm.pb.gov.br\/portal\/2020\/06\/13\/policia-militar-prende-suspeito-de-roubo-que-pode-estar-envolvido-em-homicidio-de-empresario-na-praia-do-bessa\/#breadcrumb\"},\"inLanguage\":\"pt-BR\",\"potentialAction\":[{\"@type\":\"ReadAction\",\"target\":[\"https:\/\/www.pm.pb.gov.br\/portal\/2020\/06\/13\/policia-militar-prende-suspeito-de-roubo-que-pode-estar-envolvido-em-homicidio-de-empresario-na-praia-do-bessa\/\"]}]},{\"@type\":\"BreadcrumbList\",\"@id\":\"https:\/\/www.pm.pb.gov.br\/portal\/2020\/06\/13\/policia-militar-prende-suspeito-de-roubo-que-pode-estar-envolvido-em-homicidio-de-empresario-na-praia-do-bessa\/#breadcrumb\",\"itemListElement\":[{\"@type\":\"ListItem\",\"position\":1,\"name\":\"In\u00edcio\",\"item\":\"https:\/\/www.pm.pb.gov.br\/portal\/\"},{\"@type\":\"ListItem\",\"position\":2,\"name\":\"Pol\u00edcia Militar prende suspeito de roubo que pode estar envolvido em homic\u00eddio de empres\u00e1rio na praia do Bessa\"}]},{\"@type\":\"WebSite\",\"@id\":\"https:\/\/www.pm.pb.gov.br\/portal\/#website\",\"url\":\"https:\/\/www.pm.pb.gov.br\/portal\/\",\"name\":\"Pol\u00edcia Militar da Para\u00edba\",\"description\":\"\",\"publisher\":{\"@id\":\"https:\/\/www.pm.pb.gov.br\/portal\/#organization\"},\"potentialAction\":[{\"@type\":\"SearchAction\",\"target\":{\"@type\":\"EntryPoint\",\"urlTemplate\":\"https:\/\/www.pm.pb.gov.br\/portal\/?s={search_term_string}\"},\"query-input\":\"required name=search_term_string\"}],\"inLanguage\":\"pt-BR\"},{\"@type\":\"Organization\",\"@id\":\"https:\/\/www.pm.pb.gov.br\/portal\/#organization\",\"name\":\"Pol\u00edcia Militar da Para\u00edba\",\"url\":\"https:\/\/www.pm.pb.gov.br\/portal\/\",\"logo\":{\"@type\":\"ImageObject\",\"inLanguage\":\"pt-BR\",\"@id\":\"https:\/\/www.pm.pb.gov.br\/portal\/#\/schema\/logo\/image\/\",\"url\":\"https:\/\/www.pm.pb.gov.br\/portal\/wp-content\/uploads\/2025\/03\/cropped-logo-site-mag2-1.png\",\"contentUrl\":\"https:\/\/www.pm.pb.gov.br\/portal\/wp-content\/uploads\/2025\/03\/cropped-logo-site-mag2-1.png\",\"width\":320,\"height\":90,\"caption\":\"Pol\u00edcia Militar da Para\u00edba\"},\"image\":{\"@id\":\"https:\/\/www.pm.pb.gov.br\/portal\/#\/schema\/logo\/image\/\"}},{\"@type\":\"Person\",\"@id\":\"https:\/\/www.pm.pb.gov.br\/portal\/#\/schema\/person\/f84f56dcc78ce4357054da888b8247fd\",\"name\":\"Tarcisio Oliveira\",\"image\":{\"@type\":\"ImageObject\",\"inLanguage\":\"pt-BR\",\"@id\":\"https:\/\/www.pm.pb.gov.br\/portal\/#\/schema\/person\/image\/\",\"url\":\"https:\/\/secure.gravatar.com\/avatar\/72917b630b69d31cd0297507f34bac97?s=96&d=mm&r=g\",\"contentUrl\":\"https:\/\/secure.gravatar.com\/avatar\/72917b630b69d31cd0297507f34bac97?s=96&d=mm&r=g\",\"caption\":\"Tarcisio Oliveira\"},\"url\":\"https:\/\/www.pm.pb.gov.br\/portal\/author\/tarcisio\/\"}]}<\/script>\n<!-- \/ Yoast SEO plugin. -->","yoast_head_json":{"title":"Pol\u00edcia Militar prende suspeito de roubo que pode estar envolvido em homic\u00eddio de empres\u00e1rio na praia do Bessa - Pol\u00edcia Militar da Para\u00edba","robots":{"index":"index","follow":"follow","max-snippet":"max-snippet:-1","max-image-preview":"max-image-preview:large","max-video-preview":"max-video-preview:-1"},"canonical":"https:\/\/www.pm.pb.gov.br\/portal\/2020\/06\/13\/policia-militar-prende-suspeito-de-roubo-que-pode-estar-envolvido-em-homicidio-de-empresario-na-praia-do-bessa\/","og_locale":"pt_BR","og_type":"article","og_title":"Pol\u00edcia Militar prende suspeito de roubo que pode estar envolvido em homic\u00eddio de empres\u00e1rio na praia do Bessa - Pol\u00edcia Militar da Para\u00edba","og_description":"A Pol\u00edcia Militar prendeu, no come\u00e7o da tarde deste s\u00e1bado (13), um homem que vinha praticando v\u00e1rios assaltos nas praias","og_url":"https:\/\/www.pm.pb.gov.br\/portal\/2020\/06\/13\/policia-militar-prende-suspeito-de-roubo-que-pode-estar-envolvido-em-homicidio-de-empresario-na-praia-do-bessa\/","og_site_name":"Pol\u00edcia Militar da Para\u00edba","article_published_time":"2020-06-13T21:07:38+00:00","article_modified_time":"2020-06-13T21:07:40+00:00","og_image":[{"width":800,"height":445,"url":"https:\/\/www.pm.pb.gov.br\/portal\/wp-content\/uploads\/2020\/01\/Ilustrativaintermares1.jpeg","type":"image\/jpeg"}],"author":"Tarcisio Oliveira","twitter_card":"summary_large_image","twitter_misc":{"Escrito por":"Tarcisio Oliveira","Est. tempo de leitura":"1 minuto"},"schema":{"@context":"https:\/\/schema.org","@graph":[{"@type":"Article","@id":"https:\/\/www.pm.pb.gov.br\/portal\/2020\/06\/13\/policia-militar-prende-suspeito-de-roubo-que-pode-estar-envolvido-em-homicidio-de-empresario-na-praia-do-bessa\/#article","isPartOf":{"@id":"https:\/\/www.pm.pb.gov.br\/portal\/2020\/06\/13\/policia-militar-prende-suspeito-de-roubo-que-pode-estar-envolvido-em-homicidio-de-empresario-na-praia-do-bessa\/"},"author":{"name":"Tarcisio Oliveira","@id":"https:\/\/www.pm.pb.gov.br\/portal\/#\/schema\/person\/f84f56dcc78ce4357054da888b8247fd"},"headline":"Pol\u00edcia Militar prende suspeito de roubo que pode estar envolvido em homic\u00eddio de empres\u00e1rio na praia do Bessa","datePublished":"2020-06-13T21:07:38+00:00","dateModified":"2020-06-13T21:07:40+00:00","mainEntityOfPage":{"@id":"https:\/\/www.pm.pb.gov.br\/portal\/2020\/06\/13\/policia-militar-prende-suspeito-de-roubo-que-pode-estar-envolvido-em-homicidio-de-empresario-na-praia-do-bessa\/"},"wordCount":268,"publisher":{"@id":"https:\/\/www.pm.pb.gov.br\/portal\/#organization"},"articleSection":["A\u00e7\u00f5es Policiais"],"inLanguage":"pt-BR"},{"@type":"WebPage","@id":"https:\/\/www.pm.pb.gov.br\/portal\/2020\/06\/13\/policia-militar-prende-suspeito-de-roubo-que-pode-estar-envolvido-em-homicidio-de-empresario-na-praia-do-bessa\/","url":"https:\/\/www.pm.pb.gov.br\/portal\/2020\/06\/13\/policia-militar-prende-suspeito-de-roubo-que-pode-estar-envolvido-em-homicidio-de-empresario-na-praia-do-bessa\/","name":"Pol\u00edcia Militar prende suspeito de roubo que pode estar envolvido em homic\u00eddio de empres\u00e1rio na praia do Bessa - Pol\u00edcia Militar da Para\u00edba","isPartOf":{"@id":"https:\/\/www.pm.pb.gov.br\/portal\/#website"},"datePublished":"2020-06-13T21:07:38+00:00","dateModified":"2020-06-13T21:07:40+00:00","breadcrumb":{"@id":"https:\/\/www.pm.pb.gov.br\/portal\/2020\/06\/13\/policia-militar-prende-suspeito-de-roubo-que-pode-estar-envolvido-em-homicidio-de-empresario-na-praia-do-bessa\/#breadcrumb"},"inLanguage":"pt-BR","potentialAction":[{"@type":"ReadAction","target":["https:\/\/www.pm.pb.gov.br\/portal\/2020\/06\/13\/policia-militar-prende-suspeito-de-roubo-que-pode-estar-envolvido-em-homicidio-de-empresario-na-praia-do-bessa\/"]}]},{"@type":"BreadcrumbList","@id":"https:\/\/www.pm.pb.gov.br\/portal\/2020\/06\/13\/policia-militar-prende-suspeito-de-roubo-que-pode-estar-envolvido-em-homicidio-de-empresario-na-praia-do-bessa\/#breadcrumb","itemListElement":[{"@type":"ListItem","position":1,"name":"In\u00edcio","item":"https:\/\/www.pm.pb.gov.br\/portal\/"},{"@type":"ListItem","position":2,"name":"Pol\u00edcia Militar prende suspeito de roubo que pode estar envolvido em homic\u00eddio de empres\u00e1rio na praia do Bessa"}]},{"@type":"WebSite","@id":"https:\/\/www.pm.pb.gov.br\/portal\/#website","url":"https:\/\/www.pm.pb.gov.br\/portal\/","name":"Pol\u00edcia Militar da Para\u00edba","description":"","publisher":{"@id":"https:\/\/www.pm.pb.gov.br\/portal\/#organization"},"potentialAction":[{"@type":"SearchAction","target":{"@type":"EntryPoint","urlTemplate":"https:\/\/www.pm.pb.gov.br\/portal\/?s={search_term_string}"},"query-input":"required name=search_term_string"}],"inLanguage":"pt-BR"},{"@type":"Organization","@id":"https:\/\/www.pm.pb.gov.br\/portal\/#organization","name":"Pol\u00edcia Militar da Para\u00edba","url":"https:\/\/www.pm.pb.gov.br\/portal\/","logo":{"@type":"ImageObject","inLanguage":"pt-BR","@id":"https:\/\/www.pm.pb.gov.br\/portal\/#\/schema\/logo\/image\/","url":"https:\/\/www.pm.pb.gov.br\/portal\/wp-content\/uploads\/2025\/03\/cropped-logo-site-mag2-1.png","contentUrl":"https:\/\/www.pm.pb.gov.br\/portal\/wp-content\/uploads\/2025\/03\/cropped-logo-site-mag2-1.png","width":320,"height":90,"caption":"Pol\u00edcia Militar da Para\u00edba"},"image":{"@id":"https:\/\/www.pm.pb.gov.br\/portal\/#\/schema\/logo\/image\/"}},{"@type":"Person","@id":"https:\/\/www.pm.pb.gov.br\/portal\/#\/schema\/person\/f84f56dcc78ce4357054da888b8247fd","name":"Tarcisio Oliveira","image":{"@type":"ImageObject","inLanguage":"pt-BR","@id":"https:\/\/www.pm.pb.gov.br\/portal\/#\/schema\/person\/image\/","url":"https:\/\/secure.gravatar.com\/avatar\/72917b630b69d31cd0297507f34bac97?s=96&d=mm&r=g","contentUrl":"https:\/\/secure.gravatar.com\/avatar\/72917b630b69d31cd0297507f34bac97?s=96&d=mm&r=g","caption":"Tarcisio Oliveira"},"url":"https:\/\/www.pm.pb.gov.br\/portal\/author\/tarcisio\/"}]}},"_links":{"self":[{"href":"https:\/\/www.pm.pb.gov.br\/portal\/wp-json\/wp\/v2\/posts\/905658"}],"collection":[{"href":"https:\/\/www.pm.pb.gov.br\/portal\/wp-json\/wp\/v2\/posts"}],"about":[{"href":"https:\/\/www.pm.pb.gov.br\/portal\/wp-json\/wp\/v2\/types\/post"}],"author":[{"embeddable":true,"href":"https:\/\/www.pm.pb.gov.br\/portal\/wp-json\/wp\/v2\/users\/12"}],"replies":[{"embeddable":true,"href":"https:\/\/www.pm.pb.gov.br\/portal\/wp-json\/wp\/v2\/comments?post=905658"}],"version-history":[{"count":2,"href":"https:\/\/www.pm.pb.gov.br\/portal\/wp-json\/wp\/v2\/posts\/905658\/revisions"}],"predecessor-version":[{"id":905660,"href":"https:\/\/www.pm.pb.gov.br\/portal\/wp-json\/wp\/v2\/posts\/905658\/revisions\/905660"}],"wp:featuredmedia":[{"embeddable":true,"href":"https:\/\/www.pm.pb.gov.br\/portal\/wp-json\/wp\/v2\/media\/903434"}],"wp:attachment":[{"href":"https:\/\/www.pm.pb.gov.br\/portal\/wp-json\/wp\/v2\/media?parent=905658"}],"wp:term":[{"taxonomy":"category","embeddable":true,"href":"https:\/\/www.pm.pb.gov.br\/portal\/wp-json\/wp\/v2\/categories?post=905658"},{"taxonomy":"post_tag","embeddable":true,"href":"https:\/\/www.pm.pb.gov.br\/portal\/wp-json\/wp\/v2\/tags?post=905658"}],"curies":[{"name":"wp","href":"https:\/\/api.w.org\/{rel}","templated":true}]}}