{"id":905432,"date":"2020-05-31T13:23:14","date_gmt":"2020-05-31T16:23:14","guid":{"rendered":"http:\/\/www.pm.pb.gov.br\/portal\/?p=905432"},"modified":"2020-05-31T13:23:15","modified_gmt":"2020-05-31T16:23:15","slug":"policia-militar-desarticula-ponto-de-trafico-apreende-quase-30-tabletes-de-drogas-e-captura-foragido-da-justica","status":"publish","type":"post","link":"https:\/\/www.pm.pb.gov.br\/portal\/2020\/05\/31\/policia-militar-desarticula-ponto-de-trafico-apreende-quase-30-tabletes-de-drogas-e-captura-foragido-da-justica\/","title":{"rendered":"Pol\u00edcia Militar desarticula ponto de tr\u00e1fico, apreende quase 30 tabletes de drogas e captura foragido da Justi\u00e7a"},"content":{"rendered":"\n<p>A Pol\u00edcia Militar desarticulou mais um ponto de tr\u00e1fico e apreendeu 29 tabletes de drogas, nesse s\u00e1bado (30), na zona sul de Jo\u00e3o Pessoa, durante a Opera\u00e7\u00e3o Cidade Segura. Os entorpecentes podem pesar cerca de 30 quilos. Um suspeito que estava foragido do sistema prisional foi preso.<\/p>\n<p>A a\u00e7\u00e3o foi realizada pelos policiais da Companhia de Choque, do Batalh\u00e3o de Opera\u00e7\u00f5es Especiais (Bope) que estavam atuando no bairro de Mangabeira. \u201cFomos informados de um poss\u00edvel local de tr\u00e1fico, com um fluxo intenso e suspeito de pessoas, em uma regi\u00e3o da comunidade do Iraque. Nas dilig\u00eancias, os suspeitos que estavam em uma casa perceberam nossa chegada na \u00e1rea e fugiram, mas um deles foi detido\u201d, explicou o tenente Cassiano, do Choque, que esteve \u00e0 frente da a\u00e7\u00e3o.<br \/><br \/>Na casa, os policiais encontraram 29 tabletes de subst\u00e2ncia com as caracter\u00edsticas da maconha e uma quantidade de coca\u00edna, al\u00e9m de balan\u00e7a de precis\u00e3o, e dinheiro, provavelmente do tr\u00e1fico. Segundo os policiais, o suspeito detido no local confessou que \u00e9 foragido do sistema prisional onde cumpria pena pelo crime de tr\u00e1fico de drogas, e contra ele h\u00e1 tamb\u00e9m um mandado em aberto pelo mesmo crime. Ele tem 23 anos de idade.<br \/><br \/>Todo o material e o acusado foram conduzidos para a Central de Flagrantes. A a\u00e7\u00e3o dos policiais do Bope aconteceu durante a Opera\u00e7\u00e3o Cidade Segura, que tem intensificado o policiamento em todo o estado.<br \/>\u00a0<\/p>\n","protected":false},"excerpt":{"rendered":"<p>A Pol\u00edcia Militar desarticulou mais um ponto de tr\u00e1fico e apreendeu 29 tabletes de drogas, nesse s\u00e1bado (30), na zona<\/p>\n","protected":false},"author":15,"featured_media":905433,"comment_status":"closed","ping_status":"closed","sticky":false,"template":"","format":"standard","meta":{"_exactmetrics_skip_tracking":false,"_exactmetrics_sitenote_active":false,"_exactmetrics_sitenote_note":"","_exactmetrics_sitenote_category":0,"footnotes":""},"categories":[4],"tags":[],"yoast_head":"<!-- This site is optimized with the Yoast SEO plugin v22.0 - https:\/\/yoast.com\/wordpress\/plugins\/seo\/ -->\n<title>Pol\u00edcia Militar desarticula ponto de tr\u00e1fico, apreende quase 30 tabletes de drogas e captura foragido da Justi\u00e7a - Pol\u00edcia Militar da Para\u00edba<\/title>\n<meta name=\"robots\" content=\"index, follow, max-snippet:-1, max-image-preview:large, max-video-preview:-1\" \/>\n<link rel=\"canonical\" href=\"https:\/\/www.pm.pb.gov.br\/portal\/2020\/05\/31\/policia-militar-desarticula-ponto-de-trafico-apreende-quase-30-tabletes-de-drogas-e-captura-foragido-da-justica\/\" \/>\n<meta property=\"og:locale\" content=\"pt_BR\" \/>\n<meta property=\"og:type\" content=\"article\" \/>\n<meta property=\"og:title\" content=\"Pol\u00edcia Militar desarticula ponto de tr\u00e1fico, apreende quase 30 tabletes de drogas e captura foragido da Justi\u00e7a - Pol\u00edcia Militar da Para\u00edba\" \/>\n<meta property=\"og:description\" content=\"A Pol\u00edcia Militar desarticulou mais um ponto de tr\u00e1fico e apreendeu 29 tabletes de drogas, nesse s\u00e1bado (30), na zona\" \/>\n<meta property=\"og:url\" content=\"https:\/\/www.pm.pb.gov.br\/portal\/2020\/05\/31\/policia-militar-desarticula-ponto-de-trafico-apreende-quase-30-tabletes-de-drogas-e-captura-foragido-da-justica\/\" \/>\n<meta property=\"og:site_name\" content=\"Pol\u00edcia Militar da Para\u00edba\" \/>\n<meta property=\"article:published_time\" content=\"2020-05-31T16:23:14+00:00\" \/>\n<meta property=\"article:modified_time\" content=\"2020-05-31T16:23:15+00:00\" \/>\n<meta property=\"og:image\" content=\"https:\/\/www.pm.pb.gov.br\/portal\/wp-content\/uploads\/2020\/05\/WhatsApp-Image-2020-05-30-at-18.08.10-1.jpeg\" \/>\n\t<meta property=\"og:image:width\" content=\"1158\" \/>\n\t<meta property=\"og:image:height\" content=\"869\" \/>\n\t<meta property=\"og:image:type\" content=\"image\/jpeg\" \/>\n<meta name=\"author\" content=\"Marcio Gomes dos Santos\" \/>\n<meta name=\"twitter:card\" content=\"summary_large_image\" \/>\n<meta name=\"twitter:label1\" content=\"Escrito por\" \/>\n\t<meta name=\"twitter:data1\" content=\"Marcio Gomes dos Santos\" \/>\n\t<meta name=\"twitter:label2\" content=\"Est. tempo de leitura\" \/>\n\t<meta name=\"twitter:data2\" content=\"1 minuto\" \/>\n<script type=\"application\/ld+json\" class=\"yoast-schema-graph\">{\"@context\":\"https:\/\/schema.org\",\"@graph\":[{\"@type\":\"Article\",\"@id\":\"https:\/\/www.pm.pb.gov.br\/portal\/2020\/05\/31\/policia-militar-desarticula-ponto-de-trafico-apreende-quase-30-tabletes-de-drogas-e-captura-foragido-da-justica\/#article\",\"isPartOf\":{\"@id\":\"https:\/\/www.pm.pb.gov.br\/portal\/2020\/05\/31\/policia-militar-desarticula-ponto-de-trafico-apreende-quase-30-tabletes-de-drogas-e-captura-foragido-da-justica\/\"},\"author\":{\"name\":\"Marcio Gomes dos Santos\",\"@id\":\"https:\/\/www.pm.pb.gov.br\/portal\/#\/schema\/person\/30d571652b38533c2211e4e89bf5a502\"},\"headline\":\"Pol\u00edcia Militar desarticula ponto de tr\u00e1fico, apreende quase 30 tabletes de drogas e captura foragido da Justi\u00e7a\",\"datePublished\":\"2020-05-31T16:23:14+00:00\",\"dateModified\":\"2020-05-31T16:23:15+00:00\",\"mainEntityOfPage\":{\"@id\":\"https:\/\/www.pm.pb.gov.br\/portal\/2020\/05\/31\/policia-militar-desarticula-ponto-de-trafico-apreende-quase-30-tabletes-de-drogas-e-captura-foragido-da-justica\/\"},\"wordCount\":267,\"publisher\":{\"@id\":\"https:\/\/www.pm.pb.gov.br\/portal\/#organization\"},\"articleSection\":[\"A\u00e7\u00f5es Policiais\"],\"inLanguage\":\"pt-BR\"},{\"@type\":\"WebPage\",\"@id\":\"https:\/\/www.pm.pb.gov.br\/portal\/2020\/05\/31\/policia-militar-desarticula-ponto-de-trafico-apreende-quase-30-tabletes-de-drogas-e-captura-foragido-da-justica\/\",\"url\":\"https:\/\/www.pm.pb.gov.br\/portal\/2020\/05\/31\/policia-militar-desarticula-ponto-de-trafico-apreende-quase-30-tabletes-de-drogas-e-captura-foragido-da-justica\/\",\"name\":\"Pol\u00edcia Militar desarticula ponto de tr\u00e1fico, apreende quase 30 tabletes de drogas e captura foragido da Justi\u00e7a - Pol\u00edcia Militar da Para\u00edba\",\"isPartOf\":{\"@id\":\"https:\/\/www.pm.pb.gov.br\/portal\/#website\"},\"datePublished\":\"2020-05-31T16:23:14+00:00\",\"dateModified\":\"2020-05-31T16:23:15+00:00\",\"breadcrumb\":{\"@id\":\"https:\/\/www.pm.pb.gov.br\/portal\/2020\/05\/31\/policia-militar-desarticula-ponto-de-trafico-apreende-quase-30-tabletes-de-drogas-e-captura-foragido-da-justica\/#breadcrumb\"},\"inLanguage\":\"pt-BR\",\"potentialAction\":[{\"@type\":\"ReadAction\",\"target\":[\"https:\/\/www.pm.pb.gov.br\/portal\/2020\/05\/31\/policia-militar-desarticula-ponto-de-trafico-apreende-quase-30-tabletes-de-drogas-e-captura-foragido-da-justica\/\"]}]},{\"@type\":\"BreadcrumbList\",\"@id\":\"https:\/\/www.pm.pb.gov.br\/portal\/2020\/05\/31\/policia-militar-desarticula-ponto-de-trafico-apreende-quase-30-tabletes-de-drogas-e-captura-foragido-da-justica\/#breadcrumb\",\"itemListElement\":[{\"@type\":\"ListItem\",\"position\":1,\"name\":\"In\u00edcio\",\"item\":\"https:\/\/www.pm.pb.gov.br\/portal\/\"},{\"@type\":\"ListItem\",\"position\":2,\"name\":\"Pol\u00edcia Militar desarticula ponto de tr\u00e1fico, apreende quase 30 tabletes de drogas e captura foragido da Justi\u00e7a\"}]},{\"@type\":\"WebSite\",\"@id\":\"https:\/\/www.pm.pb.gov.br\/portal\/#website\",\"url\":\"https:\/\/www.pm.pb.gov.br\/portal\/\",\"name\":\"Pol\u00edcia Militar da Para\u00edba\",\"description\":\"\",\"publisher\":{\"@id\":\"https:\/\/www.pm.pb.gov.br\/portal\/#organization\"},\"potentialAction\":[{\"@type\":\"SearchAction\",\"target\":{\"@type\":\"EntryPoint\",\"urlTemplate\":\"https:\/\/www.pm.pb.gov.br\/portal\/?s={search_term_string}\"},\"query-input\":\"required name=search_term_string\"}],\"inLanguage\":\"pt-BR\"},{\"@type\":\"Organization\",\"@id\":\"https:\/\/www.pm.pb.gov.br\/portal\/#organization\",\"name\":\"Pol\u00edcia Militar da Para\u00edba\",\"url\":\"https:\/\/www.pm.pb.gov.br\/portal\/\",\"logo\":{\"@type\":\"ImageObject\",\"inLanguage\":\"pt-BR\",\"@id\":\"https:\/\/www.pm.pb.gov.br\/portal\/#\/schema\/logo\/image\/\",\"url\":\"https:\/\/www.pm.pb.gov.br\/portal\/wp-content\/uploads\/2025\/03\/cropped-logo-site-mag2-1.png\",\"contentUrl\":\"https:\/\/www.pm.pb.gov.br\/portal\/wp-content\/uploads\/2025\/03\/cropped-logo-site-mag2-1.png\",\"width\":320,\"height\":90,\"caption\":\"Pol\u00edcia Militar da Para\u00edba\"},\"image\":{\"@id\":\"https:\/\/www.pm.pb.gov.br\/portal\/#\/schema\/logo\/image\/\"}},{\"@type\":\"Person\",\"@id\":\"https:\/\/www.pm.pb.gov.br\/portal\/#\/schema\/person\/30d571652b38533c2211e4e89bf5a502\",\"name\":\"Marcio Gomes dos Santos\",\"image\":{\"@type\":\"ImageObject\",\"inLanguage\":\"pt-BR\",\"@id\":\"https:\/\/www.pm.pb.gov.br\/portal\/#\/schema\/person\/image\/\",\"url\":\"https:\/\/secure.gravatar.com\/avatar\/cf4ec2cb690101e1581c7773aa350c19?s=96&d=mm&r=g\",\"contentUrl\":\"https:\/\/secure.gravatar.com\/avatar\/cf4ec2cb690101e1581c7773aa350c19?s=96&d=mm&r=g\",\"caption\":\"Marcio Gomes dos Santos\"},\"url\":\"https:\/\/www.pm.pb.gov.br\/portal\/author\/mgomes\/\"}]}<\/script>\n<!-- \/ Yoast SEO plugin. -->","yoast_head_json":{"title":"Pol\u00edcia Militar desarticula ponto de tr\u00e1fico, apreende quase 30 tabletes de drogas e captura foragido da Justi\u00e7a - Pol\u00edcia Militar da Para\u00edba","robots":{"index":"index","follow":"follow","max-snippet":"max-snippet:-1","max-image-preview":"max-image-preview:large","max-video-preview":"max-video-preview:-1"},"canonical":"https:\/\/www.pm.pb.gov.br\/portal\/2020\/05\/31\/policia-militar-desarticula-ponto-de-trafico-apreende-quase-30-tabletes-de-drogas-e-captura-foragido-da-justica\/","og_locale":"pt_BR","og_type":"article","og_title":"Pol\u00edcia Militar desarticula ponto de tr\u00e1fico, apreende quase 30 tabletes de drogas e captura foragido da Justi\u00e7a - Pol\u00edcia Militar da Para\u00edba","og_description":"A Pol\u00edcia Militar desarticulou mais um ponto de tr\u00e1fico e apreendeu 29 tabletes de drogas, nesse s\u00e1bado (30), na zona","og_url":"https:\/\/www.pm.pb.gov.br\/portal\/2020\/05\/31\/policia-militar-desarticula-ponto-de-trafico-apreende-quase-30-tabletes-de-drogas-e-captura-foragido-da-justica\/","og_site_name":"Pol\u00edcia Militar da Para\u00edba","article_published_time":"2020-05-31T16:23:14+00:00","article_modified_time":"2020-05-31T16:23:15+00:00","og_image":[{"width":1158,"height":869,"url":"https:\/\/www.pm.pb.gov.br\/portal\/wp-content\/uploads\/2020\/05\/WhatsApp-Image-2020-05-30-at-18.08.10-1.jpeg","type":"image\/jpeg"}],"author":"Marcio Gomes dos Santos","twitter_card":"summary_large_image","twitter_misc":{"Escrito por":"Marcio Gomes dos Santos","Est. tempo de leitura":"1 minuto"},"schema":{"@context":"https:\/\/schema.org","@graph":[{"@type":"Article","@id":"https:\/\/www.pm.pb.gov.br\/portal\/2020\/05\/31\/policia-militar-desarticula-ponto-de-trafico-apreende-quase-30-tabletes-de-drogas-e-captura-foragido-da-justica\/#article","isPartOf":{"@id":"https:\/\/www.pm.pb.gov.br\/portal\/2020\/05\/31\/policia-militar-desarticula-ponto-de-trafico-apreende-quase-30-tabletes-de-drogas-e-captura-foragido-da-justica\/"},"author":{"name":"Marcio Gomes dos Santos","@id":"https:\/\/www.pm.pb.gov.br\/portal\/#\/schema\/person\/30d571652b38533c2211e4e89bf5a502"},"headline":"Pol\u00edcia Militar desarticula ponto de tr\u00e1fico, apreende quase 30 tabletes de drogas e captura foragido da Justi\u00e7a","datePublished":"2020-05-31T16:23:14+00:00","dateModified":"2020-05-31T16:23:15+00:00","mainEntityOfPage":{"@id":"https:\/\/www.pm.pb.gov.br\/portal\/2020\/05\/31\/policia-militar-desarticula-ponto-de-trafico-apreende-quase-30-tabletes-de-drogas-e-captura-foragido-da-justica\/"},"wordCount":267,"publisher":{"@id":"https:\/\/www.pm.pb.gov.br\/portal\/#organization"},"articleSection":["A\u00e7\u00f5es Policiais"],"inLanguage":"pt-BR"},{"@type":"WebPage","@id":"https:\/\/www.pm.pb.gov.br\/portal\/2020\/05\/31\/policia-militar-desarticula-ponto-de-trafico-apreende-quase-30-tabletes-de-drogas-e-captura-foragido-da-justica\/","url":"https:\/\/www.pm.pb.gov.br\/portal\/2020\/05\/31\/policia-militar-desarticula-ponto-de-trafico-apreende-quase-30-tabletes-de-drogas-e-captura-foragido-da-justica\/","name":"Pol\u00edcia Militar desarticula ponto de tr\u00e1fico, apreende quase 30 tabletes de drogas e captura foragido da Justi\u00e7a - Pol\u00edcia Militar da Para\u00edba","isPartOf":{"@id":"https:\/\/www.pm.pb.gov.br\/portal\/#website"},"datePublished":"2020-05-31T16:23:14+00:00","dateModified":"2020-05-31T16:23:15+00:00","breadcrumb":{"@id":"https:\/\/www.pm.pb.gov.br\/portal\/2020\/05\/31\/policia-militar-desarticula-ponto-de-trafico-apreende-quase-30-tabletes-de-drogas-e-captura-foragido-da-justica\/#breadcrumb"},"inLanguage":"pt-BR","potentialAction":[{"@type":"ReadAction","target":["https:\/\/www.pm.pb.gov.br\/portal\/2020\/05\/31\/policia-militar-desarticula-ponto-de-trafico-apreende-quase-30-tabletes-de-drogas-e-captura-foragido-da-justica\/"]}]},{"@type":"BreadcrumbList","@id":"https:\/\/www.pm.pb.gov.br\/portal\/2020\/05\/31\/policia-militar-desarticula-ponto-de-trafico-apreende-quase-30-tabletes-de-drogas-e-captura-foragido-da-justica\/#breadcrumb","itemListElement":[{"@type":"ListItem","position":1,"name":"In\u00edcio","item":"https:\/\/www.pm.pb.gov.br\/portal\/"},{"@type":"ListItem","position":2,"name":"Pol\u00edcia Militar desarticula ponto de tr\u00e1fico, apreende quase 30 tabletes de drogas e captura foragido da Justi\u00e7a"}]},{"@type":"WebSite","@id":"https:\/\/www.pm.pb.gov.br\/portal\/#website","url":"https:\/\/www.pm.pb.gov.br\/portal\/","name":"Pol\u00edcia Militar da Para\u00edba","description":"","publisher":{"@id":"https:\/\/www.pm.pb.gov.br\/portal\/#organization"},"potentialAction":[{"@type":"SearchAction","target":{"@type":"EntryPoint","urlTemplate":"https:\/\/www.pm.pb.gov.br\/portal\/?s={search_term_string}"},"query-input":"required name=search_term_string"}],"inLanguage":"pt-BR"},{"@type":"Organization","@id":"https:\/\/www.pm.pb.gov.br\/portal\/#organization","name":"Pol\u00edcia Militar da Para\u00edba","url":"https:\/\/www.pm.pb.gov.br\/portal\/","logo":{"@type":"ImageObject","inLanguage":"pt-BR","@id":"https:\/\/www.pm.pb.gov.br\/portal\/#\/schema\/logo\/image\/","url":"https:\/\/www.pm.pb.gov.br\/portal\/wp-content\/uploads\/2025\/03\/cropped-logo-site-mag2-1.png","contentUrl":"https:\/\/www.pm.pb.gov.br\/portal\/wp-content\/uploads\/2025\/03\/cropped-logo-site-mag2-1.png","width":320,"height":90,"caption":"Pol\u00edcia Militar da Para\u00edba"},"image":{"@id":"https:\/\/www.pm.pb.gov.br\/portal\/#\/schema\/logo\/image\/"}},{"@type":"Person","@id":"https:\/\/www.pm.pb.gov.br\/portal\/#\/schema\/person\/30d571652b38533c2211e4e89bf5a502","name":"Marcio Gomes dos Santos","image":{"@type":"ImageObject","inLanguage":"pt-BR","@id":"https:\/\/www.pm.pb.gov.br\/portal\/#\/schema\/person\/image\/","url":"https:\/\/secure.gravatar.com\/avatar\/cf4ec2cb690101e1581c7773aa350c19?s=96&d=mm&r=g","contentUrl":"https:\/\/secure.gravatar.com\/avatar\/cf4ec2cb690101e1581c7773aa350c19?s=96&d=mm&r=g","caption":"Marcio Gomes dos Santos"},"url":"https:\/\/www.pm.pb.gov.br\/portal\/author\/mgomes\/"}]}},"_links":{"self":[{"href":"https:\/\/www.pm.pb.gov.br\/portal\/wp-json\/wp\/v2\/posts\/905432"}],"collection":[{"href":"https:\/\/www.pm.pb.gov.br\/portal\/wp-json\/wp\/v2\/posts"}],"about":[{"href":"https:\/\/www.pm.pb.gov.br\/portal\/wp-json\/wp\/v2\/types\/post"}],"author":[{"embeddable":true,"href":"https:\/\/www.pm.pb.gov.br\/portal\/wp-json\/wp\/v2\/users\/15"}],"replies":[{"embeddable":true,"href":"https:\/\/www.pm.pb.gov.br\/portal\/wp-json\/wp\/v2\/comments?post=905432"}],"version-history":[{"count":1,"href":"https:\/\/www.pm.pb.gov.br\/portal\/wp-json\/wp\/v2\/posts\/905432\/revisions"}],"predecessor-version":[{"id":905434,"href":"https:\/\/www.pm.pb.gov.br\/portal\/wp-json\/wp\/v2\/posts\/905432\/revisions\/905434"}],"wp:featuredmedia":[{"embeddable":true,"href":"https:\/\/www.pm.pb.gov.br\/portal\/wp-json\/wp\/v2\/media\/905433"}],"wp:attachment":[{"href":"https:\/\/www.pm.pb.gov.br\/portal\/wp-json\/wp\/v2\/media?parent=905432"}],"wp:term":[{"taxonomy":"category","embeddable":true,"href":"https:\/\/www.pm.pb.gov.br\/portal\/wp-json\/wp\/v2\/categories?post=905432"},{"taxonomy":"post_tag","embeddable":true,"href":"https:\/\/www.pm.pb.gov.br\/portal\/wp-json\/wp\/v2\/tags?post=905432"}],"curies":[{"name":"wp","href":"https:\/\/api.w.org\/{rel}","templated":true}]}}