{"id":905427,"date":"2020-05-31T13:00:17","date_gmt":"2020-05-31T16:00:17","guid":{"rendered":"http:\/\/www.pm.pb.gov.br\/portal\/?p=905427"},"modified":"2020-05-31T13:01:50","modified_gmt":"2020-05-31T16:01:50","slug":"policia-militar-prende-suspeitos-apreende-armas-de-fogo-e-drogas-na-operacao-cidade-segura","status":"publish","type":"post","link":"https:\/\/www.pm.pb.gov.br\/portal\/2020\/05\/31\/policia-militar-prende-suspeitos-apreende-armas-de-fogo-e-drogas-na-operacao-cidade-segura\/","title":{"rendered":"Pol\u00edcia Militar prende suspeitos, apreende armas de fogo e drogas na Opera\u00e7\u00e3o Cidade Segura"},"content":{"rendered":"\n<p>Tr\u00eas armas de fogo e drogas foram apreendidas, nesse s\u00e1bado, durante as a\u00e7\u00f5es da Opera\u00e7\u00e3o Cidade Segura, realizada pela Pol\u00edcia Militar na regi\u00e3o metropolitana de Jo\u00e3o Pessoa. As a\u00e7\u00f5es ainda efetuaram duas pris\u00f5es, nas cidades de Cruz do Espirito Santo e Jo\u00e3o Pessoa.<br \/><br \/>Na cidade de Cruz do Espirito Santo, os policiais estavam realizando rondas na zona rural, quando um suspeito tentou fugir entrando em sua resid\u00eancia. Ele disse aos policias que fugiu porque estava com uma arma de fogo. Durante as buscas, os policiais apreenderam dois rev\u00f3lveres, um calibre 32 com seis muni\u00e7\u00f5es e um rev\u00f3lver calibre 38 com seis muni\u00e7\u00f5es, al\u00e9m de tr\u00eas trouxinhas de maconha, oito de coca\u00edna e dinheiro. Ao consultar o nome do suspeito, foi identificado que ele responde pelo crime de homic\u00eddio qualificado.<br \/><br \/>O suspeito foi detido e conduzido juntamente com o material apreendido para a Central de Flagrantes.<br \/><br \/>Em Jo\u00e3o Pessoa, os policiais da Ronda Ostensiva T\u00e1tica com Apoio de Motocicletas (Rotam) realizavam uma incurs\u00e3o na rua Bartira, no bairro do Rangel, quando procederam uma abordagem em v\u00e1rios suspeitos. Durante a revista, um deles foi preso com uma arma de fogo. Com ele foi apreendido um rev\u00f3lver calibre 38, 12 muni\u00e7\u00f5es calibre 38, 144 papelotes de maconha e dinheiro.<br \/>O suspeito e o material apreendido foram encaminhados para a Central de Pol\u00edcia, no Geisel.<br \/>\u00a0<\/p>\n\n\n\n<figure class=\"wp-block-image size-large is-resized\"><img loading=\"lazy\" decoding=\"async\" src=\"http:\/\/www.pm.pb.gov.br\/portal\/wp-content\/uploads\/2020\/05\/arma-rotam-760x570.jpeg\" alt=\"\" class=\"wp-image-905428\" width=\"371\" height=\"278\" srcset=\"https:\/\/www.pm.pb.gov.br\/portal\/wp-content\/uploads\/2020\/05\/arma-rotam-760x570.jpeg 760w, https:\/\/www.pm.pb.gov.br\/portal\/wp-content\/uploads\/2020\/05\/arma-rotam-593x445.jpeg 593w, https:\/\/www.pm.pb.gov.br\/portal\/wp-content\/uploads\/2020\/05\/arma-rotam-768x576.jpeg 768w, https:\/\/www.pm.pb.gov.br\/portal\/wp-content\/uploads\/2020\/05\/arma-rotam.jpeg 1158w\" sizes=\"(max-width: 371px) 100vw, 371px\" \/><\/figure>\n","protected":false},"excerpt":{"rendered":"<p>Tr\u00eas armas de fogo e drogas foram apreendidas, nesse s\u00e1bado, durante as a\u00e7\u00f5es da Opera\u00e7\u00e3o Cidade Segura, realizada pela Pol\u00edcia<\/p>\n","protected":false},"author":15,"featured_media":905429,"comment_status":"closed","ping_status":"closed","sticky":false,"template":"","format":"standard","meta":{"_exactmetrics_skip_tracking":false,"_exactmetrics_sitenote_active":false,"_exactmetrics_sitenote_note":"","_exactmetrics_sitenote_category":0,"footnotes":""},"categories":[4],"tags":[],"yoast_head":"<!-- This site is optimized with the Yoast SEO plugin v22.0 - https:\/\/yoast.com\/wordpress\/plugins\/seo\/ -->\n<title>Pol\u00edcia Militar prende suspeitos, apreende armas de fogo e drogas na Opera\u00e7\u00e3o Cidade Segura - Pol\u00edcia Militar da Para\u00edba<\/title>\n<meta name=\"robots\" content=\"index, follow, max-snippet:-1, max-image-preview:large, max-video-preview:-1\" \/>\n<link rel=\"canonical\" href=\"https:\/\/www.pm.pb.gov.br\/portal\/2020\/05\/31\/policia-militar-prende-suspeitos-apreende-armas-de-fogo-e-drogas-na-operacao-cidade-segura\/\" \/>\n<meta property=\"og:locale\" content=\"pt_BR\" \/>\n<meta property=\"og:type\" content=\"article\" \/>\n<meta property=\"og:title\" content=\"Pol\u00edcia Militar prende suspeitos, apreende armas de fogo e drogas na Opera\u00e7\u00e3o Cidade Segura - Pol\u00edcia Militar da Para\u00edba\" \/>\n<meta property=\"og:description\" content=\"Tr\u00eas armas de fogo e drogas foram apreendidas, nesse s\u00e1bado, durante as a\u00e7\u00f5es da Opera\u00e7\u00e3o Cidade Segura, realizada pela Pol\u00edcia\" \/>\n<meta property=\"og:url\" content=\"https:\/\/www.pm.pb.gov.br\/portal\/2020\/05\/31\/policia-militar-prende-suspeitos-apreende-armas-de-fogo-e-drogas-na-operacao-cidade-segura\/\" \/>\n<meta property=\"og:site_name\" content=\"Pol\u00edcia Militar da Para\u00edba\" \/>\n<meta property=\"article:published_time\" content=\"2020-05-31T16:00:17+00:00\" \/>\n<meta property=\"article:modified_time\" content=\"2020-05-31T16:01:50+00:00\" \/>\n<meta property=\"og:image\" content=\"https:\/\/www.pm.pb.gov.br\/portal\/wp-content\/uploads\/2020\/05\/armas-cruz-espirito-santo.jpeg\" \/>\n\t<meta property=\"og:image:width\" content=\"1280\" \/>\n\t<meta property=\"og:image:height\" content=\"1062\" \/>\n\t<meta property=\"og:image:type\" content=\"image\/jpeg\" \/>\n<meta name=\"author\" content=\"Marcio Gomes dos Santos\" \/>\n<meta name=\"twitter:card\" content=\"summary_large_image\" \/>\n<meta name=\"twitter:label1\" content=\"Escrito por\" \/>\n\t<meta name=\"twitter:data1\" content=\"Marcio Gomes dos Santos\" \/>\n\t<meta name=\"twitter:label2\" content=\"Est. tempo de leitura\" \/>\n\t<meta name=\"twitter:data2\" content=\"1 minuto\" \/>\n<script type=\"application\/ld+json\" class=\"yoast-schema-graph\">{\"@context\":\"https:\/\/schema.org\",\"@graph\":[{\"@type\":\"Article\",\"@id\":\"https:\/\/www.pm.pb.gov.br\/portal\/2020\/05\/31\/policia-militar-prende-suspeitos-apreende-armas-de-fogo-e-drogas-na-operacao-cidade-segura\/#article\",\"isPartOf\":{\"@id\":\"https:\/\/www.pm.pb.gov.br\/portal\/2020\/05\/31\/policia-militar-prende-suspeitos-apreende-armas-de-fogo-e-drogas-na-operacao-cidade-segura\/\"},\"author\":{\"name\":\"Marcio Gomes dos Santos\",\"@id\":\"https:\/\/www.pm.pb.gov.br\/portal\/#\/schema\/person\/30d571652b38533c2211e4e89bf5a502\"},\"headline\":\"Pol\u00edcia Militar prende suspeitos, apreende armas de fogo e drogas na Opera\u00e7\u00e3o Cidade Segura\",\"datePublished\":\"2020-05-31T16:00:17+00:00\",\"dateModified\":\"2020-05-31T16:01:50+00:00\",\"mainEntityOfPage\":{\"@id\":\"https:\/\/www.pm.pb.gov.br\/portal\/2020\/05\/31\/policia-militar-prende-suspeitos-apreende-armas-de-fogo-e-drogas-na-operacao-cidade-segura\/\"},\"wordCount\":257,\"publisher\":{\"@id\":\"https:\/\/www.pm.pb.gov.br\/portal\/#organization\"},\"articleSection\":[\"A\u00e7\u00f5es Policiais\"],\"inLanguage\":\"pt-BR\"},{\"@type\":\"WebPage\",\"@id\":\"https:\/\/www.pm.pb.gov.br\/portal\/2020\/05\/31\/policia-militar-prende-suspeitos-apreende-armas-de-fogo-e-drogas-na-operacao-cidade-segura\/\",\"url\":\"https:\/\/www.pm.pb.gov.br\/portal\/2020\/05\/31\/policia-militar-prende-suspeitos-apreende-armas-de-fogo-e-drogas-na-operacao-cidade-segura\/\",\"name\":\"Pol\u00edcia Militar prende suspeitos, apreende armas de fogo e drogas na Opera\u00e7\u00e3o Cidade Segura - Pol\u00edcia Militar da Para\u00edba\",\"isPartOf\":{\"@id\":\"https:\/\/www.pm.pb.gov.br\/portal\/#website\"},\"datePublished\":\"2020-05-31T16:00:17+00:00\",\"dateModified\":\"2020-05-31T16:01:50+00:00\",\"breadcrumb\":{\"@id\":\"https:\/\/www.pm.pb.gov.br\/portal\/2020\/05\/31\/policia-militar-prende-suspeitos-apreende-armas-de-fogo-e-drogas-na-operacao-cidade-segura\/#breadcrumb\"},\"inLanguage\":\"pt-BR\",\"potentialAction\":[{\"@type\":\"ReadAction\",\"target\":[\"https:\/\/www.pm.pb.gov.br\/portal\/2020\/05\/31\/policia-militar-prende-suspeitos-apreende-armas-de-fogo-e-drogas-na-operacao-cidade-segura\/\"]}]},{\"@type\":\"BreadcrumbList\",\"@id\":\"https:\/\/www.pm.pb.gov.br\/portal\/2020\/05\/31\/policia-militar-prende-suspeitos-apreende-armas-de-fogo-e-drogas-na-operacao-cidade-segura\/#breadcrumb\",\"itemListElement\":[{\"@type\":\"ListItem\",\"position\":1,\"name\":\"In\u00edcio\",\"item\":\"https:\/\/www.pm.pb.gov.br\/portal\/\"},{\"@type\":\"ListItem\",\"position\":2,\"name\":\"Pol\u00edcia Militar prende suspeitos, apreende armas de fogo e drogas na Opera\u00e7\u00e3o Cidade Segura\"}]},{\"@type\":\"WebSite\",\"@id\":\"https:\/\/www.pm.pb.gov.br\/portal\/#website\",\"url\":\"https:\/\/www.pm.pb.gov.br\/portal\/\",\"name\":\"Pol\u00edcia Militar da Para\u00edba\",\"description\":\"\",\"publisher\":{\"@id\":\"https:\/\/www.pm.pb.gov.br\/portal\/#organization\"},\"potentialAction\":[{\"@type\":\"SearchAction\",\"target\":{\"@type\":\"EntryPoint\",\"urlTemplate\":\"https:\/\/www.pm.pb.gov.br\/portal\/?s={search_term_string}\"},\"query-input\":\"required name=search_term_string\"}],\"inLanguage\":\"pt-BR\"},{\"@type\":\"Organization\",\"@id\":\"https:\/\/www.pm.pb.gov.br\/portal\/#organization\",\"name\":\"Pol\u00edcia Militar da Para\u00edba\",\"url\":\"https:\/\/www.pm.pb.gov.br\/portal\/\",\"logo\":{\"@type\":\"ImageObject\",\"inLanguage\":\"pt-BR\",\"@id\":\"https:\/\/www.pm.pb.gov.br\/portal\/#\/schema\/logo\/image\/\",\"url\":\"https:\/\/www.pm.pb.gov.br\/portal\/wp-content\/uploads\/2025\/03\/cropped-logo-site-mag2-1.png\",\"contentUrl\":\"https:\/\/www.pm.pb.gov.br\/portal\/wp-content\/uploads\/2025\/03\/cropped-logo-site-mag2-1.png\",\"width\":320,\"height\":90,\"caption\":\"Pol\u00edcia Militar da Para\u00edba\"},\"image\":{\"@id\":\"https:\/\/www.pm.pb.gov.br\/portal\/#\/schema\/logo\/image\/\"}},{\"@type\":\"Person\",\"@id\":\"https:\/\/www.pm.pb.gov.br\/portal\/#\/schema\/person\/30d571652b38533c2211e4e89bf5a502\",\"name\":\"Marcio Gomes dos Santos\",\"image\":{\"@type\":\"ImageObject\",\"inLanguage\":\"pt-BR\",\"@id\":\"https:\/\/www.pm.pb.gov.br\/portal\/#\/schema\/person\/image\/\",\"url\":\"https:\/\/secure.gravatar.com\/avatar\/cf4ec2cb690101e1581c7773aa350c19?s=96&d=mm&r=g\",\"contentUrl\":\"https:\/\/secure.gravatar.com\/avatar\/cf4ec2cb690101e1581c7773aa350c19?s=96&d=mm&r=g\",\"caption\":\"Marcio Gomes dos Santos\"},\"url\":\"https:\/\/www.pm.pb.gov.br\/portal\/author\/mgomes\/\"}]}<\/script>\n<!-- \/ Yoast SEO plugin. -->","yoast_head_json":{"title":"Pol\u00edcia Militar prende suspeitos, apreende armas de fogo e drogas na Opera\u00e7\u00e3o Cidade Segura - Pol\u00edcia Militar da Para\u00edba","robots":{"index":"index","follow":"follow","max-snippet":"max-snippet:-1","max-image-preview":"max-image-preview:large","max-video-preview":"max-video-preview:-1"},"canonical":"https:\/\/www.pm.pb.gov.br\/portal\/2020\/05\/31\/policia-militar-prende-suspeitos-apreende-armas-de-fogo-e-drogas-na-operacao-cidade-segura\/","og_locale":"pt_BR","og_type":"article","og_title":"Pol\u00edcia Militar prende suspeitos, apreende armas de fogo e drogas na Opera\u00e7\u00e3o Cidade Segura - Pol\u00edcia Militar da Para\u00edba","og_description":"Tr\u00eas armas de fogo e drogas foram apreendidas, nesse s\u00e1bado, durante as a\u00e7\u00f5es da Opera\u00e7\u00e3o Cidade Segura, realizada pela Pol\u00edcia","og_url":"https:\/\/www.pm.pb.gov.br\/portal\/2020\/05\/31\/policia-militar-prende-suspeitos-apreende-armas-de-fogo-e-drogas-na-operacao-cidade-segura\/","og_site_name":"Pol\u00edcia Militar da Para\u00edba","article_published_time":"2020-05-31T16:00:17+00:00","article_modified_time":"2020-05-31T16:01:50+00:00","og_image":[{"width":1280,"height":1062,"url":"https:\/\/www.pm.pb.gov.br\/portal\/wp-content\/uploads\/2020\/05\/armas-cruz-espirito-santo.jpeg","type":"image\/jpeg"}],"author":"Marcio Gomes dos Santos","twitter_card":"summary_large_image","twitter_misc":{"Escrito por":"Marcio Gomes dos Santos","Est. tempo de leitura":"1 minuto"},"schema":{"@context":"https:\/\/schema.org","@graph":[{"@type":"Article","@id":"https:\/\/www.pm.pb.gov.br\/portal\/2020\/05\/31\/policia-militar-prende-suspeitos-apreende-armas-de-fogo-e-drogas-na-operacao-cidade-segura\/#article","isPartOf":{"@id":"https:\/\/www.pm.pb.gov.br\/portal\/2020\/05\/31\/policia-militar-prende-suspeitos-apreende-armas-de-fogo-e-drogas-na-operacao-cidade-segura\/"},"author":{"name":"Marcio Gomes dos Santos","@id":"https:\/\/www.pm.pb.gov.br\/portal\/#\/schema\/person\/30d571652b38533c2211e4e89bf5a502"},"headline":"Pol\u00edcia Militar prende suspeitos, apreende armas de fogo e drogas na Opera\u00e7\u00e3o Cidade Segura","datePublished":"2020-05-31T16:00:17+00:00","dateModified":"2020-05-31T16:01:50+00:00","mainEntityOfPage":{"@id":"https:\/\/www.pm.pb.gov.br\/portal\/2020\/05\/31\/policia-militar-prende-suspeitos-apreende-armas-de-fogo-e-drogas-na-operacao-cidade-segura\/"},"wordCount":257,"publisher":{"@id":"https:\/\/www.pm.pb.gov.br\/portal\/#organization"},"articleSection":["A\u00e7\u00f5es Policiais"],"inLanguage":"pt-BR"},{"@type":"WebPage","@id":"https:\/\/www.pm.pb.gov.br\/portal\/2020\/05\/31\/policia-militar-prende-suspeitos-apreende-armas-de-fogo-e-drogas-na-operacao-cidade-segura\/","url":"https:\/\/www.pm.pb.gov.br\/portal\/2020\/05\/31\/policia-militar-prende-suspeitos-apreende-armas-de-fogo-e-drogas-na-operacao-cidade-segura\/","name":"Pol\u00edcia Militar prende suspeitos, apreende armas de fogo e drogas na Opera\u00e7\u00e3o Cidade Segura - Pol\u00edcia Militar da Para\u00edba","isPartOf":{"@id":"https:\/\/www.pm.pb.gov.br\/portal\/#website"},"datePublished":"2020-05-31T16:00:17+00:00","dateModified":"2020-05-31T16:01:50+00:00","breadcrumb":{"@id":"https:\/\/www.pm.pb.gov.br\/portal\/2020\/05\/31\/policia-militar-prende-suspeitos-apreende-armas-de-fogo-e-drogas-na-operacao-cidade-segura\/#breadcrumb"},"inLanguage":"pt-BR","potentialAction":[{"@type":"ReadAction","target":["https:\/\/www.pm.pb.gov.br\/portal\/2020\/05\/31\/policia-militar-prende-suspeitos-apreende-armas-de-fogo-e-drogas-na-operacao-cidade-segura\/"]}]},{"@type":"BreadcrumbList","@id":"https:\/\/www.pm.pb.gov.br\/portal\/2020\/05\/31\/policia-militar-prende-suspeitos-apreende-armas-de-fogo-e-drogas-na-operacao-cidade-segura\/#breadcrumb","itemListElement":[{"@type":"ListItem","position":1,"name":"In\u00edcio","item":"https:\/\/www.pm.pb.gov.br\/portal\/"},{"@type":"ListItem","position":2,"name":"Pol\u00edcia Militar prende suspeitos, apreende armas de fogo e drogas na Opera\u00e7\u00e3o Cidade Segura"}]},{"@type":"WebSite","@id":"https:\/\/www.pm.pb.gov.br\/portal\/#website","url":"https:\/\/www.pm.pb.gov.br\/portal\/","name":"Pol\u00edcia Militar da Para\u00edba","description":"","publisher":{"@id":"https:\/\/www.pm.pb.gov.br\/portal\/#organization"},"potentialAction":[{"@type":"SearchAction","target":{"@type":"EntryPoint","urlTemplate":"https:\/\/www.pm.pb.gov.br\/portal\/?s={search_term_string}"},"query-input":"required name=search_term_string"}],"inLanguage":"pt-BR"},{"@type":"Organization","@id":"https:\/\/www.pm.pb.gov.br\/portal\/#organization","name":"Pol\u00edcia Militar da Para\u00edba","url":"https:\/\/www.pm.pb.gov.br\/portal\/","logo":{"@type":"ImageObject","inLanguage":"pt-BR","@id":"https:\/\/www.pm.pb.gov.br\/portal\/#\/schema\/logo\/image\/","url":"https:\/\/www.pm.pb.gov.br\/portal\/wp-content\/uploads\/2025\/03\/cropped-logo-site-mag2-1.png","contentUrl":"https:\/\/www.pm.pb.gov.br\/portal\/wp-content\/uploads\/2025\/03\/cropped-logo-site-mag2-1.png","width":320,"height":90,"caption":"Pol\u00edcia Militar da Para\u00edba"},"image":{"@id":"https:\/\/www.pm.pb.gov.br\/portal\/#\/schema\/logo\/image\/"}},{"@type":"Person","@id":"https:\/\/www.pm.pb.gov.br\/portal\/#\/schema\/person\/30d571652b38533c2211e4e89bf5a502","name":"Marcio Gomes dos Santos","image":{"@type":"ImageObject","inLanguage":"pt-BR","@id":"https:\/\/www.pm.pb.gov.br\/portal\/#\/schema\/person\/image\/","url":"https:\/\/secure.gravatar.com\/avatar\/cf4ec2cb690101e1581c7773aa350c19?s=96&d=mm&r=g","contentUrl":"https:\/\/secure.gravatar.com\/avatar\/cf4ec2cb690101e1581c7773aa350c19?s=96&d=mm&r=g","caption":"Marcio Gomes dos Santos"},"url":"https:\/\/www.pm.pb.gov.br\/portal\/author\/mgomes\/"}]}},"_links":{"self":[{"href":"https:\/\/www.pm.pb.gov.br\/portal\/wp-json\/wp\/v2\/posts\/905427"}],"collection":[{"href":"https:\/\/www.pm.pb.gov.br\/portal\/wp-json\/wp\/v2\/posts"}],"about":[{"href":"https:\/\/www.pm.pb.gov.br\/portal\/wp-json\/wp\/v2\/types\/post"}],"author":[{"embeddable":true,"href":"https:\/\/www.pm.pb.gov.br\/portal\/wp-json\/wp\/v2\/users\/15"}],"replies":[{"embeddable":true,"href":"https:\/\/www.pm.pb.gov.br\/portal\/wp-json\/wp\/v2\/comments?post=905427"}],"version-history":[{"count":2,"href":"https:\/\/www.pm.pb.gov.br\/portal\/wp-json\/wp\/v2\/posts\/905427\/revisions"}],"predecessor-version":[{"id":905431,"href":"https:\/\/www.pm.pb.gov.br\/portal\/wp-json\/wp\/v2\/posts\/905427\/revisions\/905431"}],"wp:featuredmedia":[{"embeddable":true,"href":"https:\/\/www.pm.pb.gov.br\/portal\/wp-json\/wp\/v2\/media\/905429"}],"wp:attachment":[{"href":"https:\/\/www.pm.pb.gov.br\/portal\/wp-json\/wp\/v2\/media?parent=905427"}],"wp:term":[{"taxonomy":"category","embeddable":true,"href":"https:\/\/www.pm.pb.gov.br\/portal\/wp-json\/wp\/v2\/categories?post=905427"},{"taxonomy":"post_tag","embeddable":true,"href":"https:\/\/www.pm.pb.gov.br\/portal\/wp-json\/wp\/v2\/tags?post=905427"}],"curies":[{"name":"wp","href":"https:\/\/api.w.org\/{rel}","templated":true}]}}