{"id":905419,"date":"2020-05-30T17:42:51","date_gmt":"2020-05-30T20:42:51","guid":{"rendered":"http:\/\/www.pm.pb.gov.br\/portal\/?p=905419"},"modified":"2020-05-30T17:42:53","modified_gmt":"2020-05-30T20:42:53","slug":"operacao-cidade-segura-policia-militar-prende-suspeitos-de-trafico-de-drogas-em-santa-rita","status":"publish","type":"post","link":"https:\/\/www.pm.pb.gov.br\/portal\/2020\/05\/30\/operacao-cidade-segura-policia-militar-prende-suspeitos-de-trafico-de-drogas-em-santa-rita\/","title":{"rendered":"Opera\u00e7\u00e3o Cidade Segura: Pol\u00edcia Militar prende suspeitos de tr\u00e1fico de drogas em Santa Rita"},"content":{"rendered":"\n<p>A Pol\u00edcia Militar prendeu um homem e apreendeu um adolescente suspeito de tr\u00e1fico de drogas na noite dessa sexta-feira (29), no bairro de Marcos Moura, em Santa Rita. Com os suspeitos foram apreendidas drogas e um simulacro de pistola.\u00a0\u00a0A a\u00e7\u00e3o \u00e9 mais um resultado da Opera\u00e7\u00e3o Cidade Segura que est\u00e1 acontecendo em todo o estado.<br \/><br \/>Policiais do 7\u00ba Batalh\u00e3o estavam realizando a Opera\u00e7\u00e3o Cidade Segura em Santa Rita, quando receberam informa\u00e7\u00f5es que uma casa em Marcos Moura estava sendo usada como um ponto de venda de drogas. A guarni\u00e7\u00e3o foi at\u00e9 o local e avistou tr\u00eas suspeitos, que tentaram fugir. Um adolescente de 17 anos foi apreendido e um homem de 18 anos foi detido no local, e assumiu para os policiais que estava desenterrando as drogas no quintal da casa. O terceiro suspeito conseguiu fugir.\u00a0<br \/><br \/>Com os suspeitos foram apreendidas 609 pedras de crack prontas para a venda, duas balan\u00e7as de precis\u00e3o, v\u00e1rias embalagens e um simulacro de uma pistola.<br \/><br \/>Os suspeitos e o material apreendido foram levados para a Central de Flagrantes, no bairro do Geisel.\u00a0<\/p>\n","protected":false},"excerpt":{"rendered":"<p>A Pol\u00edcia Militar prendeu um homem e apreendeu um adolescente suspeito de tr\u00e1fico de drogas na noite dessa sexta-feira (29),<\/p>\n","protected":false},"author":15,"featured_media":905420,"comment_status":"closed","ping_status":"closed","sticky":false,"template":"","format":"standard","meta":{"_exactmetrics_skip_tracking":false,"_exactmetrics_sitenote_active":false,"_exactmetrics_sitenote_note":"","_exactmetrics_sitenote_category":0,"footnotes":""},"categories":[4],"tags":[],"yoast_head":"<!-- This site is optimized with the Yoast SEO plugin v22.0 - https:\/\/yoast.com\/wordpress\/plugins\/seo\/ -->\n<title>Opera\u00e7\u00e3o Cidade Segura: Pol\u00edcia Militar prende suspeitos de tr\u00e1fico de drogas em Santa Rita - Pol\u00edcia Militar da Para\u00edba<\/title>\n<meta name=\"robots\" content=\"index, follow, max-snippet:-1, max-image-preview:large, max-video-preview:-1\" \/>\n<link rel=\"canonical\" href=\"https:\/\/www.pm.pb.gov.br\/portal\/2020\/05\/30\/operacao-cidade-segura-policia-militar-prende-suspeitos-de-trafico-de-drogas-em-santa-rita\/\" \/>\n<meta property=\"og:locale\" content=\"pt_BR\" \/>\n<meta property=\"og:type\" content=\"article\" \/>\n<meta property=\"og:title\" content=\"Opera\u00e7\u00e3o Cidade Segura: Pol\u00edcia Militar prende suspeitos de tr\u00e1fico de drogas em Santa Rita - Pol\u00edcia Militar da Para\u00edba\" \/>\n<meta property=\"og:description\" content=\"A Pol\u00edcia Militar prendeu um homem e apreendeu um adolescente suspeito de tr\u00e1fico de drogas na noite dessa sexta-feira (29),\" \/>\n<meta property=\"og:url\" content=\"https:\/\/www.pm.pb.gov.br\/portal\/2020\/05\/30\/operacao-cidade-segura-policia-militar-prende-suspeitos-de-trafico-de-drogas-em-santa-rita\/\" \/>\n<meta property=\"og:site_name\" content=\"Pol\u00edcia Militar da Para\u00edba\" \/>\n<meta property=\"article:published_time\" content=\"2020-05-30T20:42:51+00:00\" \/>\n<meta property=\"article:modified_time\" content=\"2020-05-30T20:42:53+00:00\" \/>\n<meta property=\"og:image\" content=\"https:\/\/www.pm.pb.gov.br\/portal\/wp-content\/uploads\/2020\/05\/WhatsApp-Image-2020-05-30-at-03.36.19.jpeg\" \/>\n\t<meta property=\"og:image:width\" content=\"1040\" \/>\n\t<meta property=\"og:image:height\" content=\"780\" \/>\n\t<meta property=\"og:image:type\" content=\"image\/jpeg\" \/>\n<meta name=\"author\" content=\"Marcio Gomes dos Santos\" \/>\n<meta name=\"twitter:card\" content=\"summary_large_image\" \/>\n<meta name=\"twitter:label1\" content=\"Escrito por\" \/>\n\t<meta name=\"twitter:data1\" content=\"Marcio Gomes dos Santos\" \/>\n\t<meta name=\"twitter:label2\" content=\"Est. tempo de leitura\" \/>\n\t<meta name=\"twitter:data2\" content=\"1 minuto\" \/>\n<script type=\"application\/ld+json\" class=\"yoast-schema-graph\">{\"@context\":\"https:\/\/schema.org\",\"@graph\":[{\"@type\":\"Article\",\"@id\":\"https:\/\/www.pm.pb.gov.br\/portal\/2020\/05\/30\/operacao-cidade-segura-policia-militar-prende-suspeitos-de-trafico-de-drogas-em-santa-rita\/#article\",\"isPartOf\":{\"@id\":\"https:\/\/www.pm.pb.gov.br\/portal\/2020\/05\/30\/operacao-cidade-segura-policia-militar-prende-suspeitos-de-trafico-de-drogas-em-santa-rita\/\"},\"author\":{\"name\":\"Marcio Gomes dos Santos\",\"@id\":\"https:\/\/www.pm.pb.gov.br\/portal\/#\/schema\/person\/30d571652b38533c2211e4e89bf5a502\"},\"headline\":\"Opera\u00e7\u00e3o Cidade Segura: Pol\u00edcia Militar prende suspeitos de tr\u00e1fico de drogas em Santa Rita\",\"datePublished\":\"2020-05-30T20:42:51+00:00\",\"dateModified\":\"2020-05-30T20:42:53+00:00\",\"mainEntityOfPage\":{\"@id\":\"https:\/\/www.pm.pb.gov.br\/portal\/2020\/05\/30\/operacao-cidade-segura-policia-militar-prende-suspeitos-de-trafico-de-drogas-em-santa-rita\/\"},\"wordCount\":202,\"publisher\":{\"@id\":\"https:\/\/www.pm.pb.gov.br\/portal\/#organization\"},\"articleSection\":[\"A\u00e7\u00f5es Policiais\"],\"inLanguage\":\"pt-BR\"},{\"@type\":\"WebPage\",\"@id\":\"https:\/\/www.pm.pb.gov.br\/portal\/2020\/05\/30\/operacao-cidade-segura-policia-militar-prende-suspeitos-de-trafico-de-drogas-em-santa-rita\/\",\"url\":\"https:\/\/www.pm.pb.gov.br\/portal\/2020\/05\/30\/operacao-cidade-segura-policia-militar-prende-suspeitos-de-trafico-de-drogas-em-santa-rita\/\",\"name\":\"Opera\u00e7\u00e3o Cidade Segura: Pol\u00edcia Militar prende suspeitos de tr\u00e1fico de drogas em Santa Rita - Pol\u00edcia Militar da Para\u00edba\",\"isPartOf\":{\"@id\":\"https:\/\/www.pm.pb.gov.br\/portal\/#website\"},\"datePublished\":\"2020-05-30T20:42:51+00:00\",\"dateModified\":\"2020-05-30T20:42:53+00:00\",\"breadcrumb\":{\"@id\":\"https:\/\/www.pm.pb.gov.br\/portal\/2020\/05\/30\/operacao-cidade-segura-policia-militar-prende-suspeitos-de-trafico-de-drogas-em-santa-rita\/#breadcrumb\"},\"inLanguage\":\"pt-BR\",\"potentialAction\":[{\"@type\":\"ReadAction\",\"target\":[\"https:\/\/www.pm.pb.gov.br\/portal\/2020\/05\/30\/operacao-cidade-segura-policia-militar-prende-suspeitos-de-trafico-de-drogas-em-santa-rita\/\"]}]},{\"@type\":\"BreadcrumbList\",\"@id\":\"https:\/\/www.pm.pb.gov.br\/portal\/2020\/05\/30\/operacao-cidade-segura-policia-militar-prende-suspeitos-de-trafico-de-drogas-em-santa-rita\/#breadcrumb\",\"itemListElement\":[{\"@type\":\"ListItem\",\"position\":1,\"name\":\"In\u00edcio\",\"item\":\"https:\/\/www.pm.pb.gov.br\/portal\/\"},{\"@type\":\"ListItem\",\"position\":2,\"name\":\"Opera\u00e7\u00e3o Cidade Segura: Pol\u00edcia Militar prende suspeitos de tr\u00e1fico de drogas em Santa Rita\"}]},{\"@type\":\"WebSite\",\"@id\":\"https:\/\/www.pm.pb.gov.br\/portal\/#website\",\"url\":\"https:\/\/www.pm.pb.gov.br\/portal\/\",\"name\":\"Pol\u00edcia Militar da Para\u00edba\",\"description\":\"\",\"publisher\":{\"@id\":\"https:\/\/www.pm.pb.gov.br\/portal\/#organization\"},\"potentialAction\":[{\"@type\":\"SearchAction\",\"target\":{\"@type\":\"EntryPoint\",\"urlTemplate\":\"https:\/\/www.pm.pb.gov.br\/portal\/?s={search_term_string}\"},\"query-input\":\"required name=search_term_string\"}],\"inLanguage\":\"pt-BR\"},{\"@type\":\"Organization\",\"@id\":\"https:\/\/www.pm.pb.gov.br\/portal\/#organization\",\"name\":\"Pol\u00edcia Militar da Para\u00edba\",\"url\":\"https:\/\/www.pm.pb.gov.br\/portal\/\",\"logo\":{\"@type\":\"ImageObject\",\"inLanguage\":\"pt-BR\",\"@id\":\"https:\/\/www.pm.pb.gov.br\/portal\/#\/schema\/logo\/image\/\",\"url\":\"https:\/\/www.pm.pb.gov.br\/portal\/wp-content\/uploads\/2025\/03\/cropped-logo-site-mag2-1.png\",\"contentUrl\":\"https:\/\/www.pm.pb.gov.br\/portal\/wp-content\/uploads\/2025\/03\/cropped-logo-site-mag2-1.png\",\"width\":320,\"height\":90,\"caption\":\"Pol\u00edcia Militar da Para\u00edba\"},\"image\":{\"@id\":\"https:\/\/www.pm.pb.gov.br\/portal\/#\/schema\/logo\/image\/\"}},{\"@type\":\"Person\",\"@id\":\"https:\/\/www.pm.pb.gov.br\/portal\/#\/schema\/person\/30d571652b38533c2211e4e89bf5a502\",\"name\":\"Marcio Gomes dos Santos\",\"image\":{\"@type\":\"ImageObject\",\"inLanguage\":\"pt-BR\",\"@id\":\"https:\/\/www.pm.pb.gov.br\/portal\/#\/schema\/person\/image\/\",\"url\":\"https:\/\/secure.gravatar.com\/avatar\/cf4ec2cb690101e1581c7773aa350c19?s=96&d=mm&r=g\",\"contentUrl\":\"https:\/\/secure.gravatar.com\/avatar\/cf4ec2cb690101e1581c7773aa350c19?s=96&d=mm&r=g\",\"caption\":\"Marcio Gomes dos Santos\"},\"url\":\"https:\/\/www.pm.pb.gov.br\/portal\/author\/mgomes\/\"}]}<\/script>\n<!-- \/ Yoast SEO plugin. -->","yoast_head_json":{"title":"Opera\u00e7\u00e3o Cidade Segura: Pol\u00edcia Militar prende suspeitos de tr\u00e1fico de drogas em Santa Rita - Pol\u00edcia Militar da Para\u00edba","robots":{"index":"index","follow":"follow","max-snippet":"max-snippet:-1","max-image-preview":"max-image-preview:large","max-video-preview":"max-video-preview:-1"},"canonical":"https:\/\/www.pm.pb.gov.br\/portal\/2020\/05\/30\/operacao-cidade-segura-policia-militar-prende-suspeitos-de-trafico-de-drogas-em-santa-rita\/","og_locale":"pt_BR","og_type":"article","og_title":"Opera\u00e7\u00e3o Cidade Segura: Pol\u00edcia Militar prende suspeitos de tr\u00e1fico de drogas em Santa Rita - Pol\u00edcia Militar da Para\u00edba","og_description":"A Pol\u00edcia Militar prendeu um homem e apreendeu um adolescente suspeito de tr\u00e1fico de drogas na noite dessa sexta-feira (29),","og_url":"https:\/\/www.pm.pb.gov.br\/portal\/2020\/05\/30\/operacao-cidade-segura-policia-militar-prende-suspeitos-de-trafico-de-drogas-em-santa-rita\/","og_site_name":"Pol\u00edcia Militar da Para\u00edba","article_published_time":"2020-05-30T20:42:51+00:00","article_modified_time":"2020-05-30T20:42:53+00:00","og_image":[{"width":1040,"height":780,"url":"https:\/\/www.pm.pb.gov.br\/portal\/wp-content\/uploads\/2020\/05\/WhatsApp-Image-2020-05-30-at-03.36.19.jpeg","type":"image\/jpeg"}],"author":"Marcio Gomes dos Santos","twitter_card":"summary_large_image","twitter_misc":{"Escrito por":"Marcio Gomes dos Santos","Est. tempo de leitura":"1 minuto"},"schema":{"@context":"https:\/\/schema.org","@graph":[{"@type":"Article","@id":"https:\/\/www.pm.pb.gov.br\/portal\/2020\/05\/30\/operacao-cidade-segura-policia-militar-prende-suspeitos-de-trafico-de-drogas-em-santa-rita\/#article","isPartOf":{"@id":"https:\/\/www.pm.pb.gov.br\/portal\/2020\/05\/30\/operacao-cidade-segura-policia-militar-prende-suspeitos-de-trafico-de-drogas-em-santa-rita\/"},"author":{"name":"Marcio Gomes dos Santos","@id":"https:\/\/www.pm.pb.gov.br\/portal\/#\/schema\/person\/30d571652b38533c2211e4e89bf5a502"},"headline":"Opera\u00e7\u00e3o Cidade Segura: Pol\u00edcia Militar prende suspeitos de tr\u00e1fico de drogas em Santa Rita","datePublished":"2020-05-30T20:42:51+00:00","dateModified":"2020-05-30T20:42:53+00:00","mainEntityOfPage":{"@id":"https:\/\/www.pm.pb.gov.br\/portal\/2020\/05\/30\/operacao-cidade-segura-policia-militar-prende-suspeitos-de-trafico-de-drogas-em-santa-rita\/"},"wordCount":202,"publisher":{"@id":"https:\/\/www.pm.pb.gov.br\/portal\/#organization"},"articleSection":["A\u00e7\u00f5es Policiais"],"inLanguage":"pt-BR"},{"@type":"WebPage","@id":"https:\/\/www.pm.pb.gov.br\/portal\/2020\/05\/30\/operacao-cidade-segura-policia-militar-prende-suspeitos-de-trafico-de-drogas-em-santa-rita\/","url":"https:\/\/www.pm.pb.gov.br\/portal\/2020\/05\/30\/operacao-cidade-segura-policia-militar-prende-suspeitos-de-trafico-de-drogas-em-santa-rita\/","name":"Opera\u00e7\u00e3o Cidade Segura: Pol\u00edcia Militar prende suspeitos de tr\u00e1fico de drogas em Santa Rita - Pol\u00edcia Militar da Para\u00edba","isPartOf":{"@id":"https:\/\/www.pm.pb.gov.br\/portal\/#website"},"datePublished":"2020-05-30T20:42:51+00:00","dateModified":"2020-05-30T20:42:53+00:00","breadcrumb":{"@id":"https:\/\/www.pm.pb.gov.br\/portal\/2020\/05\/30\/operacao-cidade-segura-policia-militar-prende-suspeitos-de-trafico-de-drogas-em-santa-rita\/#breadcrumb"},"inLanguage":"pt-BR","potentialAction":[{"@type":"ReadAction","target":["https:\/\/www.pm.pb.gov.br\/portal\/2020\/05\/30\/operacao-cidade-segura-policia-militar-prende-suspeitos-de-trafico-de-drogas-em-santa-rita\/"]}]},{"@type":"BreadcrumbList","@id":"https:\/\/www.pm.pb.gov.br\/portal\/2020\/05\/30\/operacao-cidade-segura-policia-militar-prende-suspeitos-de-trafico-de-drogas-em-santa-rita\/#breadcrumb","itemListElement":[{"@type":"ListItem","position":1,"name":"In\u00edcio","item":"https:\/\/www.pm.pb.gov.br\/portal\/"},{"@type":"ListItem","position":2,"name":"Opera\u00e7\u00e3o Cidade Segura: Pol\u00edcia Militar prende suspeitos de tr\u00e1fico de drogas em Santa Rita"}]},{"@type":"WebSite","@id":"https:\/\/www.pm.pb.gov.br\/portal\/#website","url":"https:\/\/www.pm.pb.gov.br\/portal\/","name":"Pol\u00edcia Militar da Para\u00edba","description":"","publisher":{"@id":"https:\/\/www.pm.pb.gov.br\/portal\/#organization"},"potentialAction":[{"@type":"SearchAction","target":{"@type":"EntryPoint","urlTemplate":"https:\/\/www.pm.pb.gov.br\/portal\/?s={search_term_string}"},"query-input":"required name=search_term_string"}],"inLanguage":"pt-BR"},{"@type":"Organization","@id":"https:\/\/www.pm.pb.gov.br\/portal\/#organization","name":"Pol\u00edcia Militar da Para\u00edba","url":"https:\/\/www.pm.pb.gov.br\/portal\/","logo":{"@type":"ImageObject","inLanguage":"pt-BR","@id":"https:\/\/www.pm.pb.gov.br\/portal\/#\/schema\/logo\/image\/","url":"https:\/\/www.pm.pb.gov.br\/portal\/wp-content\/uploads\/2025\/03\/cropped-logo-site-mag2-1.png","contentUrl":"https:\/\/www.pm.pb.gov.br\/portal\/wp-content\/uploads\/2025\/03\/cropped-logo-site-mag2-1.png","width":320,"height":90,"caption":"Pol\u00edcia Militar da Para\u00edba"},"image":{"@id":"https:\/\/www.pm.pb.gov.br\/portal\/#\/schema\/logo\/image\/"}},{"@type":"Person","@id":"https:\/\/www.pm.pb.gov.br\/portal\/#\/schema\/person\/30d571652b38533c2211e4e89bf5a502","name":"Marcio Gomes dos Santos","image":{"@type":"ImageObject","inLanguage":"pt-BR","@id":"https:\/\/www.pm.pb.gov.br\/portal\/#\/schema\/person\/image\/","url":"https:\/\/secure.gravatar.com\/avatar\/cf4ec2cb690101e1581c7773aa350c19?s=96&d=mm&r=g","contentUrl":"https:\/\/secure.gravatar.com\/avatar\/cf4ec2cb690101e1581c7773aa350c19?s=96&d=mm&r=g","caption":"Marcio Gomes dos Santos"},"url":"https:\/\/www.pm.pb.gov.br\/portal\/author\/mgomes\/"}]}},"_links":{"self":[{"href":"https:\/\/www.pm.pb.gov.br\/portal\/wp-json\/wp\/v2\/posts\/905419"}],"collection":[{"href":"https:\/\/www.pm.pb.gov.br\/portal\/wp-json\/wp\/v2\/posts"}],"about":[{"href":"https:\/\/www.pm.pb.gov.br\/portal\/wp-json\/wp\/v2\/types\/post"}],"author":[{"embeddable":true,"href":"https:\/\/www.pm.pb.gov.br\/portal\/wp-json\/wp\/v2\/users\/15"}],"replies":[{"embeddable":true,"href":"https:\/\/www.pm.pb.gov.br\/portal\/wp-json\/wp\/v2\/comments?post=905419"}],"version-history":[{"count":1,"href":"https:\/\/www.pm.pb.gov.br\/portal\/wp-json\/wp\/v2\/posts\/905419\/revisions"}],"predecessor-version":[{"id":905421,"href":"https:\/\/www.pm.pb.gov.br\/portal\/wp-json\/wp\/v2\/posts\/905419\/revisions\/905421"}],"wp:featuredmedia":[{"embeddable":true,"href":"https:\/\/www.pm.pb.gov.br\/portal\/wp-json\/wp\/v2\/media\/905420"}],"wp:attachment":[{"href":"https:\/\/www.pm.pb.gov.br\/portal\/wp-json\/wp\/v2\/media?parent=905419"}],"wp:term":[{"taxonomy":"category","embeddable":true,"href":"https:\/\/www.pm.pb.gov.br\/portal\/wp-json\/wp\/v2\/categories?post=905419"},{"taxonomy":"post_tag","embeddable":true,"href":"https:\/\/www.pm.pb.gov.br\/portal\/wp-json\/wp\/v2\/tags?post=905419"}],"curies":[{"name":"wp","href":"https:\/\/api.w.org\/{rel}","templated":true}]}}