{"id":905220,"date":"2020-05-22T10:49:36","date_gmt":"2020-05-22T13:49:36","guid":{"rendered":"http:\/\/www.pm.pb.gov.br\/portal\/?p=905220"},"modified":"2020-05-22T10:49:37","modified_gmt":"2020-05-22T13:49:37","slug":"policia-militar-intercepta-delivery-de-drogas-e-prende-dois-suspeitos-em-campina-grande","status":"publish","type":"post","link":"https:\/\/www.pm.pb.gov.br\/portal\/2020\/05\/22\/policia-militar-intercepta-delivery-de-drogas-e-prende-dois-suspeitos-em-campina-grande\/","title":{"rendered":"Pol\u00edcia Militar intercepta \u2018delivery\u2019 de drogas e prende dois suspeitos em Campina Grande"},"content":{"rendered":"\n<p>A Pol\u00edcia Militar interceptou mais um \u2018delivery\u2019 de drogas que vinha agindo em Campina Grande. Dessa vez, duas pessoas que j\u00e1 tinham passagens pela pol\u00edcia foram presas quando transportavam por\u00e7\u00f5es de crack e maconha para Lagoa Seca, em uma motocicleta. A pris\u00e3o aconteceu no in\u00edcio da noite dessa quinta-feira (21).<br \/><br \/>Os suspeitos, sendo o piloto da moto de 41 anos de idade, e que usava colete de mototaxi, e o garupa, de 45 anos, foram detidos na avenida Manoel Tavares, no bairro do Alto Branco. A dupla foi interceptada pelos policiais da 2\u00aa Companhia Especializada em Policiamento com Motocicletas (2\u00aa CEPMotos), que atuavam na regi\u00e3o para combater essas e outras pr\u00e1ticas criminosas.\u00a0<br \/><br \/>Antes da abordagem, os suspeitos ainda tentaram se livrar de um pacote com um tablete de subst\u00e2ncia an\u00e1loga ao crack, mas o entorpecente foi apreendido pela PM. Com a dupla, os policiais encontraram ainda outra sacola com maconha. Segundo os policiais que fizeram a pris\u00e3o, o piloto confessou que os entorpecentes seriam entregues em Lagoa Seca.\u00a0<br \/><br \/>Ele j\u00e1 foi preso pelos crimes de roubo e pela Lei Maria da Penha, e o garupa tamb\u00e9m tem passagem pela pol\u00edcia por furto. A dupla e as drogas apreendidas foram encaminhadas para a Central de Pol\u00edcia.<br \/><br \/><strong>Outras a\u00e7\u00f5es \u2013<\/strong>\u00a0Com essa a\u00e7\u00e3o, sobem para 66 as pris\u00f5es em flagrante da 2\u00aa CEPMotos, sendo 16 presos por tr\u00e1fico de drogas, em seis meses de atua\u00e7\u00e3o da Companhia. Nesse mesmo per\u00edodo, foram 14 mandados de pris\u00e3o cumpridos pelos policiais da unidade operacional, 13 armas de fogo apreendidas e 20 ve\u00edculos recuperados em Campina Grande e regi\u00e3o.<\/p>\n","protected":false},"excerpt":{"rendered":"<p>A Pol\u00edcia Militar interceptou mais um \u2018delivery\u2019 de drogas que vinha agindo em Campina Grande. Dessa vez, duas pessoas que<\/p>\n","protected":false},"author":12,"featured_media":905221,"comment_status":"closed","ping_status":"closed","sticky":false,"template":"","format":"standard","meta":{"_exactmetrics_skip_tracking":false,"_exactmetrics_sitenote_active":false,"_exactmetrics_sitenote_note":"","_exactmetrics_sitenote_category":0,"footnotes":""},"categories":[4],"tags":[],"yoast_head":"<!-- This site is optimized with the Yoast SEO plugin v22.0 - https:\/\/yoast.com\/wordpress\/plugins\/seo\/ -->\n<title>Pol\u00edcia Militar intercepta \u2018delivery\u2019 de drogas e prende dois suspeitos em Campina Grande - Pol\u00edcia Militar da Para\u00edba<\/title>\n<meta name=\"robots\" content=\"index, follow, max-snippet:-1, max-image-preview:large, max-video-preview:-1\" \/>\n<link rel=\"canonical\" href=\"https:\/\/www.pm.pb.gov.br\/portal\/2020\/05\/22\/policia-militar-intercepta-delivery-de-drogas-e-prende-dois-suspeitos-em-campina-grande\/\" \/>\n<meta property=\"og:locale\" content=\"pt_BR\" \/>\n<meta property=\"og:type\" content=\"article\" \/>\n<meta property=\"og:title\" content=\"Pol\u00edcia Militar intercepta \u2018delivery\u2019 de drogas e prende dois suspeitos em Campina Grande - Pol\u00edcia Militar da Para\u00edba\" \/>\n<meta property=\"og:description\" content=\"A Pol\u00edcia Militar interceptou mais um \u2018delivery\u2019 de drogas que vinha agindo em Campina Grande. Dessa vez, duas pessoas que\" \/>\n<meta property=\"og:url\" content=\"https:\/\/www.pm.pb.gov.br\/portal\/2020\/05\/22\/policia-militar-intercepta-delivery-de-drogas-e-prende-dois-suspeitos-em-campina-grande\/\" \/>\n<meta property=\"og:site_name\" content=\"Pol\u00edcia Militar da Para\u00edba\" \/>\n<meta property=\"article:published_time\" content=\"2020-05-22T13:49:36+00:00\" \/>\n<meta property=\"article:modified_time\" content=\"2020-05-22T13:49:37+00:00\" \/>\n<meta property=\"og:image\" content=\"https:\/\/www.pm.pb.gov.br\/portal\/wp-content\/uploads\/2020\/05\/cepmotos.jpeg\" \/>\n\t<meta property=\"og:image:width\" content=\"800\" \/>\n\t<meta property=\"og:image:height\" content=\"495\" \/>\n\t<meta property=\"og:image:type\" content=\"image\/jpeg\" \/>\n<meta name=\"author\" content=\"Tarcisio Oliveira\" \/>\n<meta name=\"twitter:card\" content=\"summary_large_image\" \/>\n<meta name=\"twitter:label1\" content=\"Escrito por\" \/>\n\t<meta name=\"twitter:data1\" content=\"Tarcisio Oliveira\" \/>\n\t<meta name=\"twitter:label2\" content=\"Est. tempo de leitura\" \/>\n\t<meta name=\"twitter:data2\" content=\"1 minuto\" \/>\n<script type=\"application\/ld+json\" class=\"yoast-schema-graph\">{\"@context\":\"https:\/\/schema.org\",\"@graph\":[{\"@type\":\"Article\",\"@id\":\"https:\/\/www.pm.pb.gov.br\/portal\/2020\/05\/22\/policia-militar-intercepta-delivery-de-drogas-e-prende-dois-suspeitos-em-campina-grande\/#article\",\"isPartOf\":{\"@id\":\"https:\/\/www.pm.pb.gov.br\/portal\/2020\/05\/22\/policia-militar-intercepta-delivery-de-drogas-e-prende-dois-suspeitos-em-campina-grande\/\"},\"author\":{\"name\":\"Tarcisio Oliveira\",\"@id\":\"https:\/\/www.pm.pb.gov.br\/portal\/#\/schema\/person\/f84f56dcc78ce4357054da888b8247fd\"},\"headline\":\"Pol\u00edcia Militar intercepta \u2018delivery\u2019 de drogas e prende dois suspeitos em Campina Grande\",\"datePublished\":\"2020-05-22T13:49:36+00:00\",\"dateModified\":\"2020-05-22T13:49:37+00:00\",\"mainEntityOfPage\":{\"@id\":\"https:\/\/www.pm.pb.gov.br\/portal\/2020\/05\/22\/policia-militar-intercepta-delivery-de-drogas-e-prende-dois-suspeitos-em-campina-grande\/\"},\"wordCount\":287,\"publisher\":{\"@id\":\"https:\/\/www.pm.pb.gov.br\/portal\/#organization\"},\"articleSection\":[\"A\u00e7\u00f5es Policiais\"],\"inLanguage\":\"pt-BR\"},{\"@type\":\"WebPage\",\"@id\":\"https:\/\/www.pm.pb.gov.br\/portal\/2020\/05\/22\/policia-militar-intercepta-delivery-de-drogas-e-prende-dois-suspeitos-em-campina-grande\/\",\"url\":\"https:\/\/www.pm.pb.gov.br\/portal\/2020\/05\/22\/policia-militar-intercepta-delivery-de-drogas-e-prende-dois-suspeitos-em-campina-grande\/\",\"name\":\"Pol\u00edcia Militar intercepta \u2018delivery\u2019 de drogas e prende dois suspeitos em Campina Grande - Pol\u00edcia Militar da Para\u00edba\",\"isPartOf\":{\"@id\":\"https:\/\/www.pm.pb.gov.br\/portal\/#website\"},\"datePublished\":\"2020-05-22T13:49:36+00:00\",\"dateModified\":\"2020-05-22T13:49:37+00:00\",\"breadcrumb\":{\"@id\":\"https:\/\/www.pm.pb.gov.br\/portal\/2020\/05\/22\/policia-militar-intercepta-delivery-de-drogas-e-prende-dois-suspeitos-em-campina-grande\/#breadcrumb\"},\"inLanguage\":\"pt-BR\",\"potentialAction\":[{\"@type\":\"ReadAction\",\"target\":[\"https:\/\/www.pm.pb.gov.br\/portal\/2020\/05\/22\/policia-militar-intercepta-delivery-de-drogas-e-prende-dois-suspeitos-em-campina-grande\/\"]}]},{\"@type\":\"BreadcrumbList\",\"@id\":\"https:\/\/www.pm.pb.gov.br\/portal\/2020\/05\/22\/policia-militar-intercepta-delivery-de-drogas-e-prende-dois-suspeitos-em-campina-grande\/#breadcrumb\",\"itemListElement\":[{\"@type\":\"ListItem\",\"position\":1,\"name\":\"In\u00edcio\",\"item\":\"https:\/\/www.pm.pb.gov.br\/portal\/\"},{\"@type\":\"ListItem\",\"position\":2,\"name\":\"Pol\u00edcia Militar intercepta \u2018delivery\u2019 de drogas e prende dois suspeitos em Campina Grande\"}]},{\"@type\":\"WebSite\",\"@id\":\"https:\/\/www.pm.pb.gov.br\/portal\/#website\",\"url\":\"https:\/\/www.pm.pb.gov.br\/portal\/\",\"name\":\"Pol\u00edcia Militar da Para\u00edba\",\"description\":\"\",\"publisher\":{\"@id\":\"https:\/\/www.pm.pb.gov.br\/portal\/#organization\"},\"potentialAction\":[{\"@type\":\"SearchAction\",\"target\":{\"@type\":\"EntryPoint\",\"urlTemplate\":\"https:\/\/www.pm.pb.gov.br\/portal\/?s={search_term_string}\"},\"query-input\":\"required name=search_term_string\"}],\"inLanguage\":\"pt-BR\"},{\"@type\":\"Organization\",\"@id\":\"https:\/\/www.pm.pb.gov.br\/portal\/#organization\",\"name\":\"Pol\u00edcia Militar da Para\u00edba\",\"url\":\"https:\/\/www.pm.pb.gov.br\/portal\/\",\"logo\":{\"@type\":\"ImageObject\",\"inLanguage\":\"pt-BR\",\"@id\":\"https:\/\/www.pm.pb.gov.br\/portal\/#\/schema\/logo\/image\/\",\"url\":\"https:\/\/www.pm.pb.gov.br\/portal\/wp-content\/uploads\/2025\/03\/cropped-logo-site-mag2-1.png\",\"contentUrl\":\"https:\/\/www.pm.pb.gov.br\/portal\/wp-content\/uploads\/2025\/03\/cropped-logo-site-mag2-1.png\",\"width\":320,\"height\":90,\"caption\":\"Pol\u00edcia Militar da Para\u00edba\"},\"image\":{\"@id\":\"https:\/\/www.pm.pb.gov.br\/portal\/#\/schema\/logo\/image\/\"}},{\"@type\":\"Person\",\"@id\":\"https:\/\/www.pm.pb.gov.br\/portal\/#\/schema\/person\/f84f56dcc78ce4357054da888b8247fd\",\"name\":\"Tarcisio Oliveira\",\"image\":{\"@type\":\"ImageObject\",\"inLanguage\":\"pt-BR\",\"@id\":\"https:\/\/www.pm.pb.gov.br\/portal\/#\/schema\/person\/image\/\",\"url\":\"https:\/\/secure.gravatar.com\/avatar\/72917b630b69d31cd0297507f34bac97?s=96&d=mm&r=g\",\"contentUrl\":\"https:\/\/secure.gravatar.com\/avatar\/72917b630b69d31cd0297507f34bac97?s=96&d=mm&r=g\",\"caption\":\"Tarcisio Oliveira\"},\"url\":\"https:\/\/www.pm.pb.gov.br\/portal\/author\/tarcisio\/\"}]}<\/script>\n<!-- \/ Yoast SEO plugin. -->","yoast_head_json":{"title":"Pol\u00edcia Militar intercepta \u2018delivery\u2019 de drogas e prende dois suspeitos em Campina Grande - Pol\u00edcia Militar da Para\u00edba","robots":{"index":"index","follow":"follow","max-snippet":"max-snippet:-1","max-image-preview":"max-image-preview:large","max-video-preview":"max-video-preview:-1"},"canonical":"https:\/\/www.pm.pb.gov.br\/portal\/2020\/05\/22\/policia-militar-intercepta-delivery-de-drogas-e-prende-dois-suspeitos-em-campina-grande\/","og_locale":"pt_BR","og_type":"article","og_title":"Pol\u00edcia Militar intercepta \u2018delivery\u2019 de drogas e prende dois suspeitos em Campina Grande - Pol\u00edcia Militar da Para\u00edba","og_description":"A Pol\u00edcia Militar interceptou mais um \u2018delivery\u2019 de drogas que vinha agindo em Campina Grande. Dessa vez, duas pessoas que","og_url":"https:\/\/www.pm.pb.gov.br\/portal\/2020\/05\/22\/policia-militar-intercepta-delivery-de-drogas-e-prende-dois-suspeitos-em-campina-grande\/","og_site_name":"Pol\u00edcia Militar da Para\u00edba","article_published_time":"2020-05-22T13:49:36+00:00","article_modified_time":"2020-05-22T13:49:37+00:00","og_image":[{"width":800,"height":495,"url":"https:\/\/www.pm.pb.gov.br\/portal\/wp-content\/uploads\/2020\/05\/cepmotos.jpeg","type":"image\/jpeg"}],"author":"Tarcisio Oliveira","twitter_card":"summary_large_image","twitter_misc":{"Escrito por":"Tarcisio Oliveira","Est. tempo de leitura":"1 minuto"},"schema":{"@context":"https:\/\/schema.org","@graph":[{"@type":"Article","@id":"https:\/\/www.pm.pb.gov.br\/portal\/2020\/05\/22\/policia-militar-intercepta-delivery-de-drogas-e-prende-dois-suspeitos-em-campina-grande\/#article","isPartOf":{"@id":"https:\/\/www.pm.pb.gov.br\/portal\/2020\/05\/22\/policia-militar-intercepta-delivery-de-drogas-e-prende-dois-suspeitos-em-campina-grande\/"},"author":{"name":"Tarcisio Oliveira","@id":"https:\/\/www.pm.pb.gov.br\/portal\/#\/schema\/person\/f84f56dcc78ce4357054da888b8247fd"},"headline":"Pol\u00edcia Militar intercepta \u2018delivery\u2019 de drogas e prende dois suspeitos em Campina Grande","datePublished":"2020-05-22T13:49:36+00:00","dateModified":"2020-05-22T13:49:37+00:00","mainEntityOfPage":{"@id":"https:\/\/www.pm.pb.gov.br\/portal\/2020\/05\/22\/policia-militar-intercepta-delivery-de-drogas-e-prende-dois-suspeitos-em-campina-grande\/"},"wordCount":287,"publisher":{"@id":"https:\/\/www.pm.pb.gov.br\/portal\/#organization"},"articleSection":["A\u00e7\u00f5es Policiais"],"inLanguage":"pt-BR"},{"@type":"WebPage","@id":"https:\/\/www.pm.pb.gov.br\/portal\/2020\/05\/22\/policia-militar-intercepta-delivery-de-drogas-e-prende-dois-suspeitos-em-campina-grande\/","url":"https:\/\/www.pm.pb.gov.br\/portal\/2020\/05\/22\/policia-militar-intercepta-delivery-de-drogas-e-prende-dois-suspeitos-em-campina-grande\/","name":"Pol\u00edcia Militar intercepta \u2018delivery\u2019 de drogas e prende dois suspeitos em Campina Grande - Pol\u00edcia Militar da Para\u00edba","isPartOf":{"@id":"https:\/\/www.pm.pb.gov.br\/portal\/#website"},"datePublished":"2020-05-22T13:49:36+00:00","dateModified":"2020-05-22T13:49:37+00:00","breadcrumb":{"@id":"https:\/\/www.pm.pb.gov.br\/portal\/2020\/05\/22\/policia-militar-intercepta-delivery-de-drogas-e-prende-dois-suspeitos-em-campina-grande\/#breadcrumb"},"inLanguage":"pt-BR","potentialAction":[{"@type":"ReadAction","target":["https:\/\/www.pm.pb.gov.br\/portal\/2020\/05\/22\/policia-militar-intercepta-delivery-de-drogas-e-prende-dois-suspeitos-em-campina-grande\/"]}]},{"@type":"BreadcrumbList","@id":"https:\/\/www.pm.pb.gov.br\/portal\/2020\/05\/22\/policia-militar-intercepta-delivery-de-drogas-e-prende-dois-suspeitos-em-campina-grande\/#breadcrumb","itemListElement":[{"@type":"ListItem","position":1,"name":"In\u00edcio","item":"https:\/\/www.pm.pb.gov.br\/portal\/"},{"@type":"ListItem","position":2,"name":"Pol\u00edcia Militar intercepta \u2018delivery\u2019 de drogas e prende dois suspeitos em Campina Grande"}]},{"@type":"WebSite","@id":"https:\/\/www.pm.pb.gov.br\/portal\/#website","url":"https:\/\/www.pm.pb.gov.br\/portal\/","name":"Pol\u00edcia Militar da Para\u00edba","description":"","publisher":{"@id":"https:\/\/www.pm.pb.gov.br\/portal\/#organization"},"potentialAction":[{"@type":"SearchAction","target":{"@type":"EntryPoint","urlTemplate":"https:\/\/www.pm.pb.gov.br\/portal\/?s={search_term_string}"},"query-input":"required name=search_term_string"}],"inLanguage":"pt-BR"},{"@type":"Organization","@id":"https:\/\/www.pm.pb.gov.br\/portal\/#organization","name":"Pol\u00edcia Militar da Para\u00edba","url":"https:\/\/www.pm.pb.gov.br\/portal\/","logo":{"@type":"ImageObject","inLanguage":"pt-BR","@id":"https:\/\/www.pm.pb.gov.br\/portal\/#\/schema\/logo\/image\/","url":"https:\/\/www.pm.pb.gov.br\/portal\/wp-content\/uploads\/2025\/03\/cropped-logo-site-mag2-1.png","contentUrl":"https:\/\/www.pm.pb.gov.br\/portal\/wp-content\/uploads\/2025\/03\/cropped-logo-site-mag2-1.png","width":320,"height":90,"caption":"Pol\u00edcia Militar da Para\u00edba"},"image":{"@id":"https:\/\/www.pm.pb.gov.br\/portal\/#\/schema\/logo\/image\/"}},{"@type":"Person","@id":"https:\/\/www.pm.pb.gov.br\/portal\/#\/schema\/person\/f84f56dcc78ce4357054da888b8247fd","name":"Tarcisio Oliveira","image":{"@type":"ImageObject","inLanguage":"pt-BR","@id":"https:\/\/www.pm.pb.gov.br\/portal\/#\/schema\/person\/image\/","url":"https:\/\/secure.gravatar.com\/avatar\/72917b630b69d31cd0297507f34bac97?s=96&d=mm&r=g","contentUrl":"https:\/\/secure.gravatar.com\/avatar\/72917b630b69d31cd0297507f34bac97?s=96&d=mm&r=g","caption":"Tarcisio Oliveira"},"url":"https:\/\/www.pm.pb.gov.br\/portal\/author\/tarcisio\/"}]}},"_links":{"self":[{"href":"https:\/\/www.pm.pb.gov.br\/portal\/wp-json\/wp\/v2\/posts\/905220"}],"collection":[{"href":"https:\/\/www.pm.pb.gov.br\/portal\/wp-json\/wp\/v2\/posts"}],"about":[{"href":"https:\/\/www.pm.pb.gov.br\/portal\/wp-json\/wp\/v2\/types\/post"}],"author":[{"embeddable":true,"href":"https:\/\/www.pm.pb.gov.br\/portal\/wp-json\/wp\/v2\/users\/12"}],"replies":[{"embeddable":true,"href":"https:\/\/www.pm.pb.gov.br\/portal\/wp-json\/wp\/v2\/comments?post=905220"}],"version-history":[{"count":1,"href":"https:\/\/www.pm.pb.gov.br\/portal\/wp-json\/wp\/v2\/posts\/905220\/revisions"}],"predecessor-version":[{"id":905222,"href":"https:\/\/www.pm.pb.gov.br\/portal\/wp-json\/wp\/v2\/posts\/905220\/revisions\/905222"}],"wp:featuredmedia":[{"embeddable":true,"href":"https:\/\/www.pm.pb.gov.br\/portal\/wp-json\/wp\/v2\/media\/905221"}],"wp:attachment":[{"href":"https:\/\/www.pm.pb.gov.br\/portal\/wp-json\/wp\/v2\/media?parent=905220"}],"wp:term":[{"taxonomy":"category","embeddable":true,"href":"https:\/\/www.pm.pb.gov.br\/portal\/wp-json\/wp\/v2\/categories?post=905220"},{"taxonomy":"post_tag","embeddable":true,"href":"https:\/\/www.pm.pb.gov.br\/portal\/wp-json\/wp\/v2\/tags?post=905220"}],"curies":[{"name":"wp","href":"https:\/\/api.w.org\/{rel}","templated":true}]}}