{"id":905181,"date":"2020-05-19T22:56:26","date_gmt":"2020-05-20T01:56:26","guid":{"rendered":"http:\/\/www.pm.pb.gov.br\/portal\/?p=905181"},"modified":"2020-05-19T22:56:28","modified_gmt":"2020-05-20T01:56:28","slug":"em-menos-de-24-horas-policia-militar-prende-dois-suspeitos-de-homicidio-em-itabaiana","status":"publish","type":"post","link":"https:\/\/www.pm.pb.gov.br\/portal\/2020\/05\/19\/em-menos-de-24-horas-policia-militar-prende-dois-suspeitos-de-homicidio-em-itabaiana\/","title":{"rendered":"Em menos de 24 horas, Pol\u00edcia Militar prende dois suspeitos de homic\u00eddio em Itabaiana"},"content":{"rendered":"\n<p>Em menos de 24 horas, a Pol\u00edcia Militar prendeu dois suspeitos de homic\u00eddio, que aconteceu nas primeiras horas desta \u00faltima ter\u00e7a-feira (19) na cidade de Itabaiana. O primeiro suspeito foi preso logo ap\u00f3s o crime, ainda na madrugada, e o segundo foi detido no fim da tarde (foto acima ilustrativa).<br \/><br \/>O crime ocorreu antes das 01h desta\u00a0ter\u00e7a, quando tr\u00eas homens teriam invadido a casa da v\u00edtima e efetuado v\u00e1rios disparos de arma de fogo, atingindo-a fatalmente. \u201cLogo ap\u00f3s o fato, os policiais do 8\u00ba Batalh\u00e3o fizeram um cerco na regi\u00e3o e chegaram a localiza\u00e7\u00e3o de um suspeito, de 20 anos de idade, que tentou fugir da PM se escondendo na casa de um cachorro, mas foi flagrado e detido\u201d, explicou o major Wagner Herculano, comandante do 8\u00ba BPM.<br \/><br \/>Segundo o oficial, as dilig\u00eancias continuaram durante todo o dia, chegando at\u00e9 a localiza\u00e7\u00e3o do segundo suspeito, que foi preso por volta das 14h. \u201cCom apoio da Coordenadoria de Intelig\u00eancia, chegamos ao segundo suspeito, que tem 32 anos, estava em casa no centro da cidade, e que foi reconhecido pelos familiares da v\u00edtima\u201d, relatou o major.<br \/><br \/>Os dois homens presos nas dilig\u00eancias foram conduzidos para a delegacia da cidade, onde a real motiva\u00e7\u00e3o do crime dever\u00e1 ser investigada. A v\u00edtima, um homem de 23 anos, havia sa\u00eddo recentemente do sistema prisional. As armas do crime continuam sendo procuradas.\u00a0<\/p>\n","protected":false},"excerpt":{"rendered":"<p>Em menos de 24 horas, a Pol\u00edcia Militar prendeu dois suspeitos de homic\u00eddio, que aconteceu nas primeiras horas desta \u00faltima<\/p>\n","protected":false},"author":12,"featured_media":899721,"comment_status":"closed","ping_status":"closed","sticky":false,"template":"","format":"standard","meta":{"_exactmetrics_skip_tracking":false,"_exactmetrics_sitenote_active":false,"_exactmetrics_sitenote_note":"","_exactmetrics_sitenote_category":0,"footnotes":""},"categories":[4],"tags":[],"yoast_head":"<!-- This site is optimized with the Yoast SEO plugin v22.0 - https:\/\/yoast.com\/wordpress\/plugins\/seo\/ -->\n<title>Em menos de 24 horas, Pol\u00edcia Militar prende dois suspeitos de homic\u00eddio em Itabaiana - Pol\u00edcia Militar da Para\u00edba<\/title>\n<meta name=\"robots\" content=\"index, follow, max-snippet:-1, max-image-preview:large, max-video-preview:-1\" \/>\n<link rel=\"canonical\" href=\"https:\/\/www.pm.pb.gov.br\/portal\/2020\/05\/19\/em-menos-de-24-horas-policia-militar-prende-dois-suspeitos-de-homicidio-em-itabaiana\/\" \/>\n<meta property=\"og:locale\" content=\"pt_BR\" \/>\n<meta property=\"og:type\" content=\"article\" \/>\n<meta property=\"og:title\" content=\"Em menos de 24 horas, Pol\u00edcia Militar prende dois suspeitos de homic\u00eddio em Itabaiana - Pol\u00edcia Militar da Para\u00edba\" \/>\n<meta property=\"og:description\" content=\"Em menos de 24 horas, a Pol\u00edcia Militar prendeu dois suspeitos de homic\u00eddio, que aconteceu nas primeiras horas desta \u00faltima\" \/>\n<meta property=\"og:url\" content=\"https:\/\/www.pm.pb.gov.br\/portal\/2020\/05\/19\/em-menos-de-24-horas-policia-militar-prende-dois-suspeitos-de-homicidio-em-itabaiana\/\" \/>\n<meta property=\"og:site_name\" content=\"Pol\u00edcia Militar da Para\u00edba\" \/>\n<meta property=\"article:published_time\" content=\"2020-05-20T01:56:26+00:00\" \/>\n<meta property=\"article:modified_time\" content=\"2020-05-20T01:56:28+00:00\" \/>\n<meta property=\"og:image\" content=\"https:\/\/www.pm.pb.gov.br\/portal\/wp-content\/uploads\/2019\/01\/ilustrativa.jpg\" \/>\n\t<meta property=\"og:image:width\" content=\"800\" \/>\n\t<meta property=\"og:image:height\" content=\"445\" \/>\n\t<meta property=\"og:image:type\" content=\"image\/jpeg\" \/>\n<meta name=\"author\" content=\"Tarcisio Oliveira\" \/>\n<meta name=\"twitter:card\" content=\"summary_large_image\" \/>\n<meta name=\"twitter:label1\" content=\"Escrito por\" \/>\n\t<meta name=\"twitter:data1\" content=\"Tarcisio Oliveira\" \/>\n\t<meta name=\"twitter:label2\" content=\"Est. tempo de leitura\" \/>\n\t<meta name=\"twitter:data2\" content=\"1 minuto\" \/>\n<script type=\"application\/ld+json\" class=\"yoast-schema-graph\">{\"@context\":\"https:\/\/schema.org\",\"@graph\":[{\"@type\":\"Article\",\"@id\":\"https:\/\/www.pm.pb.gov.br\/portal\/2020\/05\/19\/em-menos-de-24-horas-policia-militar-prende-dois-suspeitos-de-homicidio-em-itabaiana\/#article\",\"isPartOf\":{\"@id\":\"https:\/\/www.pm.pb.gov.br\/portal\/2020\/05\/19\/em-menos-de-24-horas-policia-militar-prende-dois-suspeitos-de-homicidio-em-itabaiana\/\"},\"author\":{\"name\":\"Tarcisio Oliveira\",\"@id\":\"https:\/\/www.pm.pb.gov.br\/portal\/#\/schema\/person\/f84f56dcc78ce4357054da888b8247fd\"},\"headline\":\"Em menos de 24 horas, Pol\u00edcia Militar prende dois suspeitos de homic\u00eddio em Itabaiana\",\"datePublished\":\"2020-05-20T01:56:26+00:00\",\"dateModified\":\"2020-05-20T01:56:28+00:00\",\"mainEntityOfPage\":{\"@id\":\"https:\/\/www.pm.pb.gov.br\/portal\/2020\/05\/19\/em-menos-de-24-horas-policia-militar-prende-dois-suspeitos-de-homicidio-em-itabaiana\/\"},\"wordCount\":255,\"publisher\":{\"@id\":\"https:\/\/www.pm.pb.gov.br\/portal\/#organization\"},\"articleSection\":[\"A\u00e7\u00f5es Policiais\"],\"inLanguage\":\"pt-BR\"},{\"@type\":\"WebPage\",\"@id\":\"https:\/\/www.pm.pb.gov.br\/portal\/2020\/05\/19\/em-menos-de-24-horas-policia-militar-prende-dois-suspeitos-de-homicidio-em-itabaiana\/\",\"url\":\"https:\/\/www.pm.pb.gov.br\/portal\/2020\/05\/19\/em-menos-de-24-horas-policia-militar-prende-dois-suspeitos-de-homicidio-em-itabaiana\/\",\"name\":\"Em menos de 24 horas, Pol\u00edcia Militar prende dois suspeitos de homic\u00eddio em Itabaiana - Pol\u00edcia Militar da Para\u00edba\",\"isPartOf\":{\"@id\":\"https:\/\/www.pm.pb.gov.br\/portal\/#website\"},\"datePublished\":\"2020-05-20T01:56:26+00:00\",\"dateModified\":\"2020-05-20T01:56:28+00:00\",\"breadcrumb\":{\"@id\":\"https:\/\/www.pm.pb.gov.br\/portal\/2020\/05\/19\/em-menos-de-24-horas-policia-militar-prende-dois-suspeitos-de-homicidio-em-itabaiana\/#breadcrumb\"},\"inLanguage\":\"pt-BR\",\"potentialAction\":[{\"@type\":\"ReadAction\",\"target\":[\"https:\/\/www.pm.pb.gov.br\/portal\/2020\/05\/19\/em-menos-de-24-horas-policia-militar-prende-dois-suspeitos-de-homicidio-em-itabaiana\/\"]}]},{\"@type\":\"BreadcrumbList\",\"@id\":\"https:\/\/www.pm.pb.gov.br\/portal\/2020\/05\/19\/em-menos-de-24-horas-policia-militar-prende-dois-suspeitos-de-homicidio-em-itabaiana\/#breadcrumb\",\"itemListElement\":[{\"@type\":\"ListItem\",\"position\":1,\"name\":\"In\u00edcio\",\"item\":\"https:\/\/www.pm.pb.gov.br\/portal\/\"},{\"@type\":\"ListItem\",\"position\":2,\"name\":\"Em menos de 24 horas, Pol\u00edcia Militar prende dois suspeitos de homic\u00eddio em Itabaiana\"}]},{\"@type\":\"WebSite\",\"@id\":\"https:\/\/www.pm.pb.gov.br\/portal\/#website\",\"url\":\"https:\/\/www.pm.pb.gov.br\/portal\/\",\"name\":\"Pol\u00edcia Militar da Para\u00edba\",\"description\":\"\",\"publisher\":{\"@id\":\"https:\/\/www.pm.pb.gov.br\/portal\/#organization\"},\"potentialAction\":[{\"@type\":\"SearchAction\",\"target\":{\"@type\":\"EntryPoint\",\"urlTemplate\":\"https:\/\/www.pm.pb.gov.br\/portal\/?s={search_term_string}\"},\"query-input\":\"required name=search_term_string\"}],\"inLanguage\":\"pt-BR\"},{\"@type\":\"Organization\",\"@id\":\"https:\/\/www.pm.pb.gov.br\/portal\/#organization\",\"name\":\"Pol\u00edcia Militar da Para\u00edba\",\"url\":\"https:\/\/www.pm.pb.gov.br\/portal\/\",\"logo\":{\"@type\":\"ImageObject\",\"inLanguage\":\"pt-BR\",\"@id\":\"https:\/\/www.pm.pb.gov.br\/portal\/#\/schema\/logo\/image\/\",\"url\":\"https:\/\/www.pm.pb.gov.br\/portal\/wp-content\/uploads\/2025\/03\/cropped-logo-site-mag2-1.png\",\"contentUrl\":\"https:\/\/www.pm.pb.gov.br\/portal\/wp-content\/uploads\/2025\/03\/cropped-logo-site-mag2-1.png\",\"width\":320,\"height\":90,\"caption\":\"Pol\u00edcia Militar da Para\u00edba\"},\"image\":{\"@id\":\"https:\/\/www.pm.pb.gov.br\/portal\/#\/schema\/logo\/image\/\"}},{\"@type\":\"Person\",\"@id\":\"https:\/\/www.pm.pb.gov.br\/portal\/#\/schema\/person\/f84f56dcc78ce4357054da888b8247fd\",\"name\":\"Tarcisio Oliveira\",\"image\":{\"@type\":\"ImageObject\",\"inLanguage\":\"pt-BR\",\"@id\":\"https:\/\/www.pm.pb.gov.br\/portal\/#\/schema\/person\/image\/\",\"url\":\"https:\/\/secure.gravatar.com\/avatar\/72917b630b69d31cd0297507f34bac97?s=96&d=mm&r=g\",\"contentUrl\":\"https:\/\/secure.gravatar.com\/avatar\/72917b630b69d31cd0297507f34bac97?s=96&d=mm&r=g\",\"caption\":\"Tarcisio Oliveira\"},\"url\":\"https:\/\/www.pm.pb.gov.br\/portal\/author\/tarcisio\/\"}]}<\/script>\n<!-- \/ Yoast SEO plugin. -->","yoast_head_json":{"title":"Em menos de 24 horas, Pol\u00edcia Militar prende dois suspeitos de homic\u00eddio em Itabaiana - Pol\u00edcia Militar da Para\u00edba","robots":{"index":"index","follow":"follow","max-snippet":"max-snippet:-1","max-image-preview":"max-image-preview:large","max-video-preview":"max-video-preview:-1"},"canonical":"https:\/\/www.pm.pb.gov.br\/portal\/2020\/05\/19\/em-menos-de-24-horas-policia-militar-prende-dois-suspeitos-de-homicidio-em-itabaiana\/","og_locale":"pt_BR","og_type":"article","og_title":"Em menos de 24 horas, Pol\u00edcia Militar prende dois suspeitos de homic\u00eddio em Itabaiana - Pol\u00edcia Militar da Para\u00edba","og_description":"Em menos de 24 horas, a Pol\u00edcia Militar prendeu dois suspeitos de homic\u00eddio, que aconteceu nas primeiras horas desta \u00faltima","og_url":"https:\/\/www.pm.pb.gov.br\/portal\/2020\/05\/19\/em-menos-de-24-horas-policia-militar-prende-dois-suspeitos-de-homicidio-em-itabaiana\/","og_site_name":"Pol\u00edcia Militar da Para\u00edba","article_published_time":"2020-05-20T01:56:26+00:00","article_modified_time":"2020-05-20T01:56:28+00:00","og_image":[{"width":800,"height":445,"url":"https:\/\/www.pm.pb.gov.br\/portal\/wp-content\/uploads\/2019\/01\/ilustrativa.jpg","type":"image\/jpeg"}],"author":"Tarcisio Oliveira","twitter_card":"summary_large_image","twitter_misc":{"Escrito por":"Tarcisio Oliveira","Est. tempo de leitura":"1 minuto"},"schema":{"@context":"https:\/\/schema.org","@graph":[{"@type":"Article","@id":"https:\/\/www.pm.pb.gov.br\/portal\/2020\/05\/19\/em-menos-de-24-horas-policia-militar-prende-dois-suspeitos-de-homicidio-em-itabaiana\/#article","isPartOf":{"@id":"https:\/\/www.pm.pb.gov.br\/portal\/2020\/05\/19\/em-menos-de-24-horas-policia-militar-prende-dois-suspeitos-de-homicidio-em-itabaiana\/"},"author":{"name":"Tarcisio Oliveira","@id":"https:\/\/www.pm.pb.gov.br\/portal\/#\/schema\/person\/f84f56dcc78ce4357054da888b8247fd"},"headline":"Em menos de 24 horas, Pol\u00edcia Militar prende dois suspeitos de homic\u00eddio em Itabaiana","datePublished":"2020-05-20T01:56:26+00:00","dateModified":"2020-05-20T01:56:28+00:00","mainEntityOfPage":{"@id":"https:\/\/www.pm.pb.gov.br\/portal\/2020\/05\/19\/em-menos-de-24-horas-policia-militar-prende-dois-suspeitos-de-homicidio-em-itabaiana\/"},"wordCount":255,"publisher":{"@id":"https:\/\/www.pm.pb.gov.br\/portal\/#organization"},"articleSection":["A\u00e7\u00f5es Policiais"],"inLanguage":"pt-BR"},{"@type":"WebPage","@id":"https:\/\/www.pm.pb.gov.br\/portal\/2020\/05\/19\/em-menos-de-24-horas-policia-militar-prende-dois-suspeitos-de-homicidio-em-itabaiana\/","url":"https:\/\/www.pm.pb.gov.br\/portal\/2020\/05\/19\/em-menos-de-24-horas-policia-militar-prende-dois-suspeitos-de-homicidio-em-itabaiana\/","name":"Em menos de 24 horas, Pol\u00edcia Militar prende dois suspeitos de homic\u00eddio em Itabaiana - Pol\u00edcia Militar da Para\u00edba","isPartOf":{"@id":"https:\/\/www.pm.pb.gov.br\/portal\/#website"},"datePublished":"2020-05-20T01:56:26+00:00","dateModified":"2020-05-20T01:56:28+00:00","breadcrumb":{"@id":"https:\/\/www.pm.pb.gov.br\/portal\/2020\/05\/19\/em-menos-de-24-horas-policia-militar-prende-dois-suspeitos-de-homicidio-em-itabaiana\/#breadcrumb"},"inLanguage":"pt-BR","potentialAction":[{"@type":"ReadAction","target":["https:\/\/www.pm.pb.gov.br\/portal\/2020\/05\/19\/em-menos-de-24-horas-policia-militar-prende-dois-suspeitos-de-homicidio-em-itabaiana\/"]}]},{"@type":"BreadcrumbList","@id":"https:\/\/www.pm.pb.gov.br\/portal\/2020\/05\/19\/em-menos-de-24-horas-policia-militar-prende-dois-suspeitos-de-homicidio-em-itabaiana\/#breadcrumb","itemListElement":[{"@type":"ListItem","position":1,"name":"In\u00edcio","item":"https:\/\/www.pm.pb.gov.br\/portal\/"},{"@type":"ListItem","position":2,"name":"Em menos de 24 horas, Pol\u00edcia Militar prende dois suspeitos de homic\u00eddio em Itabaiana"}]},{"@type":"WebSite","@id":"https:\/\/www.pm.pb.gov.br\/portal\/#website","url":"https:\/\/www.pm.pb.gov.br\/portal\/","name":"Pol\u00edcia Militar da Para\u00edba","description":"","publisher":{"@id":"https:\/\/www.pm.pb.gov.br\/portal\/#organization"},"potentialAction":[{"@type":"SearchAction","target":{"@type":"EntryPoint","urlTemplate":"https:\/\/www.pm.pb.gov.br\/portal\/?s={search_term_string}"},"query-input":"required name=search_term_string"}],"inLanguage":"pt-BR"},{"@type":"Organization","@id":"https:\/\/www.pm.pb.gov.br\/portal\/#organization","name":"Pol\u00edcia Militar da Para\u00edba","url":"https:\/\/www.pm.pb.gov.br\/portal\/","logo":{"@type":"ImageObject","inLanguage":"pt-BR","@id":"https:\/\/www.pm.pb.gov.br\/portal\/#\/schema\/logo\/image\/","url":"https:\/\/www.pm.pb.gov.br\/portal\/wp-content\/uploads\/2025\/03\/cropped-logo-site-mag2-1.png","contentUrl":"https:\/\/www.pm.pb.gov.br\/portal\/wp-content\/uploads\/2025\/03\/cropped-logo-site-mag2-1.png","width":320,"height":90,"caption":"Pol\u00edcia Militar da Para\u00edba"},"image":{"@id":"https:\/\/www.pm.pb.gov.br\/portal\/#\/schema\/logo\/image\/"}},{"@type":"Person","@id":"https:\/\/www.pm.pb.gov.br\/portal\/#\/schema\/person\/f84f56dcc78ce4357054da888b8247fd","name":"Tarcisio Oliveira","image":{"@type":"ImageObject","inLanguage":"pt-BR","@id":"https:\/\/www.pm.pb.gov.br\/portal\/#\/schema\/person\/image\/","url":"https:\/\/secure.gravatar.com\/avatar\/72917b630b69d31cd0297507f34bac97?s=96&d=mm&r=g","contentUrl":"https:\/\/secure.gravatar.com\/avatar\/72917b630b69d31cd0297507f34bac97?s=96&d=mm&r=g","caption":"Tarcisio Oliveira"},"url":"https:\/\/www.pm.pb.gov.br\/portal\/author\/tarcisio\/"}]}},"_links":{"self":[{"href":"https:\/\/www.pm.pb.gov.br\/portal\/wp-json\/wp\/v2\/posts\/905181"}],"collection":[{"href":"https:\/\/www.pm.pb.gov.br\/portal\/wp-json\/wp\/v2\/posts"}],"about":[{"href":"https:\/\/www.pm.pb.gov.br\/portal\/wp-json\/wp\/v2\/types\/post"}],"author":[{"embeddable":true,"href":"https:\/\/www.pm.pb.gov.br\/portal\/wp-json\/wp\/v2\/users\/12"}],"replies":[{"embeddable":true,"href":"https:\/\/www.pm.pb.gov.br\/portal\/wp-json\/wp\/v2\/comments?post=905181"}],"version-history":[{"count":2,"href":"https:\/\/www.pm.pb.gov.br\/portal\/wp-json\/wp\/v2\/posts\/905181\/revisions"}],"predecessor-version":[{"id":905183,"href":"https:\/\/www.pm.pb.gov.br\/portal\/wp-json\/wp\/v2\/posts\/905181\/revisions\/905183"}],"wp:featuredmedia":[{"embeddable":true,"href":"https:\/\/www.pm.pb.gov.br\/portal\/wp-json\/wp\/v2\/media\/899721"}],"wp:attachment":[{"href":"https:\/\/www.pm.pb.gov.br\/portal\/wp-json\/wp\/v2\/media?parent=905181"}],"wp:term":[{"taxonomy":"category","embeddable":true,"href":"https:\/\/www.pm.pb.gov.br\/portal\/wp-json\/wp\/v2\/categories?post=905181"},{"taxonomy":"post_tag","embeddable":true,"href":"https:\/\/www.pm.pb.gov.br\/portal\/wp-json\/wp\/v2\/tags?post=905181"}],"curies":[{"name":"wp","href":"https:\/\/api.w.org\/{rel}","templated":true}]}}