{"id":905168,"date":"2020-05-19T07:24:13","date_gmt":"2020-05-19T10:24:13","guid":{"rendered":"http:\/\/www.pm.pb.gov.br\/portal\/?p=905168"},"modified":"2020-05-19T07:24:15","modified_gmt":"2020-05-19T10:24:15","slug":"operacao-malhas-da-lei-comeca-semana-com-novos-cumprimentos-de-mandados-de-prisao-na-paraiba","status":"publish","type":"post","link":"https:\/\/www.pm.pb.gov.br\/portal\/2020\/05\/19\/operacao-malhas-da-lei-comeca-semana-com-novos-cumprimentos-de-mandados-de-prisao-na-paraiba\/","title":{"rendered":"Opera\u00e7\u00e3o Malhas da Lei come\u00e7a semana com novos cumprimentos de mandados de pris\u00e3o na Para\u00edba"},"content":{"rendered":"<p>A semana come\u00e7ou com o cumprimento de mis quatro mandados de pris\u00e3o na Opera\u00e7\u00e3o Malhas da Lei, que acontece em todo o Estado para prender procurados da justi\u00e7a. As pris\u00f5es dessa segunda-feira (18) aconteceram nas cidades de Sap\u00e9, Campina Grande e Cajazeiras.<\/p>\n<p>Em Sap\u00e9, foram cumpridos dois mandados de pris\u00e3o pelas equipes da 3\u00aa Companhia do 7\u00ba Batalh\u00e3o. Um por tr\u00e1fico de drogas contra um acusado de 36 anos e outro por furto qualificado, que resultou na pris\u00e3o de um suspeito de 35 anos. Os mandados foram expedidos pela 1\u00b0 Vara Mista de Sap\u00e9.<\/p>\n<p>Na cidade de Campina Grande, os policiais da For\u00e7a T\u00e1tica do 10\u00ba Batalh\u00e3o prenderam um acusado de roubo, de 25 anos, que estava com um mandado de pris\u00e3o expedido pela Vara de Execu\u00e7\u00e3o Penal do munic\u00edpio. Ele foi localizado em uma casa, no bairro da Concei\u00e7\u00e3o. A Opera\u00e7\u00e3o teve ainda um mandado de pris\u00e3o cumprido contra um suspeito de 41 anos, no centro de Cajazeiras, no Sert\u00e3o.<\/p>\n<p>Novos mandados de pris\u00e3o devem ser cumpridos no decorrer da semana. Na cidade de Santa Rita, que fica na regi\u00e3o metropolitana de Jo\u00e3o Pessoa, a Opera\u00e7\u00e3o Malhas da Lei j\u00e1 foi respons\u00e1vel pela captura de 43 procurados pela justi\u00e7a, por crimes dos mais diferentes tipos.<\/p>\n","protected":false},"excerpt":{"rendered":"<p>A semana come\u00e7ou com o cumprimento de mis quatro mandados de pris\u00e3o na Opera\u00e7\u00e3o Malhas da Lei, que acontece em<\/p>\n","protected":false},"author":10,"featured_media":903832,"comment_status":"closed","ping_status":"closed","sticky":false,"template":"","format":"standard","meta":{"_exactmetrics_skip_tracking":false,"_exactmetrics_sitenote_active":false,"_exactmetrics_sitenote_note":"","_exactmetrics_sitenote_category":0,"footnotes":""},"categories":[4],"tags":[],"yoast_head":"<!-- This site is optimized with the Yoast SEO plugin v22.0 - https:\/\/yoast.com\/wordpress\/plugins\/seo\/ -->\n<title>Opera\u00e7\u00e3o Malhas da Lei come\u00e7a semana com novos cumprimentos de mandados de pris\u00e3o na Para\u00edba - Pol\u00edcia Militar da Para\u00edba<\/title>\n<meta name=\"robots\" content=\"index, follow, max-snippet:-1, max-image-preview:large, max-video-preview:-1\" \/>\n<link rel=\"canonical\" href=\"https:\/\/www.pm.pb.gov.br\/portal\/2020\/05\/19\/operacao-malhas-da-lei-comeca-semana-com-novos-cumprimentos-de-mandados-de-prisao-na-paraiba\/\" \/>\n<meta property=\"og:locale\" content=\"pt_BR\" \/>\n<meta property=\"og:type\" content=\"article\" \/>\n<meta property=\"og:title\" content=\"Opera\u00e7\u00e3o Malhas da Lei come\u00e7a semana com novos cumprimentos de mandados de pris\u00e3o na Para\u00edba - Pol\u00edcia Militar da Para\u00edba\" \/>\n<meta property=\"og:description\" content=\"A semana come\u00e7ou com o cumprimento de mis quatro mandados de pris\u00e3o na Opera\u00e7\u00e3o Malhas da Lei, que acontece em\" \/>\n<meta property=\"og:url\" content=\"https:\/\/www.pm.pb.gov.br\/portal\/2020\/05\/19\/operacao-malhas-da-lei-comeca-semana-com-novos-cumprimentos-de-mandados-de-prisao-na-paraiba\/\" \/>\n<meta property=\"og:site_name\" content=\"Pol\u00edcia Militar da Para\u00edba\" \/>\n<meta property=\"article:published_time\" content=\"2020-05-19T10:24:13+00:00\" \/>\n<meta property=\"article:modified_time\" content=\"2020-05-19T10:24:15+00:00\" \/>\n<meta property=\"og:image\" content=\"https:\/\/www.pm.pb.gov.br\/portal\/wp-content\/uploads\/2020\/02\/WhatsApp-Image-2020-02-10-at-09.58.32.jpg\" \/>\n\t<meta property=\"og:image:width\" content=\"875\" \/>\n\t<meta property=\"og:image:height\" content=\"487\" \/>\n\t<meta property=\"og:image:type\" content=\"image\/jpeg\" \/>\n<meta name=\"author\" content=\"WAGNER HENRIQUE VARELA DA SILVA\" \/>\n<meta name=\"twitter:card\" content=\"summary_large_image\" \/>\n<meta name=\"twitter:label1\" content=\"Escrito por\" \/>\n\t<meta name=\"twitter:data1\" content=\"WAGNER HENRIQUE VARELA DA SILVA\" \/>\n\t<meta name=\"twitter:label2\" content=\"Est. tempo de leitura\" \/>\n\t<meta name=\"twitter:data2\" content=\"1 minuto\" \/>\n<script type=\"application\/ld+json\" class=\"yoast-schema-graph\">{\"@context\":\"https:\/\/schema.org\",\"@graph\":[{\"@type\":\"Article\",\"@id\":\"https:\/\/www.pm.pb.gov.br\/portal\/2020\/05\/19\/operacao-malhas-da-lei-comeca-semana-com-novos-cumprimentos-de-mandados-de-prisao-na-paraiba\/#article\",\"isPartOf\":{\"@id\":\"https:\/\/www.pm.pb.gov.br\/portal\/2020\/05\/19\/operacao-malhas-da-lei-comeca-semana-com-novos-cumprimentos-de-mandados-de-prisao-na-paraiba\/\"},\"author\":{\"name\":\"WAGNER HENRIQUE VARELA DA SILVA\",\"@id\":\"https:\/\/www.pm.pb.gov.br\/portal\/#\/schema\/person\/b169b297b8494dea236e315ed1a201d1\"},\"headline\":\"Opera\u00e7\u00e3o Malhas da Lei come\u00e7a semana com novos cumprimentos de mandados de pris\u00e3o na Para\u00edba\",\"datePublished\":\"2020-05-19T10:24:13+00:00\",\"dateModified\":\"2020-05-19T10:24:15+00:00\",\"mainEntityOfPage\":{\"@id\":\"https:\/\/www.pm.pb.gov.br\/portal\/2020\/05\/19\/operacao-malhas-da-lei-comeca-semana-com-novos-cumprimentos-de-mandados-de-prisao-na-paraiba\/\"},\"wordCount\":240,\"publisher\":{\"@id\":\"https:\/\/www.pm.pb.gov.br\/portal\/#organization\"},\"articleSection\":[\"A\u00e7\u00f5es Policiais\"],\"inLanguage\":\"pt-BR\"},{\"@type\":\"WebPage\",\"@id\":\"https:\/\/www.pm.pb.gov.br\/portal\/2020\/05\/19\/operacao-malhas-da-lei-comeca-semana-com-novos-cumprimentos-de-mandados-de-prisao-na-paraiba\/\",\"url\":\"https:\/\/www.pm.pb.gov.br\/portal\/2020\/05\/19\/operacao-malhas-da-lei-comeca-semana-com-novos-cumprimentos-de-mandados-de-prisao-na-paraiba\/\",\"name\":\"Opera\u00e7\u00e3o Malhas da Lei come\u00e7a semana com novos cumprimentos de mandados de pris\u00e3o na Para\u00edba - Pol\u00edcia Militar da Para\u00edba\",\"isPartOf\":{\"@id\":\"https:\/\/www.pm.pb.gov.br\/portal\/#website\"},\"datePublished\":\"2020-05-19T10:24:13+00:00\",\"dateModified\":\"2020-05-19T10:24:15+00:00\",\"breadcrumb\":{\"@id\":\"https:\/\/www.pm.pb.gov.br\/portal\/2020\/05\/19\/operacao-malhas-da-lei-comeca-semana-com-novos-cumprimentos-de-mandados-de-prisao-na-paraiba\/#breadcrumb\"},\"inLanguage\":\"pt-BR\",\"potentialAction\":[{\"@type\":\"ReadAction\",\"target\":[\"https:\/\/www.pm.pb.gov.br\/portal\/2020\/05\/19\/operacao-malhas-da-lei-comeca-semana-com-novos-cumprimentos-de-mandados-de-prisao-na-paraiba\/\"]}]},{\"@type\":\"BreadcrumbList\",\"@id\":\"https:\/\/www.pm.pb.gov.br\/portal\/2020\/05\/19\/operacao-malhas-da-lei-comeca-semana-com-novos-cumprimentos-de-mandados-de-prisao-na-paraiba\/#breadcrumb\",\"itemListElement\":[{\"@type\":\"ListItem\",\"position\":1,\"name\":\"In\u00edcio\",\"item\":\"https:\/\/www.pm.pb.gov.br\/portal\/\"},{\"@type\":\"ListItem\",\"position\":2,\"name\":\"Opera\u00e7\u00e3o Malhas da Lei come\u00e7a semana com novos cumprimentos de mandados de pris\u00e3o na Para\u00edba\"}]},{\"@type\":\"WebSite\",\"@id\":\"https:\/\/www.pm.pb.gov.br\/portal\/#website\",\"url\":\"https:\/\/www.pm.pb.gov.br\/portal\/\",\"name\":\"Pol\u00edcia Militar da Para\u00edba\",\"description\":\"\",\"publisher\":{\"@id\":\"https:\/\/www.pm.pb.gov.br\/portal\/#organization\"},\"potentialAction\":[{\"@type\":\"SearchAction\",\"target\":{\"@type\":\"EntryPoint\",\"urlTemplate\":\"https:\/\/www.pm.pb.gov.br\/portal\/?s={search_term_string}\"},\"query-input\":\"required name=search_term_string\"}],\"inLanguage\":\"pt-BR\"},{\"@type\":\"Organization\",\"@id\":\"https:\/\/www.pm.pb.gov.br\/portal\/#organization\",\"name\":\"Pol\u00edcia Militar da Para\u00edba\",\"url\":\"https:\/\/www.pm.pb.gov.br\/portal\/\",\"logo\":{\"@type\":\"ImageObject\",\"inLanguage\":\"pt-BR\",\"@id\":\"https:\/\/www.pm.pb.gov.br\/portal\/#\/schema\/logo\/image\/\",\"url\":\"https:\/\/www.pm.pb.gov.br\/portal\/wp-content\/uploads\/2025\/03\/cropped-logo-site-mag2-1.png\",\"contentUrl\":\"https:\/\/www.pm.pb.gov.br\/portal\/wp-content\/uploads\/2025\/03\/cropped-logo-site-mag2-1.png\",\"width\":320,\"height\":90,\"caption\":\"Pol\u00edcia Militar da Para\u00edba\"},\"image\":{\"@id\":\"https:\/\/www.pm.pb.gov.br\/portal\/#\/schema\/logo\/image\/\"}},{\"@type\":\"Person\",\"@id\":\"https:\/\/www.pm.pb.gov.br\/portal\/#\/schema\/person\/b169b297b8494dea236e315ed1a201d1\",\"name\":\"WAGNER HENRIQUE VARELA DA SILVA\",\"image\":{\"@type\":\"ImageObject\",\"inLanguage\":\"pt-BR\",\"@id\":\"https:\/\/www.pm.pb.gov.br\/portal\/#\/schema\/person\/image\/\",\"url\":\"https:\/\/secure.gravatar.com\/avatar\/e08af53176a66730df5c0706c6c31fd6?s=96&d=mm&r=g\",\"contentUrl\":\"https:\/\/secure.gravatar.com\/avatar\/e08af53176a66730df5c0706c6c31fd6?s=96&d=mm&r=g\",\"caption\":\"WAGNER HENRIQUE VARELA DA SILVA\"},\"url\":\"https:\/\/www.pm.pb.gov.br\/portal\/author\/varela\/\"}]}<\/script>\n<!-- \/ Yoast SEO plugin. -->","yoast_head_json":{"title":"Opera\u00e7\u00e3o Malhas da Lei come\u00e7a semana com novos cumprimentos de mandados de pris\u00e3o na Para\u00edba - Pol\u00edcia Militar da Para\u00edba","robots":{"index":"index","follow":"follow","max-snippet":"max-snippet:-1","max-image-preview":"max-image-preview:large","max-video-preview":"max-video-preview:-1"},"canonical":"https:\/\/www.pm.pb.gov.br\/portal\/2020\/05\/19\/operacao-malhas-da-lei-comeca-semana-com-novos-cumprimentos-de-mandados-de-prisao-na-paraiba\/","og_locale":"pt_BR","og_type":"article","og_title":"Opera\u00e7\u00e3o Malhas da Lei come\u00e7a semana com novos cumprimentos de mandados de pris\u00e3o na Para\u00edba - Pol\u00edcia Militar da Para\u00edba","og_description":"A semana come\u00e7ou com o cumprimento de mis quatro mandados de pris\u00e3o na Opera\u00e7\u00e3o Malhas da Lei, que acontece em","og_url":"https:\/\/www.pm.pb.gov.br\/portal\/2020\/05\/19\/operacao-malhas-da-lei-comeca-semana-com-novos-cumprimentos-de-mandados-de-prisao-na-paraiba\/","og_site_name":"Pol\u00edcia Militar da Para\u00edba","article_published_time":"2020-05-19T10:24:13+00:00","article_modified_time":"2020-05-19T10:24:15+00:00","og_image":[{"width":875,"height":487,"url":"https:\/\/www.pm.pb.gov.br\/portal\/wp-content\/uploads\/2020\/02\/WhatsApp-Image-2020-02-10-at-09.58.32.jpg","type":"image\/jpeg"}],"author":"WAGNER HENRIQUE VARELA DA SILVA","twitter_card":"summary_large_image","twitter_misc":{"Escrito por":"WAGNER HENRIQUE VARELA DA SILVA","Est. tempo de leitura":"1 minuto"},"schema":{"@context":"https:\/\/schema.org","@graph":[{"@type":"Article","@id":"https:\/\/www.pm.pb.gov.br\/portal\/2020\/05\/19\/operacao-malhas-da-lei-comeca-semana-com-novos-cumprimentos-de-mandados-de-prisao-na-paraiba\/#article","isPartOf":{"@id":"https:\/\/www.pm.pb.gov.br\/portal\/2020\/05\/19\/operacao-malhas-da-lei-comeca-semana-com-novos-cumprimentos-de-mandados-de-prisao-na-paraiba\/"},"author":{"name":"WAGNER HENRIQUE VARELA DA SILVA","@id":"https:\/\/www.pm.pb.gov.br\/portal\/#\/schema\/person\/b169b297b8494dea236e315ed1a201d1"},"headline":"Opera\u00e7\u00e3o Malhas da Lei come\u00e7a semana com novos cumprimentos de mandados de pris\u00e3o na Para\u00edba","datePublished":"2020-05-19T10:24:13+00:00","dateModified":"2020-05-19T10:24:15+00:00","mainEntityOfPage":{"@id":"https:\/\/www.pm.pb.gov.br\/portal\/2020\/05\/19\/operacao-malhas-da-lei-comeca-semana-com-novos-cumprimentos-de-mandados-de-prisao-na-paraiba\/"},"wordCount":240,"publisher":{"@id":"https:\/\/www.pm.pb.gov.br\/portal\/#organization"},"articleSection":["A\u00e7\u00f5es Policiais"],"inLanguage":"pt-BR"},{"@type":"WebPage","@id":"https:\/\/www.pm.pb.gov.br\/portal\/2020\/05\/19\/operacao-malhas-da-lei-comeca-semana-com-novos-cumprimentos-de-mandados-de-prisao-na-paraiba\/","url":"https:\/\/www.pm.pb.gov.br\/portal\/2020\/05\/19\/operacao-malhas-da-lei-comeca-semana-com-novos-cumprimentos-de-mandados-de-prisao-na-paraiba\/","name":"Opera\u00e7\u00e3o Malhas da Lei come\u00e7a semana com novos cumprimentos de mandados de pris\u00e3o na Para\u00edba - Pol\u00edcia Militar da Para\u00edba","isPartOf":{"@id":"https:\/\/www.pm.pb.gov.br\/portal\/#website"},"datePublished":"2020-05-19T10:24:13+00:00","dateModified":"2020-05-19T10:24:15+00:00","breadcrumb":{"@id":"https:\/\/www.pm.pb.gov.br\/portal\/2020\/05\/19\/operacao-malhas-da-lei-comeca-semana-com-novos-cumprimentos-de-mandados-de-prisao-na-paraiba\/#breadcrumb"},"inLanguage":"pt-BR","potentialAction":[{"@type":"ReadAction","target":["https:\/\/www.pm.pb.gov.br\/portal\/2020\/05\/19\/operacao-malhas-da-lei-comeca-semana-com-novos-cumprimentos-de-mandados-de-prisao-na-paraiba\/"]}]},{"@type":"BreadcrumbList","@id":"https:\/\/www.pm.pb.gov.br\/portal\/2020\/05\/19\/operacao-malhas-da-lei-comeca-semana-com-novos-cumprimentos-de-mandados-de-prisao-na-paraiba\/#breadcrumb","itemListElement":[{"@type":"ListItem","position":1,"name":"In\u00edcio","item":"https:\/\/www.pm.pb.gov.br\/portal\/"},{"@type":"ListItem","position":2,"name":"Opera\u00e7\u00e3o Malhas da Lei come\u00e7a semana com novos cumprimentos de mandados de pris\u00e3o na Para\u00edba"}]},{"@type":"WebSite","@id":"https:\/\/www.pm.pb.gov.br\/portal\/#website","url":"https:\/\/www.pm.pb.gov.br\/portal\/","name":"Pol\u00edcia Militar da Para\u00edba","description":"","publisher":{"@id":"https:\/\/www.pm.pb.gov.br\/portal\/#organization"},"potentialAction":[{"@type":"SearchAction","target":{"@type":"EntryPoint","urlTemplate":"https:\/\/www.pm.pb.gov.br\/portal\/?s={search_term_string}"},"query-input":"required name=search_term_string"}],"inLanguage":"pt-BR"},{"@type":"Organization","@id":"https:\/\/www.pm.pb.gov.br\/portal\/#organization","name":"Pol\u00edcia Militar da Para\u00edba","url":"https:\/\/www.pm.pb.gov.br\/portal\/","logo":{"@type":"ImageObject","inLanguage":"pt-BR","@id":"https:\/\/www.pm.pb.gov.br\/portal\/#\/schema\/logo\/image\/","url":"https:\/\/www.pm.pb.gov.br\/portal\/wp-content\/uploads\/2025\/03\/cropped-logo-site-mag2-1.png","contentUrl":"https:\/\/www.pm.pb.gov.br\/portal\/wp-content\/uploads\/2025\/03\/cropped-logo-site-mag2-1.png","width":320,"height":90,"caption":"Pol\u00edcia Militar da Para\u00edba"},"image":{"@id":"https:\/\/www.pm.pb.gov.br\/portal\/#\/schema\/logo\/image\/"}},{"@type":"Person","@id":"https:\/\/www.pm.pb.gov.br\/portal\/#\/schema\/person\/b169b297b8494dea236e315ed1a201d1","name":"WAGNER HENRIQUE VARELA DA SILVA","image":{"@type":"ImageObject","inLanguage":"pt-BR","@id":"https:\/\/www.pm.pb.gov.br\/portal\/#\/schema\/person\/image\/","url":"https:\/\/secure.gravatar.com\/avatar\/e08af53176a66730df5c0706c6c31fd6?s=96&d=mm&r=g","contentUrl":"https:\/\/secure.gravatar.com\/avatar\/e08af53176a66730df5c0706c6c31fd6?s=96&d=mm&r=g","caption":"WAGNER HENRIQUE VARELA DA SILVA"},"url":"https:\/\/www.pm.pb.gov.br\/portal\/author\/varela\/"}]}},"_links":{"self":[{"href":"https:\/\/www.pm.pb.gov.br\/portal\/wp-json\/wp\/v2\/posts\/905168"}],"collection":[{"href":"https:\/\/www.pm.pb.gov.br\/portal\/wp-json\/wp\/v2\/posts"}],"about":[{"href":"https:\/\/www.pm.pb.gov.br\/portal\/wp-json\/wp\/v2\/types\/post"}],"author":[{"embeddable":true,"href":"https:\/\/www.pm.pb.gov.br\/portal\/wp-json\/wp\/v2\/users\/10"}],"replies":[{"embeddable":true,"href":"https:\/\/www.pm.pb.gov.br\/portal\/wp-json\/wp\/v2\/comments?post=905168"}],"version-history":[{"count":1,"href":"https:\/\/www.pm.pb.gov.br\/portal\/wp-json\/wp\/v2\/posts\/905168\/revisions"}],"predecessor-version":[{"id":905169,"href":"https:\/\/www.pm.pb.gov.br\/portal\/wp-json\/wp\/v2\/posts\/905168\/revisions\/905169"}],"wp:featuredmedia":[{"embeddable":true,"href":"https:\/\/www.pm.pb.gov.br\/portal\/wp-json\/wp\/v2\/media\/903832"}],"wp:attachment":[{"href":"https:\/\/www.pm.pb.gov.br\/portal\/wp-json\/wp\/v2\/media?parent=905168"}],"wp:term":[{"taxonomy":"category","embeddable":true,"href":"https:\/\/www.pm.pb.gov.br\/portal\/wp-json\/wp\/v2\/categories?post=905168"},{"taxonomy":"post_tag","embeddable":true,"href":"https:\/\/www.pm.pb.gov.br\/portal\/wp-json\/wp\/v2\/tags?post=905168"}],"curies":[{"name":"wp","href":"https:\/\/api.w.org\/{rel}","templated":true}]}}