{"id":905138,"date":"2020-05-17T17:03:41","date_gmt":"2020-05-17T20:03:41","guid":{"rendered":"http:\/\/www.pm.pb.gov.br\/portal\/?p=905138"},"modified":"2020-05-17T17:03:42","modified_gmt":"2020-05-17T20:03:42","slug":"policia-militar-apreende-tres-armas-de-fogo-em-acoes-realizadas-em-sousa","status":"publish","type":"post","link":"https:\/\/www.pm.pb.gov.br\/portal\/2020\/05\/17\/policia-militar-apreende-tres-armas-de-fogo-em-acoes-realizadas-em-sousa\/","title":{"rendered":"Pol\u00edcia Militar apreende tr\u00eas armas de fogo em a\u00e7\u00f5es realizadas em Sousa"},"content":{"rendered":"\n<p>A Pol\u00edcia Militar apreendeu mais tr\u00eas armas de fogo, nesse s\u00e1bado (16), em a\u00e7\u00f5es realizadas na cidade de Sousa. Foram presos tr\u00eas suspeitos, com idades entre 46 e 67 anos.<br \/><br \/>A primeira arma de fogo foi apreendida pelos policiais da For\u00e7a T\u00e1tica do 14\u00ba Batalh\u00e3o no final da manh\u00e3, quando realizava buscas e abordagens na zona rural da cidade. Nesta a\u00e7\u00e3o foi apreendida uma espingarda de fabrica\u00e7\u00e3o artesanal.<br \/><br \/>A segunda arma foi apreendida tamb\u00e9m por policiais da For\u00e7a T\u00e1tica, no in\u00edcio da noite, ao realizar uma blitz na Rodovia da Produ\u00e7\u00e3o, onde um homem foi abordado em uma motocicleta e foi flagrado com um rev\u00f3lver calibre 38 e seis muni\u00e7\u00f5es de mesmo calibre.<br \/><br \/>J\u00e1 no final da noite desse s\u00e1bado, policiais do 14\u00ba BPM apreenderam mais um rev\u00f3lver calibre 38, no conjunto Frei Dami\u00e3o, onde os policiais, ao realizarem rondas na localidade, avistaram um homem em atitude suspeita, que ao perceber a presen\u00e7a da PM tentou fugir, mas foi perseguido e abordado, momento em que os policiais apreenderam um rev\u00f3lver calibre 38 com tr\u00eas muni\u00e7\u00f5es intactas.<br \/><br \/>As a\u00e7\u00f5es est\u00e3o sendo intensificadas pela Pol\u00edcia Militar em toda a \u00e1rea visando coibir pr\u00e1ticas delitivas e, consequentemente, garantindo a seguran\u00e7a da popula\u00e7\u00e3o por meio da Opera\u00e7\u00e3o Cidade Segura.<br \/><br \/>Os tr\u00eas suspeitos presos e o material apreendido foram conduzidos para a Delegacia de Pol\u00edcia Civil na cidade de Sousa.<\/p>\n","protected":false},"excerpt":{"rendered":"<p>A Pol\u00edcia Militar apreendeu mais tr\u00eas armas de fogo, nesse s\u00e1bado (16), em a\u00e7\u00f5es realizadas na cidade de Sousa. Foram<\/p>\n","protected":false},"author":10,"featured_media":905139,"comment_status":"closed","ping_status":"closed","sticky":false,"template":"","format":"standard","meta":{"_exactmetrics_skip_tracking":false,"_exactmetrics_sitenote_active":false,"_exactmetrics_sitenote_note":"","_exactmetrics_sitenote_category":0,"footnotes":""},"categories":[4],"tags":[],"yoast_head":"<!-- This site is optimized with the Yoast SEO plugin v22.0 - https:\/\/yoast.com\/wordpress\/plugins\/seo\/ -->\n<title>Pol\u00edcia Militar apreende tr\u00eas armas de fogo em a\u00e7\u00f5es realizadas em Sousa - Pol\u00edcia Militar da Para\u00edba<\/title>\n<meta name=\"robots\" content=\"index, follow, max-snippet:-1, max-image-preview:large, max-video-preview:-1\" \/>\n<link rel=\"canonical\" href=\"https:\/\/www.pm.pb.gov.br\/portal\/2020\/05\/17\/policia-militar-apreende-tres-armas-de-fogo-em-acoes-realizadas-em-sousa\/\" \/>\n<meta property=\"og:locale\" content=\"pt_BR\" \/>\n<meta property=\"og:type\" content=\"article\" \/>\n<meta property=\"og:title\" content=\"Pol\u00edcia Militar apreende tr\u00eas armas de fogo em a\u00e7\u00f5es realizadas em Sousa - Pol\u00edcia Militar da Para\u00edba\" \/>\n<meta property=\"og:description\" content=\"A Pol\u00edcia Militar apreendeu mais tr\u00eas armas de fogo, nesse s\u00e1bado (16), em a\u00e7\u00f5es realizadas na cidade de Sousa. Foram\" \/>\n<meta property=\"og:url\" content=\"https:\/\/www.pm.pb.gov.br\/portal\/2020\/05\/17\/policia-militar-apreende-tres-armas-de-fogo-em-acoes-realizadas-em-sousa\/\" \/>\n<meta property=\"og:site_name\" content=\"Pol\u00edcia Militar da Para\u00edba\" \/>\n<meta property=\"article:published_time\" content=\"2020-05-17T20:03:41+00:00\" \/>\n<meta property=\"article:modified_time\" content=\"2020-05-17T20:03:42+00:00\" \/>\n<meta property=\"og:image\" content=\"https:\/\/www.pm.pb.gov.br\/portal\/wp-content\/uploads\/2020\/05\/WhatsApp-Image-2020-05-16-at-23.46.34.jpg\" \/>\n\t<meta property=\"og:image:width\" content=\"800\" \/>\n\t<meta property=\"og:image:height\" content=\"446\" \/>\n\t<meta property=\"og:image:type\" content=\"image\/jpeg\" \/>\n<meta name=\"author\" content=\"WAGNER HENRIQUE VARELA DA SILVA\" \/>\n<meta name=\"twitter:card\" content=\"summary_large_image\" \/>\n<meta name=\"twitter:label1\" content=\"Escrito por\" \/>\n\t<meta name=\"twitter:data1\" content=\"WAGNER HENRIQUE VARELA DA SILVA\" \/>\n\t<meta name=\"twitter:label2\" content=\"Est. tempo de leitura\" \/>\n\t<meta name=\"twitter:data2\" content=\"1 minuto\" \/>\n<script type=\"application\/ld+json\" class=\"yoast-schema-graph\">{\"@context\":\"https:\/\/schema.org\",\"@graph\":[{\"@type\":\"Article\",\"@id\":\"https:\/\/www.pm.pb.gov.br\/portal\/2020\/05\/17\/policia-militar-apreende-tres-armas-de-fogo-em-acoes-realizadas-em-sousa\/#article\",\"isPartOf\":{\"@id\":\"https:\/\/www.pm.pb.gov.br\/portal\/2020\/05\/17\/policia-militar-apreende-tres-armas-de-fogo-em-acoes-realizadas-em-sousa\/\"},\"author\":{\"name\":\"WAGNER HENRIQUE VARELA DA SILVA\",\"@id\":\"https:\/\/www.pm.pb.gov.br\/portal\/#\/schema\/person\/b169b297b8494dea236e315ed1a201d1\"},\"headline\":\"Pol\u00edcia Militar apreende tr\u00eas armas de fogo em a\u00e7\u00f5es realizadas em Sousa\",\"datePublished\":\"2020-05-17T20:03:41+00:00\",\"dateModified\":\"2020-05-17T20:03:42+00:00\",\"mainEntityOfPage\":{\"@id\":\"https:\/\/www.pm.pb.gov.br\/portal\/2020\/05\/17\/policia-militar-apreende-tres-armas-de-fogo-em-acoes-realizadas-em-sousa\/\"},\"wordCount\":265,\"publisher\":{\"@id\":\"https:\/\/www.pm.pb.gov.br\/portal\/#organization\"},\"articleSection\":[\"A\u00e7\u00f5es Policiais\"],\"inLanguage\":\"pt-BR\"},{\"@type\":\"WebPage\",\"@id\":\"https:\/\/www.pm.pb.gov.br\/portal\/2020\/05\/17\/policia-militar-apreende-tres-armas-de-fogo-em-acoes-realizadas-em-sousa\/\",\"url\":\"https:\/\/www.pm.pb.gov.br\/portal\/2020\/05\/17\/policia-militar-apreende-tres-armas-de-fogo-em-acoes-realizadas-em-sousa\/\",\"name\":\"Pol\u00edcia Militar apreende tr\u00eas armas de fogo em a\u00e7\u00f5es realizadas em Sousa - Pol\u00edcia Militar da Para\u00edba\",\"isPartOf\":{\"@id\":\"https:\/\/www.pm.pb.gov.br\/portal\/#website\"},\"datePublished\":\"2020-05-17T20:03:41+00:00\",\"dateModified\":\"2020-05-17T20:03:42+00:00\",\"breadcrumb\":{\"@id\":\"https:\/\/www.pm.pb.gov.br\/portal\/2020\/05\/17\/policia-militar-apreende-tres-armas-de-fogo-em-acoes-realizadas-em-sousa\/#breadcrumb\"},\"inLanguage\":\"pt-BR\",\"potentialAction\":[{\"@type\":\"ReadAction\",\"target\":[\"https:\/\/www.pm.pb.gov.br\/portal\/2020\/05\/17\/policia-militar-apreende-tres-armas-de-fogo-em-acoes-realizadas-em-sousa\/\"]}]},{\"@type\":\"BreadcrumbList\",\"@id\":\"https:\/\/www.pm.pb.gov.br\/portal\/2020\/05\/17\/policia-militar-apreende-tres-armas-de-fogo-em-acoes-realizadas-em-sousa\/#breadcrumb\",\"itemListElement\":[{\"@type\":\"ListItem\",\"position\":1,\"name\":\"In\u00edcio\",\"item\":\"https:\/\/www.pm.pb.gov.br\/portal\/\"},{\"@type\":\"ListItem\",\"position\":2,\"name\":\"Pol\u00edcia Militar apreende tr\u00eas armas de fogo em a\u00e7\u00f5es realizadas em Sousa\"}]},{\"@type\":\"WebSite\",\"@id\":\"https:\/\/www.pm.pb.gov.br\/portal\/#website\",\"url\":\"https:\/\/www.pm.pb.gov.br\/portal\/\",\"name\":\"Pol\u00edcia Militar da Para\u00edba\",\"description\":\"\",\"publisher\":{\"@id\":\"https:\/\/www.pm.pb.gov.br\/portal\/#organization\"},\"potentialAction\":[{\"@type\":\"SearchAction\",\"target\":{\"@type\":\"EntryPoint\",\"urlTemplate\":\"https:\/\/www.pm.pb.gov.br\/portal\/?s={search_term_string}\"},\"query-input\":\"required name=search_term_string\"}],\"inLanguage\":\"pt-BR\"},{\"@type\":\"Organization\",\"@id\":\"https:\/\/www.pm.pb.gov.br\/portal\/#organization\",\"name\":\"Pol\u00edcia Militar da Para\u00edba\",\"url\":\"https:\/\/www.pm.pb.gov.br\/portal\/\",\"logo\":{\"@type\":\"ImageObject\",\"inLanguage\":\"pt-BR\",\"@id\":\"https:\/\/www.pm.pb.gov.br\/portal\/#\/schema\/logo\/image\/\",\"url\":\"https:\/\/www.pm.pb.gov.br\/portal\/wp-content\/uploads\/2025\/03\/cropped-logo-site-mag2-1.png\",\"contentUrl\":\"https:\/\/www.pm.pb.gov.br\/portal\/wp-content\/uploads\/2025\/03\/cropped-logo-site-mag2-1.png\",\"width\":320,\"height\":90,\"caption\":\"Pol\u00edcia Militar da Para\u00edba\"},\"image\":{\"@id\":\"https:\/\/www.pm.pb.gov.br\/portal\/#\/schema\/logo\/image\/\"}},{\"@type\":\"Person\",\"@id\":\"https:\/\/www.pm.pb.gov.br\/portal\/#\/schema\/person\/b169b297b8494dea236e315ed1a201d1\",\"name\":\"WAGNER HENRIQUE VARELA DA SILVA\",\"image\":{\"@type\":\"ImageObject\",\"inLanguage\":\"pt-BR\",\"@id\":\"https:\/\/www.pm.pb.gov.br\/portal\/#\/schema\/person\/image\/\",\"url\":\"https:\/\/secure.gravatar.com\/avatar\/e08af53176a66730df5c0706c6c31fd6?s=96&d=mm&r=g\",\"contentUrl\":\"https:\/\/secure.gravatar.com\/avatar\/e08af53176a66730df5c0706c6c31fd6?s=96&d=mm&r=g\",\"caption\":\"WAGNER HENRIQUE VARELA DA SILVA\"},\"url\":\"https:\/\/www.pm.pb.gov.br\/portal\/author\/varela\/\"}]}<\/script>\n<!-- \/ Yoast SEO plugin. -->","yoast_head_json":{"title":"Pol\u00edcia Militar apreende tr\u00eas armas de fogo em a\u00e7\u00f5es realizadas em Sousa - Pol\u00edcia Militar da Para\u00edba","robots":{"index":"index","follow":"follow","max-snippet":"max-snippet:-1","max-image-preview":"max-image-preview:large","max-video-preview":"max-video-preview:-1"},"canonical":"https:\/\/www.pm.pb.gov.br\/portal\/2020\/05\/17\/policia-militar-apreende-tres-armas-de-fogo-em-acoes-realizadas-em-sousa\/","og_locale":"pt_BR","og_type":"article","og_title":"Pol\u00edcia Militar apreende tr\u00eas armas de fogo em a\u00e7\u00f5es realizadas em Sousa - Pol\u00edcia Militar da Para\u00edba","og_description":"A Pol\u00edcia Militar apreendeu mais tr\u00eas armas de fogo, nesse s\u00e1bado (16), em a\u00e7\u00f5es realizadas na cidade de Sousa. Foram","og_url":"https:\/\/www.pm.pb.gov.br\/portal\/2020\/05\/17\/policia-militar-apreende-tres-armas-de-fogo-em-acoes-realizadas-em-sousa\/","og_site_name":"Pol\u00edcia Militar da Para\u00edba","article_published_time":"2020-05-17T20:03:41+00:00","article_modified_time":"2020-05-17T20:03:42+00:00","og_image":[{"width":800,"height":446,"url":"https:\/\/www.pm.pb.gov.br\/portal\/wp-content\/uploads\/2020\/05\/WhatsApp-Image-2020-05-16-at-23.46.34.jpg","type":"image\/jpeg"}],"author":"WAGNER HENRIQUE VARELA DA SILVA","twitter_card":"summary_large_image","twitter_misc":{"Escrito por":"WAGNER HENRIQUE VARELA DA SILVA","Est. tempo de leitura":"1 minuto"},"schema":{"@context":"https:\/\/schema.org","@graph":[{"@type":"Article","@id":"https:\/\/www.pm.pb.gov.br\/portal\/2020\/05\/17\/policia-militar-apreende-tres-armas-de-fogo-em-acoes-realizadas-em-sousa\/#article","isPartOf":{"@id":"https:\/\/www.pm.pb.gov.br\/portal\/2020\/05\/17\/policia-militar-apreende-tres-armas-de-fogo-em-acoes-realizadas-em-sousa\/"},"author":{"name":"WAGNER HENRIQUE VARELA DA SILVA","@id":"https:\/\/www.pm.pb.gov.br\/portal\/#\/schema\/person\/b169b297b8494dea236e315ed1a201d1"},"headline":"Pol\u00edcia Militar apreende tr\u00eas armas de fogo em a\u00e7\u00f5es realizadas em Sousa","datePublished":"2020-05-17T20:03:41+00:00","dateModified":"2020-05-17T20:03:42+00:00","mainEntityOfPage":{"@id":"https:\/\/www.pm.pb.gov.br\/portal\/2020\/05\/17\/policia-militar-apreende-tres-armas-de-fogo-em-acoes-realizadas-em-sousa\/"},"wordCount":265,"publisher":{"@id":"https:\/\/www.pm.pb.gov.br\/portal\/#organization"},"articleSection":["A\u00e7\u00f5es Policiais"],"inLanguage":"pt-BR"},{"@type":"WebPage","@id":"https:\/\/www.pm.pb.gov.br\/portal\/2020\/05\/17\/policia-militar-apreende-tres-armas-de-fogo-em-acoes-realizadas-em-sousa\/","url":"https:\/\/www.pm.pb.gov.br\/portal\/2020\/05\/17\/policia-militar-apreende-tres-armas-de-fogo-em-acoes-realizadas-em-sousa\/","name":"Pol\u00edcia Militar apreende tr\u00eas armas de fogo em a\u00e7\u00f5es realizadas em Sousa - Pol\u00edcia Militar da Para\u00edba","isPartOf":{"@id":"https:\/\/www.pm.pb.gov.br\/portal\/#website"},"datePublished":"2020-05-17T20:03:41+00:00","dateModified":"2020-05-17T20:03:42+00:00","breadcrumb":{"@id":"https:\/\/www.pm.pb.gov.br\/portal\/2020\/05\/17\/policia-militar-apreende-tres-armas-de-fogo-em-acoes-realizadas-em-sousa\/#breadcrumb"},"inLanguage":"pt-BR","potentialAction":[{"@type":"ReadAction","target":["https:\/\/www.pm.pb.gov.br\/portal\/2020\/05\/17\/policia-militar-apreende-tres-armas-de-fogo-em-acoes-realizadas-em-sousa\/"]}]},{"@type":"BreadcrumbList","@id":"https:\/\/www.pm.pb.gov.br\/portal\/2020\/05\/17\/policia-militar-apreende-tres-armas-de-fogo-em-acoes-realizadas-em-sousa\/#breadcrumb","itemListElement":[{"@type":"ListItem","position":1,"name":"In\u00edcio","item":"https:\/\/www.pm.pb.gov.br\/portal\/"},{"@type":"ListItem","position":2,"name":"Pol\u00edcia Militar apreende tr\u00eas armas de fogo em a\u00e7\u00f5es realizadas em Sousa"}]},{"@type":"WebSite","@id":"https:\/\/www.pm.pb.gov.br\/portal\/#website","url":"https:\/\/www.pm.pb.gov.br\/portal\/","name":"Pol\u00edcia Militar da Para\u00edba","description":"","publisher":{"@id":"https:\/\/www.pm.pb.gov.br\/portal\/#organization"},"potentialAction":[{"@type":"SearchAction","target":{"@type":"EntryPoint","urlTemplate":"https:\/\/www.pm.pb.gov.br\/portal\/?s={search_term_string}"},"query-input":"required name=search_term_string"}],"inLanguage":"pt-BR"},{"@type":"Organization","@id":"https:\/\/www.pm.pb.gov.br\/portal\/#organization","name":"Pol\u00edcia Militar da Para\u00edba","url":"https:\/\/www.pm.pb.gov.br\/portal\/","logo":{"@type":"ImageObject","inLanguage":"pt-BR","@id":"https:\/\/www.pm.pb.gov.br\/portal\/#\/schema\/logo\/image\/","url":"https:\/\/www.pm.pb.gov.br\/portal\/wp-content\/uploads\/2025\/03\/cropped-logo-site-mag2-1.png","contentUrl":"https:\/\/www.pm.pb.gov.br\/portal\/wp-content\/uploads\/2025\/03\/cropped-logo-site-mag2-1.png","width":320,"height":90,"caption":"Pol\u00edcia Militar da Para\u00edba"},"image":{"@id":"https:\/\/www.pm.pb.gov.br\/portal\/#\/schema\/logo\/image\/"}},{"@type":"Person","@id":"https:\/\/www.pm.pb.gov.br\/portal\/#\/schema\/person\/b169b297b8494dea236e315ed1a201d1","name":"WAGNER HENRIQUE VARELA DA SILVA","image":{"@type":"ImageObject","inLanguage":"pt-BR","@id":"https:\/\/www.pm.pb.gov.br\/portal\/#\/schema\/person\/image\/","url":"https:\/\/secure.gravatar.com\/avatar\/e08af53176a66730df5c0706c6c31fd6?s=96&d=mm&r=g","contentUrl":"https:\/\/secure.gravatar.com\/avatar\/e08af53176a66730df5c0706c6c31fd6?s=96&d=mm&r=g","caption":"WAGNER HENRIQUE VARELA DA SILVA"},"url":"https:\/\/www.pm.pb.gov.br\/portal\/author\/varela\/"}]}},"_links":{"self":[{"href":"https:\/\/www.pm.pb.gov.br\/portal\/wp-json\/wp\/v2\/posts\/905138"}],"collection":[{"href":"https:\/\/www.pm.pb.gov.br\/portal\/wp-json\/wp\/v2\/posts"}],"about":[{"href":"https:\/\/www.pm.pb.gov.br\/portal\/wp-json\/wp\/v2\/types\/post"}],"author":[{"embeddable":true,"href":"https:\/\/www.pm.pb.gov.br\/portal\/wp-json\/wp\/v2\/users\/10"}],"replies":[{"embeddable":true,"href":"https:\/\/www.pm.pb.gov.br\/portal\/wp-json\/wp\/v2\/comments?post=905138"}],"version-history":[{"count":1,"href":"https:\/\/www.pm.pb.gov.br\/portal\/wp-json\/wp\/v2\/posts\/905138\/revisions"}],"predecessor-version":[{"id":905140,"href":"https:\/\/www.pm.pb.gov.br\/portal\/wp-json\/wp\/v2\/posts\/905138\/revisions\/905140"}],"wp:featuredmedia":[{"embeddable":true,"href":"https:\/\/www.pm.pb.gov.br\/portal\/wp-json\/wp\/v2\/media\/905139"}],"wp:attachment":[{"href":"https:\/\/www.pm.pb.gov.br\/portal\/wp-json\/wp\/v2\/media?parent=905138"}],"wp:term":[{"taxonomy":"category","embeddable":true,"href":"https:\/\/www.pm.pb.gov.br\/portal\/wp-json\/wp\/v2\/categories?post=905138"},{"taxonomy":"post_tag","embeddable":true,"href":"https:\/\/www.pm.pb.gov.br\/portal\/wp-json\/wp\/v2\/tags?post=905138"}],"curies":[{"name":"wp","href":"https:\/\/api.w.org\/{rel}","templated":true}]}}