{"id":905135,"date":"2020-05-17T16:57:17","date_gmt":"2020-05-17T19:57:17","guid":{"rendered":"http:\/\/www.pm.pb.gov.br\/portal\/?p=905135"},"modified":"2020-05-17T16:57:19","modified_gmt":"2020-05-17T19:57:19","slug":"operacao-nomade-policia-militar-desarticula-mais-um-ponto-de-trafico-em-alhandra","status":"publish","type":"post","link":"https:\/\/www.pm.pb.gov.br\/portal\/2020\/05\/17\/operacao-nomade-policia-militar-desarticula-mais-um-ponto-de-trafico-em-alhandra\/","title":{"rendered":"Opera\u00e7\u00e3o N\u00f4made: Pol\u00edcia Militar desarticula mais um ponto de tr\u00e1fico em Alhandra"},"content":{"rendered":"\n<p>A Pol\u00edcia Militar desarticulou mais um ponto de tr\u00e1fico de drogas e apreendeu v\u00e1rios materiais usados na pr\u00e1tica il\u00edcita, incluindo dois r\u00e1dios comunicadores, sacos pl\u00e1sticos para embalar a droga e dinheiro trocado. A a\u00e7\u00e3o da PM aconteceu na noite desse s\u00e1bado (16), durante rondas e abordagens da Opera\u00e7\u00e3o N\u00f4made na comunidade Nova Descoberta, em Alhandra.<br \/><br \/>Policiais da 1\u00aa Companhia Independente, ao realizarem rondas na localidade, se depararam com um homem que tentou fugir, mas foi perseguido e, ao ser abordado pelos policiais, foi encontrada com ele uma por\u00e7\u00e3o de drogas. Na abordagem, o homem admitiu que tinha mais droga guardada e, juntamente com ele, uma menor tamb\u00e9m foi apreendida, bem como a PM conseguiu localizar os demais il\u00edcitos.\u00a0<br \/><br \/>Na a\u00e7\u00e3o os policiais apreenderam 279 pedras de crack; uma por\u00e7\u00e3o de maconha; dois r\u00e1dios comunicadores; dinheiro trocado e embalagens pl\u00e1sticas.<br \/><br \/>O homem de 24 anos preso e a adolescente de 15 anos apreendida foram encaminhados para a Delegacia de Alhandra junto com todo o material apreendido.\u00a0<br \/><br \/><strong>Arma de Fogo &#8211;\u00a0<\/strong>Durante as a\u00e7\u00f5es de abordagens na Opera\u00e7\u00e3o N\u00f4made, os policiais da 1\u00aa CIPM receberam a informa\u00e7\u00e3o que em uma resid\u00eancia estava havendo uma festa com um indiv\u00edduo possivelmente armado. Ao chegar no local, a PM confirmou a situa\u00e7\u00e3o e prendeu um suspeito de 20 anos com uma espingarda artesanal de calibre indefinido. O homem e a arma apreendida foram encaminhados para a Delegacia de Alhandra.<\/p>\n","protected":false},"excerpt":{"rendered":"<p>A Pol\u00edcia Militar desarticulou mais um ponto de tr\u00e1fico de drogas e apreendeu v\u00e1rios materiais usados na pr\u00e1tica il\u00edcita, incluindo<\/p>\n","protected":false},"author":10,"featured_media":905136,"comment_status":"closed","ping_status":"closed","sticky":false,"template":"","format":"standard","meta":{"_exactmetrics_skip_tracking":false,"_exactmetrics_sitenote_active":false,"_exactmetrics_sitenote_note":"","_exactmetrics_sitenote_category":0,"footnotes":""},"categories":[4],"tags":[],"yoast_head":"<!-- This site is optimized with the Yoast SEO plugin v22.0 - https:\/\/yoast.com\/wordpress\/plugins\/seo\/ -->\n<title>Opera\u00e7\u00e3o N\u00f4made: Pol\u00edcia Militar desarticula mais um ponto de tr\u00e1fico em Alhandra - Pol\u00edcia Militar da Para\u00edba<\/title>\n<meta name=\"robots\" content=\"index, follow, max-snippet:-1, max-image-preview:large, max-video-preview:-1\" \/>\n<link rel=\"canonical\" href=\"https:\/\/www.pm.pb.gov.br\/portal\/2020\/05\/17\/operacao-nomade-policia-militar-desarticula-mais-um-ponto-de-trafico-em-alhandra\/\" \/>\n<meta property=\"og:locale\" content=\"pt_BR\" \/>\n<meta property=\"og:type\" content=\"article\" \/>\n<meta property=\"og:title\" content=\"Opera\u00e7\u00e3o N\u00f4made: Pol\u00edcia Militar desarticula mais um ponto de tr\u00e1fico em Alhandra - Pol\u00edcia Militar da Para\u00edba\" \/>\n<meta property=\"og:description\" content=\"A Pol\u00edcia Militar desarticulou mais um ponto de tr\u00e1fico de drogas e apreendeu v\u00e1rios materiais usados na pr\u00e1tica il\u00edcita, incluindo\" \/>\n<meta property=\"og:url\" content=\"https:\/\/www.pm.pb.gov.br\/portal\/2020\/05\/17\/operacao-nomade-policia-militar-desarticula-mais-um-ponto-de-trafico-em-alhandra\/\" \/>\n<meta property=\"og:site_name\" content=\"Pol\u00edcia Militar da Para\u00edba\" \/>\n<meta property=\"article:published_time\" content=\"2020-05-17T19:57:17+00:00\" \/>\n<meta property=\"article:modified_time\" content=\"2020-05-17T19:57:19+00:00\" \/>\n<meta property=\"og:image\" content=\"https:\/\/www.pm.pb.gov.br\/portal\/wp-content\/uploads\/2020\/05\/Apreens\u00e3o-Alhandra.jpg\" \/>\n\t<meta property=\"og:image:width\" content=\"800\" \/>\n\t<meta property=\"og:image:height\" content=\"446\" \/>\n\t<meta property=\"og:image:type\" content=\"image\/jpeg\" \/>\n<meta name=\"author\" content=\"WAGNER HENRIQUE VARELA DA SILVA\" \/>\n<meta name=\"twitter:card\" content=\"summary_large_image\" \/>\n<meta name=\"twitter:label1\" content=\"Escrito por\" \/>\n\t<meta name=\"twitter:data1\" content=\"WAGNER HENRIQUE VARELA DA SILVA\" \/>\n\t<meta name=\"twitter:label2\" content=\"Est. tempo de leitura\" \/>\n\t<meta name=\"twitter:data2\" content=\"1 minuto\" \/>\n<script type=\"application\/ld+json\" class=\"yoast-schema-graph\">{\"@context\":\"https:\/\/schema.org\",\"@graph\":[{\"@type\":\"Article\",\"@id\":\"https:\/\/www.pm.pb.gov.br\/portal\/2020\/05\/17\/operacao-nomade-policia-militar-desarticula-mais-um-ponto-de-trafico-em-alhandra\/#article\",\"isPartOf\":{\"@id\":\"https:\/\/www.pm.pb.gov.br\/portal\/2020\/05\/17\/operacao-nomade-policia-militar-desarticula-mais-um-ponto-de-trafico-em-alhandra\/\"},\"author\":{\"name\":\"WAGNER HENRIQUE VARELA DA SILVA\",\"@id\":\"https:\/\/www.pm.pb.gov.br\/portal\/#\/schema\/person\/b169b297b8494dea236e315ed1a201d1\"},\"headline\":\"Opera\u00e7\u00e3o N\u00f4made: Pol\u00edcia Militar desarticula mais um ponto de tr\u00e1fico em Alhandra\",\"datePublished\":\"2020-05-17T19:57:17+00:00\",\"dateModified\":\"2020-05-17T19:57:19+00:00\",\"mainEntityOfPage\":{\"@id\":\"https:\/\/www.pm.pb.gov.br\/portal\/2020\/05\/17\/operacao-nomade-policia-militar-desarticula-mais-um-ponto-de-trafico-em-alhandra\/\"},\"wordCount\":268,\"publisher\":{\"@id\":\"https:\/\/www.pm.pb.gov.br\/portal\/#organization\"},\"articleSection\":[\"A\u00e7\u00f5es Policiais\"],\"inLanguage\":\"pt-BR\"},{\"@type\":\"WebPage\",\"@id\":\"https:\/\/www.pm.pb.gov.br\/portal\/2020\/05\/17\/operacao-nomade-policia-militar-desarticula-mais-um-ponto-de-trafico-em-alhandra\/\",\"url\":\"https:\/\/www.pm.pb.gov.br\/portal\/2020\/05\/17\/operacao-nomade-policia-militar-desarticula-mais-um-ponto-de-trafico-em-alhandra\/\",\"name\":\"Opera\u00e7\u00e3o N\u00f4made: Pol\u00edcia Militar desarticula mais um ponto de tr\u00e1fico em Alhandra - Pol\u00edcia Militar da Para\u00edba\",\"isPartOf\":{\"@id\":\"https:\/\/www.pm.pb.gov.br\/portal\/#website\"},\"datePublished\":\"2020-05-17T19:57:17+00:00\",\"dateModified\":\"2020-05-17T19:57:19+00:00\",\"breadcrumb\":{\"@id\":\"https:\/\/www.pm.pb.gov.br\/portal\/2020\/05\/17\/operacao-nomade-policia-militar-desarticula-mais-um-ponto-de-trafico-em-alhandra\/#breadcrumb\"},\"inLanguage\":\"pt-BR\",\"potentialAction\":[{\"@type\":\"ReadAction\",\"target\":[\"https:\/\/www.pm.pb.gov.br\/portal\/2020\/05\/17\/operacao-nomade-policia-militar-desarticula-mais-um-ponto-de-trafico-em-alhandra\/\"]}]},{\"@type\":\"BreadcrumbList\",\"@id\":\"https:\/\/www.pm.pb.gov.br\/portal\/2020\/05\/17\/operacao-nomade-policia-militar-desarticula-mais-um-ponto-de-trafico-em-alhandra\/#breadcrumb\",\"itemListElement\":[{\"@type\":\"ListItem\",\"position\":1,\"name\":\"In\u00edcio\",\"item\":\"https:\/\/www.pm.pb.gov.br\/portal\/\"},{\"@type\":\"ListItem\",\"position\":2,\"name\":\"Opera\u00e7\u00e3o N\u00f4made: Pol\u00edcia Militar desarticula mais um ponto de tr\u00e1fico em Alhandra\"}]},{\"@type\":\"WebSite\",\"@id\":\"https:\/\/www.pm.pb.gov.br\/portal\/#website\",\"url\":\"https:\/\/www.pm.pb.gov.br\/portal\/\",\"name\":\"Pol\u00edcia Militar da Para\u00edba\",\"description\":\"\",\"publisher\":{\"@id\":\"https:\/\/www.pm.pb.gov.br\/portal\/#organization\"},\"potentialAction\":[{\"@type\":\"SearchAction\",\"target\":{\"@type\":\"EntryPoint\",\"urlTemplate\":\"https:\/\/www.pm.pb.gov.br\/portal\/?s={search_term_string}\"},\"query-input\":\"required name=search_term_string\"}],\"inLanguage\":\"pt-BR\"},{\"@type\":\"Organization\",\"@id\":\"https:\/\/www.pm.pb.gov.br\/portal\/#organization\",\"name\":\"Pol\u00edcia Militar da Para\u00edba\",\"url\":\"https:\/\/www.pm.pb.gov.br\/portal\/\",\"logo\":{\"@type\":\"ImageObject\",\"inLanguage\":\"pt-BR\",\"@id\":\"https:\/\/www.pm.pb.gov.br\/portal\/#\/schema\/logo\/image\/\",\"url\":\"https:\/\/www.pm.pb.gov.br\/portal\/wp-content\/uploads\/2025\/03\/cropped-logo-site-mag2-1.png\",\"contentUrl\":\"https:\/\/www.pm.pb.gov.br\/portal\/wp-content\/uploads\/2025\/03\/cropped-logo-site-mag2-1.png\",\"width\":320,\"height\":90,\"caption\":\"Pol\u00edcia Militar da Para\u00edba\"},\"image\":{\"@id\":\"https:\/\/www.pm.pb.gov.br\/portal\/#\/schema\/logo\/image\/\"}},{\"@type\":\"Person\",\"@id\":\"https:\/\/www.pm.pb.gov.br\/portal\/#\/schema\/person\/b169b297b8494dea236e315ed1a201d1\",\"name\":\"WAGNER HENRIQUE VARELA DA SILVA\",\"image\":{\"@type\":\"ImageObject\",\"inLanguage\":\"pt-BR\",\"@id\":\"https:\/\/www.pm.pb.gov.br\/portal\/#\/schema\/person\/image\/\",\"url\":\"https:\/\/secure.gravatar.com\/avatar\/e08af53176a66730df5c0706c6c31fd6?s=96&d=mm&r=g\",\"contentUrl\":\"https:\/\/secure.gravatar.com\/avatar\/e08af53176a66730df5c0706c6c31fd6?s=96&d=mm&r=g\",\"caption\":\"WAGNER HENRIQUE VARELA DA SILVA\"},\"url\":\"https:\/\/www.pm.pb.gov.br\/portal\/author\/varela\/\"}]}<\/script>\n<!-- \/ Yoast SEO plugin. -->","yoast_head_json":{"title":"Opera\u00e7\u00e3o N\u00f4made: Pol\u00edcia Militar desarticula mais um ponto de tr\u00e1fico em Alhandra - Pol\u00edcia Militar da Para\u00edba","robots":{"index":"index","follow":"follow","max-snippet":"max-snippet:-1","max-image-preview":"max-image-preview:large","max-video-preview":"max-video-preview:-1"},"canonical":"https:\/\/www.pm.pb.gov.br\/portal\/2020\/05\/17\/operacao-nomade-policia-militar-desarticula-mais-um-ponto-de-trafico-em-alhandra\/","og_locale":"pt_BR","og_type":"article","og_title":"Opera\u00e7\u00e3o N\u00f4made: Pol\u00edcia Militar desarticula mais um ponto de tr\u00e1fico em Alhandra - Pol\u00edcia Militar da Para\u00edba","og_description":"A Pol\u00edcia Militar desarticulou mais um ponto de tr\u00e1fico de drogas e apreendeu v\u00e1rios materiais usados na pr\u00e1tica il\u00edcita, incluindo","og_url":"https:\/\/www.pm.pb.gov.br\/portal\/2020\/05\/17\/operacao-nomade-policia-militar-desarticula-mais-um-ponto-de-trafico-em-alhandra\/","og_site_name":"Pol\u00edcia Militar da Para\u00edba","article_published_time":"2020-05-17T19:57:17+00:00","article_modified_time":"2020-05-17T19:57:19+00:00","og_image":[{"width":800,"height":446,"url":"https:\/\/www.pm.pb.gov.br\/portal\/wp-content\/uploads\/2020\/05\/Apreens\u00e3o-Alhandra.jpg","type":"image\/jpeg"}],"author":"WAGNER HENRIQUE VARELA DA SILVA","twitter_card":"summary_large_image","twitter_misc":{"Escrito por":"WAGNER HENRIQUE VARELA DA SILVA","Est. tempo de leitura":"1 minuto"},"schema":{"@context":"https:\/\/schema.org","@graph":[{"@type":"Article","@id":"https:\/\/www.pm.pb.gov.br\/portal\/2020\/05\/17\/operacao-nomade-policia-militar-desarticula-mais-um-ponto-de-trafico-em-alhandra\/#article","isPartOf":{"@id":"https:\/\/www.pm.pb.gov.br\/portal\/2020\/05\/17\/operacao-nomade-policia-militar-desarticula-mais-um-ponto-de-trafico-em-alhandra\/"},"author":{"name":"WAGNER HENRIQUE VARELA DA SILVA","@id":"https:\/\/www.pm.pb.gov.br\/portal\/#\/schema\/person\/b169b297b8494dea236e315ed1a201d1"},"headline":"Opera\u00e7\u00e3o N\u00f4made: Pol\u00edcia Militar desarticula mais um ponto de tr\u00e1fico em Alhandra","datePublished":"2020-05-17T19:57:17+00:00","dateModified":"2020-05-17T19:57:19+00:00","mainEntityOfPage":{"@id":"https:\/\/www.pm.pb.gov.br\/portal\/2020\/05\/17\/operacao-nomade-policia-militar-desarticula-mais-um-ponto-de-trafico-em-alhandra\/"},"wordCount":268,"publisher":{"@id":"https:\/\/www.pm.pb.gov.br\/portal\/#organization"},"articleSection":["A\u00e7\u00f5es Policiais"],"inLanguage":"pt-BR"},{"@type":"WebPage","@id":"https:\/\/www.pm.pb.gov.br\/portal\/2020\/05\/17\/operacao-nomade-policia-militar-desarticula-mais-um-ponto-de-trafico-em-alhandra\/","url":"https:\/\/www.pm.pb.gov.br\/portal\/2020\/05\/17\/operacao-nomade-policia-militar-desarticula-mais-um-ponto-de-trafico-em-alhandra\/","name":"Opera\u00e7\u00e3o N\u00f4made: Pol\u00edcia Militar desarticula mais um ponto de tr\u00e1fico em Alhandra - Pol\u00edcia Militar da Para\u00edba","isPartOf":{"@id":"https:\/\/www.pm.pb.gov.br\/portal\/#website"},"datePublished":"2020-05-17T19:57:17+00:00","dateModified":"2020-05-17T19:57:19+00:00","breadcrumb":{"@id":"https:\/\/www.pm.pb.gov.br\/portal\/2020\/05\/17\/operacao-nomade-policia-militar-desarticula-mais-um-ponto-de-trafico-em-alhandra\/#breadcrumb"},"inLanguage":"pt-BR","potentialAction":[{"@type":"ReadAction","target":["https:\/\/www.pm.pb.gov.br\/portal\/2020\/05\/17\/operacao-nomade-policia-militar-desarticula-mais-um-ponto-de-trafico-em-alhandra\/"]}]},{"@type":"BreadcrumbList","@id":"https:\/\/www.pm.pb.gov.br\/portal\/2020\/05\/17\/operacao-nomade-policia-militar-desarticula-mais-um-ponto-de-trafico-em-alhandra\/#breadcrumb","itemListElement":[{"@type":"ListItem","position":1,"name":"In\u00edcio","item":"https:\/\/www.pm.pb.gov.br\/portal\/"},{"@type":"ListItem","position":2,"name":"Opera\u00e7\u00e3o N\u00f4made: Pol\u00edcia Militar desarticula mais um ponto de tr\u00e1fico em Alhandra"}]},{"@type":"WebSite","@id":"https:\/\/www.pm.pb.gov.br\/portal\/#website","url":"https:\/\/www.pm.pb.gov.br\/portal\/","name":"Pol\u00edcia Militar da Para\u00edba","description":"","publisher":{"@id":"https:\/\/www.pm.pb.gov.br\/portal\/#organization"},"potentialAction":[{"@type":"SearchAction","target":{"@type":"EntryPoint","urlTemplate":"https:\/\/www.pm.pb.gov.br\/portal\/?s={search_term_string}"},"query-input":"required name=search_term_string"}],"inLanguage":"pt-BR"},{"@type":"Organization","@id":"https:\/\/www.pm.pb.gov.br\/portal\/#organization","name":"Pol\u00edcia Militar da Para\u00edba","url":"https:\/\/www.pm.pb.gov.br\/portal\/","logo":{"@type":"ImageObject","inLanguage":"pt-BR","@id":"https:\/\/www.pm.pb.gov.br\/portal\/#\/schema\/logo\/image\/","url":"https:\/\/www.pm.pb.gov.br\/portal\/wp-content\/uploads\/2025\/03\/cropped-logo-site-mag2-1.png","contentUrl":"https:\/\/www.pm.pb.gov.br\/portal\/wp-content\/uploads\/2025\/03\/cropped-logo-site-mag2-1.png","width":320,"height":90,"caption":"Pol\u00edcia Militar da Para\u00edba"},"image":{"@id":"https:\/\/www.pm.pb.gov.br\/portal\/#\/schema\/logo\/image\/"}},{"@type":"Person","@id":"https:\/\/www.pm.pb.gov.br\/portal\/#\/schema\/person\/b169b297b8494dea236e315ed1a201d1","name":"WAGNER HENRIQUE VARELA DA SILVA","image":{"@type":"ImageObject","inLanguage":"pt-BR","@id":"https:\/\/www.pm.pb.gov.br\/portal\/#\/schema\/person\/image\/","url":"https:\/\/secure.gravatar.com\/avatar\/e08af53176a66730df5c0706c6c31fd6?s=96&d=mm&r=g","contentUrl":"https:\/\/secure.gravatar.com\/avatar\/e08af53176a66730df5c0706c6c31fd6?s=96&d=mm&r=g","caption":"WAGNER HENRIQUE VARELA DA SILVA"},"url":"https:\/\/www.pm.pb.gov.br\/portal\/author\/varela\/"}]}},"_links":{"self":[{"href":"https:\/\/www.pm.pb.gov.br\/portal\/wp-json\/wp\/v2\/posts\/905135"}],"collection":[{"href":"https:\/\/www.pm.pb.gov.br\/portal\/wp-json\/wp\/v2\/posts"}],"about":[{"href":"https:\/\/www.pm.pb.gov.br\/portal\/wp-json\/wp\/v2\/types\/post"}],"author":[{"embeddable":true,"href":"https:\/\/www.pm.pb.gov.br\/portal\/wp-json\/wp\/v2\/users\/10"}],"replies":[{"embeddable":true,"href":"https:\/\/www.pm.pb.gov.br\/portal\/wp-json\/wp\/v2\/comments?post=905135"}],"version-history":[{"count":1,"href":"https:\/\/www.pm.pb.gov.br\/portal\/wp-json\/wp\/v2\/posts\/905135\/revisions"}],"predecessor-version":[{"id":905137,"href":"https:\/\/www.pm.pb.gov.br\/portal\/wp-json\/wp\/v2\/posts\/905135\/revisions\/905137"}],"wp:featuredmedia":[{"embeddable":true,"href":"https:\/\/www.pm.pb.gov.br\/portal\/wp-json\/wp\/v2\/media\/905136"}],"wp:attachment":[{"href":"https:\/\/www.pm.pb.gov.br\/portal\/wp-json\/wp\/v2\/media?parent=905135"}],"wp:term":[{"taxonomy":"category","embeddable":true,"href":"https:\/\/www.pm.pb.gov.br\/portal\/wp-json\/wp\/v2\/categories?post=905135"},{"taxonomy":"post_tag","embeddable":true,"href":"https:\/\/www.pm.pb.gov.br\/portal\/wp-json\/wp\/v2\/tags?post=905135"}],"curies":[{"name":"wp","href":"https:\/\/api.w.org\/{rel}","templated":true}]}}