{"id":905124,"date":"2020-05-18T17:42:28","date_gmt":"2020-05-18T20:42:28","guid":{"rendered":"http:\/\/www.pm.pb.gov.br\/portal\/?p=905124"},"modified":"2020-05-18T17:43:25","modified_gmt":"2020-05-18T20:43:25","slug":"suspeito-de-matar-agente-socioeducativo-e-preso-em-menos-de-24h-apos-o-crime","status":"publish","type":"post","link":"https:\/\/www.pm.pb.gov.br\/portal\/2020\/05\/18\/suspeito-de-matar-agente-socioeducativo-e-preso-em-menos-de-24h-apos-o-crime\/","title":{"rendered":"Suspeito de matar agente socioeducativo \u00e9 preso em menos de 24h ap\u00f3s o crime"},"content":{"rendered":"<p>Em menos de 24h, a Pol\u00edcia Militar apresentou na Delegacia de Homic\u00eddios o principal suspeito de matar o agente socioeducativo Gabriel Taciano de Oliveira, de 33 anos, em Jo\u00e3o Pessoa. O acusado do crime foi preso no bairro do Cristo Redentor, na Capital, atrav\u00e9s do trabalho dos policiais do Regimento de Pol\u00edcia Montada (RPMont).<\/p>\n<p>Conforme informa\u00e7\u00f5es do comandante do RPMont, major Gleidistone Cavalcanti, o suspeito tem 23 anos e foi preso na mesma vila onde a moto da v\u00edtima tinha sido encontrada. \u201cO corpo da v\u00edtima foi achado na manh\u00e3 desse domingo, em Jacarap\u00e9, e, atrav\u00e9s de informes recebidos, nossas guarni\u00e7\u00f5es chegaram at\u00e9 o local onde estava a moto do agente socioeducativo, em uma vila da Rua Elias Cavalcante, no Cristo. As dilig\u00eancias continuaram e nesta segunda-feira, pela manh\u00e3, com indica\u00e7\u00e3o da Coordenadoria de Intelig\u00eancia da PM, o principal suspeito foi encontrado pelas viaturas do RPMont, na mesma vila, e levado para ser ouvido na delegacia de Homic\u00eddios\u201d, disse<\/p>\n<p>Na delegacia, o preso confessou o crime e alegou que a motiva\u00e7\u00e3o foi uma d\u00edvida de R$ 500, segundo revelou o delegado Carlos Othon, da Delegacia de Crimes Contra Pessoa de Jo\u00e3o Pessoa (DCCPES\/JP). \u201cO suspeito afirmou que mantinha um relacionamento homoafetivo com a v\u00edtima. Ele explicou que os dois combinaram de se encontrar na praia de Jacarap\u00e9 e quando chegaram ao local, passaram a discutir por conta da d\u00edvida&#8221;, afirmou o delegado.<\/p>\n<p>Durante a discuss\u00e3o, o suspeito passou a agredir a v\u00edtima com golpes de madeira e tentou asfixi\u00e1-la. Em seguida, o acusado jogou a v\u00edtima, ainda com vida, do alto de uma fal\u00e9sia, em Jacarap\u00e9.<\/p>\n<p>O preso foi autuado em flagrante delito por crime de homic\u00eddio triplamente qualificado por motivo f\u00fatil, sem defesa da v\u00edtima e com uso de requintes de crueldade.<\/p>\n","protected":false},"excerpt":{"rendered":"<p>Em menos de 24h, a Pol\u00edcia Militar apresentou na Delegacia de Homic\u00eddios o principal suspeito de matar o agente socioeducativo<\/p>\n","protected":false},"author":10,"featured_media":904475,"comment_status":"closed","ping_status":"closed","sticky":false,"template":"","format":"standard","meta":{"_exactmetrics_skip_tracking":false,"_exactmetrics_sitenote_active":false,"_exactmetrics_sitenote_note":"","_exactmetrics_sitenote_category":0,"footnotes":""},"categories":[4],"tags":[],"yoast_head":"<!-- This site is optimized with the Yoast SEO plugin v22.0 - https:\/\/yoast.com\/wordpress\/plugins\/seo\/ -->\n<title>Suspeito de matar agente socioeducativo \u00e9 preso em menos de 24h ap\u00f3s o crime - Pol\u00edcia Militar da Para\u00edba<\/title>\n<meta name=\"robots\" content=\"index, follow, max-snippet:-1, max-image-preview:large, max-video-preview:-1\" \/>\n<link rel=\"canonical\" href=\"https:\/\/www.pm.pb.gov.br\/portal\/2020\/05\/18\/suspeito-de-matar-agente-socioeducativo-e-preso-em-menos-de-24h-apos-o-crime\/\" \/>\n<meta property=\"og:locale\" content=\"pt_BR\" \/>\n<meta property=\"og:type\" content=\"article\" \/>\n<meta property=\"og:title\" content=\"Suspeito de matar agente socioeducativo \u00e9 preso em menos de 24h ap\u00f3s o crime - Pol\u00edcia Militar da Para\u00edba\" \/>\n<meta property=\"og:description\" content=\"Em menos de 24h, a Pol\u00edcia Militar apresentou na Delegacia de Homic\u00eddios o principal suspeito de matar o agente socioeducativo\" \/>\n<meta property=\"og:url\" content=\"https:\/\/www.pm.pb.gov.br\/portal\/2020\/05\/18\/suspeito-de-matar-agente-socioeducativo-e-preso-em-menos-de-24h-apos-o-crime\/\" \/>\n<meta property=\"og:site_name\" content=\"Pol\u00edcia Militar da Para\u00edba\" \/>\n<meta property=\"article:published_time\" content=\"2020-05-18T20:42:28+00:00\" \/>\n<meta property=\"article:modified_time\" content=\"2020-05-18T20:43:25+00:00\" \/>\n<meta property=\"og:image\" content=\"https:\/\/www.pm.pb.gov.br\/portal\/wp-content\/uploads\/2020\/04\/rpmont.jpg\" \/>\n\t<meta property=\"og:image:width\" content=\"800\" \/>\n\t<meta property=\"og:image:height\" content=\"445\" \/>\n\t<meta property=\"og:image:type\" content=\"image\/jpeg\" \/>\n<meta name=\"author\" content=\"WAGNER HENRIQUE VARELA DA SILVA\" \/>\n<meta name=\"twitter:card\" content=\"summary_large_image\" \/>\n<meta name=\"twitter:label1\" content=\"Escrito por\" \/>\n\t<meta name=\"twitter:data1\" content=\"WAGNER HENRIQUE VARELA DA SILVA\" \/>\n\t<meta name=\"twitter:label2\" content=\"Est. tempo de leitura\" \/>\n\t<meta name=\"twitter:data2\" content=\"2 minutos\" \/>\n<script type=\"application\/ld+json\" class=\"yoast-schema-graph\">{\"@context\":\"https:\/\/schema.org\",\"@graph\":[{\"@type\":\"Article\",\"@id\":\"https:\/\/www.pm.pb.gov.br\/portal\/2020\/05\/18\/suspeito-de-matar-agente-socioeducativo-e-preso-em-menos-de-24h-apos-o-crime\/#article\",\"isPartOf\":{\"@id\":\"https:\/\/www.pm.pb.gov.br\/portal\/2020\/05\/18\/suspeito-de-matar-agente-socioeducativo-e-preso-em-menos-de-24h-apos-o-crime\/\"},\"author\":{\"name\":\"WAGNER HENRIQUE VARELA DA SILVA\",\"@id\":\"https:\/\/www.pm.pb.gov.br\/portal\/#\/schema\/person\/b169b297b8494dea236e315ed1a201d1\"},\"headline\":\"Suspeito de matar agente socioeducativo \u00e9 preso em menos de 24h ap\u00f3s o crime\",\"datePublished\":\"2020-05-18T20:42:28+00:00\",\"dateModified\":\"2020-05-18T20:43:25+00:00\",\"mainEntityOfPage\":{\"@id\":\"https:\/\/www.pm.pb.gov.br\/portal\/2020\/05\/18\/suspeito-de-matar-agente-socioeducativo-e-preso-em-menos-de-24h-apos-o-crime\/\"},\"wordCount\":332,\"publisher\":{\"@id\":\"https:\/\/www.pm.pb.gov.br\/portal\/#organization\"},\"articleSection\":[\"A\u00e7\u00f5es Policiais\"],\"inLanguage\":\"pt-BR\"},{\"@type\":\"WebPage\",\"@id\":\"https:\/\/www.pm.pb.gov.br\/portal\/2020\/05\/18\/suspeito-de-matar-agente-socioeducativo-e-preso-em-menos-de-24h-apos-o-crime\/\",\"url\":\"https:\/\/www.pm.pb.gov.br\/portal\/2020\/05\/18\/suspeito-de-matar-agente-socioeducativo-e-preso-em-menos-de-24h-apos-o-crime\/\",\"name\":\"Suspeito de matar agente socioeducativo \u00e9 preso em menos de 24h ap\u00f3s o crime - Pol\u00edcia Militar da Para\u00edba\",\"isPartOf\":{\"@id\":\"https:\/\/www.pm.pb.gov.br\/portal\/#website\"},\"datePublished\":\"2020-05-18T20:42:28+00:00\",\"dateModified\":\"2020-05-18T20:43:25+00:00\",\"breadcrumb\":{\"@id\":\"https:\/\/www.pm.pb.gov.br\/portal\/2020\/05\/18\/suspeito-de-matar-agente-socioeducativo-e-preso-em-menos-de-24h-apos-o-crime\/#breadcrumb\"},\"inLanguage\":\"pt-BR\",\"potentialAction\":[{\"@type\":\"ReadAction\",\"target\":[\"https:\/\/www.pm.pb.gov.br\/portal\/2020\/05\/18\/suspeito-de-matar-agente-socioeducativo-e-preso-em-menos-de-24h-apos-o-crime\/\"]}]},{\"@type\":\"BreadcrumbList\",\"@id\":\"https:\/\/www.pm.pb.gov.br\/portal\/2020\/05\/18\/suspeito-de-matar-agente-socioeducativo-e-preso-em-menos-de-24h-apos-o-crime\/#breadcrumb\",\"itemListElement\":[{\"@type\":\"ListItem\",\"position\":1,\"name\":\"In\u00edcio\",\"item\":\"https:\/\/www.pm.pb.gov.br\/portal\/\"},{\"@type\":\"ListItem\",\"position\":2,\"name\":\"Suspeito de matar agente socioeducativo \u00e9 preso em menos de 24h ap\u00f3s o crime\"}]},{\"@type\":\"WebSite\",\"@id\":\"https:\/\/www.pm.pb.gov.br\/portal\/#website\",\"url\":\"https:\/\/www.pm.pb.gov.br\/portal\/\",\"name\":\"Pol\u00edcia Militar da Para\u00edba\",\"description\":\"\",\"publisher\":{\"@id\":\"https:\/\/www.pm.pb.gov.br\/portal\/#organization\"},\"potentialAction\":[{\"@type\":\"SearchAction\",\"target\":{\"@type\":\"EntryPoint\",\"urlTemplate\":\"https:\/\/www.pm.pb.gov.br\/portal\/?s={search_term_string}\"},\"query-input\":\"required name=search_term_string\"}],\"inLanguage\":\"pt-BR\"},{\"@type\":\"Organization\",\"@id\":\"https:\/\/www.pm.pb.gov.br\/portal\/#organization\",\"name\":\"Pol\u00edcia Militar da Para\u00edba\",\"url\":\"https:\/\/www.pm.pb.gov.br\/portal\/\",\"logo\":{\"@type\":\"ImageObject\",\"inLanguage\":\"pt-BR\",\"@id\":\"https:\/\/www.pm.pb.gov.br\/portal\/#\/schema\/logo\/image\/\",\"url\":\"https:\/\/www.pm.pb.gov.br\/portal\/wp-content\/uploads\/2025\/03\/cropped-logo-site-mag2-1.png\",\"contentUrl\":\"https:\/\/www.pm.pb.gov.br\/portal\/wp-content\/uploads\/2025\/03\/cropped-logo-site-mag2-1.png\",\"width\":320,\"height\":90,\"caption\":\"Pol\u00edcia Militar da Para\u00edba\"},\"image\":{\"@id\":\"https:\/\/www.pm.pb.gov.br\/portal\/#\/schema\/logo\/image\/\"}},{\"@type\":\"Person\",\"@id\":\"https:\/\/www.pm.pb.gov.br\/portal\/#\/schema\/person\/b169b297b8494dea236e315ed1a201d1\",\"name\":\"WAGNER HENRIQUE VARELA DA SILVA\",\"image\":{\"@type\":\"ImageObject\",\"inLanguage\":\"pt-BR\",\"@id\":\"https:\/\/www.pm.pb.gov.br\/portal\/#\/schema\/person\/image\/\",\"url\":\"https:\/\/secure.gravatar.com\/avatar\/e08af53176a66730df5c0706c6c31fd6?s=96&d=mm&r=g\",\"contentUrl\":\"https:\/\/secure.gravatar.com\/avatar\/e08af53176a66730df5c0706c6c31fd6?s=96&d=mm&r=g\",\"caption\":\"WAGNER HENRIQUE VARELA DA SILVA\"},\"url\":\"https:\/\/www.pm.pb.gov.br\/portal\/author\/varela\/\"}]}<\/script>\n<!-- \/ Yoast SEO plugin. -->","yoast_head_json":{"title":"Suspeito de matar agente socioeducativo \u00e9 preso em menos de 24h ap\u00f3s o crime - Pol\u00edcia Militar da Para\u00edba","robots":{"index":"index","follow":"follow","max-snippet":"max-snippet:-1","max-image-preview":"max-image-preview:large","max-video-preview":"max-video-preview:-1"},"canonical":"https:\/\/www.pm.pb.gov.br\/portal\/2020\/05\/18\/suspeito-de-matar-agente-socioeducativo-e-preso-em-menos-de-24h-apos-o-crime\/","og_locale":"pt_BR","og_type":"article","og_title":"Suspeito de matar agente socioeducativo \u00e9 preso em menos de 24h ap\u00f3s o crime - Pol\u00edcia Militar da Para\u00edba","og_description":"Em menos de 24h, a Pol\u00edcia Militar apresentou na Delegacia de Homic\u00eddios o principal suspeito de matar o agente socioeducativo","og_url":"https:\/\/www.pm.pb.gov.br\/portal\/2020\/05\/18\/suspeito-de-matar-agente-socioeducativo-e-preso-em-menos-de-24h-apos-o-crime\/","og_site_name":"Pol\u00edcia Militar da Para\u00edba","article_published_time":"2020-05-18T20:42:28+00:00","article_modified_time":"2020-05-18T20:43:25+00:00","og_image":[{"width":800,"height":445,"url":"https:\/\/www.pm.pb.gov.br\/portal\/wp-content\/uploads\/2020\/04\/rpmont.jpg","type":"image\/jpeg"}],"author":"WAGNER HENRIQUE VARELA DA SILVA","twitter_card":"summary_large_image","twitter_misc":{"Escrito por":"WAGNER HENRIQUE VARELA DA SILVA","Est. tempo de leitura":"2 minutos"},"schema":{"@context":"https:\/\/schema.org","@graph":[{"@type":"Article","@id":"https:\/\/www.pm.pb.gov.br\/portal\/2020\/05\/18\/suspeito-de-matar-agente-socioeducativo-e-preso-em-menos-de-24h-apos-o-crime\/#article","isPartOf":{"@id":"https:\/\/www.pm.pb.gov.br\/portal\/2020\/05\/18\/suspeito-de-matar-agente-socioeducativo-e-preso-em-menos-de-24h-apos-o-crime\/"},"author":{"name":"WAGNER HENRIQUE VARELA DA SILVA","@id":"https:\/\/www.pm.pb.gov.br\/portal\/#\/schema\/person\/b169b297b8494dea236e315ed1a201d1"},"headline":"Suspeito de matar agente socioeducativo \u00e9 preso em menos de 24h ap\u00f3s o crime","datePublished":"2020-05-18T20:42:28+00:00","dateModified":"2020-05-18T20:43:25+00:00","mainEntityOfPage":{"@id":"https:\/\/www.pm.pb.gov.br\/portal\/2020\/05\/18\/suspeito-de-matar-agente-socioeducativo-e-preso-em-menos-de-24h-apos-o-crime\/"},"wordCount":332,"publisher":{"@id":"https:\/\/www.pm.pb.gov.br\/portal\/#organization"},"articleSection":["A\u00e7\u00f5es Policiais"],"inLanguage":"pt-BR"},{"@type":"WebPage","@id":"https:\/\/www.pm.pb.gov.br\/portal\/2020\/05\/18\/suspeito-de-matar-agente-socioeducativo-e-preso-em-menos-de-24h-apos-o-crime\/","url":"https:\/\/www.pm.pb.gov.br\/portal\/2020\/05\/18\/suspeito-de-matar-agente-socioeducativo-e-preso-em-menos-de-24h-apos-o-crime\/","name":"Suspeito de matar agente socioeducativo \u00e9 preso em menos de 24h ap\u00f3s o crime - Pol\u00edcia Militar da Para\u00edba","isPartOf":{"@id":"https:\/\/www.pm.pb.gov.br\/portal\/#website"},"datePublished":"2020-05-18T20:42:28+00:00","dateModified":"2020-05-18T20:43:25+00:00","breadcrumb":{"@id":"https:\/\/www.pm.pb.gov.br\/portal\/2020\/05\/18\/suspeito-de-matar-agente-socioeducativo-e-preso-em-menos-de-24h-apos-o-crime\/#breadcrumb"},"inLanguage":"pt-BR","potentialAction":[{"@type":"ReadAction","target":["https:\/\/www.pm.pb.gov.br\/portal\/2020\/05\/18\/suspeito-de-matar-agente-socioeducativo-e-preso-em-menos-de-24h-apos-o-crime\/"]}]},{"@type":"BreadcrumbList","@id":"https:\/\/www.pm.pb.gov.br\/portal\/2020\/05\/18\/suspeito-de-matar-agente-socioeducativo-e-preso-em-menos-de-24h-apos-o-crime\/#breadcrumb","itemListElement":[{"@type":"ListItem","position":1,"name":"In\u00edcio","item":"https:\/\/www.pm.pb.gov.br\/portal\/"},{"@type":"ListItem","position":2,"name":"Suspeito de matar agente socioeducativo \u00e9 preso em menos de 24h ap\u00f3s o crime"}]},{"@type":"WebSite","@id":"https:\/\/www.pm.pb.gov.br\/portal\/#website","url":"https:\/\/www.pm.pb.gov.br\/portal\/","name":"Pol\u00edcia Militar da Para\u00edba","description":"","publisher":{"@id":"https:\/\/www.pm.pb.gov.br\/portal\/#organization"},"potentialAction":[{"@type":"SearchAction","target":{"@type":"EntryPoint","urlTemplate":"https:\/\/www.pm.pb.gov.br\/portal\/?s={search_term_string}"},"query-input":"required name=search_term_string"}],"inLanguage":"pt-BR"},{"@type":"Organization","@id":"https:\/\/www.pm.pb.gov.br\/portal\/#organization","name":"Pol\u00edcia Militar da Para\u00edba","url":"https:\/\/www.pm.pb.gov.br\/portal\/","logo":{"@type":"ImageObject","inLanguage":"pt-BR","@id":"https:\/\/www.pm.pb.gov.br\/portal\/#\/schema\/logo\/image\/","url":"https:\/\/www.pm.pb.gov.br\/portal\/wp-content\/uploads\/2025\/03\/cropped-logo-site-mag2-1.png","contentUrl":"https:\/\/www.pm.pb.gov.br\/portal\/wp-content\/uploads\/2025\/03\/cropped-logo-site-mag2-1.png","width":320,"height":90,"caption":"Pol\u00edcia Militar da Para\u00edba"},"image":{"@id":"https:\/\/www.pm.pb.gov.br\/portal\/#\/schema\/logo\/image\/"}},{"@type":"Person","@id":"https:\/\/www.pm.pb.gov.br\/portal\/#\/schema\/person\/b169b297b8494dea236e315ed1a201d1","name":"WAGNER HENRIQUE VARELA DA SILVA","image":{"@type":"ImageObject","inLanguage":"pt-BR","@id":"https:\/\/www.pm.pb.gov.br\/portal\/#\/schema\/person\/image\/","url":"https:\/\/secure.gravatar.com\/avatar\/e08af53176a66730df5c0706c6c31fd6?s=96&d=mm&r=g","contentUrl":"https:\/\/secure.gravatar.com\/avatar\/e08af53176a66730df5c0706c6c31fd6?s=96&d=mm&r=g","caption":"WAGNER HENRIQUE VARELA DA SILVA"},"url":"https:\/\/www.pm.pb.gov.br\/portal\/author\/varela\/"}]}},"_links":{"self":[{"href":"https:\/\/www.pm.pb.gov.br\/portal\/wp-json\/wp\/v2\/posts\/905124"}],"collection":[{"href":"https:\/\/www.pm.pb.gov.br\/portal\/wp-json\/wp\/v2\/posts"}],"about":[{"href":"https:\/\/www.pm.pb.gov.br\/portal\/wp-json\/wp\/v2\/types\/post"}],"author":[{"embeddable":true,"href":"https:\/\/www.pm.pb.gov.br\/portal\/wp-json\/wp\/v2\/users\/10"}],"replies":[{"embeddable":true,"href":"https:\/\/www.pm.pb.gov.br\/portal\/wp-json\/wp\/v2\/comments?post=905124"}],"version-history":[{"count":3,"href":"https:\/\/www.pm.pb.gov.br\/portal\/wp-json\/wp\/v2\/posts\/905124\/revisions"}],"predecessor-version":[{"id":905162,"href":"https:\/\/www.pm.pb.gov.br\/portal\/wp-json\/wp\/v2\/posts\/905124\/revisions\/905162"}],"wp:featuredmedia":[{"embeddable":true,"href":"https:\/\/www.pm.pb.gov.br\/portal\/wp-json\/wp\/v2\/media\/904475"}],"wp:attachment":[{"href":"https:\/\/www.pm.pb.gov.br\/portal\/wp-json\/wp\/v2\/media?parent=905124"}],"wp:term":[{"taxonomy":"category","embeddable":true,"href":"https:\/\/www.pm.pb.gov.br\/portal\/wp-json\/wp\/v2\/categories?post=905124"},{"taxonomy":"post_tag","embeddable":true,"href":"https:\/\/www.pm.pb.gov.br\/portal\/wp-json\/wp\/v2\/tags?post=905124"}],"curies":[{"name":"wp","href":"https:\/\/api.w.org\/{rel}","templated":true}]}}