{"id":905053,"date":"2020-05-13T10:16:40","date_gmt":"2020-05-13T13:16:40","guid":{"rendered":"http:\/\/www.pm.pb.gov.br\/portal\/?p=905053"},"modified":"2020-05-13T11:25:08","modified_gmt":"2020-05-13T14:25:08","slug":"policia-militar-prende-dupla-suspeita-de-assaltos-na-cidade-de-mogeiro","status":"publish","type":"post","link":"https:\/\/www.pm.pb.gov.br\/portal\/2020\/05\/13\/policia-militar-prende-dupla-suspeita-de-assaltos-na-cidade-de-mogeiro\/","title":{"rendered":"Pol\u00edcia Militar prende dupla suspeita de assaltos na cidade de Mogeiro"},"content":{"rendered":"<p>A Pol\u00edcia Militar prendeu a dupla da moto vermelha que vinha praticando assaltos na cidade de Mogeiro, nessa ter\u00e7a-feira (12), e com os acusados apreendeu duas armas de fogo que estavam sendo usadas para amea\u00e7ar as v\u00edtimas durante os roubos.<\/p>\n<p>Conforme informa\u00e7\u00f5es do comandante do 8\u00ba Batalh\u00e3o, major Wagner Herculano, a pris\u00e3o foi resultado de um trabalho preciso entre o COPOM (Centro de Opera\u00e7\u00f5es Policiais Militares) e as viaturas do 8\u00ba Batalh\u00e3o. \u201cNosso COPOM repassou rapidamente as informa\u00e7\u00f5es sobre o roubo de uma moto, no S\u00edtio Esta\u00e7\u00e3o, na cidade de Mogeiro, com todos os detalhes repassados pela v\u00edtima. As viaturas montaram um cerco e localizaram a dupla, que foi presa em flagrante pela equipe do tenente Jefferson, ap\u00f3s acompanhamento\u201d, detalhou.<\/p>\n<p>Com os acusados, al\u00e9m da moto vermelha que estava sendo usada como meio de transporte para os roubos, foram apreendidos dois rev\u00f3lveres, muni\u00e7\u00f5es (foto abaixo), recuperada a moto roubada de um comerciante e um celular que tamb\u00e9m foi tomado por assalto no S\u00edtio Esta\u00e7\u00e3o. Eles devem ser investigado tamb\u00e9m pelo roubo do celular de uma mulher, que aconteceu no mesmo dia, na cidade de Pilar.<\/p>\n<p><img loading=\"lazy\" decoding=\"async\" class=\"wp-image-905062 aligncenter\" src=\"http:\/\/www.pm.pb.gov.br\/portal\/wp-content\/uploads\/2020\/05\/WhatsApp-Image-2020-05-13-at-00.14.16-593x445.jpeg\" alt=\"\" width=\"492\" height=\"369\" srcset=\"https:\/\/www.pm.pb.gov.br\/portal\/wp-content\/uploads\/2020\/05\/WhatsApp-Image-2020-05-13-at-00.14.16-593x445.jpeg 593w, https:\/\/www.pm.pb.gov.br\/portal\/wp-content\/uploads\/2020\/05\/WhatsApp-Image-2020-05-13-at-00.14.16-768x576.jpeg 768w, https:\/\/www.pm.pb.gov.br\/portal\/wp-content\/uploads\/2020\/05\/WhatsApp-Image-2020-05-13-at-00.14.16-760x570.jpeg 760w, https:\/\/www.pm.pb.gov.br\/portal\/wp-content\/uploads\/2020\/05\/WhatsApp-Image-2020-05-13-at-00.14.16.jpeg 1280w\" sizes=\"(max-width: 492px) 100vw, 492px\" \/><\/p>\n<p>Os dois presos foram apresentados na Delegacia de Pol\u00edcia Civil, em Itabaiana.<\/p>\n","protected":false},"excerpt":{"rendered":"<p>A Pol\u00edcia Militar prendeu a dupla da moto vermelha que vinha praticando assaltos na cidade de Mogeiro, nessa ter\u00e7a-feira (12),<\/p>\n","protected":false},"author":10,"featured_media":905058,"comment_status":"closed","ping_status":"closed","sticky":false,"template":"","format":"standard","meta":{"_exactmetrics_skip_tracking":false,"_exactmetrics_sitenote_active":false,"_exactmetrics_sitenote_note":"","_exactmetrics_sitenote_category":0,"footnotes":""},"categories":[4],"tags":[],"yoast_head":"<!-- This site is optimized with the Yoast SEO plugin v22.0 - https:\/\/yoast.com\/wordpress\/plugins\/seo\/ -->\n<title>Pol\u00edcia Militar prende dupla suspeita de assaltos na cidade de Mogeiro - Pol\u00edcia Militar da Para\u00edba<\/title>\n<meta name=\"robots\" content=\"index, follow, max-snippet:-1, max-image-preview:large, max-video-preview:-1\" \/>\n<link rel=\"canonical\" href=\"https:\/\/www.pm.pb.gov.br\/portal\/2020\/05\/13\/policia-militar-prende-dupla-suspeita-de-assaltos-na-cidade-de-mogeiro\/\" \/>\n<meta property=\"og:locale\" content=\"pt_BR\" \/>\n<meta property=\"og:type\" content=\"article\" \/>\n<meta property=\"og:title\" content=\"Pol\u00edcia Militar prende dupla suspeita de assaltos na cidade de Mogeiro - Pol\u00edcia Militar da Para\u00edba\" \/>\n<meta property=\"og:description\" content=\"A Pol\u00edcia Militar prendeu a dupla da moto vermelha que vinha praticando assaltos na cidade de Mogeiro, nessa ter\u00e7a-feira (12),\" \/>\n<meta property=\"og:url\" content=\"https:\/\/www.pm.pb.gov.br\/portal\/2020\/05\/13\/policia-militar-prende-dupla-suspeita-de-assaltos-na-cidade-de-mogeiro\/\" \/>\n<meta property=\"og:site_name\" content=\"Pol\u00edcia Militar da Para\u00edba\" \/>\n<meta property=\"article:published_time\" content=\"2020-05-13T13:16:40+00:00\" \/>\n<meta property=\"article:modified_time\" content=\"2020-05-13T14:25:08+00:00\" \/>\n<meta property=\"og:image\" content=\"https:\/\/www.pm.pb.gov.br\/portal\/wp-content\/uploads\/2020\/05\/MOTOS.jpg\" \/>\n\t<meta property=\"og:image:width\" content=\"1280\" \/>\n\t<meta property=\"og:image:height\" content=\"960\" \/>\n\t<meta property=\"og:image:type\" content=\"image\/jpeg\" \/>\n<meta name=\"author\" content=\"WAGNER HENRIQUE VARELA DA SILVA\" \/>\n<meta name=\"twitter:card\" content=\"summary_large_image\" \/>\n<meta name=\"twitter:label1\" content=\"Escrito por\" \/>\n\t<meta name=\"twitter:data1\" content=\"WAGNER HENRIQUE VARELA DA SILVA\" \/>\n\t<meta name=\"twitter:label2\" content=\"Est. tempo de leitura\" \/>\n\t<meta name=\"twitter:data2\" content=\"1 minuto\" \/>\n<script type=\"application\/ld+json\" class=\"yoast-schema-graph\">{\"@context\":\"https:\/\/schema.org\",\"@graph\":[{\"@type\":\"Article\",\"@id\":\"https:\/\/www.pm.pb.gov.br\/portal\/2020\/05\/13\/policia-militar-prende-dupla-suspeita-de-assaltos-na-cidade-de-mogeiro\/#article\",\"isPartOf\":{\"@id\":\"https:\/\/www.pm.pb.gov.br\/portal\/2020\/05\/13\/policia-militar-prende-dupla-suspeita-de-assaltos-na-cidade-de-mogeiro\/\"},\"author\":{\"name\":\"WAGNER HENRIQUE VARELA DA SILVA\",\"@id\":\"https:\/\/www.pm.pb.gov.br\/portal\/#\/schema\/person\/b169b297b8494dea236e315ed1a201d1\"},\"headline\":\"Pol\u00edcia Militar prende dupla suspeita de assaltos na cidade de Mogeiro\",\"datePublished\":\"2020-05-13T13:16:40+00:00\",\"dateModified\":\"2020-05-13T14:25:08+00:00\",\"mainEntityOfPage\":{\"@id\":\"https:\/\/www.pm.pb.gov.br\/portal\/2020\/05\/13\/policia-militar-prende-dupla-suspeita-de-assaltos-na-cidade-de-mogeiro\/\"},\"wordCount\":228,\"publisher\":{\"@id\":\"https:\/\/www.pm.pb.gov.br\/portal\/#organization\"},\"articleSection\":[\"A\u00e7\u00f5es Policiais\"],\"inLanguage\":\"pt-BR\"},{\"@type\":\"WebPage\",\"@id\":\"https:\/\/www.pm.pb.gov.br\/portal\/2020\/05\/13\/policia-militar-prende-dupla-suspeita-de-assaltos-na-cidade-de-mogeiro\/\",\"url\":\"https:\/\/www.pm.pb.gov.br\/portal\/2020\/05\/13\/policia-militar-prende-dupla-suspeita-de-assaltos-na-cidade-de-mogeiro\/\",\"name\":\"Pol\u00edcia Militar prende dupla suspeita de assaltos na cidade de Mogeiro - Pol\u00edcia Militar da Para\u00edba\",\"isPartOf\":{\"@id\":\"https:\/\/www.pm.pb.gov.br\/portal\/#website\"},\"datePublished\":\"2020-05-13T13:16:40+00:00\",\"dateModified\":\"2020-05-13T14:25:08+00:00\",\"breadcrumb\":{\"@id\":\"https:\/\/www.pm.pb.gov.br\/portal\/2020\/05\/13\/policia-militar-prende-dupla-suspeita-de-assaltos-na-cidade-de-mogeiro\/#breadcrumb\"},\"inLanguage\":\"pt-BR\",\"potentialAction\":[{\"@type\":\"ReadAction\",\"target\":[\"https:\/\/www.pm.pb.gov.br\/portal\/2020\/05\/13\/policia-militar-prende-dupla-suspeita-de-assaltos-na-cidade-de-mogeiro\/\"]}]},{\"@type\":\"BreadcrumbList\",\"@id\":\"https:\/\/www.pm.pb.gov.br\/portal\/2020\/05\/13\/policia-militar-prende-dupla-suspeita-de-assaltos-na-cidade-de-mogeiro\/#breadcrumb\",\"itemListElement\":[{\"@type\":\"ListItem\",\"position\":1,\"name\":\"In\u00edcio\",\"item\":\"https:\/\/www.pm.pb.gov.br\/portal\/\"},{\"@type\":\"ListItem\",\"position\":2,\"name\":\"Pol\u00edcia Militar prende dupla suspeita de assaltos na cidade de Mogeiro\"}]},{\"@type\":\"WebSite\",\"@id\":\"https:\/\/www.pm.pb.gov.br\/portal\/#website\",\"url\":\"https:\/\/www.pm.pb.gov.br\/portal\/\",\"name\":\"Pol\u00edcia Militar da Para\u00edba\",\"description\":\"\",\"publisher\":{\"@id\":\"https:\/\/www.pm.pb.gov.br\/portal\/#organization\"},\"potentialAction\":[{\"@type\":\"SearchAction\",\"target\":{\"@type\":\"EntryPoint\",\"urlTemplate\":\"https:\/\/www.pm.pb.gov.br\/portal\/?s={search_term_string}\"},\"query-input\":\"required name=search_term_string\"}],\"inLanguage\":\"pt-BR\"},{\"@type\":\"Organization\",\"@id\":\"https:\/\/www.pm.pb.gov.br\/portal\/#organization\",\"name\":\"Pol\u00edcia Militar da Para\u00edba\",\"url\":\"https:\/\/www.pm.pb.gov.br\/portal\/\",\"logo\":{\"@type\":\"ImageObject\",\"inLanguage\":\"pt-BR\",\"@id\":\"https:\/\/www.pm.pb.gov.br\/portal\/#\/schema\/logo\/image\/\",\"url\":\"https:\/\/www.pm.pb.gov.br\/portal\/wp-content\/uploads\/2025\/03\/cropped-logo-site-mag2-1.png\",\"contentUrl\":\"https:\/\/www.pm.pb.gov.br\/portal\/wp-content\/uploads\/2025\/03\/cropped-logo-site-mag2-1.png\",\"width\":320,\"height\":90,\"caption\":\"Pol\u00edcia Militar da Para\u00edba\"},\"image\":{\"@id\":\"https:\/\/www.pm.pb.gov.br\/portal\/#\/schema\/logo\/image\/\"}},{\"@type\":\"Person\",\"@id\":\"https:\/\/www.pm.pb.gov.br\/portal\/#\/schema\/person\/b169b297b8494dea236e315ed1a201d1\",\"name\":\"WAGNER HENRIQUE VARELA DA SILVA\",\"image\":{\"@type\":\"ImageObject\",\"inLanguage\":\"pt-BR\",\"@id\":\"https:\/\/www.pm.pb.gov.br\/portal\/#\/schema\/person\/image\/\",\"url\":\"https:\/\/secure.gravatar.com\/avatar\/e08af53176a66730df5c0706c6c31fd6?s=96&d=mm&r=g\",\"contentUrl\":\"https:\/\/secure.gravatar.com\/avatar\/e08af53176a66730df5c0706c6c31fd6?s=96&d=mm&r=g\",\"caption\":\"WAGNER HENRIQUE VARELA DA SILVA\"},\"url\":\"https:\/\/www.pm.pb.gov.br\/portal\/author\/varela\/\"}]}<\/script>\n<!-- \/ Yoast SEO plugin. -->","yoast_head_json":{"title":"Pol\u00edcia Militar prende dupla suspeita de assaltos na cidade de Mogeiro - Pol\u00edcia Militar da Para\u00edba","robots":{"index":"index","follow":"follow","max-snippet":"max-snippet:-1","max-image-preview":"max-image-preview:large","max-video-preview":"max-video-preview:-1"},"canonical":"https:\/\/www.pm.pb.gov.br\/portal\/2020\/05\/13\/policia-militar-prende-dupla-suspeita-de-assaltos-na-cidade-de-mogeiro\/","og_locale":"pt_BR","og_type":"article","og_title":"Pol\u00edcia Militar prende dupla suspeita de assaltos na cidade de Mogeiro - Pol\u00edcia Militar da Para\u00edba","og_description":"A Pol\u00edcia Militar prendeu a dupla da moto vermelha que vinha praticando assaltos na cidade de Mogeiro, nessa ter\u00e7a-feira (12),","og_url":"https:\/\/www.pm.pb.gov.br\/portal\/2020\/05\/13\/policia-militar-prende-dupla-suspeita-de-assaltos-na-cidade-de-mogeiro\/","og_site_name":"Pol\u00edcia Militar da Para\u00edba","article_published_time":"2020-05-13T13:16:40+00:00","article_modified_time":"2020-05-13T14:25:08+00:00","og_image":[{"width":1280,"height":960,"url":"https:\/\/www.pm.pb.gov.br\/portal\/wp-content\/uploads\/2020\/05\/MOTOS.jpg","type":"image\/jpeg"}],"author":"WAGNER HENRIQUE VARELA DA SILVA","twitter_card":"summary_large_image","twitter_misc":{"Escrito por":"WAGNER HENRIQUE VARELA DA SILVA","Est. tempo de leitura":"1 minuto"},"schema":{"@context":"https:\/\/schema.org","@graph":[{"@type":"Article","@id":"https:\/\/www.pm.pb.gov.br\/portal\/2020\/05\/13\/policia-militar-prende-dupla-suspeita-de-assaltos-na-cidade-de-mogeiro\/#article","isPartOf":{"@id":"https:\/\/www.pm.pb.gov.br\/portal\/2020\/05\/13\/policia-militar-prende-dupla-suspeita-de-assaltos-na-cidade-de-mogeiro\/"},"author":{"name":"WAGNER HENRIQUE VARELA DA SILVA","@id":"https:\/\/www.pm.pb.gov.br\/portal\/#\/schema\/person\/b169b297b8494dea236e315ed1a201d1"},"headline":"Pol\u00edcia Militar prende dupla suspeita de assaltos na cidade de Mogeiro","datePublished":"2020-05-13T13:16:40+00:00","dateModified":"2020-05-13T14:25:08+00:00","mainEntityOfPage":{"@id":"https:\/\/www.pm.pb.gov.br\/portal\/2020\/05\/13\/policia-militar-prende-dupla-suspeita-de-assaltos-na-cidade-de-mogeiro\/"},"wordCount":228,"publisher":{"@id":"https:\/\/www.pm.pb.gov.br\/portal\/#organization"},"articleSection":["A\u00e7\u00f5es Policiais"],"inLanguage":"pt-BR"},{"@type":"WebPage","@id":"https:\/\/www.pm.pb.gov.br\/portal\/2020\/05\/13\/policia-militar-prende-dupla-suspeita-de-assaltos-na-cidade-de-mogeiro\/","url":"https:\/\/www.pm.pb.gov.br\/portal\/2020\/05\/13\/policia-militar-prende-dupla-suspeita-de-assaltos-na-cidade-de-mogeiro\/","name":"Pol\u00edcia Militar prende dupla suspeita de assaltos na cidade de Mogeiro - Pol\u00edcia Militar da Para\u00edba","isPartOf":{"@id":"https:\/\/www.pm.pb.gov.br\/portal\/#website"},"datePublished":"2020-05-13T13:16:40+00:00","dateModified":"2020-05-13T14:25:08+00:00","breadcrumb":{"@id":"https:\/\/www.pm.pb.gov.br\/portal\/2020\/05\/13\/policia-militar-prende-dupla-suspeita-de-assaltos-na-cidade-de-mogeiro\/#breadcrumb"},"inLanguage":"pt-BR","potentialAction":[{"@type":"ReadAction","target":["https:\/\/www.pm.pb.gov.br\/portal\/2020\/05\/13\/policia-militar-prende-dupla-suspeita-de-assaltos-na-cidade-de-mogeiro\/"]}]},{"@type":"BreadcrumbList","@id":"https:\/\/www.pm.pb.gov.br\/portal\/2020\/05\/13\/policia-militar-prende-dupla-suspeita-de-assaltos-na-cidade-de-mogeiro\/#breadcrumb","itemListElement":[{"@type":"ListItem","position":1,"name":"In\u00edcio","item":"https:\/\/www.pm.pb.gov.br\/portal\/"},{"@type":"ListItem","position":2,"name":"Pol\u00edcia Militar prende dupla suspeita de assaltos na cidade de Mogeiro"}]},{"@type":"WebSite","@id":"https:\/\/www.pm.pb.gov.br\/portal\/#website","url":"https:\/\/www.pm.pb.gov.br\/portal\/","name":"Pol\u00edcia Militar da Para\u00edba","description":"","publisher":{"@id":"https:\/\/www.pm.pb.gov.br\/portal\/#organization"},"potentialAction":[{"@type":"SearchAction","target":{"@type":"EntryPoint","urlTemplate":"https:\/\/www.pm.pb.gov.br\/portal\/?s={search_term_string}"},"query-input":"required name=search_term_string"}],"inLanguage":"pt-BR"},{"@type":"Organization","@id":"https:\/\/www.pm.pb.gov.br\/portal\/#organization","name":"Pol\u00edcia Militar da Para\u00edba","url":"https:\/\/www.pm.pb.gov.br\/portal\/","logo":{"@type":"ImageObject","inLanguage":"pt-BR","@id":"https:\/\/www.pm.pb.gov.br\/portal\/#\/schema\/logo\/image\/","url":"https:\/\/www.pm.pb.gov.br\/portal\/wp-content\/uploads\/2025\/03\/cropped-logo-site-mag2-1.png","contentUrl":"https:\/\/www.pm.pb.gov.br\/portal\/wp-content\/uploads\/2025\/03\/cropped-logo-site-mag2-1.png","width":320,"height":90,"caption":"Pol\u00edcia Militar da Para\u00edba"},"image":{"@id":"https:\/\/www.pm.pb.gov.br\/portal\/#\/schema\/logo\/image\/"}},{"@type":"Person","@id":"https:\/\/www.pm.pb.gov.br\/portal\/#\/schema\/person\/b169b297b8494dea236e315ed1a201d1","name":"WAGNER HENRIQUE VARELA DA SILVA","image":{"@type":"ImageObject","inLanguage":"pt-BR","@id":"https:\/\/www.pm.pb.gov.br\/portal\/#\/schema\/person\/image\/","url":"https:\/\/secure.gravatar.com\/avatar\/e08af53176a66730df5c0706c6c31fd6?s=96&d=mm&r=g","contentUrl":"https:\/\/secure.gravatar.com\/avatar\/e08af53176a66730df5c0706c6c31fd6?s=96&d=mm&r=g","caption":"WAGNER HENRIQUE VARELA DA SILVA"},"url":"https:\/\/www.pm.pb.gov.br\/portal\/author\/varela\/"}]}},"_links":{"self":[{"href":"https:\/\/www.pm.pb.gov.br\/portal\/wp-json\/wp\/v2\/posts\/905053"}],"collection":[{"href":"https:\/\/www.pm.pb.gov.br\/portal\/wp-json\/wp\/v2\/posts"}],"about":[{"href":"https:\/\/www.pm.pb.gov.br\/portal\/wp-json\/wp\/v2\/types\/post"}],"author":[{"embeddable":true,"href":"https:\/\/www.pm.pb.gov.br\/portal\/wp-json\/wp\/v2\/users\/10"}],"replies":[{"embeddable":true,"href":"https:\/\/www.pm.pb.gov.br\/portal\/wp-json\/wp\/v2\/comments?post=905053"}],"version-history":[{"count":2,"href":"https:\/\/www.pm.pb.gov.br\/portal\/wp-json\/wp\/v2\/posts\/905053\/revisions"}],"predecessor-version":[{"id":905063,"href":"https:\/\/www.pm.pb.gov.br\/portal\/wp-json\/wp\/v2\/posts\/905053\/revisions\/905063"}],"wp:featuredmedia":[{"embeddable":true,"href":"https:\/\/www.pm.pb.gov.br\/portal\/wp-json\/wp\/v2\/media\/905058"}],"wp:attachment":[{"href":"https:\/\/www.pm.pb.gov.br\/portal\/wp-json\/wp\/v2\/media?parent=905053"}],"wp:term":[{"taxonomy":"category","embeddable":true,"href":"https:\/\/www.pm.pb.gov.br\/portal\/wp-json\/wp\/v2\/categories?post=905053"},{"taxonomy":"post_tag","embeddable":true,"href":"https:\/\/www.pm.pb.gov.br\/portal\/wp-json\/wp\/v2\/tags?post=905053"}],"curies":[{"name":"wp","href":"https:\/\/api.w.org\/{rel}","templated":true}]}}