{"id":904949,"date":"2020-05-08T08:40:09","date_gmt":"2020-05-08T11:40:09","guid":{"rendered":"http:\/\/www.pm.pb.gov.br\/portal\/?p=904949"},"modified":"2020-05-08T08:41:13","modified_gmt":"2020-05-08T11:41:13","slug":"policia-militar-prende-dupla-que-tentou-esconder-revolver-dentro-de-uma-maquina-de-lavar-roupas-na-capital","status":"publish","type":"post","link":"https:\/\/www.pm.pb.gov.br\/portal\/2020\/05\/08\/policia-militar-prende-dupla-que-tentou-esconder-revolver-dentro-de-uma-maquina-de-lavar-roupas-na-capital\/","title":{"rendered":"Pol\u00edcia Militar prende dupla que tentou esconder rev\u00f3lver dentro de uma m\u00e1quina de lavar roupas na Capital"},"content":{"rendered":"<p>A Pol\u00edcia Militar apreendeu um rev\u00f3lver, na noite dessa quinta-feira (7), ap\u00f3s surpreender uma dupla, durante refor\u00e7o policial no bairro do Cristo Redentor, em Jo\u00e3o Pessoa. Os suspeitos, de 29 e 20 anos, tentaram correr por dentro de uma casa, ao perceberem que seriam abordados. Na fuga, eles esconderam a arma dentro da m\u00e1quina de lavar roupas, na resid\u00eancia.<\/p>\n<p>Os dois, que s\u00e3o do vizinho bairro do Rangel, foram rendidos pouco tempo depois e presos pelos policiais do Batalh\u00e3o Especializado em Policiamento com Motocicletas (BEPMotos). Nas buscas, os policiais encontraram a arma dentro do eletrodom\u00e9stico. Os presos foram apresentados na Central de Flagrantes, no Geisel.<\/p>\n<p><strong>Em Cruz do Esp\u00edrito Santo<\/strong> \u2013 Duas armas de fogo foram apreendidas por equipes da 3\u00aa Companhia do 7\u00ba Batalh\u00e3o, ap\u00f3s den\u00fancia an\u00f4nima de que um homem estaria andando armado no S\u00edtio Jo\u00e3o Raimundo, nessa quinta-feira. O suspeito, de 38 anos, foi preso em casa com um rev\u00f3lver e uma espingarda. Ele foi levado para a Central de Pol\u00edcia, em Jo\u00e3o Pessoa.<\/p>\n","protected":false},"excerpt":{"rendered":"<p>A Pol\u00edcia Militar apreendeu um rev\u00f3lver, na noite dessa quinta-feira (7), ap\u00f3s surpreender uma dupla, durante refor\u00e7o policial no bairro<\/p>\n","protected":false},"author":10,"featured_media":904956,"comment_status":"closed","ping_status":"closed","sticky":false,"template":"","format":"standard","meta":{"_exactmetrics_skip_tracking":false,"_exactmetrics_sitenote_active":false,"_exactmetrics_sitenote_note":"","_exactmetrics_sitenote_category":0,"footnotes":""},"categories":[4],"tags":[],"yoast_head":"<!-- This site is optimized with the Yoast SEO plugin v22.0 - https:\/\/yoast.com\/wordpress\/plugins\/seo\/ -->\n<title>Pol\u00edcia Militar prende dupla que tentou esconder rev\u00f3lver dentro de uma m\u00e1quina de lavar roupas na Capital - Pol\u00edcia Militar da Para\u00edba<\/title>\n<meta name=\"robots\" content=\"index, follow, max-snippet:-1, max-image-preview:large, max-video-preview:-1\" \/>\n<link rel=\"canonical\" href=\"https:\/\/www.pm.pb.gov.br\/portal\/2020\/05\/08\/policia-militar-prende-dupla-que-tentou-esconder-revolver-dentro-de-uma-maquina-de-lavar-roupas-na-capital\/\" \/>\n<meta property=\"og:locale\" content=\"pt_BR\" \/>\n<meta property=\"og:type\" content=\"article\" \/>\n<meta property=\"og:title\" content=\"Pol\u00edcia Militar prende dupla que tentou esconder rev\u00f3lver dentro de uma m\u00e1quina de lavar roupas na Capital - Pol\u00edcia Militar da Para\u00edba\" \/>\n<meta property=\"og:description\" content=\"A Pol\u00edcia Militar apreendeu um rev\u00f3lver, na noite dessa quinta-feira (7), ap\u00f3s surpreender uma dupla, durante refor\u00e7o policial no bairro\" \/>\n<meta property=\"og:url\" content=\"https:\/\/www.pm.pb.gov.br\/portal\/2020\/05\/08\/policia-militar-prende-dupla-que-tentou-esconder-revolver-dentro-de-uma-maquina-de-lavar-roupas-na-capital\/\" \/>\n<meta property=\"og:site_name\" content=\"Pol\u00edcia Militar da Para\u00edba\" \/>\n<meta property=\"article:published_time\" content=\"2020-05-08T11:40:09+00:00\" \/>\n<meta property=\"article:modified_time\" content=\"2020-05-08T11:41:13+00:00\" \/>\n<meta property=\"og:image\" content=\"https:\/\/www.pm.pb.gov.br\/portal\/wp-content\/uploads\/2020\/05\/armaaaa.jpg\" \/>\n\t<meta property=\"og:image:width\" content=\"720\" \/>\n\t<meta property=\"og:image:height\" content=\"960\" \/>\n\t<meta property=\"og:image:type\" content=\"image\/jpeg\" \/>\n<meta name=\"author\" content=\"WAGNER HENRIQUE VARELA DA SILVA\" \/>\n<meta name=\"twitter:card\" content=\"summary_large_image\" \/>\n<meta name=\"twitter:label1\" content=\"Escrito por\" \/>\n\t<meta name=\"twitter:data1\" content=\"WAGNER HENRIQUE VARELA DA SILVA\" \/>\n\t<meta name=\"twitter:label2\" content=\"Est. tempo de leitura\" \/>\n\t<meta name=\"twitter:data2\" content=\"1 minuto\" \/>\n<script type=\"application\/ld+json\" class=\"yoast-schema-graph\">{\"@context\":\"https:\/\/schema.org\",\"@graph\":[{\"@type\":\"Article\",\"@id\":\"https:\/\/www.pm.pb.gov.br\/portal\/2020\/05\/08\/policia-militar-prende-dupla-que-tentou-esconder-revolver-dentro-de-uma-maquina-de-lavar-roupas-na-capital\/#article\",\"isPartOf\":{\"@id\":\"https:\/\/www.pm.pb.gov.br\/portal\/2020\/05\/08\/policia-militar-prende-dupla-que-tentou-esconder-revolver-dentro-de-uma-maquina-de-lavar-roupas-na-capital\/\"},\"author\":{\"name\":\"WAGNER HENRIQUE VARELA DA SILVA\",\"@id\":\"https:\/\/www.pm.pb.gov.br\/portal\/#\/schema\/person\/b169b297b8494dea236e315ed1a201d1\"},\"headline\":\"Pol\u00edcia Militar prende dupla que tentou esconder rev\u00f3lver dentro de uma m\u00e1quina de lavar roupas na Capital\",\"datePublished\":\"2020-05-08T11:40:09+00:00\",\"dateModified\":\"2020-05-08T11:41:13+00:00\",\"mainEntityOfPage\":{\"@id\":\"https:\/\/www.pm.pb.gov.br\/portal\/2020\/05\/08\/policia-militar-prende-dupla-que-tentou-esconder-revolver-dentro-de-uma-maquina-de-lavar-roupas-na-capital\/\"},\"wordCount\":200,\"publisher\":{\"@id\":\"https:\/\/www.pm.pb.gov.br\/portal\/#organization\"},\"articleSection\":[\"A\u00e7\u00f5es Policiais\"],\"inLanguage\":\"pt-BR\"},{\"@type\":\"WebPage\",\"@id\":\"https:\/\/www.pm.pb.gov.br\/portal\/2020\/05\/08\/policia-militar-prende-dupla-que-tentou-esconder-revolver-dentro-de-uma-maquina-de-lavar-roupas-na-capital\/\",\"url\":\"https:\/\/www.pm.pb.gov.br\/portal\/2020\/05\/08\/policia-militar-prende-dupla-que-tentou-esconder-revolver-dentro-de-uma-maquina-de-lavar-roupas-na-capital\/\",\"name\":\"Pol\u00edcia Militar prende dupla que tentou esconder rev\u00f3lver dentro de uma m\u00e1quina de lavar roupas na Capital - Pol\u00edcia Militar da Para\u00edba\",\"isPartOf\":{\"@id\":\"https:\/\/www.pm.pb.gov.br\/portal\/#website\"},\"datePublished\":\"2020-05-08T11:40:09+00:00\",\"dateModified\":\"2020-05-08T11:41:13+00:00\",\"breadcrumb\":{\"@id\":\"https:\/\/www.pm.pb.gov.br\/portal\/2020\/05\/08\/policia-militar-prende-dupla-que-tentou-esconder-revolver-dentro-de-uma-maquina-de-lavar-roupas-na-capital\/#breadcrumb\"},\"inLanguage\":\"pt-BR\",\"potentialAction\":[{\"@type\":\"ReadAction\",\"target\":[\"https:\/\/www.pm.pb.gov.br\/portal\/2020\/05\/08\/policia-militar-prende-dupla-que-tentou-esconder-revolver-dentro-de-uma-maquina-de-lavar-roupas-na-capital\/\"]}]},{\"@type\":\"BreadcrumbList\",\"@id\":\"https:\/\/www.pm.pb.gov.br\/portal\/2020\/05\/08\/policia-militar-prende-dupla-que-tentou-esconder-revolver-dentro-de-uma-maquina-de-lavar-roupas-na-capital\/#breadcrumb\",\"itemListElement\":[{\"@type\":\"ListItem\",\"position\":1,\"name\":\"In\u00edcio\",\"item\":\"https:\/\/www.pm.pb.gov.br\/portal\/\"},{\"@type\":\"ListItem\",\"position\":2,\"name\":\"Pol\u00edcia Militar prende dupla que tentou esconder rev\u00f3lver dentro de uma m\u00e1quina de lavar roupas na Capital\"}]},{\"@type\":\"WebSite\",\"@id\":\"https:\/\/www.pm.pb.gov.br\/portal\/#website\",\"url\":\"https:\/\/www.pm.pb.gov.br\/portal\/\",\"name\":\"Pol\u00edcia Militar da Para\u00edba\",\"description\":\"\",\"publisher\":{\"@id\":\"https:\/\/www.pm.pb.gov.br\/portal\/#organization\"},\"potentialAction\":[{\"@type\":\"SearchAction\",\"target\":{\"@type\":\"EntryPoint\",\"urlTemplate\":\"https:\/\/www.pm.pb.gov.br\/portal\/?s={search_term_string}\"},\"query-input\":\"required name=search_term_string\"}],\"inLanguage\":\"pt-BR\"},{\"@type\":\"Organization\",\"@id\":\"https:\/\/www.pm.pb.gov.br\/portal\/#organization\",\"name\":\"Pol\u00edcia Militar da Para\u00edba\",\"url\":\"https:\/\/www.pm.pb.gov.br\/portal\/\",\"logo\":{\"@type\":\"ImageObject\",\"inLanguage\":\"pt-BR\",\"@id\":\"https:\/\/www.pm.pb.gov.br\/portal\/#\/schema\/logo\/image\/\",\"url\":\"https:\/\/www.pm.pb.gov.br\/portal\/wp-content\/uploads\/2025\/03\/cropped-logo-site-mag2-1.png\",\"contentUrl\":\"https:\/\/www.pm.pb.gov.br\/portal\/wp-content\/uploads\/2025\/03\/cropped-logo-site-mag2-1.png\",\"width\":320,\"height\":90,\"caption\":\"Pol\u00edcia Militar da Para\u00edba\"},\"image\":{\"@id\":\"https:\/\/www.pm.pb.gov.br\/portal\/#\/schema\/logo\/image\/\"}},{\"@type\":\"Person\",\"@id\":\"https:\/\/www.pm.pb.gov.br\/portal\/#\/schema\/person\/b169b297b8494dea236e315ed1a201d1\",\"name\":\"WAGNER HENRIQUE VARELA DA SILVA\",\"image\":{\"@type\":\"ImageObject\",\"inLanguage\":\"pt-BR\",\"@id\":\"https:\/\/www.pm.pb.gov.br\/portal\/#\/schema\/person\/image\/\",\"url\":\"https:\/\/secure.gravatar.com\/avatar\/e08af53176a66730df5c0706c6c31fd6?s=96&d=mm&r=g\",\"contentUrl\":\"https:\/\/secure.gravatar.com\/avatar\/e08af53176a66730df5c0706c6c31fd6?s=96&d=mm&r=g\",\"caption\":\"WAGNER HENRIQUE VARELA DA SILVA\"},\"url\":\"https:\/\/www.pm.pb.gov.br\/portal\/author\/varela\/\"}]}<\/script>\n<!-- \/ Yoast SEO plugin. -->","yoast_head_json":{"title":"Pol\u00edcia Militar prende dupla que tentou esconder rev\u00f3lver dentro de uma m\u00e1quina de lavar roupas na Capital - Pol\u00edcia Militar da Para\u00edba","robots":{"index":"index","follow":"follow","max-snippet":"max-snippet:-1","max-image-preview":"max-image-preview:large","max-video-preview":"max-video-preview:-1"},"canonical":"https:\/\/www.pm.pb.gov.br\/portal\/2020\/05\/08\/policia-militar-prende-dupla-que-tentou-esconder-revolver-dentro-de-uma-maquina-de-lavar-roupas-na-capital\/","og_locale":"pt_BR","og_type":"article","og_title":"Pol\u00edcia Militar prende dupla que tentou esconder rev\u00f3lver dentro de uma m\u00e1quina de lavar roupas na Capital - Pol\u00edcia Militar da Para\u00edba","og_description":"A Pol\u00edcia Militar apreendeu um rev\u00f3lver, na noite dessa quinta-feira (7), ap\u00f3s surpreender uma dupla, durante refor\u00e7o policial no bairro","og_url":"https:\/\/www.pm.pb.gov.br\/portal\/2020\/05\/08\/policia-militar-prende-dupla-que-tentou-esconder-revolver-dentro-de-uma-maquina-de-lavar-roupas-na-capital\/","og_site_name":"Pol\u00edcia Militar da Para\u00edba","article_published_time":"2020-05-08T11:40:09+00:00","article_modified_time":"2020-05-08T11:41:13+00:00","og_image":[{"width":720,"height":960,"url":"https:\/\/www.pm.pb.gov.br\/portal\/wp-content\/uploads\/2020\/05\/armaaaa.jpg","type":"image\/jpeg"}],"author":"WAGNER HENRIQUE VARELA DA SILVA","twitter_card":"summary_large_image","twitter_misc":{"Escrito por":"WAGNER HENRIQUE VARELA DA SILVA","Est. tempo de leitura":"1 minuto"},"schema":{"@context":"https:\/\/schema.org","@graph":[{"@type":"Article","@id":"https:\/\/www.pm.pb.gov.br\/portal\/2020\/05\/08\/policia-militar-prende-dupla-que-tentou-esconder-revolver-dentro-de-uma-maquina-de-lavar-roupas-na-capital\/#article","isPartOf":{"@id":"https:\/\/www.pm.pb.gov.br\/portal\/2020\/05\/08\/policia-militar-prende-dupla-que-tentou-esconder-revolver-dentro-de-uma-maquina-de-lavar-roupas-na-capital\/"},"author":{"name":"WAGNER HENRIQUE VARELA DA SILVA","@id":"https:\/\/www.pm.pb.gov.br\/portal\/#\/schema\/person\/b169b297b8494dea236e315ed1a201d1"},"headline":"Pol\u00edcia Militar prende dupla que tentou esconder rev\u00f3lver dentro de uma m\u00e1quina de lavar roupas na Capital","datePublished":"2020-05-08T11:40:09+00:00","dateModified":"2020-05-08T11:41:13+00:00","mainEntityOfPage":{"@id":"https:\/\/www.pm.pb.gov.br\/portal\/2020\/05\/08\/policia-militar-prende-dupla-que-tentou-esconder-revolver-dentro-de-uma-maquina-de-lavar-roupas-na-capital\/"},"wordCount":200,"publisher":{"@id":"https:\/\/www.pm.pb.gov.br\/portal\/#organization"},"articleSection":["A\u00e7\u00f5es Policiais"],"inLanguage":"pt-BR"},{"@type":"WebPage","@id":"https:\/\/www.pm.pb.gov.br\/portal\/2020\/05\/08\/policia-militar-prende-dupla-que-tentou-esconder-revolver-dentro-de-uma-maquina-de-lavar-roupas-na-capital\/","url":"https:\/\/www.pm.pb.gov.br\/portal\/2020\/05\/08\/policia-militar-prende-dupla-que-tentou-esconder-revolver-dentro-de-uma-maquina-de-lavar-roupas-na-capital\/","name":"Pol\u00edcia Militar prende dupla que tentou esconder rev\u00f3lver dentro de uma m\u00e1quina de lavar roupas na Capital - Pol\u00edcia Militar da Para\u00edba","isPartOf":{"@id":"https:\/\/www.pm.pb.gov.br\/portal\/#website"},"datePublished":"2020-05-08T11:40:09+00:00","dateModified":"2020-05-08T11:41:13+00:00","breadcrumb":{"@id":"https:\/\/www.pm.pb.gov.br\/portal\/2020\/05\/08\/policia-militar-prende-dupla-que-tentou-esconder-revolver-dentro-de-uma-maquina-de-lavar-roupas-na-capital\/#breadcrumb"},"inLanguage":"pt-BR","potentialAction":[{"@type":"ReadAction","target":["https:\/\/www.pm.pb.gov.br\/portal\/2020\/05\/08\/policia-militar-prende-dupla-que-tentou-esconder-revolver-dentro-de-uma-maquina-de-lavar-roupas-na-capital\/"]}]},{"@type":"BreadcrumbList","@id":"https:\/\/www.pm.pb.gov.br\/portal\/2020\/05\/08\/policia-militar-prende-dupla-que-tentou-esconder-revolver-dentro-de-uma-maquina-de-lavar-roupas-na-capital\/#breadcrumb","itemListElement":[{"@type":"ListItem","position":1,"name":"In\u00edcio","item":"https:\/\/www.pm.pb.gov.br\/portal\/"},{"@type":"ListItem","position":2,"name":"Pol\u00edcia Militar prende dupla que tentou esconder rev\u00f3lver dentro de uma m\u00e1quina de lavar roupas na Capital"}]},{"@type":"WebSite","@id":"https:\/\/www.pm.pb.gov.br\/portal\/#website","url":"https:\/\/www.pm.pb.gov.br\/portal\/","name":"Pol\u00edcia Militar da Para\u00edba","description":"","publisher":{"@id":"https:\/\/www.pm.pb.gov.br\/portal\/#organization"},"potentialAction":[{"@type":"SearchAction","target":{"@type":"EntryPoint","urlTemplate":"https:\/\/www.pm.pb.gov.br\/portal\/?s={search_term_string}"},"query-input":"required name=search_term_string"}],"inLanguage":"pt-BR"},{"@type":"Organization","@id":"https:\/\/www.pm.pb.gov.br\/portal\/#organization","name":"Pol\u00edcia Militar da Para\u00edba","url":"https:\/\/www.pm.pb.gov.br\/portal\/","logo":{"@type":"ImageObject","inLanguage":"pt-BR","@id":"https:\/\/www.pm.pb.gov.br\/portal\/#\/schema\/logo\/image\/","url":"https:\/\/www.pm.pb.gov.br\/portal\/wp-content\/uploads\/2025\/03\/cropped-logo-site-mag2-1.png","contentUrl":"https:\/\/www.pm.pb.gov.br\/portal\/wp-content\/uploads\/2025\/03\/cropped-logo-site-mag2-1.png","width":320,"height":90,"caption":"Pol\u00edcia Militar da Para\u00edba"},"image":{"@id":"https:\/\/www.pm.pb.gov.br\/portal\/#\/schema\/logo\/image\/"}},{"@type":"Person","@id":"https:\/\/www.pm.pb.gov.br\/portal\/#\/schema\/person\/b169b297b8494dea236e315ed1a201d1","name":"WAGNER HENRIQUE VARELA DA SILVA","image":{"@type":"ImageObject","inLanguage":"pt-BR","@id":"https:\/\/www.pm.pb.gov.br\/portal\/#\/schema\/person\/image\/","url":"https:\/\/secure.gravatar.com\/avatar\/e08af53176a66730df5c0706c6c31fd6?s=96&d=mm&r=g","contentUrl":"https:\/\/secure.gravatar.com\/avatar\/e08af53176a66730df5c0706c6c31fd6?s=96&d=mm&r=g","caption":"WAGNER HENRIQUE VARELA DA SILVA"},"url":"https:\/\/www.pm.pb.gov.br\/portal\/author\/varela\/"}]}},"_links":{"self":[{"href":"https:\/\/www.pm.pb.gov.br\/portal\/wp-json\/wp\/v2\/posts\/904949"}],"collection":[{"href":"https:\/\/www.pm.pb.gov.br\/portal\/wp-json\/wp\/v2\/posts"}],"about":[{"href":"https:\/\/www.pm.pb.gov.br\/portal\/wp-json\/wp\/v2\/types\/post"}],"author":[{"embeddable":true,"href":"https:\/\/www.pm.pb.gov.br\/portal\/wp-json\/wp\/v2\/users\/10"}],"replies":[{"embeddable":true,"href":"https:\/\/www.pm.pb.gov.br\/portal\/wp-json\/wp\/v2\/comments?post=904949"}],"version-history":[{"count":2,"href":"https:\/\/www.pm.pb.gov.br\/portal\/wp-json\/wp\/v2\/posts\/904949\/revisions"}],"predecessor-version":[{"id":904955,"href":"https:\/\/www.pm.pb.gov.br\/portal\/wp-json\/wp\/v2\/posts\/904949\/revisions\/904955"}],"wp:featuredmedia":[{"embeddable":true,"href":"https:\/\/www.pm.pb.gov.br\/portal\/wp-json\/wp\/v2\/media\/904956"}],"wp:attachment":[{"href":"https:\/\/www.pm.pb.gov.br\/portal\/wp-json\/wp\/v2\/media?parent=904949"}],"wp:term":[{"taxonomy":"category","embeddable":true,"href":"https:\/\/www.pm.pb.gov.br\/portal\/wp-json\/wp\/v2\/categories?post=904949"},{"taxonomy":"post_tag","embeddable":true,"href":"https:\/\/www.pm.pb.gov.br\/portal\/wp-json\/wp\/v2\/tags?post=904949"}],"curies":[{"name":"wp","href":"https:\/\/api.w.org\/{rel}","templated":true}]}}