{"id":904844,"date":"2020-05-02T12:55:30","date_gmt":"2020-05-02T15:55:30","guid":{"rendered":"http:\/\/www.pm.pb.gov.br\/portal\/?p=904844"},"modified":"2020-05-02T13:05:13","modified_gmt":"2020-05-02T16:05:13","slug":"policia-militar-prende-acusado-de-roubo-e-homem-que-movimentava-trafico-em-praca-de-campina-grande","status":"publish","type":"post","link":"https:\/\/www.pm.pb.gov.br\/portal\/2020\/05\/02\/policia-militar-prende-acusado-de-roubo-e-homem-que-movimentava-trafico-em-praca-de-campina-grande\/","title":{"rendered":"Pol\u00edcia Militar prende acusado de roubo e homem que movimentava tr\u00e1fico em pra\u00e7a de Campina Grande"},"content":{"rendered":"\n<p>A noite da \u00faltima sexta-feira (01) terminou com mais uma captura de um homem procurado pela Justi\u00e7a, e pris\u00e3o de outro que movimentava o tr\u00e1fico de drogas em uma pra\u00e7a na cidade de Campina Grande. As a\u00e7\u00f5es foram realizadas pela Pol\u00edcia Militar durante a Opera\u00e7\u00e3o Trabalhador.<br \/><br \/>No in\u00edcio da noite, policiais da 2\u00aa Companhia Especializada em Policiamento com Motocicletas (2\u00aa CEPMotos) estavam intensificando a atua\u00e7\u00e3o na regi\u00e3o da Pra\u00e7a Clementino Proc\u00f3pio quando perceberam uma movimenta\u00e7\u00e3o suspeita de pessoas, e que os indiv\u00edduos come\u00e7aram a se evadir com a chegada dos policiais.\u00a0<br \/><br \/><img loading=\"lazy\" decoding=\"async\" class=\" wp-image-904852 alignright\" src=\"http:\/\/www.pm.pb.gov.br\/portal\/wp-content\/uploads\/2020\/05\/WhatsApp-Image-2020-05-01-at-18.35.39-593x445.jpeg\" alt=\"\" width=\"371\" height=\"278\" srcset=\"https:\/\/www.pm.pb.gov.br\/portal\/wp-content\/uploads\/2020\/05\/WhatsApp-Image-2020-05-01-at-18.35.39-593x445.jpeg 593w, https:\/\/www.pm.pb.gov.br\/portal\/wp-content\/uploads\/2020\/05\/WhatsApp-Image-2020-05-01-at-18.35.39-768x576.jpeg 768w, https:\/\/www.pm.pb.gov.br\/portal\/wp-content\/uploads\/2020\/05\/WhatsApp-Image-2020-05-01-at-18.35.39-760x570.jpeg 760w, https:\/\/www.pm.pb.gov.br\/portal\/wp-content\/uploads\/2020\/05\/WhatsApp-Image-2020-05-01-at-18.35.39.jpeg 1280w\" sizes=\"(max-width: 371px) 100vw, 371px\" \/>Em uma das abordagens que foram feitas, foi constatado que um homem de 55 anos de idade estava com diversas pedras de subst\u00e2ncia similar ao crack. Em outras buscas feitas na localidade, foram encontradas outras drogas e materiais utilizados no tr\u00e1fico, totalizando 62 pedras de crack, 45 inv\u00f3lucros de maconha, dinheiro, v\u00e1rios recipientes e sacolas pl\u00e1sticas (foto ao lado). O suspeito foi preso, assumiu a posse do material e foi encaminhado para a Central de Pol\u00edcia.<\/p>\n<p>Mais tarde no bairro da Liberdade, mais um homem que estava sendo procurado pela Justi\u00e7a foi preso pela PM. O acusado tinha um mandado de pris\u00e3o em aberto pelo crime de roubo e foi abordado pelos policiais da 2\u00aa CEPMotos. Ele foi apresentado na Central de Pol\u00edcia onde est\u00e1 \u00e0 disposi\u00e7\u00e3o da Justi\u00e7a.<br \/><br \/><strong>Feriado &#8211;<\/strong>\u00a0As duas a\u00e7\u00f5es aconteceram durante a Opera\u00e7\u00e3o Trabalhador, realizada pela PM refor\u00e7ando a seguran\u00e7a na Para\u00edba com barreiras policiais, ocupa\u00e7\u00e3o de locais estrat\u00e9gicos, incurs\u00f5es e outras atividades, al\u00e9m das fiscaliza\u00e7\u00f5es relacionadas \u00e0 preven\u00e7\u00e3o do cont\u00e1gio do Covid-19. A Opera\u00e7\u00e3o segue at\u00e9 a madrugada da pr\u00f3xima segunda-feira (4).<\/p>\n","protected":false},"excerpt":{"rendered":"<p>A noite da \u00faltima sexta-feira (01) terminou com mais uma captura de um homem procurado pela Justi\u00e7a, e pris\u00e3o de<\/p>\n","protected":false},"author":12,"featured_media":903050,"comment_status":"closed","ping_status":"closed","sticky":false,"template":"","format":"standard","meta":{"_exactmetrics_skip_tracking":false,"_exactmetrics_sitenote_active":false,"_exactmetrics_sitenote_note":"","_exactmetrics_sitenote_category":0,"footnotes":""},"categories":[4],"tags":[],"yoast_head":"<!-- This site is optimized with the Yoast SEO plugin v22.0 - https:\/\/yoast.com\/wordpress\/plugins\/seo\/ -->\n<title>Pol\u00edcia Militar prende acusado de roubo e homem que movimentava tr\u00e1fico em pra\u00e7a de Campina Grande - Pol\u00edcia Militar da Para\u00edba<\/title>\n<meta name=\"robots\" content=\"index, follow, max-snippet:-1, max-image-preview:large, max-video-preview:-1\" \/>\n<link rel=\"canonical\" href=\"https:\/\/www.pm.pb.gov.br\/portal\/2020\/05\/02\/policia-militar-prende-acusado-de-roubo-e-homem-que-movimentava-trafico-em-praca-de-campina-grande\/\" \/>\n<meta property=\"og:locale\" content=\"pt_BR\" \/>\n<meta property=\"og:type\" content=\"article\" \/>\n<meta property=\"og:title\" content=\"Pol\u00edcia Militar prende acusado de roubo e homem que movimentava tr\u00e1fico em pra\u00e7a de Campina Grande - Pol\u00edcia Militar da Para\u00edba\" \/>\n<meta property=\"og:description\" content=\"A noite da \u00faltima sexta-feira (01) terminou com mais uma captura de um homem procurado pela Justi\u00e7a, e pris\u00e3o de\" \/>\n<meta property=\"og:url\" content=\"https:\/\/www.pm.pb.gov.br\/portal\/2020\/05\/02\/policia-militar-prende-acusado-de-roubo-e-homem-que-movimentava-trafico-em-praca-de-campina-grande\/\" \/>\n<meta property=\"og:site_name\" content=\"Pol\u00edcia Militar da Para\u00edba\" \/>\n<meta property=\"article:published_time\" content=\"2020-05-02T15:55:30+00:00\" \/>\n<meta property=\"article:modified_time\" content=\"2020-05-02T16:05:13+00:00\" \/>\n<meta property=\"og:image\" content=\"https:\/\/www.pm.pb.gov.br\/portal\/wp-content\/uploads\/2019\/11\/capa2acpmotos1.jpeg\" \/>\n\t<meta property=\"og:image:width\" content=\"800\" \/>\n\t<meta property=\"og:image:height\" content=\"445\" \/>\n\t<meta property=\"og:image:type\" content=\"image\/jpeg\" \/>\n<meta name=\"author\" content=\"Tarcisio Oliveira\" \/>\n<meta name=\"twitter:card\" content=\"summary_large_image\" \/>\n<meta name=\"twitter:label1\" content=\"Escrito por\" \/>\n\t<meta name=\"twitter:data1\" content=\"Tarcisio Oliveira\" \/>\n\t<meta name=\"twitter:label2\" content=\"Est. tempo de leitura\" \/>\n\t<meta name=\"twitter:data2\" content=\"1 minuto\" \/>\n<script type=\"application\/ld+json\" class=\"yoast-schema-graph\">{\"@context\":\"https:\/\/schema.org\",\"@graph\":[{\"@type\":\"Article\",\"@id\":\"https:\/\/www.pm.pb.gov.br\/portal\/2020\/05\/02\/policia-militar-prende-acusado-de-roubo-e-homem-que-movimentava-trafico-em-praca-de-campina-grande\/#article\",\"isPartOf\":{\"@id\":\"https:\/\/www.pm.pb.gov.br\/portal\/2020\/05\/02\/policia-militar-prende-acusado-de-roubo-e-homem-que-movimentava-trafico-em-praca-de-campina-grande\/\"},\"author\":{\"name\":\"Tarcisio Oliveira\",\"@id\":\"https:\/\/www.pm.pb.gov.br\/portal\/#\/schema\/person\/f84f56dcc78ce4357054da888b8247fd\"},\"headline\":\"Pol\u00edcia Militar prende acusado de roubo e homem que movimentava tr\u00e1fico em pra\u00e7a de Campina Grande\",\"datePublished\":\"2020-05-02T15:55:30+00:00\",\"dateModified\":\"2020-05-02T16:05:13+00:00\",\"mainEntityOfPage\":{\"@id\":\"https:\/\/www.pm.pb.gov.br\/portal\/2020\/05\/02\/policia-militar-prende-acusado-de-roubo-e-homem-que-movimentava-trafico-em-praca-de-campina-grande\/\"},\"wordCount\":318,\"publisher\":{\"@id\":\"https:\/\/www.pm.pb.gov.br\/portal\/#organization\"},\"articleSection\":[\"A\u00e7\u00f5es Policiais\"],\"inLanguage\":\"pt-BR\"},{\"@type\":\"WebPage\",\"@id\":\"https:\/\/www.pm.pb.gov.br\/portal\/2020\/05\/02\/policia-militar-prende-acusado-de-roubo-e-homem-que-movimentava-trafico-em-praca-de-campina-grande\/\",\"url\":\"https:\/\/www.pm.pb.gov.br\/portal\/2020\/05\/02\/policia-militar-prende-acusado-de-roubo-e-homem-que-movimentava-trafico-em-praca-de-campina-grande\/\",\"name\":\"Pol\u00edcia Militar prende acusado de roubo e homem que movimentava tr\u00e1fico em pra\u00e7a de Campina Grande - Pol\u00edcia Militar da Para\u00edba\",\"isPartOf\":{\"@id\":\"https:\/\/www.pm.pb.gov.br\/portal\/#website\"},\"datePublished\":\"2020-05-02T15:55:30+00:00\",\"dateModified\":\"2020-05-02T16:05:13+00:00\",\"breadcrumb\":{\"@id\":\"https:\/\/www.pm.pb.gov.br\/portal\/2020\/05\/02\/policia-militar-prende-acusado-de-roubo-e-homem-que-movimentava-trafico-em-praca-de-campina-grande\/#breadcrumb\"},\"inLanguage\":\"pt-BR\",\"potentialAction\":[{\"@type\":\"ReadAction\",\"target\":[\"https:\/\/www.pm.pb.gov.br\/portal\/2020\/05\/02\/policia-militar-prende-acusado-de-roubo-e-homem-que-movimentava-trafico-em-praca-de-campina-grande\/\"]}]},{\"@type\":\"BreadcrumbList\",\"@id\":\"https:\/\/www.pm.pb.gov.br\/portal\/2020\/05\/02\/policia-militar-prende-acusado-de-roubo-e-homem-que-movimentava-trafico-em-praca-de-campina-grande\/#breadcrumb\",\"itemListElement\":[{\"@type\":\"ListItem\",\"position\":1,\"name\":\"In\u00edcio\",\"item\":\"https:\/\/www.pm.pb.gov.br\/portal\/\"},{\"@type\":\"ListItem\",\"position\":2,\"name\":\"Pol\u00edcia Militar prende acusado de roubo e homem que movimentava tr\u00e1fico em pra\u00e7a de Campina Grande\"}]},{\"@type\":\"WebSite\",\"@id\":\"https:\/\/www.pm.pb.gov.br\/portal\/#website\",\"url\":\"https:\/\/www.pm.pb.gov.br\/portal\/\",\"name\":\"Pol\u00edcia Militar da Para\u00edba\",\"description\":\"\",\"publisher\":{\"@id\":\"https:\/\/www.pm.pb.gov.br\/portal\/#organization\"},\"potentialAction\":[{\"@type\":\"SearchAction\",\"target\":{\"@type\":\"EntryPoint\",\"urlTemplate\":\"https:\/\/www.pm.pb.gov.br\/portal\/?s={search_term_string}\"},\"query-input\":\"required name=search_term_string\"}],\"inLanguage\":\"pt-BR\"},{\"@type\":\"Organization\",\"@id\":\"https:\/\/www.pm.pb.gov.br\/portal\/#organization\",\"name\":\"Pol\u00edcia Militar da Para\u00edba\",\"url\":\"https:\/\/www.pm.pb.gov.br\/portal\/\",\"logo\":{\"@type\":\"ImageObject\",\"inLanguage\":\"pt-BR\",\"@id\":\"https:\/\/www.pm.pb.gov.br\/portal\/#\/schema\/logo\/image\/\",\"url\":\"https:\/\/www.pm.pb.gov.br\/portal\/wp-content\/uploads\/2025\/03\/cropped-logo-site-mag2-1.png\",\"contentUrl\":\"https:\/\/www.pm.pb.gov.br\/portal\/wp-content\/uploads\/2025\/03\/cropped-logo-site-mag2-1.png\",\"width\":320,\"height\":90,\"caption\":\"Pol\u00edcia Militar da Para\u00edba\"},\"image\":{\"@id\":\"https:\/\/www.pm.pb.gov.br\/portal\/#\/schema\/logo\/image\/\"}},{\"@type\":\"Person\",\"@id\":\"https:\/\/www.pm.pb.gov.br\/portal\/#\/schema\/person\/f84f56dcc78ce4357054da888b8247fd\",\"name\":\"Tarcisio Oliveira\",\"image\":{\"@type\":\"ImageObject\",\"inLanguage\":\"pt-BR\",\"@id\":\"https:\/\/www.pm.pb.gov.br\/portal\/#\/schema\/person\/image\/\",\"url\":\"https:\/\/secure.gravatar.com\/avatar\/72917b630b69d31cd0297507f34bac97?s=96&d=mm&r=g\",\"contentUrl\":\"https:\/\/secure.gravatar.com\/avatar\/72917b630b69d31cd0297507f34bac97?s=96&d=mm&r=g\",\"caption\":\"Tarcisio Oliveira\"},\"url\":\"https:\/\/www.pm.pb.gov.br\/portal\/author\/tarcisio\/\"}]}<\/script>\n<!-- \/ Yoast SEO plugin. -->","yoast_head_json":{"title":"Pol\u00edcia Militar prende acusado de roubo e homem que movimentava tr\u00e1fico em pra\u00e7a de Campina Grande - Pol\u00edcia Militar da Para\u00edba","robots":{"index":"index","follow":"follow","max-snippet":"max-snippet:-1","max-image-preview":"max-image-preview:large","max-video-preview":"max-video-preview:-1"},"canonical":"https:\/\/www.pm.pb.gov.br\/portal\/2020\/05\/02\/policia-militar-prende-acusado-de-roubo-e-homem-que-movimentava-trafico-em-praca-de-campina-grande\/","og_locale":"pt_BR","og_type":"article","og_title":"Pol\u00edcia Militar prende acusado de roubo e homem que movimentava tr\u00e1fico em pra\u00e7a de Campina Grande - Pol\u00edcia Militar da Para\u00edba","og_description":"A noite da \u00faltima sexta-feira (01) terminou com mais uma captura de um homem procurado pela Justi\u00e7a, e pris\u00e3o de","og_url":"https:\/\/www.pm.pb.gov.br\/portal\/2020\/05\/02\/policia-militar-prende-acusado-de-roubo-e-homem-que-movimentava-trafico-em-praca-de-campina-grande\/","og_site_name":"Pol\u00edcia Militar da Para\u00edba","article_published_time":"2020-05-02T15:55:30+00:00","article_modified_time":"2020-05-02T16:05:13+00:00","og_image":[{"width":800,"height":445,"url":"https:\/\/www.pm.pb.gov.br\/portal\/wp-content\/uploads\/2019\/11\/capa2acpmotos1.jpeg","type":"image\/jpeg"}],"author":"Tarcisio Oliveira","twitter_card":"summary_large_image","twitter_misc":{"Escrito por":"Tarcisio Oliveira","Est. tempo de leitura":"1 minuto"},"schema":{"@context":"https:\/\/schema.org","@graph":[{"@type":"Article","@id":"https:\/\/www.pm.pb.gov.br\/portal\/2020\/05\/02\/policia-militar-prende-acusado-de-roubo-e-homem-que-movimentava-trafico-em-praca-de-campina-grande\/#article","isPartOf":{"@id":"https:\/\/www.pm.pb.gov.br\/portal\/2020\/05\/02\/policia-militar-prende-acusado-de-roubo-e-homem-que-movimentava-trafico-em-praca-de-campina-grande\/"},"author":{"name":"Tarcisio Oliveira","@id":"https:\/\/www.pm.pb.gov.br\/portal\/#\/schema\/person\/f84f56dcc78ce4357054da888b8247fd"},"headline":"Pol\u00edcia Militar prende acusado de roubo e homem que movimentava tr\u00e1fico em pra\u00e7a de Campina Grande","datePublished":"2020-05-02T15:55:30+00:00","dateModified":"2020-05-02T16:05:13+00:00","mainEntityOfPage":{"@id":"https:\/\/www.pm.pb.gov.br\/portal\/2020\/05\/02\/policia-militar-prende-acusado-de-roubo-e-homem-que-movimentava-trafico-em-praca-de-campina-grande\/"},"wordCount":318,"publisher":{"@id":"https:\/\/www.pm.pb.gov.br\/portal\/#organization"},"articleSection":["A\u00e7\u00f5es Policiais"],"inLanguage":"pt-BR"},{"@type":"WebPage","@id":"https:\/\/www.pm.pb.gov.br\/portal\/2020\/05\/02\/policia-militar-prende-acusado-de-roubo-e-homem-que-movimentava-trafico-em-praca-de-campina-grande\/","url":"https:\/\/www.pm.pb.gov.br\/portal\/2020\/05\/02\/policia-militar-prende-acusado-de-roubo-e-homem-que-movimentava-trafico-em-praca-de-campina-grande\/","name":"Pol\u00edcia Militar prende acusado de roubo e homem que movimentava tr\u00e1fico em pra\u00e7a de Campina Grande - Pol\u00edcia Militar da Para\u00edba","isPartOf":{"@id":"https:\/\/www.pm.pb.gov.br\/portal\/#website"},"datePublished":"2020-05-02T15:55:30+00:00","dateModified":"2020-05-02T16:05:13+00:00","breadcrumb":{"@id":"https:\/\/www.pm.pb.gov.br\/portal\/2020\/05\/02\/policia-militar-prende-acusado-de-roubo-e-homem-que-movimentava-trafico-em-praca-de-campina-grande\/#breadcrumb"},"inLanguage":"pt-BR","potentialAction":[{"@type":"ReadAction","target":["https:\/\/www.pm.pb.gov.br\/portal\/2020\/05\/02\/policia-militar-prende-acusado-de-roubo-e-homem-que-movimentava-trafico-em-praca-de-campina-grande\/"]}]},{"@type":"BreadcrumbList","@id":"https:\/\/www.pm.pb.gov.br\/portal\/2020\/05\/02\/policia-militar-prende-acusado-de-roubo-e-homem-que-movimentava-trafico-em-praca-de-campina-grande\/#breadcrumb","itemListElement":[{"@type":"ListItem","position":1,"name":"In\u00edcio","item":"https:\/\/www.pm.pb.gov.br\/portal\/"},{"@type":"ListItem","position":2,"name":"Pol\u00edcia Militar prende acusado de roubo e homem que movimentava tr\u00e1fico em pra\u00e7a de Campina Grande"}]},{"@type":"WebSite","@id":"https:\/\/www.pm.pb.gov.br\/portal\/#website","url":"https:\/\/www.pm.pb.gov.br\/portal\/","name":"Pol\u00edcia Militar da Para\u00edba","description":"","publisher":{"@id":"https:\/\/www.pm.pb.gov.br\/portal\/#organization"},"potentialAction":[{"@type":"SearchAction","target":{"@type":"EntryPoint","urlTemplate":"https:\/\/www.pm.pb.gov.br\/portal\/?s={search_term_string}"},"query-input":"required name=search_term_string"}],"inLanguage":"pt-BR"},{"@type":"Organization","@id":"https:\/\/www.pm.pb.gov.br\/portal\/#organization","name":"Pol\u00edcia Militar da Para\u00edba","url":"https:\/\/www.pm.pb.gov.br\/portal\/","logo":{"@type":"ImageObject","inLanguage":"pt-BR","@id":"https:\/\/www.pm.pb.gov.br\/portal\/#\/schema\/logo\/image\/","url":"https:\/\/www.pm.pb.gov.br\/portal\/wp-content\/uploads\/2025\/03\/cropped-logo-site-mag2-1.png","contentUrl":"https:\/\/www.pm.pb.gov.br\/portal\/wp-content\/uploads\/2025\/03\/cropped-logo-site-mag2-1.png","width":320,"height":90,"caption":"Pol\u00edcia Militar da Para\u00edba"},"image":{"@id":"https:\/\/www.pm.pb.gov.br\/portal\/#\/schema\/logo\/image\/"}},{"@type":"Person","@id":"https:\/\/www.pm.pb.gov.br\/portal\/#\/schema\/person\/f84f56dcc78ce4357054da888b8247fd","name":"Tarcisio Oliveira","image":{"@type":"ImageObject","inLanguage":"pt-BR","@id":"https:\/\/www.pm.pb.gov.br\/portal\/#\/schema\/person\/image\/","url":"https:\/\/secure.gravatar.com\/avatar\/72917b630b69d31cd0297507f34bac97?s=96&d=mm&r=g","contentUrl":"https:\/\/secure.gravatar.com\/avatar\/72917b630b69d31cd0297507f34bac97?s=96&d=mm&r=g","caption":"Tarcisio Oliveira"},"url":"https:\/\/www.pm.pb.gov.br\/portal\/author\/tarcisio\/"}]}},"_links":{"self":[{"href":"https:\/\/www.pm.pb.gov.br\/portal\/wp-json\/wp\/v2\/posts\/904844"}],"collection":[{"href":"https:\/\/www.pm.pb.gov.br\/portal\/wp-json\/wp\/v2\/posts"}],"about":[{"href":"https:\/\/www.pm.pb.gov.br\/portal\/wp-json\/wp\/v2\/types\/post"}],"author":[{"embeddable":true,"href":"https:\/\/www.pm.pb.gov.br\/portal\/wp-json\/wp\/v2\/users\/12"}],"replies":[{"embeddable":true,"href":"https:\/\/www.pm.pb.gov.br\/portal\/wp-json\/wp\/v2\/comments?post=904844"}],"version-history":[{"count":2,"href":"https:\/\/www.pm.pb.gov.br\/portal\/wp-json\/wp\/v2\/posts\/904844\/revisions"}],"predecessor-version":[{"id":904854,"href":"https:\/\/www.pm.pb.gov.br\/portal\/wp-json\/wp\/v2\/posts\/904844\/revisions\/904854"}],"wp:featuredmedia":[{"embeddable":true,"href":"https:\/\/www.pm.pb.gov.br\/portal\/wp-json\/wp\/v2\/media\/903050"}],"wp:attachment":[{"href":"https:\/\/www.pm.pb.gov.br\/portal\/wp-json\/wp\/v2\/media?parent=904844"}],"wp:term":[{"taxonomy":"category","embeddable":true,"href":"https:\/\/www.pm.pb.gov.br\/portal\/wp-json\/wp\/v2\/categories?post=904844"},{"taxonomy":"post_tag","embeddable":true,"href":"https:\/\/www.pm.pb.gov.br\/portal\/wp-json\/wp\/v2\/tags?post=904844"}],"curies":[{"name":"wp","href":"https:\/\/api.w.org\/{rel}","templated":true}]}}