{"id":904582,"date":"2020-04-17T21:00:33","date_gmt":"2020-04-18T00:00:33","guid":{"rendered":"http:\/\/www.pm.pb.gov.br\/portal\/?p=904582"},"modified":"2020-04-19T15:30:11","modified_gmt":"2020-04-19T18:30:11","slug":"policia-militar-lanca-operacao-tiradentes-com-reforco-da-seguranca-ate-21-de-abril","status":"publish","type":"post","link":"https:\/\/www.pm.pb.gov.br\/portal\/2020\/04\/17\/policia-militar-lanca-operacao-tiradentes-com-reforco-da-seguranca-ate-21-de-abril\/","title":{"rendered":"Pol\u00edcia Militar lan\u00e7a Opera\u00e7\u00e3o Tiradentes com refor\u00e7o da seguran\u00e7a at\u00e9 21 de abril"},"content":{"rendered":"\n<p>A Pol\u00edcia Militar vai refor\u00e7ar a seguran\u00e7a das ruas para prevenir assaltos, crimes contra a vida e combater o tr\u00e1fico de drogas em v\u00e1rias cidades paraibanas, a partir da noite desta sexta-feira (17), quando ser\u00e1 deflagrada a Opera\u00e7\u00e3o Tirantes \u2013 que recebe o nome do patrono das pol\u00edcias militares do Brasil. As atividades v\u00e3o at\u00e9 o fim da noite do feriado da pr\u00f3xima ter\u00e7a-feira (21).<br \/><br \/>Para esta sexta-feira, primeiro dia da opera\u00e7\u00e3o, a corpora\u00e7\u00e3o mobiliza um refor\u00e7o de quase 800 policiais e 315 viaturas, que v\u00e3o ocupar pontos estrat\u00e9gicos, realizar incurs\u00f5es e barreiras policiais em locais indicados pelas Coordenadorias de Estat\u00edstica e de Intelig\u00eancia, que auxiliaram com informa\u00e7\u00f5es para o planejamento operacional. S\u00e3o 196 policiais na regi\u00e3o metropolitana de Jo\u00e3o Pessoa, 229 em Campina Grande, Brejo e Cariri, e outros 351 no Sert\u00e3o.<br \/><br \/>Entre as prioridades da opera\u00e7\u00e3o, est\u00e1 o aumento da presen\u00e7a policial nos locais que v\u00eam apresentando \u00edndices de crimes nos \u00faltimos dias. Paralelamente, a opera\u00e7\u00e3o continuar\u00e1 fiscalizando o cumprimento das medidas de isolamento social para prevenir o avan\u00e7o do novo coronav\u00edrus, com atua\u00e7\u00e3o maior nas cidades onde j\u00e1 foram registrados casos confirmados de Covid-19.<br \/><br \/><strong>Malhas da Lei \u2013<\/strong>\u00a0A opera\u00e7\u00e3o tamb\u00e9m vai aumentar as a\u00e7\u00f5es para identificar e prender foragidos da Justi\u00e7a ou presos que estejam descumprindo requisitos de medidas cautelares impostas pela Justi\u00e7a.<\/p>\n","protected":false},"excerpt":{"rendered":"<p>A Pol\u00edcia Militar vai refor\u00e7ar a seguran\u00e7a das ruas para prevenir assaltos, crimes contra a vida e combater o tr\u00e1fico<\/p>\n","protected":false},"author":15,"featured_media":904583,"comment_status":"closed","ping_status":"closed","sticky":false,"template":"","format":"standard","meta":{"_exactmetrics_skip_tracking":false,"_exactmetrics_sitenote_active":false,"_exactmetrics_sitenote_note":"","_exactmetrics_sitenote_category":0,"footnotes":""},"categories":[4],"tags":[],"yoast_head":"<!-- This site is optimized with the Yoast SEO plugin v22.0 - https:\/\/yoast.com\/wordpress\/plugins\/seo\/ -->\n<title>Pol\u00edcia Militar lan\u00e7a Opera\u00e7\u00e3o Tiradentes com refor\u00e7o da seguran\u00e7a at\u00e9 21 de abril - Pol\u00edcia Militar da Para\u00edba<\/title>\n<meta name=\"robots\" content=\"index, follow, max-snippet:-1, max-image-preview:large, max-video-preview:-1\" \/>\n<link rel=\"canonical\" href=\"https:\/\/www.pm.pb.gov.br\/portal\/2020\/04\/17\/policia-militar-lanca-operacao-tiradentes-com-reforco-da-seguranca-ate-21-de-abril\/\" \/>\n<meta property=\"og:locale\" content=\"pt_BR\" \/>\n<meta property=\"og:type\" content=\"article\" \/>\n<meta property=\"og:title\" content=\"Pol\u00edcia Militar lan\u00e7a Opera\u00e7\u00e3o Tiradentes com refor\u00e7o da seguran\u00e7a at\u00e9 21 de abril - Pol\u00edcia Militar da Para\u00edba\" \/>\n<meta property=\"og:description\" content=\"A Pol\u00edcia Militar vai refor\u00e7ar a seguran\u00e7a das ruas para prevenir assaltos, crimes contra a vida e combater o tr\u00e1fico\" \/>\n<meta property=\"og:url\" content=\"https:\/\/www.pm.pb.gov.br\/portal\/2020\/04\/17\/policia-militar-lanca-operacao-tiradentes-com-reforco-da-seguranca-ate-21-de-abril\/\" \/>\n<meta property=\"og:site_name\" content=\"Pol\u00edcia Militar da Para\u00edba\" \/>\n<meta property=\"article:published_time\" content=\"2020-04-18T00:00:33+00:00\" \/>\n<meta property=\"article:modified_time\" content=\"2020-04-19T18:30:11+00:00\" \/>\n<meta property=\"og:image\" content=\"https:\/\/www.pm.pb.gov.br\/portal\/wp-content\/uploads\/2020\/04\/opera\u00e7\u00e3o-tirandentes.jpeg\" \/>\n\t<meta property=\"og:image:width\" content=\"1280\" \/>\n\t<meta property=\"og:image:height\" content=\"853\" \/>\n\t<meta property=\"og:image:type\" content=\"image\/jpeg\" \/>\n<meta name=\"author\" content=\"Marcio Gomes dos Santos\" \/>\n<meta name=\"twitter:card\" content=\"summary_large_image\" \/>\n<meta name=\"twitter:label1\" content=\"Escrito por\" \/>\n\t<meta name=\"twitter:data1\" content=\"Marcio Gomes dos Santos\" \/>\n\t<meta name=\"twitter:label2\" content=\"Est. tempo de leitura\" \/>\n\t<meta name=\"twitter:data2\" content=\"1 minuto\" \/>\n<script type=\"application\/ld+json\" class=\"yoast-schema-graph\">{\"@context\":\"https:\/\/schema.org\",\"@graph\":[{\"@type\":\"Article\",\"@id\":\"https:\/\/www.pm.pb.gov.br\/portal\/2020\/04\/17\/policia-militar-lanca-operacao-tiradentes-com-reforco-da-seguranca-ate-21-de-abril\/#article\",\"isPartOf\":{\"@id\":\"https:\/\/www.pm.pb.gov.br\/portal\/2020\/04\/17\/policia-militar-lanca-operacao-tiradentes-com-reforco-da-seguranca-ate-21-de-abril\/\"},\"author\":{\"name\":\"Marcio Gomes dos Santos\",\"@id\":\"https:\/\/www.pm.pb.gov.br\/portal\/#\/schema\/person\/30d571652b38533c2211e4e89bf5a502\"},\"headline\":\"Pol\u00edcia Militar lan\u00e7a Opera\u00e7\u00e3o Tiradentes com refor\u00e7o da seguran\u00e7a at\u00e9 21 de abril\",\"datePublished\":\"2020-04-18T00:00:33+00:00\",\"dateModified\":\"2020-04-19T18:30:11+00:00\",\"mainEntityOfPage\":{\"@id\":\"https:\/\/www.pm.pb.gov.br\/portal\/2020\/04\/17\/policia-militar-lanca-operacao-tiradentes-com-reforco-da-seguranca-ate-21-de-abril\/\"},\"wordCount\":260,\"publisher\":{\"@id\":\"https:\/\/www.pm.pb.gov.br\/portal\/#organization\"},\"articleSection\":[\"A\u00e7\u00f5es Policiais\"],\"inLanguage\":\"pt-BR\"},{\"@type\":\"WebPage\",\"@id\":\"https:\/\/www.pm.pb.gov.br\/portal\/2020\/04\/17\/policia-militar-lanca-operacao-tiradentes-com-reforco-da-seguranca-ate-21-de-abril\/\",\"url\":\"https:\/\/www.pm.pb.gov.br\/portal\/2020\/04\/17\/policia-militar-lanca-operacao-tiradentes-com-reforco-da-seguranca-ate-21-de-abril\/\",\"name\":\"Pol\u00edcia Militar lan\u00e7a Opera\u00e7\u00e3o Tiradentes com refor\u00e7o da seguran\u00e7a at\u00e9 21 de abril - Pol\u00edcia Militar da Para\u00edba\",\"isPartOf\":{\"@id\":\"https:\/\/www.pm.pb.gov.br\/portal\/#website\"},\"datePublished\":\"2020-04-18T00:00:33+00:00\",\"dateModified\":\"2020-04-19T18:30:11+00:00\",\"breadcrumb\":{\"@id\":\"https:\/\/www.pm.pb.gov.br\/portal\/2020\/04\/17\/policia-militar-lanca-operacao-tiradentes-com-reforco-da-seguranca-ate-21-de-abril\/#breadcrumb\"},\"inLanguage\":\"pt-BR\",\"potentialAction\":[{\"@type\":\"ReadAction\",\"target\":[\"https:\/\/www.pm.pb.gov.br\/portal\/2020\/04\/17\/policia-militar-lanca-operacao-tiradentes-com-reforco-da-seguranca-ate-21-de-abril\/\"]}]},{\"@type\":\"BreadcrumbList\",\"@id\":\"https:\/\/www.pm.pb.gov.br\/portal\/2020\/04\/17\/policia-militar-lanca-operacao-tiradentes-com-reforco-da-seguranca-ate-21-de-abril\/#breadcrumb\",\"itemListElement\":[{\"@type\":\"ListItem\",\"position\":1,\"name\":\"In\u00edcio\",\"item\":\"https:\/\/www.pm.pb.gov.br\/portal\/\"},{\"@type\":\"ListItem\",\"position\":2,\"name\":\"Pol\u00edcia Militar lan\u00e7a Opera\u00e7\u00e3o Tiradentes com refor\u00e7o da seguran\u00e7a at\u00e9 21 de abril\"}]},{\"@type\":\"WebSite\",\"@id\":\"https:\/\/www.pm.pb.gov.br\/portal\/#website\",\"url\":\"https:\/\/www.pm.pb.gov.br\/portal\/\",\"name\":\"Pol\u00edcia Militar da Para\u00edba\",\"description\":\"\",\"publisher\":{\"@id\":\"https:\/\/www.pm.pb.gov.br\/portal\/#organization\"},\"potentialAction\":[{\"@type\":\"SearchAction\",\"target\":{\"@type\":\"EntryPoint\",\"urlTemplate\":\"https:\/\/www.pm.pb.gov.br\/portal\/?s={search_term_string}\"},\"query-input\":\"required name=search_term_string\"}],\"inLanguage\":\"pt-BR\"},{\"@type\":\"Organization\",\"@id\":\"https:\/\/www.pm.pb.gov.br\/portal\/#organization\",\"name\":\"Pol\u00edcia Militar da Para\u00edba\",\"url\":\"https:\/\/www.pm.pb.gov.br\/portal\/\",\"logo\":{\"@type\":\"ImageObject\",\"inLanguage\":\"pt-BR\",\"@id\":\"https:\/\/www.pm.pb.gov.br\/portal\/#\/schema\/logo\/image\/\",\"url\":\"https:\/\/www.pm.pb.gov.br\/portal\/wp-content\/uploads\/2025\/03\/cropped-logo-site-mag2-1.png\",\"contentUrl\":\"https:\/\/www.pm.pb.gov.br\/portal\/wp-content\/uploads\/2025\/03\/cropped-logo-site-mag2-1.png\",\"width\":320,\"height\":90,\"caption\":\"Pol\u00edcia Militar da Para\u00edba\"},\"image\":{\"@id\":\"https:\/\/www.pm.pb.gov.br\/portal\/#\/schema\/logo\/image\/\"}},{\"@type\":\"Person\",\"@id\":\"https:\/\/www.pm.pb.gov.br\/portal\/#\/schema\/person\/30d571652b38533c2211e4e89bf5a502\",\"name\":\"Marcio Gomes dos Santos\",\"image\":{\"@type\":\"ImageObject\",\"inLanguage\":\"pt-BR\",\"@id\":\"https:\/\/www.pm.pb.gov.br\/portal\/#\/schema\/person\/image\/\",\"url\":\"https:\/\/secure.gravatar.com\/avatar\/cf4ec2cb690101e1581c7773aa350c19?s=96&d=mm&r=g\",\"contentUrl\":\"https:\/\/secure.gravatar.com\/avatar\/cf4ec2cb690101e1581c7773aa350c19?s=96&d=mm&r=g\",\"caption\":\"Marcio Gomes dos Santos\"},\"url\":\"https:\/\/www.pm.pb.gov.br\/portal\/author\/mgomes\/\"}]}<\/script>\n<!-- \/ Yoast SEO plugin. -->","yoast_head_json":{"title":"Pol\u00edcia Militar lan\u00e7a Opera\u00e7\u00e3o Tiradentes com refor\u00e7o da seguran\u00e7a at\u00e9 21 de abril - Pol\u00edcia Militar da Para\u00edba","robots":{"index":"index","follow":"follow","max-snippet":"max-snippet:-1","max-image-preview":"max-image-preview:large","max-video-preview":"max-video-preview:-1"},"canonical":"https:\/\/www.pm.pb.gov.br\/portal\/2020\/04\/17\/policia-militar-lanca-operacao-tiradentes-com-reforco-da-seguranca-ate-21-de-abril\/","og_locale":"pt_BR","og_type":"article","og_title":"Pol\u00edcia Militar lan\u00e7a Opera\u00e7\u00e3o Tiradentes com refor\u00e7o da seguran\u00e7a at\u00e9 21 de abril - Pol\u00edcia Militar da Para\u00edba","og_description":"A Pol\u00edcia Militar vai refor\u00e7ar a seguran\u00e7a das ruas para prevenir assaltos, crimes contra a vida e combater o tr\u00e1fico","og_url":"https:\/\/www.pm.pb.gov.br\/portal\/2020\/04\/17\/policia-militar-lanca-operacao-tiradentes-com-reforco-da-seguranca-ate-21-de-abril\/","og_site_name":"Pol\u00edcia Militar da Para\u00edba","article_published_time":"2020-04-18T00:00:33+00:00","article_modified_time":"2020-04-19T18:30:11+00:00","og_image":[{"width":1280,"height":853,"url":"https:\/\/www.pm.pb.gov.br\/portal\/wp-content\/uploads\/2020\/04\/opera\u00e7\u00e3o-tirandentes.jpeg","type":"image\/jpeg"}],"author":"Marcio Gomes dos Santos","twitter_card":"summary_large_image","twitter_misc":{"Escrito por":"Marcio Gomes dos Santos","Est. tempo de leitura":"1 minuto"},"schema":{"@context":"https:\/\/schema.org","@graph":[{"@type":"Article","@id":"https:\/\/www.pm.pb.gov.br\/portal\/2020\/04\/17\/policia-militar-lanca-operacao-tiradentes-com-reforco-da-seguranca-ate-21-de-abril\/#article","isPartOf":{"@id":"https:\/\/www.pm.pb.gov.br\/portal\/2020\/04\/17\/policia-militar-lanca-operacao-tiradentes-com-reforco-da-seguranca-ate-21-de-abril\/"},"author":{"name":"Marcio Gomes dos Santos","@id":"https:\/\/www.pm.pb.gov.br\/portal\/#\/schema\/person\/30d571652b38533c2211e4e89bf5a502"},"headline":"Pol\u00edcia Militar lan\u00e7a Opera\u00e7\u00e3o Tiradentes com refor\u00e7o da seguran\u00e7a at\u00e9 21 de abril","datePublished":"2020-04-18T00:00:33+00:00","dateModified":"2020-04-19T18:30:11+00:00","mainEntityOfPage":{"@id":"https:\/\/www.pm.pb.gov.br\/portal\/2020\/04\/17\/policia-militar-lanca-operacao-tiradentes-com-reforco-da-seguranca-ate-21-de-abril\/"},"wordCount":260,"publisher":{"@id":"https:\/\/www.pm.pb.gov.br\/portal\/#organization"},"articleSection":["A\u00e7\u00f5es Policiais"],"inLanguage":"pt-BR"},{"@type":"WebPage","@id":"https:\/\/www.pm.pb.gov.br\/portal\/2020\/04\/17\/policia-militar-lanca-operacao-tiradentes-com-reforco-da-seguranca-ate-21-de-abril\/","url":"https:\/\/www.pm.pb.gov.br\/portal\/2020\/04\/17\/policia-militar-lanca-operacao-tiradentes-com-reforco-da-seguranca-ate-21-de-abril\/","name":"Pol\u00edcia Militar lan\u00e7a Opera\u00e7\u00e3o Tiradentes com refor\u00e7o da seguran\u00e7a at\u00e9 21 de abril - Pol\u00edcia Militar da Para\u00edba","isPartOf":{"@id":"https:\/\/www.pm.pb.gov.br\/portal\/#website"},"datePublished":"2020-04-18T00:00:33+00:00","dateModified":"2020-04-19T18:30:11+00:00","breadcrumb":{"@id":"https:\/\/www.pm.pb.gov.br\/portal\/2020\/04\/17\/policia-militar-lanca-operacao-tiradentes-com-reforco-da-seguranca-ate-21-de-abril\/#breadcrumb"},"inLanguage":"pt-BR","potentialAction":[{"@type":"ReadAction","target":["https:\/\/www.pm.pb.gov.br\/portal\/2020\/04\/17\/policia-militar-lanca-operacao-tiradentes-com-reforco-da-seguranca-ate-21-de-abril\/"]}]},{"@type":"BreadcrumbList","@id":"https:\/\/www.pm.pb.gov.br\/portal\/2020\/04\/17\/policia-militar-lanca-operacao-tiradentes-com-reforco-da-seguranca-ate-21-de-abril\/#breadcrumb","itemListElement":[{"@type":"ListItem","position":1,"name":"In\u00edcio","item":"https:\/\/www.pm.pb.gov.br\/portal\/"},{"@type":"ListItem","position":2,"name":"Pol\u00edcia Militar lan\u00e7a Opera\u00e7\u00e3o Tiradentes com refor\u00e7o da seguran\u00e7a at\u00e9 21 de abril"}]},{"@type":"WebSite","@id":"https:\/\/www.pm.pb.gov.br\/portal\/#website","url":"https:\/\/www.pm.pb.gov.br\/portal\/","name":"Pol\u00edcia Militar da Para\u00edba","description":"","publisher":{"@id":"https:\/\/www.pm.pb.gov.br\/portal\/#organization"},"potentialAction":[{"@type":"SearchAction","target":{"@type":"EntryPoint","urlTemplate":"https:\/\/www.pm.pb.gov.br\/portal\/?s={search_term_string}"},"query-input":"required name=search_term_string"}],"inLanguage":"pt-BR"},{"@type":"Organization","@id":"https:\/\/www.pm.pb.gov.br\/portal\/#organization","name":"Pol\u00edcia Militar da Para\u00edba","url":"https:\/\/www.pm.pb.gov.br\/portal\/","logo":{"@type":"ImageObject","inLanguage":"pt-BR","@id":"https:\/\/www.pm.pb.gov.br\/portal\/#\/schema\/logo\/image\/","url":"https:\/\/www.pm.pb.gov.br\/portal\/wp-content\/uploads\/2025\/03\/cropped-logo-site-mag2-1.png","contentUrl":"https:\/\/www.pm.pb.gov.br\/portal\/wp-content\/uploads\/2025\/03\/cropped-logo-site-mag2-1.png","width":320,"height":90,"caption":"Pol\u00edcia Militar da Para\u00edba"},"image":{"@id":"https:\/\/www.pm.pb.gov.br\/portal\/#\/schema\/logo\/image\/"}},{"@type":"Person","@id":"https:\/\/www.pm.pb.gov.br\/portal\/#\/schema\/person\/30d571652b38533c2211e4e89bf5a502","name":"Marcio Gomes dos Santos","image":{"@type":"ImageObject","inLanguage":"pt-BR","@id":"https:\/\/www.pm.pb.gov.br\/portal\/#\/schema\/person\/image\/","url":"https:\/\/secure.gravatar.com\/avatar\/cf4ec2cb690101e1581c7773aa350c19?s=96&d=mm&r=g","contentUrl":"https:\/\/secure.gravatar.com\/avatar\/cf4ec2cb690101e1581c7773aa350c19?s=96&d=mm&r=g","caption":"Marcio Gomes dos Santos"},"url":"https:\/\/www.pm.pb.gov.br\/portal\/author\/mgomes\/"}]}},"_links":{"self":[{"href":"https:\/\/www.pm.pb.gov.br\/portal\/wp-json\/wp\/v2\/posts\/904582"}],"collection":[{"href":"https:\/\/www.pm.pb.gov.br\/portal\/wp-json\/wp\/v2\/posts"}],"about":[{"href":"https:\/\/www.pm.pb.gov.br\/portal\/wp-json\/wp\/v2\/types\/post"}],"author":[{"embeddable":true,"href":"https:\/\/www.pm.pb.gov.br\/portal\/wp-json\/wp\/v2\/users\/15"}],"replies":[{"embeddable":true,"href":"https:\/\/www.pm.pb.gov.br\/portal\/wp-json\/wp\/v2\/comments?post=904582"}],"version-history":[{"count":1,"href":"https:\/\/www.pm.pb.gov.br\/portal\/wp-json\/wp\/v2\/posts\/904582\/revisions"}],"predecessor-version":[{"id":904584,"href":"https:\/\/www.pm.pb.gov.br\/portal\/wp-json\/wp\/v2\/posts\/904582\/revisions\/904584"}],"wp:featuredmedia":[{"embeddable":true,"href":"https:\/\/www.pm.pb.gov.br\/portal\/wp-json\/wp\/v2\/media\/904583"}],"wp:attachment":[{"href":"https:\/\/www.pm.pb.gov.br\/portal\/wp-json\/wp\/v2\/media?parent=904582"}],"wp:term":[{"taxonomy":"category","embeddable":true,"href":"https:\/\/www.pm.pb.gov.br\/portal\/wp-json\/wp\/v2\/categories?post=904582"},{"taxonomy":"post_tag","embeddable":true,"href":"https:\/\/www.pm.pb.gov.br\/portal\/wp-json\/wp\/v2\/tags?post=904582"}],"curies":[{"name":"wp","href":"https:\/\/api.w.org\/{rel}","templated":true}]}}