{"id":904575,"date":"2020-04-18T15:57:16","date_gmt":"2020-04-18T18:57:16","guid":{"rendered":"http:\/\/www.pm.pb.gov.br\/portal\/?p=904575"},"modified":"2020-04-18T15:57:18","modified_gmt":"2020-04-18T18:57:18","slug":"operacao-tiradentes-policia-militar-apreende-seis-armas-de-fogo-durante-as-primeiras-horas-da-acao","status":"publish","type":"post","link":"https:\/\/www.pm.pb.gov.br\/portal\/2020\/04\/18\/operacao-tiradentes-policia-militar-apreende-seis-armas-de-fogo-durante-as-primeiras-horas-da-acao\/","title":{"rendered":"Opera\u00e7\u00e3o Tiradentes: Pol\u00edcia Militar apreende seis armas de fogo durante as primeiras horas da a\u00e7\u00e3o"},"content":{"rendered":"\n<p>A Pol\u00edcia Militar apreendeu seis armas de fogo, na noite dessa sexta-feira (18), durante as a\u00e7\u00f5es preventivas da Opera\u00e7\u00e3o Tiradentes realizadas em todo estado da Para\u00edba. As armas foram apreendidas nas cidades de Jo\u00e3o Pessoa e Mataraca.<br \/><br \/>A Pol\u00edcia Militar deu in\u00edcio \u00e0 Opera\u00e7\u00e3o Tiradentes em todo o Estado e nas primeiras horas conseguiu retirar de circula\u00e7\u00e3o seis armas de fogo que seriam utilizadas para a pr\u00e1tica de diversos crimes. Em Jo\u00e3o Pessoa, as apreens\u00f5es aconteceram nos bairros de Cruz das Armas, Castelo Branco, Geisel, Gramame e Jardim Veneza.<br \/><br \/>Em Cruz das Armas, policiais estavam realizando uma blitz quando deram ordem de parada a um ve\u00edculo com tr\u00eas suspeitos. Durante a revista, um deles, de 22 anos, foi preso porque estava portando um rev\u00f3lver calibre 38 com seis muni\u00e7\u00f5es intactas, uma faca peixeira e a quantia de R$ 257,00 em esp\u00e9cie.\u00a0\u00a0<br \/><br \/>No bairro do Geisel, os policiais do Batalh\u00e3o Especializado de Policiamento com Motocicletas (BEPMotos) relataram que estavam realizando rondas na comunidade Nova Rep\u00fablica, quando um suspeito tentou fugir entrando em uma resid\u00eancia. Com a autoriza\u00e7\u00e3o da propriet\u00e1ria da casa, os policiais prenderam um homem de 33 anos e nas buscas conseguiram apreender uma pistola calibre 380 com oito muni\u00e7\u00f5es que estava em cima do telhado.\u00a0<\/p>\n<p><img loading=\"lazy\" decoding=\"async\" class=\"wp-image-904579 aligncenter\" src=\"http:\/\/www.pm.pb.gov.br\/portal\/wp-content\/uploads\/2020\/04\/arma-bepmotos-334x445.jpeg\" alt=\"\" width=\"264\" height=\"352\" srcset=\"https:\/\/www.pm.pb.gov.br\/portal\/wp-content\/uploads\/2020\/04\/arma-bepmotos-334x445.jpeg 334w, https:\/\/www.pm.pb.gov.br\/portal\/wp-content\/uploads\/2020\/04\/arma-bepmotos-768x1024.jpeg 768w, https:\/\/www.pm.pb.gov.br\/portal\/wp-content\/uploads\/2020\/04\/arma-bepmotos-428x570.jpeg 428w, https:\/\/www.pm.pb.gov.br\/portal\/wp-content\/uploads\/2020\/04\/arma-bepmotos.jpeg 960w\" sizes=\"(max-width: 264px) 100vw, 264px\" \/><br \/><br \/>J\u00e1 em Gramame, policiais da For\u00e7a Regional estavam realizando rondas na avenida Perimetral Sul, quando prenderam um suspeito de 35 anos, que estava portando uma pistola calibre 380.<\/p>\n<p><img loading=\"lazy\" decoding=\"async\" class=\"wp-image-904576 aligncenter\" src=\"http:\/\/www.pm.pb.gov.br\/portal\/wp-content\/uploads\/2020\/04\/arma-gramame-593x445.jpeg\" alt=\"\" width=\"399\" height=\"299\" srcset=\"https:\/\/www.pm.pb.gov.br\/portal\/wp-content\/uploads\/2020\/04\/arma-gramame-593x445.jpeg 593w, https:\/\/www.pm.pb.gov.br\/portal\/wp-content\/uploads\/2020\/04\/arma-gramame-768x576.jpeg 768w, https:\/\/www.pm.pb.gov.br\/portal\/wp-content\/uploads\/2020\/04\/arma-gramame-760x570.jpeg 760w, https:\/\/www.pm.pb.gov.br\/portal\/wp-content\/uploads\/2020\/04\/arma-gramame.jpeg 1280w\" sizes=\"(max-width: 399px) 100vw, 399px\" \/><br \/><br \/>No Castelo Branco, um suspeito de 38 anos correu ao avistar a viatura policial. Os policiais da For\u00e7a T\u00e1tica do 1\u00ba Batalh\u00e3o perseguiram e conseguiram deter o suspeito que portava um rev\u00f3lver calibre 38 com cinco muni\u00e7\u00f5es.<br \/><br \/>Na Comunidade Trindade, no bairro Jardim Veneza, policiais da For\u00e7a T\u00e1tica do 5\u00ba Batalh\u00e3o fizeram uma incurs\u00e3o na localidade, onde v\u00e1rios suspeitos fugiram e um jovem de 18 anos foi detido pela PM. No local foi apreendida uma pistola calibre 380 com 20 muni\u00e7\u00f5es do mesmo calibre, 20 pedras de crack e cinco pinos contendo coca\u00edna.\u00a0<br \/><br \/>Todos os suspeitos foram encaminhados para a Central de Flagrante, no bairro do Geisel.<br \/><br \/>Na cidade de Mataraca, os policiais estavam realizando um bloqueio policial quando abordaram um suspeito que pilotava uma motocicleta e com ele foi apreendido um rev\u00f3lver calibre 38 com seis muni\u00e7\u00f5es. O suspeito de 32 anos foi detido e conduzido para a Delegacia de Mamanguape.<\/p>\n<p><img loading=\"lazy\" decoding=\"async\" class=\" wp-image-904578 aligncenter\" src=\"http:\/\/www.pm.pb.gov.br\/portal\/wp-content\/uploads\/2020\/04\/arma-mataraca-334x445.jpeg\" alt=\"\" width=\"299\" height=\"398\" srcset=\"https:\/\/www.pm.pb.gov.br\/portal\/wp-content\/uploads\/2020\/04\/arma-mataraca-334x445.jpeg 334w, https:\/\/www.pm.pb.gov.br\/portal\/wp-content\/uploads\/2020\/04\/arma-mataraca-768x1024.jpeg 768w, https:\/\/www.pm.pb.gov.br\/portal\/wp-content\/uploads\/2020\/04\/arma-mataraca-428x570.jpeg 428w, https:\/\/www.pm.pb.gov.br\/portal\/wp-content\/uploads\/2020\/04\/arma-mataraca.jpeg 960w\" sizes=\"(max-width: 299px) 100vw, 299px\" \/><\/p>\n","protected":false},"excerpt":{"rendered":"<p>A Pol\u00edcia Militar apreendeu seis armas de fogo, na noite dessa sexta-feira (18), durante as a\u00e7\u00f5es preventivas da Opera\u00e7\u00e3o Tiradentes<\/p>\n","protected":false},"author":15,"featured_media":904577,"comment_status":"closed","ping_status":"closed","sticky":false,"template":"","format":"standard","meta":{"_exactmetrics_skip_tracking":false,"_exactmetrics_sitenote_active":false,"_exactmetrics_sitenote_note":"","_exactmetrics_sitenote_category":0,"footnotes":""},"categories":[4],"tags":[],"yoast_head":"<!-- This site is optimized with the Yoast SEO plugin v22.0 - https:\/\/yoast.com\/wordpress\/plugins\/seo\/ -->\n<title>Opera\u00e7\u00e3o Tiradentes: Pol\u00edcia Militar apreende seis armas de fogo durante as primeiras horas da a\u00e7\u00e3o - Pol\u00edcia Militar da Para\u00edba<\/title>\n<meta name=\"robots\" content=\"index, follow, max-snippet:-1, max-image-preview:large, max-video-preview:-1\" \/>\n<link rel=\"canonical\" href=\"https:\/\/www.pm.pb.gov.br\/portal\/2020\/04\/18\/operacao-tiradentes-policia-militar-apreende-seis-armas-de-fogo-durante-as-primeiras-horas-da-acao\/\" \/>\n<meta property=\"og:locale\" content=\"pt_BR\" \/>\n<meta property=\"og:type\" content=\"article\" \/>\n<meta property=\"og:title\" content=\"Opera\u00e7\u00e3o Tiradentes: Pol\u00edcia Militar apreende seis armas de fogo durante as primeiras horas da a\u00e7\u00e3o - Pol\u00edcia Militar da Para\u00edba\" \/>\n<meta property=\"og:description\" content=\"A Pol\u00edcia Militar apreendeu seis armas de fogo, na noite dessa sexta-feira (18), durante as a\u00e7\u00f5es preventivas da Opera\u00e7\u00e3o Tiradentes\" \/>\n<meta property=\"og:url\" content=\"https:\/\/www.pm.pb.gov.br\/portal\/2020\/04\/18\/operacao-tiradentes-policia-militar-apreende-seis-armas-de-fogo-durante-as-primeiras-horas-da-acao\/\" \/>\n<meta property=\"og:site_name\" content=\"Pol\u00edcia Militar da Para\u00edba\" \/>\n<meta property=\"article:published_time\" content=\"2020-04-18T18:57:16+00:00\" \/>\n<meta property=\"article:modified_time\" content=\"2020-04-18T18:57:18+00:00\" \/>\n<meta property=\"og:image\" content=\"https:\/\/www.pm.pb.gov.br\/portal\/wp-content\/uploads\/2020\/04\/arma-jd-veneza.jpeg\" \/>\n\t<meta property=\"og:image:width\" content=\"1280\" \/>\n\t<meta property=\"og:image:height\" content=\"960\" \/>\n\t<meta property=\"og:image:type\" content=\"image\/jpeg\" \/>\n<meta name=\"author\" content=\"Marcio Gomes dos Santos\" \/>\n<meta name=\"twitter:card\" content=\"summary_large_image\" \/>\n<meta name=\"twitter:label1\" content=\"Escrito por\" \/>\n\t<meta name=\"twitter:data1\" content=\"Marcio Gomes dos Santos\" \/>\n\t<meta name=\"twitter:label2\" content=\"Est. tempo de leitura\" \/>\n\t<meta name=\"twitter:data2\" content=\"2 minutos\" \/>\n<script type=\"application\/ld+json\" class=\"yoast-schema-graph\">{\"@context\":\"https:\/\/schema.org\",\"@graph\":[{\"@type\":\"Article\",\"@id\":\"https:\/\/www.pm.pb.gov.br\/portal\/2020\/04\/18\/operacao-tiradentes-policia-militar-apreende-seis-armas-de-fogo-durante-as-primeiras-horas-da-acao\/#article\",\"isPartOf\":{\"@id\":\"https:\/\/www.pm.pb.gov.br\/portal\/2020\/04\/18\/operacao-tiradentes-policia-militar-apreende-seis-armas-de-fogo-durante-as-primeiras-horas-da-acao\/\"},\"author\":{\"name\":\"Marcio Gomes dos Santos\",\"@id\":\"https:\/\/www.pm.pb.gov.br\/portal\/#\/schema\/person\/30d571652b38533c2211e4e89bf5a502\"},\"headline\":\"Opera\u00e7\u00e3o Tiradentes: Pol\u00edcia Militar apreende seis armas de fogo durante as primeiras horas da a\u00e7\u00e3o\",\"datePublished\":\"2020-04-18T18:57:16+00:00\",\"dateModified\":\"2020-04-18T18:57:18+00:00\",\"mainEntityOfPage\":{\"@id\":\"https:\/\/www.pm.pb.gov.br\/portal\/2020\/04\/18\/operacao-tiradentes-policia-militar-apreende-seis-armas-de-fogo-durante-as-primeiras-horas-da-acao\/\"},\"wordCount\":423,\"publisher\":{\"@id\":\"https:\/\/www.pm.pb.gov.br\/portal\/#organization\"},\"articleSection\":[\"A\u00e7\u00f5es Policiais\"],\"inLanguage\":\"pt-BR\"},{\"@type\":\"WebPage\",\"@id\":\"https:\/\/www.pm.pb.gov.br\/portal\/2020\/04\/18\/operacao-tiradentes-policia-militar-apreende-seis-armas-de-fogo-durante-as-primeiras-horas-da-acao\/\",\"url\":\"https:\/\/www.pm.pb.gov.br\/portal\/2020\/04\/18\/operacao-tiradentes-policia-militar-apreende-seis-armas-de-fogo-durante-as-primeiras-horas-da-acao\/\",\"name\":\"Opera\u00e7\u00e3o Tiradentes: Pol\u00edcia Militar apreende seis armas de fogo durante as primeiras horas da a\u00e7\u00e3o - Pol\u00edcia Militar da Para\u00edba\",\"isPartOf\":{\"@id\":\"https:\/\/www.pm.pb.gov.br\/portal\/#website\"},\"datePublished\":\"2020-04-18T18:57:16+00:00\",\"dateModified\":\"2020-04-18T18:57:18+00:00\",\"breadcrumb\":{\"@id\":\"https:\/\/www.pm.pb.gov.br\/portal\/2020\/04\/18\/operacao-tiradentes-policia-militar-apreende-seis-armas-de-fogo-durante-as-primeiras-horas-da-acao\/#breadcrumb\"},\"inLanguage\":\"pt-BR\",\"potentialAction\":[{\"@type\":\"ReadAction\",\"target\":[\"https:\/\/www.pm.pb.gov.br\/portal\/2020\/04\/18\/operacao-tiradentes-policia-militar-apreende-seis-armas-de-fogo-durante-as-primeiras-horas-da-acao\/\"]}]},{\"@type\":\"BreadcrumbList\",\"@id\":\"https:\/\/www.pm.pb.gov.br\/portal\/2020\/04\/18\/operacao-tiradentes-policia-militar-apreende-seis-armas-de-fogo-durante-as-primeiras-horas-da-acao\/#breadcrumb\",\"itemListElement\":[{\"@type\":\"ListItem\",\"position\":1,\"name\":\"In\u00edcio\",\"item\":\"https:\/\/www.pm.pb.gov.br\/portal\/\"},{\"@type\":\"ListItem\",\"position\":2,\"name\":\"Opera\u00e7\u00e3o Tiradentes: Pol\u00edcia Militar apreende seis armas de fogo durante as primeiras horas da a\u00e7\u00e3o\"}]},{\"@type\":\"WebSite\",\"@id\":\"https:\/\/www.pm.pb.gov.br\/portal\/#website\",\"url\":\"https:\/\/www.pm.pb.gov.br\/portal\/\",\"name\":\"Pol\u00edcia Militar da Para\u00edba\",\"description\":\"\",\"publisher\":{\"@id\":\"https:\/\/www.pm.pb.gov.br\/portal\/#organization\"},\"potentialAction\":[{\"@type\":\"SearchAction\",\"target\":{\"@type\":\"EntryPoint\",\"urlTemplate\":\"https:\/\/www.pm.pb.gov.br\/portal\/?s={search_term_string}\"},\"query-input\":\"required name=search_term_string\"}],\"inLanguage\":\"pt-BR\"},{\"@type\":\"Organization\",\"@id\":\"https:\/\/www.pm.pb.gov.br\/portal\/#organization\",\"name\":\"Pol\u00edcia Militar da Para\u00edba\",\"url\":\"https:\/\/www.pm.pb.gov.br\/portal\/\",\"logo\":{\"@type\":\"ImageObject\",\"inLanguage\":\"pt-BR\",\"@id\":\"https:\/\/www.pm.pb.gov.br\/portal\/#\/schema\/logo\/image\/\",\"url\":\"https:\/\/www.pm.pb.gov.br\/portal\/wp-content\/uploads\/2025\/03\/cropped-logo-site-mag2-1.png\",\"contentUrl\":\"https:\/\/www.pm.pb.gov.br\/portal\/wp-content\/uploads\/2025\/03\/cropped-logo-site-mag2-1.png\",\"width\":320,\"height\":90,\"caption\":\"Pol\u00edcia Militar da Para\u00edba\"},\"image\":{\"@id\":\"https:\/\/www.pm.pb.gov.br\/portal\/#\/schema\/logo\/image\/\"}},{\"@type\":\"Person\",\"@id\":\"https:\/\/www.pm.pb.gov.br\/portal\/#\/schema\/person\/30d571652b38533c2211e4e89bf5a502\",\"name\":\"Marcio Gomes dos Santos\",\"image\":{\"@type\":\"ImageObject\",\"inLanguage\":\"pt-BR\",\"@id\":\"https:\/\/www.pm.pb.gov.br\/portal\/#\/schema\/person\/image\/\",\"url\":\"https:\/\/secure.gravatar.com\/avatar\/cf4ec2cb690101e1581c7773aa350c19?s=96&d=mm&r=g\",\"contentUrl\":\"https:\/\/secure.gravatar.com\/avatar\/cf4ec2cb690101e1581c7773aa350c19?s=96&d=mm&r=g\",\"caption\":\"Marcio Gomes dos Santos\"},\"url\":\"https:\/\/www.pm.pb.gov.br\/portal\/author\/mgomes\/\"}]}<\/script>\n<!-- \/ Yoast SEO plugin. -->","yoast_head_json":{"title":"Opera\u00e7\u00e3o Tiradentes: Pol\u00edcia Militar apreende seis armas de fogo durante as primeiras horas da a\u00e7\u00e3o - Pol\u00edcia Militar da Para\u00edba","robots":{"index":"index","follow":"follow","max-snippet":"max-snippet:-1","max-image-preview":"max-image-preview:large","max-video-preview":"max-video-preview:-1"},"canonical":"https:\/\/www.pm.pb.gov.br\/portal\/2020\/04\/18\/operacao-tiradentes-policia-militar-apreende-seis-armas-de-fogo-durante-as-primeiras-horas-da-acao\/","og_locale":"pt_BR","og_type":"article","og_title":"Opera\u00e7\u00e3o Tiradentes: Pol\u00edcia Militar apreende seis armas de fogo durante as primeiras horas da a\u00e7\u00e3o - Pol\u00edcia Militar da Para\u00edba","og_description":"A Pol\u00edcia Militar apreendeu seis armas de fogo, na noite dessa sexta-feira (18), durante as a\u00e7\u00f5es preventivas da Opera\u00e7\u00e3o Tiradentes","og_url":"https:\/\/www.pm.pb.gov.br\/portal\/2020\/04\/18\/operacao-tiradentes-policia-militar-apreende-seis-armas-de-fogo-durante-as-primeiras-horas-da-acao\/","og_site_name":"Pol\u00edcia Militar da Para\u00edba","article_published_time":"2020-04-18T18:57:16+00:00","article_modified_time":"2020-04-18T18:57:18+00:00","og_image":[{"width":1280,"height":960,"url":"https:\/\/www.pm.pb.gov.br\/portal\/wp-content\/uploads\/2020\/04\/arma-jd-veneza.jpeg","type":"image\/jpeg"}],"author":"Marcio Gomes dos Santos","twitter_card":"summary_large_image","twitter_misc":{"Escrito por":"Marcio Gomes dos Santos","Est. tempo de leitura":"2 minutos"},"schema":{"@context":"https:\/\/schema.org","@graph":[{"@type":"Article","@id":"https:\/\/www.pm.pb.gov.br\/portal\/2020\/04\/18\/operacao-tiradentes-policia-militar-apreende-seis-armas-de-fogo-durante-as-primeiras-horas-da-acao\/#article","isPartOf":{"@id":"https:\/\/www.pm.pb.gov.br\/portal\/2020\/04\/18\/operacao-tiradentes-policia-militar-apreende-seis-armas-de-fogo-durante-as-primeiras-horas-da-acao\/"},"author":{"name":"Marcio Gomes dos Santos","@id":"https:\/\/www.pm.pb.gov.br\/portal\/#\/schema\/person\/30d571652b38533c2211e4e89bf5a502"},"headline":"Opera\u00e7\u00e3o Tiradentes: Pol\u00edcia Militar apreende seis armas de fogo durante as primeiras horas da a\u00e7\u00e3o","datePublished":"2020-04-18T18:57:16+00:00","dateModified":"2020-04-18T18:57:18+00:00","mainEntityOfPage":{"@id":"https:\/\/www.pm.pb.gov.br\/portal\/2020\/04\/18\/operacao-tiradentes-policia-militar-apreende-seis-armas-de-fogo-durante-as-primeiras-horas-da-acao\/"},"wordCount":423,"publisher":{"@id":"https:\/\/www.pm.pb.gov.br\/portal\/#organization"},"articleSection":["A\u00e7\u00f5es Policiais"],"inLanguage":"pt-BR"},{"@type":"WebPage","@id":"https:\/\/www.pm.pb.gov.br\/portal\/2020\/04\/18\/operacao-tiradentes-policia-militar-apreende-seis-armas-de-fogo-durante-as-primeiras-horas-da-acao\/","url":"https:\/\/www.pm.pb.gov.br\/portal\/2020\/04\/18\/operacao-tiradentes-policia-militar-apreende-seis-armas-de-fogo-durante-as-primeiras-horas-da-acao\/","name":"Opera\u00e7\u00e3o Tiradentes: Pol\u00edcia Militar apreende seis armas de fogo durante as primeiras horas da a\u00e7\u00e3o - Pol\u00edcia Militar da Para\u00edba","isPartOf":{"@id":"https:\/\/www.pm.pb.gov.br\/portal\/#website"},"datePublished":"2020-04-18T18:57:16+00:00","dateModified":"2020-04-18T18:57:18+00:00","breadcrumb":{"@id":"https:\/\/www.pm.pb.gov.br\/portal\/2020\/04\/18\/operacao-tiradentes-policia-militar-apreende-seis-armas-de-fogo-durante-as-primeiras-horas-da-acao\/#breadcrumb"},"inLanguage":"pt-BR","potentialAction":[{"@type":"ReadAction","target":["https:\/\/www.pm.pb.gov.br\/portal\/2020\/04\/18\/operacao-tiradentes-policia-militar-apreende-seis-armas-de-fogo-durante-as-primeiras-horas-da-acao\/"]}]},{"@type":"BreadcrumbList","@id":"https:\/\/www.pm.pb.gov.br\/portal\/2020\/04\/18\/operacao-tiradentes-policia-militar-apreende-seis-armas-de-fogo-durante-as-primeiras-horas-da-acao\/#breadcrumb","itemListElement":[{"@type":"ListItem","position":1,"name":"In\u00edcio","item":"https:\/\/www.pm.pb.gov.br\/portal\/"},{"@type":"ListItem","position":2,"name":"Opera\u00e7\u00e3o Tiradentes: Pol\u00edcia Militar apreende seis armas de fogo durante as primeiras horas da a\u00e7\u00e3o"}]},{"@type":"WebSite","@id":"https:\/\/www.pm.pb.gov.br\/portal\/#website","url":"https:\/\/www.pm.pb.gov.br\/portal\/","name":"Pol\u00edcia Militar da Para\u00edba","description":"","publisher":{"@id":"https:\/\/www.pm.pb.gov.br\/portal\/#organization"},"potentialAction":[{"@type":"SearchAction","target":{"@type":"EntryPoint","urlTemplate":"https:\/\/www.pm.pb.gov.br\/portal\/?s={search_term_string}"},"query-input":"required name=search_term_string"}],"inLanguage":"pt-BR"},{"@type":"Organization","@id":"https:\/\/www.pm.pb.gov.br\/portal\/#organization","name":"Pol\u00edcia Militar da Para\u00edba","url":"https:\/\/www.pm.pb.gov.br\/portal\/","logo":{"@type":"ImageObject","inLanguage":"pt-BR","@id":"https:\/\/www.pm.pb.gov.br\/portal\/#\/schema\/logo\/image\/","url":"https:\/\/www.pm.pb.gov.br\/portal\/wp-content\/uploads\/2025\/03\/cropped-logo-site-mag2-1.png","contentUrl":"https:\/\/www.pm.pb.gov.br\/portal\/wp-content\/uploads\/2025\/03\/cropped-logo-site-mag2-1.png","width":320,"height":90,"caption":"Pol\u00edcia Militar da Para\u00edba"},"image":{"@id":"https:\/\/www.pm.pb.gov.br\/portal\/#\/schema\/logo\/image\/"}},{"@type":"Person","@id":"https:\/\/www.pm.pb.gov.br\/portal\/#\/schema\/person\/30d571652b38533c2211e4e89bf5a502","name":"Marcio Gomes dos Santos","image":{"@type":"ImageObject","inLanguage":"pt-BR","@id":"https:\/\/www.pm.pb.gov.br\/portal\/#\/schema\/person\/image\/","url":"https:\/\/secure.gravatar.com\/avatar\/cf4ec2cb690101e1581c7773aa350c19?s=96&d=mm&r=g","contentUrl":"https:\/\/secure.gravatar.com\/avatar\/cf4ec2cb690101e1581c7773aa350c19?s=96&d=mm&r=g","caption":"Marcio Gomes dos Santos"},"url":"https:\/\/www.pm.pb.gov.br\/portal\/author\/mgomes\/"}]}},"_links":{"self":[{"href":"https:\/\/www.pm.pb.gov.br\/portal\/wp-json\/wp\/v2\/posts\/904575"}],"collection":[{"href":"https:\/\/www.pm.pb.gov.br\/portal\/wp-json\/wp\/v2\/posts"}],"about":[{"href":"https:\/\/www.pm.pb.gov.br\/portal\/wp-json\/wp\/v2\/types\/post"}],"author":[{"embeddable":true,"href":"https:\/\/www.pm.pb.gov.br\/portal\/wp-json\/wp\/v2\/users\/15"}],"replies":[{"embeddable":true,"href":"https:\/\/www.pm.pb.gov.br\/portal\/wp-json\/wp\/v2\/comments?post=904575"}],"version-history":[{"count":1,"href":"https:\/\/www.pm.pb.gov.br\/portal\/wp-json\/wp\/v2\/posts\/904575\/revisions"}],"predecessor-version":[{"id":904580,"href":"https:\/\/www.pm.pb.gov.br\/portal\/wp-json\/wp\/v2\/posts\/904575\/revisions\/904580"}],"wp:featuredmedia":[{"embeddable":true,"href":"https:\/\/www.pm.pb.gov.br\/portal\/wp-json\/wp\/v2\/media\/904577"}],"wp:attachment":[{"href":"https:\/\/www.pm.pb.gov.br\/portal\/wp-json\/wp\/v2\/media?parent=904575"}],"wp:term":[{"taxonomy":"category","embeddable":true,"href":"https:\/\/www.pm.pb.gov.br\/portal\/wp-json\/wp\/v2\/categories?post=904575"},{"taxonomy":"post_tag","embeddable":true,"href":"https:\/\/www.pm.pb.gov.br\/portal\/wp-json\/wp\/v2\/tags?post=904575"}],"curies":[{"name":"wp","href":"https:\/\/api.w.org\/{rel}","templated":true}]}}