{"id":904562,"date":"2020-04-17T11:12:27","date_gmt":"2020-04-17T14:12:27","guid":{"rendered":"http:\/\/www.pm.pb.gov.br\/portal\/?p=904562"},"modified":"2020-04-17T14:08:11","modified_gmt":"2020-04-17T17:08:11","slug":"policia-militar-apreende-23-armas-de-fogo-nas-acoes-das-ultimas-horas-na-paraiba","status":"publish","type":"post","link":"https:\/\/www.pm.pb.gov.br\/portal\/2020\/04\/17\/policia-militar-apreende-23-armas-de-fogo-nas-acoes-das-ultimas-horas-na-paraiba\/","title":{"rendered":"Pol\u00edcia Militar apreende 23 armas de fogo nas a\u00e7\u00f5es das \u00faltimas horas na Para\u00edba"},"content":{"rendered":"<p>A Pol\u00edcia Militar apreendeu 23 armas de fogo em sua atua\u00e7\u00e3o contra o crime, nas \u00faltimas 24 horas, com a\u00e7\u00f5es e opera\u00e7\u00f5es realizadas em toda a Para\u00edba. As apreens\u00f5es se concentraram em oito cidades, resultando na retirada de circula\u00e7\u00e3o de rev\u00f3lveres, espingardas, pistolas, fuzis e at\u00e9 metralhadora ponto 50, que \u00e9 considerada uma arma de guerra.<\/p>\n<p>A \u00faltima apreens\u00e3o foi registrada no in\u00edcio da madrugada desta sexta-feira (17), no bairro do Rangel, em Jo\u00e3o Pessoa. Um adolescente que estava a p\u00e9 foi abordado e flagrado com um rev\u00f3lver na cintura. A capital teve ainda a apreens\u00e3o de outros dois rev\u00f3lveres, em uma a\u00e7\u00e3o que resultou na pris\u00e3o de um suspeito de 21 anos, no in\u00edcio da noite dessa quinta-feira (16), no bairro do Grot\u00e3o.<\/p>\n<p><strong>14 Armas no Sert\u00e3o \u2013<\/strong> O sert\u00e3o do Estado foi onde aconteceram mais apreens\u00f5es de armas, com destaque para a opera\u00e7\u00e3o que prendeu seis suspeitos de planejar ataques a bancos e carros-fortes, que foram interceptados na cidade de Aparecida com explosivos, muni\u00e7\u00f5es e seis armas \u2013 4 fuzis, 1 pistola e 1 metralhadora ponto 50. Ainda na regi\u00e3o, foram apreendidas seis espingardas e maconha, durante buscas para prender um acusado de roubar uma loja, na cidade cearense de Ipaumirim. O suspeito tem 22 anos e foi preso na casa do pai, no conjunto Ronaldo Cunha Lima, em Cajazeiras. No munic\u00edpio de Vier\u00f3polis, foi encontraram uma espingarda, em meio a uma \u00e1rea de mato, ap\u00f3s den\u00fancia. Em Matur\u00e9ia, foi apreendido um rev\u00f3lver com um suspeito, de 22 anos, que tinha acabado de roubar uma moto.<\/p>\n<p>Em Campina Grande, quatro suspeitos, com idades entre 26 e 15 anos, foram detidos com uma pistola, ap\u00f3s tentarem roubar uma casa lot\u00e9rica na feira central. No Complexo Alu\u00edzio Campos, tamb\u00e9m em Campina, foi apreendido um rev\u00f3lver com um suspeito de 40 anos. E na zona rural do mesmo munic\u00edpio, foram apreendidas duas espingardas durante a\u00e7\u00e3o que resgatou quase 50 aves silvestres que estavam sendo mantidas em cativeiros ilegais.<\/p>\n<p>As outras armas apreendidas foram um rev\u00f3lver com um suspeito de 21 anos, na cidade de Caldas Brand\u00e3o, e uma espingarda na zona rural de S\u00e3o Jo\u00e3o do Cariri, abandonada por um acusado que fugiu pelo mato.<\/p>\n<p><strong>Fiscaliza\u00e7\u00f5es do isolamento social \u2013<\/strong> Al\u00e9m de apreender as 23 armas de fogo, a Pol\u00edcia Militar atendeu 47 den\u00fancias de locais que estavam acontecendo descumprimentos das medidas de isolamento social, decretadas pelo Estado para conter o avan\u00e7o no novo coronav\u00edrus. A maior parte das den\u00fancias, foram na grande Jo\u00e3o Pessoa, com 33 chamados.<\/p>\n","protected":false},"excerpt":{"rendered":"<p>A Pol\u00edcia Militar apreendeu 23 armas de fogo em sua atua\u00e7\u00e3o contra o crime, nas \u00faltimas 24 horas, com a\u00e7\u00f5es<\/p>\n","protected":false},"author":10,"featured_media":904567,"comment_status":"closed","ping_status":"closed","sticky":false,"template":"","format":"standard","meta":{"_exactmetrics_skip_tracking":false,"_exactmetrics_sitenote_active":false,"_exactmetrics_sitenote_note":"","_exactmetrics_sitenote_category":0,"footnotes":""},"categories":[4],"tags":[],"yoast_head":"<!-- This site is optimized with the Yoast SEO plugin v22.0 - https:\/\/yoast.com\/wordpress\/plugins\/seo\/ -->\n<title>Pol\u00edcia Militar apreende 23 armas de fogo nas a\u00e7\u00f5es das \u00faltimas horas na Para\u00edba - Pol\u00edcia Militar da Para\u00edba<\/title>\n<meta name=\"robots\" content=\"index, follow, max-snippet:-1, max-image-preview:large, max-video-preview:-1\" \/>\n<link rel=\"canonical\" href=\"https:\/\/www.pm.pb.gov.br\/portal\/2020\/04\/17\/policia-militar-apreende-23-armas-de-fogo-nas-acoes-das-ultimas-horas-na-paraiba\/\" \/>\n<meta property=\"og:locale\" content=\"pt_BR\" \/>\n<meta property=\"og:type\" content=\"article\" \/>\n<meta property=\"og:title\" content=\"Pol\u00edcia Militar apreende 23 armas de fogo nas a\u00e7\u00f5es das \u00faltimas horas na Para\u00edba - Pol\u00edcia Militar da Para\u00edba\" \/>\n<meta property=\"og:description\" content=\"A Pol\u00edcia Militar apreendeu 23 armas de fogo em sua atua\u00e7\u00e3o contra o crime, nas \u00faltimas 24 horas, com a\u00e7\u00f5es\" \/>\n<meta property=\"og:url\" content=\"https:\/\/www.pm.pb.gov.br\/portal\/2020\/04\/17\/policia-militar-apreende-23-armas-de-fogo-nas-acoes-das-ultimas-horas-na-paraiba\/\" \/>\n<meta property=\"og:site_name\" content=\"Pol\u00edcia Militar da Para\u00edba\" \/>\n<meta property=\"article:published_time\" content=\"2020-04-17T14:12:27+00:00\" \/>\n<meta property=\"article:modified_time\" content=\"2020-04-17T17:08:11+00:00\" \/>\n<meta property=\"og:image\" content=\"https:\/\/www.pm.pb.gov.br\/portal\/wp-content\/uploads\/2020\/04\/7fd42b3e-cdad-49c5-859c-5953e572de82-1.jpeg\" \/>\n\t<meta property=\"og:image:width\" content=\"1156\" \/>\n\t<meta property=\"og:image:height\" content=\"867\" \/>\n\t<meta property=\"og:image:type\" content=\"image\/jpeg\" \/>\n<meta name=\"author\" content=\"WAGNER HENRIQUE VARELA DA SILVA\" \/>\n<meta name=\"twitter:card\" content=\"summary_large_image\" \/>\n<meta name=\"twitter:label1\" content=\"Escrito por\" \/>\n\t<meta name=\"twitter:data1\" content=\"WAGNER HENRIQUE VARELA DA SILVA\" \/>\n\t<meta name=\"twitter:label2\" content=\"Est. tempo de leitura\" \/>\n\t<meta name=\"twitter:data2\" content=\"2 minutos\" \/>\n<script type=\"application\/ld+json\" class=\"yoast-schema-graph\">{\"@context\":\"https:\/\/schema.org\",\"@graph\":[{\"@type\":\"Article\",\"@id\":\"https:\/\/www.pm.pb.gov.br\/portal\/2020\/04\/17\/policia-militar-apreende-23-armas-de-fogo-nas-acoes-das-ultimas-horas-na-paraiba\/#article\",\"isPartOf\":{\"@id\":\"https:\/\/www.pm.pb.gov.br\/portal\/2020\/04\/17\/policia-militar-apreende-23-armas-de-fogo-nas-acoes-das-ultimas-horas-na-paraiba\/\"},\"author\":{\"name\":\"WAGNER HENRIQUE VARELA DA SILVA\",\"@id\":\"https:\/\/www.pm.pb.gov.br\/portal\/#\/schema\/person\/b169b297b8494dea236e315ed1a201d1\"},\"headline\":\"Pol\u00edcia Militar apreende 23 armas de fogo nas a\u00e7\u00f5es das \u00faltimas horas na Para\u00edba\",\"datePublished\":\"2020-04-17T14:12:27+00:00\",\"dateModified\":\"2020-04-17T17:08:11+00:00\",\"mainEntityOfPage\":{\"@id\":\"https:\/\/www.pm.pb.gov.br\/portal\/2020\/04\/17\/policia-militar-apreende-23-armas-de-fogo-nas-acoes-das-ultimas-horas-na-paraiba\/\"},\"wordCount\":457,\"publisher\":{\"@id\":\"https:\/\/www.pm.pb.gov.br\/portal\/#organization\"},\"articleSection\":[\"A\u00e7\u00f5es Policiais\"],\"inLanguage\":\"pt-BR\"},{\"@type\":\"WebPage\",\"@id\":\"https:\/\/www.pm.pb.gov.br\/portal\/2020\/04\/17\/policia-militar-apreende-23-armas-de-fogo-nas-acoes-das-ultimas-horas-na-paraiba\/\",\"url\":\"https:\/\/www.pm.pb.gov.br\/portal\/2020\/04\/17\/policia-militar-apreende-23-armas-de-fogo-nas-acoes-das-ultimas-horas-na-paraiba\/\",\"name\":\"Pol\u00edcia Militar apreende 23 armas de fogo nas a\u00e7\u00f5es das \u00faltimas horas na Para\u00edba - Pol\u00edcia Militar da Para\u00edba\",\"isPartOf\":{\"@id\":\"https:\/\/www.pm.pb.gov.br\/portal\/#website\"},\"datePublished\":\"2020-04-17T14:12:27+00:00\",\"dateModified\":\"2020-04-17T17:08:11+00:00\",\"breadcrumb\":{\"@id\":\"https:\/\/www.pm.pb.gov.br\/portal\/2020\/04\/17\/policia-militar-apreende-23-armas-de-fogo-nas-acoes-das-ultimas-horas-na-paraiba\/#breadcrumb\"},\"inLanguage\":\"pt-BR\",\"potentialAction\":[{\"@type\":\"ReadAction\",\"target\":[\"https:\/\/www.pm.pb.gov.br\/portal\/2020\/04\/17\/policia-militar-apreende-23-armas-de-fogo-nas-acoes-das-ultimas-horas-na-paraiba\/\"]}]},{\"@type\":\"BreadcrumbList\",\"@id\":\"https:\/\/www.pm.pb.gov.br\/portal\/2020\/04\/17\/policia-militar-apreende-23-armas-de-fogo-nas-acoes-das-ultimas-horas-na-paraiba\/#breadcrumb\",\"itemListElement\":[{\"@type\":\"ListItem\",\"position\":1,\"name\":\"In\u00edcio\",\"item\":\"https:\/\/www.pm.pb.gov.br\/portal\/\"},{\"@type\":\"ListItem\",\"position\":2,\"name\":\"Pol\u00edcia Militar apreende 23 armas de fogo nas a\u00e7\u00f5es das \u00faltimas horas na Para\u00edba\"}]},{\"@type\":\"WebSite\",\"@id\":\"https:\/\/www.pm.pb.gov.br\/portal\/#website\",\"url\":\"https:\/\/www.pm.pb.gov.br\/portal\/\",\"name\":\"Pol\u00edcia Militar da Para\u00edba\",\"description\":\"\",\"publisher\":{\"@id\":\"https:\/\/www.pm.pb.gov.br\/portal\/#organization\"},\"potentialAction\":[{\"@type\":\"SearchAction\",\"target\":{\"@type\":\"EntryPoint\",\"urlTemplate\":\"https:\/\/www.pm.pb.gov.br\/portal\/?s={search_term_string}\"},\"query-input\":\"required name=search_term_string\"}],\"inLanguage\":\"pt-BR\"},{\"@type\":\"Organization\",\"@id\":\"https:\/\/www.pm.pb.gov.br\/portal\/#organization\",\"name\":\"Pol\u00edcia Militar da Para\u00edba\",\"url\":\"https:\/\/www.pm.pb.gov.br\/portal\/\",\"logo\":{\"@type\":\"ImageObject\",\"inLanguage\":\"pt-BR\",\"@id\":\"https:\/\/www.pm.pb.gov.br\/portal\/#\/schema\/logo\/image\/\",\"url\":\"https:\/\/www.pm.pb.gov.br\/portal\/wp-content\/uploads\/2025\/03\/cropped-logo-site-mag2-1.png\",\"contentUrl\":\"https:\/\/www.pm.pb.gov.br\/portal\/wp-content\/uploads\/2025\/03\/cropped-logo-site-mag2-1.png\",\"width\":320,\"height\":90,\"caption\":\"Pol\u00edcia Militar da Para\u00edba\"},\"image\":{\"@id\":\"https:\/\/www.pm.pb.gov.br\/portal\/#\/schema\/logo\/image\/\"}},{\"@type\":\"Person\",\"@id\":\"https:\/\/www.pm.pb.gov.br\/portal\/#\/schema\/person\/b169b297b8494dea236e315ed1a201d1\",\"name\":\"WAGNER HENRIQUE VARELA DA SILVA\",\"image\":{\"@type\":\"ImageObject\",\"inLanguage\":\"pt-BR\",\"@id\":\"https:\/\/www.pm.pb.gov.br\/portal\/#\/schema\/person\/image\/\",\"url\":\"https:\/\/secure.gravatar.com\/avatar\/e08af53176a66730df5c0706c6c31fd6?s=96&d=mm&r=g\",\"contentUrl\":\"https:\/\/secure.gravatar.com\/avatar\/e08af53176a66730df5c0706c6c31fd6?s=96&d=mm&r=g\",\"caption\":\"WAGNER HENRIQUE VARELA DA SILVA\"},\"url\":\"https:\/\/www.pm.pb.gov.br\/portal\/author\/varela\/\"}]}<\/script>\n<!-- \/ Yoast SEO plugin. -->","yoast_head_json":{"title":"Pol\u00edcia Militar apreende 23 armas de fogo nas a\u00e7\u00f5es das \u00faltimas horas na Para\u00edba - Pol\u00edcia Militar da Para\u00edba","robots":{"index":"index","follow":"follow","max-snippet":"max-snippet:-1","max-image-preview":"max-image-preview:large","max-video-preview":"max-video-preview:-1"},"canonical":"https:\/\/www.pm.pb.gov.br\/portal\/2020\/04\/17\/policia-militar-apreende-23-armas-de-fogo-nas-acoes-das-ultimas-horas-na-paraiba\/","og_locale":"pt_BR","og_type":"article","og_title":"Pol\u00edcia Militar apreende 23 armas de fogo nas a\u00e7\u00f5es das \u00faltimas horas na Para\u00edba - Pol\u00edcia Militar da Para\u00edba","og_description":"A Pol\u00edcia Militar apreendeu 23 armas de fogo em sua atua\u00e7\u00e3o contra o crime, nas \u00faltimas 24 horas, com a\u00e7\u00f5es","og_url":"https:\/\/www.pm.pb.gov.br\/portal\/2020\/04\/17\/policia-militar-apreende-23-armas-de-fogo-nas-acoes-das-ultimas-horas-na-paraiba\/","og_site_name":"Pol\u00edcia Militar da Para\u00edba","article_published_time":"2020-04-17T14:12:27+00:00","article_modified_time":"2020-04-17T17:08:11+00:00","og_image":[{"width":1156,"height":867,"url":"https:\/\/www.pm.pb.gov.br\/portal\/wp-content\/uploads\/2020\/04\/7fd42b3e-cdad-49c5-859c-5953e572de82-1.jpeg","type":"image\/jpeg"}],"author":"WAGNER HENRIQUE VARELA DA SILVA","twitter_card":"summary_large_image","twitter_misc":{"Escrito por":"WAGNER HENRIQUE VARELA DA SILVA","Est. tempo de leitura":"2 minutos"},"schema":{"@context":"https:\/\/schema.org","@graph":[{"@type":"Article","@id":"https:\/\/www.pm.pb.gov.br\/portal\/2020\/04\/17\/policia-militar-apreende-23-armas-de-fogo-nas-acoes-das-ultimas-horas-na-paraiba\/#article","isPartOf":{"@id":"https:\/\/www.pm.pb.gov.br\/portal\/2020\/04\/17\/policia-militar-apreende-23-armas-de-fogo-nas-acoes-das-ultimas-horas-na-paraiba\/"},"author":{"name":"WAGNER HENRIQUE VARELA DA SILVA","@id":"https:\/\/www.pm.pb.gov.br\/portal\/#\/schema\/person\/b169b297b8494dea236e315ed1a201d1"},"headline":"Pol\u00edcia Militar apreende 23 armas de fogo nas a\u00e7\u00f5es das \u00faltimas horas na Para\u00edba","datePublished":"2020-04-17T14:12:27+00:00","dateModified":"2020-04-17T17:08:11+00:00","mainEntityOfPage":{"@id":"https:\/\/www.pm.pb.gov.br\/portal\/2020\/04\/17\/policia-militar-apreende-23-armas-de-fogo-nas-acoes-das-ultimas-horas-na-paraiba\/"},"wordCount":457,"publisher":{"@id":"https:\/\/www.pm.pb.gov.br\/portal\/#organization"},"articleSection":["A\u00e7\u00f5es Policiais"],"inLanguage":"pt-BR"},{"@type":"WebPage","@id":"https:\/\/www.pm.pb.gov.br\/portal\/2020\/04\/17\/policia-militar-apreende-23-armas-de-fogo-nas-acoes-das-ultimas-horas-na-paraiba\/","url":"https:\/\/www.pm.pb.gov.br\/portal\/2020\/04\/17\/policia-militar-apreende-23-armas-de-fogo-nas-acoes-das-ultimas-horas-na-paraiba\/","name":"Pol\u00edcia Militar apreende 23 armas de fogo nas a\u00e7\u00f5es das \u00faltimas horas na Para\u00edba - Pol\u00edcia Militar da Para\u00edba","isPartOf":{"@id":"https:\/\/www.pm.pb.gov.br\/portal\/#website"},"datePublished":"2020-04-17T14:12:27+00:00","dateModified":"2020-04-17T17:08:11+00:00","breadcrumb":{"@id":"https:\/\/www.pm.pb.gov.br\/portal\/2020\/04\/17\/policia-militar-apreende-23-armas-de-fogo-nas-acoes-das-ultimas-horas-na-paraiba\/#breadcrumb"},"inLanguage":"pt-BR","potentialAction":[{"@type":"ReadAction","target":["https:\/\/www.pm.pb.gov.br\/portal\/2020\/04\/17\/policia-militar-apreende-23-armas-de-fogo-nas-acoes-das-ultimas-horas-na-paraiba\/"]}]},{"@type":"BreadcrumbList","@id":"https:\/\/www.pm.pb.gov.br\/portal\/2020\/04\/17\/policia-militar-apreende-23-armas-de-fogo-nas-acoes-das-ultimas-horas-na-paraiba\/#breadcrumb","itemListElement":[{"@type":"ListItem","position":1,"name":"In\u00edcio","item":"https:\/\/www.pm.pb.gov.br\/portal\/"},{"@type":"ListItem","position":2,"name":"Pol\u00edcia Militar apreende 23 armas de fogo nas a\u00e7\u00f5es das \u00faltimas horas na Para\u00edba"}]},{"@type":"WebSite","@id":"https:\/\/www.pm.pb.gov.br\/portal\/#website","url":"https:\/\/www.pm.pb.gov.br\/portal\/","name":"Pol\u00edcia Militar da Para\u00edba","description":"","publisher":{"@id":"https:\/\/www.pm.pb.gov.br\/portal\/#organization"},"potentialAction":[{"@type":"SearchAction","target":{"@type":"EntryPoint","urlTemplate":"https:\/\/www.pm.pb.gov.br\/portal\/?s={search_term_string}"},"query-input":"required name=search_term_string"}],"inLanguage":"pt-BR"},{"@type":"Organization","@id":"https:\/\/www.pm.pb.gov.br\/portal\/#organization","name":"Pol\u00edcia Militar da Para\u00edba","url":"https:\/\/www.pm.pb.gov.br\/portal\/","logo":{"@type":"ImageObject","inLanguage":"pt-BR","@id":"https:\/\/www.pm.pb.gov.br\/portal\/#\/schema\/logo\/image\/","url":"https:\/\/www.pm.pb.gov.br\/portal\/wp-content\/uploads\/2025\/03\/cropped-logo-site-mag2-1.png","contentUrl":"https:\/\/www.pm.pb.gov.br\/portal\/wp-content\/uploads\/2025\/03\/cropped-logo-site-mag2-1.png","width":320,"height":90,"caption":"Pol\u00edcia Militar da Para\u00edba"},"image":{"@id":"https:\/\/www.pm.pb.gov.br\/portal\/#\/schema\/logo\/image\/"}},{"@type":"Person","@id":"https:\/\/www.pm.pb.gov.br\/portal\/#\/schema\/person\/b169b297b8494dea236e315ed1a201d1","name":"WAGNER HENRIQUE VARELA DA SILVA","image":{"@type":"ImageObject","inLanguage":"pt-BR","@id":"https:\/\/www.pm.pb.gov.br\/portal\/#\/schema\/person\/image\/","url":"https:\/\/secure.gravatar.com\/avatar\/e08af53176a66730df5c0706c6c31fd6?s=96&d=mm&r=g","contentUrl":"https:\/\/secure.gravatar.com\/avatar\/e08af53176a66730df5c0706c6c31fd6?s=96&d=mm&r=g","caption":"WAGNER HENRIQUE VARELA DA SILVA"},"url":"https:\/\/www.pm.pb.gov.br\/portal\/author\/varela\/"}]}},"_links":{"self":[{"href":"https:\/\/www.pm.pb.gov.br\/portal\/wp-json\/wp\/v2\/posts\/904562"}],"collection":[{"href":"https:\/\/www.pm.pb.gov.br\/portal\/wp-json\/wp\/v2\/posts"}],"about":[{"href":"https:\/\/www.pm.pb.gov.br\/portal\/wp-json\/wp\/v2\/types\/post"}],"author":[{"embeddable":true,"href":"https:\/\/www.pm.pb.gov.br\/portal\/wp-json\/wp\/v2\/users\/10"}],"replies":[{"embeddable":true,"href":"https:\/\/www.pm.pb.gov.br\/portal\/wp-json\/wp\/v2\/comments?post=904562"}],"version-history":[{"count":2,"href":"https:\/\/www.pm.pb.gov.br\/portal\/wp-json\/wp\/v2\/posts\/904562\/revisions"}],"predecessor-version":[{"id":904570,"href":"https:\/\/www.pm.pb.gov.br\/portal\/wp-json\/wp\/v2\/posts\/904562\/revisions\/904570"}],"wp:featuredmedia":[{"embeddable":true,"href":"https:\/\/www.pm.pb.gov.br\/portal\/wp-json\/wp\/v2\/media\/904567"}],"wp:attachment":[{"href":"https:\/\/www.pm.pb.gov.br\/portal\/wp-json\/wp\/v2\/media?parent=904562"}],"wp:term":[{"taxonomy":"category","embeddable":true,"href":"https:\/\/www.pm.pb.gov.br\/portal\/wp-json\/wp\/v2\/categories?post=904562"},{"taxonomy":"post_tag","embeddable":true,"href":"https:\/\/www.pm.pb.gov.br\/portal\/wp-json\/wp\/v2\/tags?post=904562"}],"curies":[{"name":"wp","href":"https:\/\/api.w.org\/{rel}","templated":true}]}}