{"id":904416,"date":"2020-04-13T18:36:07","date_gmt":"2020-04-13T21:36:07","guid":{"rendered":"http:\/\/www.pm.pb.gov.br\/portal\/?p=904416"},"modified":"2020-04-13T18:36:09","modified_gmt":"2020-04-13T21:36:09","slug":"bpamb-apreende-armas-utilizadas-em-caca-de-animais-e-devolve-62-passaros-para-a-natureza","status":"publish","type":"post","link":"https:\/\/www.pm.pb.gov.br\/portal\/2020\/04\/13\/bpamb-apreende-armas-utilizadas-em-caca-de-animais-e-devolve-62-passaros-para-a-natureza\/","title":{"rendered":"BPAmb apreende armas utilizadas em ca\u00e7a de animais e devolve 62 p\u00e1ssaros para a natureza"},"content":{"rendered":"\n<p>As a\u00e7\u00f5es da Pol\u00edcia Militar atrav\u00e9s do Batalh\u00e3o de Pol\u00edcia Ambiental (BPAmb) resultaram, s\u00f3 nesse \u00faltimo domingo (12), na apreens\u00e3o de cinco armas de fogo utilizada na ca\u00e7a ilegal de animais. 62 aves que estavam sendo mantidas em cativeiro sem autoriza\u00e7\u00e3o tamb\u00e9m foram devolvidas ao seu habitat natural gra\u00e7as a a\u00e7\u00e3o dos policiais. &nbsp;&nbsp;<\/p>\n<p>As armas foram localizadas nos munic\u00edpios de Pedras de Fogo, sendo duas espingardas de calibres 20 e 16 (foto abaixo), e Alhandra, com outras tr\u00eas espingardas de calibres indefinidos. Na primeira ocorr\u00eancia, al\u00e9m das armas, policiais do Grupo T\u00e1tico Ambiental (GTAM) apreenderam uma ave, e materiais para ca\u00e7a que estavam em uma casa, resultando na condu\u00e7\u00e3o de um suspeito para Delegacia da Pol\u00edcia Civil em Alhandra. Ap\u00f3s o procedimento, o p\u00e1ssaro foi solto na natureza.<\/p>\n<p><img loading=\"lazy\" decoding=\"async\" class=\" wp-image-904417 aligncenter\" src=\"http:\/\/www.pm.pb.gov.br\/portal\/wp-content\/uploads\/2020\/04\/apreensaoalhandra-267x445.jpeg\" alt=\"\" width=\"225\" height=\"375\" srcset=\"https:\/\/www.pm.pb.gov.br\/portal\/wp-content\/uploads\/2020\/04\/apreensaoalhandra-267x445.jpeg 267w, https:\/\/www.pm.pb.gov.br\/portal\/wp-content\/uploads\/2020\/04\/apreensaoalhandra-342x570.jpeg 342w, https:\/\/www.pm.pb.gov.br\/portal\/wp-content\/uploads\/2020\/04\/apreensaoalhandra.jpeg 767w\" sizes=\"(max-width: 225px) 100vw, 225px\" \/><\/p>\n<p>Na segunda ocorr\u00eancia, nas proximidades de um a\u00e7ude no distrito de Mata Redonda, tr\u00eas suspeitos que estavam com tr\u00eas armas de fogo fugiram ao perceber a chegada da PM no local. Tamb\u00e9m foram encontrados materiais de ca\u00e7a predat\u00f3ria, como espoleta, chumbo e p\u00f3lvora. Todo o material foi recolhido e encaminhado para a Delegacia de Alhandra.<\/p>\n<p><strong>Sert\u00e3o \u2013<\/strong>&nbsp;Nos munic\u00edpios de Serra Grande e Bonito de Santa F\u00e9, no sert\u00e3o, as fiscaliza\u00e7\u00f5es da 3\u00aa Companhia de Pol\u00edcia Ambiental (3\u00aa CPAmb) resultaram em 61 aves devolvidas ao seu habitat. Os animais eram mantidos em cativeiro, sem autoriza\u00e7\u00e3o do \u00f3rg\u00e3o ambiental competente, e os suspeitos que estavam com eles foram multados. A ocorr\u00eancia foi informada \u00e0 Sudema e ao Minist\u00e9rio P\u00fablico para abertura de den\u00fancia.&nbsp;<\/p>\n","protected":false},"excerpt":{"rendered":"<p>As a\u00e7\u00f5es da Pol\u00edcia Militar atrav\u00e9s do Batalh\u00e3o de Pol\u00edcia Ambiental (BPAmb) resultaram, s\u00f3 nesse \u00faltimo domingo (12), na apreens\u00e3o<\/p>\n","protected":false},"author":12,"featured_media":901229,"comment_status":"closed","ping_status":"closed","sticky":false,"template":"","format":"standard","meta":{"_exactmetrics_skip_tracking":false,"_exactmetrics_sitenote_active":false,"_exactmetrics_sitenote_note":"","_exactmetrics_sitenote_category":0,"footnotes":""},"categories":[4],"tags":[],"yoast_head":"<!-- This site is optimized with the Yoast SEO plugin v22.0 - https:\/\/yoast.com\/wordpress\/plugins\/seo\/ -->\n<title>BPAmb apreende armas utilizadas em ca\u00e7a de animais e devolve 62 p\u00e1ssaros para a natureza - Pol\u00edcia Militar da Para\u00edba<\/title>\n<meta name=\"robots\" content=\"index, follow, max-snippet:-1, max-image-preview:large, max-video-preview:-1\" \/>\n<link rel=\"canonical\" href=\"https:\/\/www.pm.pb.gov.br\/portal\/2020\/04\/13\/bpamb-apreende-armas-utilizadas-em-caca-de-animais-e-devolve-62-passaros-para-a-natureza\/\" \/>\n<meta property=\"og:locale\" content=\"pt_BR\" \/>\n<meta property=\"og:type\" content=\"article\" \/>\n<meta property=\"og:title\" content=\"BPAmb apreende armas utilizadas em ca\u00e7a de animais e devolve 62 p\u00e1ssaros para a natureza - Pol\u00edcia Militar da Para\u00edba\" \/>\n<meta property=\"og:description\" content=\"As a\u00e7\u00f5es da Pol\u00edcia Militar atrav\u00e9s do Batalh\u00e3o de Pol\u00edcia Ambiental (BPAmb) resultaram, s\u00f3 nesse \u00faltimo domingo (12), na apreens\u00e3o\" \/>\n<meta property=\"og:url\" content=\"https:\/\/www.pm.pb.gov.br\/portal\/2020\/04\/13\/bpamb-apreende-armas-utilizadas-em-caca-de-animais-e-devolve-62-passaros-para-a-natureza\/\" \/>\n<meta property=\"og:site_name\" content=\"Pol\u00edcia Militar da Para\u00edba\" \/>\n<meta property=\"article:published_time\" content=\"2020-04-13T21:36:07+00:00\" \/>\n<meta property=\"article:modified_time\" content=\"2020-04-13T21:36:09+00:00\" \/>\n<meta property=\"og:image\" content=\"https:\/\/www.pm.pb.gov.br\/portal\/wp-content\/uploads\/2019\/06\/bpamb.jpeg\" \/>\n\t<meta property=\"og:image:width\" content=\"800\" \/>\n\t<meta property=\"og:image:height\" content=\"445\" \/>\n\t<meta property=\"og:image:type\" content=\"image\/jpeg\" \/>\n<meta name=\"author\" content=\"Tarcisio Oliveira\" \/>\n<meta name=\"twitter:card\" content=\"summary_large_image\" \/>\n<meta name=\"twitter:label1\" content=\"Escrito por\" \/>\n\t<meta name=\"twitter:data1\" content=\"Tarcisio Oliveira\" \/>\n\t<meta name=\"twitter:label2\" content=\"Est. tempo de leitura\" \/>\n\t<meta name=\"twitter:data2\" content=\"1 minuto\" \/>\n<script type=\"application\/ld+json\" class=\"yoast-schema-graph\">{\"@context\":\"https:\/\/schema.org\",\"@graph\":[{\"@type\":\"Article\",\"@id\":\"https:\/\/www.pm.pb.gov.br\/portal\/2020\/04\/13\/bpamb-apreende-armas-utilizadas-em-caca-de-animais-e-devolve-62-passaros-para-a-natureza\/#article\",\"isPartOf\":{\"@id\":\"https:\/\/www.pm.pb.gov.br\/portal\/2020\/04\/13\/bpamb-apreende-armas-utilizadas-em-caca-de-animais-e-devolve-62-passaros-para-a-natureza\/\"},\"author\":{\"name\":\"Tarcisio Oliveira\",\"@id\":\"https:\/\/www.pm.pb.gov.br\/portal\/#\/schema\/person\/f84f56dcc78ce4357054da888b8247fd\"},\"headline\":\"BPAmb apreende armas utilizadas em ca\u00e7a de animais e devolve 62 p\u00e1ssaros para a natureza\",\"datePublished\":\"2020-04-13T21:36:07+00:00\",\"dateModified\":\"2020-04-13T21:36:09+00:00\",\"mainEntityOfPage\":{\"@id\":\"https:\/\/www.pm.pb.gov.br\/portal\/2020\/04\/13\/bpamb-apreende-armas-utilizadas-em-caca-de-animais-e-devolve-62-passaros-para-a-natureza\/\"},\"wordCount\":301,\"publisher\":{\"@id\":\"https:\/\/www.pm.pb.gov.br\/portal\/#organization\"},\"articleSection\":[\"A\u00e7\u00f5es Policiais\"],\"inLanguage\":\"pt-BR\"},{\"@type\":\"WebPage\",\"@id\":\"https:\/\/www.pm.pb.gov.br\/portal\/2020\/04\/13\/bpamb-apreende-armas-utilizadas-em-caca-de-animais-e-devolve-62-passaros-para-a-natureza\/\",\"url\":\"https:\/\/www.pm.pb.gov.br\/portal\/2020\/04\/13\/bpamb-apreende-armas-utilizadas-em-caca-de-animais-e-devolve-62-passaros-para-a-natureza\/\",\"name\":\"BPAmb apreende armas utilizadas em ca\u00e7a de animais e devolve 62 p\u00e1ssaros para a natureza - Pol\u00edcia Militar da Para\u00edba\",\"isPartOf\":{\"@id\":\"https:\/\/www.pm.pb.gov.br\/portal\/#website\"},\"datePublished\":\"2020-04-13T21:36:07+00:00\",\"dateModified\":\"2020-04-13T21:36:09+00:00\",\"breadcrumb\":{\"@id\":\"https:\/\/www.pm.pb.gov.br\/portal\/2020\/04\/13\/bpamb-apreende-armas-utilizadas-em-caca-de-animais-e-devolve-62-passaros-para-a-natureza\/#breadcrumb\"},\"inLanguage\":\"pt-BR\",\"potentialAction\":[{\"@type\":\"ReadAction\",\"target\":[\"https:\/\/www.pm.pb.gov.br\/portal\/2020\/04\/13\/bpamb-apreende-armas-utilizadas-em-caca-de-animais-e-devolve-62-passaros-para-a-natureza\/\"]}]},{\"@type\":\"BreadcrumbList\",\"@id\":\"https:\/\/www.pm.pb.gov.br\/portal\/2020\/04\/13\/bpamb-apreende-armas-utilizadas-em-caca-de-animais-e-devolve-62-passaros-para-a-natureza\/#breadcrumb\",\"itemListElement\":[{\"@type\":\"ListItem\",\"position\":1,\"name\":\"In\u00edcio\",\"item\":\"https:\/\/www.pm.pb.gov.br\/portal\/\"},{\"@type\":\"ListItem\",\"position\":2,\"name\":\"BPAmb apreende armas utilizadas em ca\u00e7a de animais e devolve 62 p\u00e1ssaros para a natureza\"}]},{\"@type\":\"WebSite\",\"@id\":\"https:\/\/www.pm.pb.gov.br\/portal\/#website\",\"url\":\"https:\/\/www.pm.pb.gov.br\/portal\/\",\"name\":\"Pol\u00edcia Militar da Para\u00edba\",\"description\":\"\",\"publisher\":{\"@id\":\"https:\/\/www.pm.pb.gov.br\/portal\/#organization\"},\"potentialAction\":[{\"@type\":\"SearchAction\",\"target\":{\"@type\":\"EntryPoint\",\"urlTemplate\":\"https:\/\/www.pm.pb.gov.br\/portal\/?s={search_term_string}\"},\"query-input\":\"required name=search_term_string\"}],\"inLanguage\":\"pt-BR\"},{\"@type\":\"Organization\",\"@id\":\"https:\/\/www.pm.pb.gov.br\/portal\/#organization\",\"name\":\"Pol\u00edcia Militar da Para\u00edba\",\"url\":\"https:\/\/www.pm.pb.gov.br\/portal\/\",\"logo\":{\"@type\":\"ImageObject\",\"inLanguage\":\"pt-BR\",\"@id\":\"https:\/\/www.pm.pb.gov.br\/portal\/#\/schema\/logo\/image\/\",\"url\":\"https:\/\/www.pm.pb.gov.br\/portal\/wp-content\/uploads\/2025\/03\/cropped-logo-site-mag2-1.png\",\"contentUrl\":\"https:\/\/www.pm.pb.gov.br\/portal\/wp-content\/uploads\/2025\/03\/cropped-logo-site-mag2-1.png\",\"width\":320,\"height\":90,\"caption\":\"Pol\u00edcia Militar da Para\u00edba\"},\"image\":{\"@id\":\"https:\/\/www.pm.pb.gov.br\/portal\/#\/schema\/logo\/image\/\"}},{\"@type\":\"Person\",\"@id\":\"https:\/\/www.pm.pb.gov.br\/portal\/#\/schema\/person\/f84f56dcc78ce4357054da888b8247fd\",\"name\":\"Tarcisio Oliveira\",\"image\":{\"@type\":\"ImageObject\",\"inLanguage\":\"pt-BR\",\"@id\":\"https:\/\/www.pm.pb.gov.br\/portal\/#\/schema\/person\/image\/\",\"url\":\"https:\/\/secure.gravatar.com\/avatar\/72917b630b69d31cd0297507f34bac97?s=96&d=mm&r=g\",\"contentUrl\":\"https:\/\/secure.gravatar.com\/avatar\/72917b630b69d31cd0297507f34bac97?s=96&d=mm&r=g\",\"caption\":\"Tarcisio Oliveira\"},\"url\":\"https:\/\/www.pm.pb.gov.br\/portal\/author\/tarcisio\/\"}]}<\/script>\n<!-- \/ Yoast SEO plugin. -->","yoast_head_json":{"title":"BPAmb apreende armas utilizadas em ca\u00e7a de animais e devolve 62 p\u00e1ssaros para a natureza - Pol\u00edcia Militar da Para\u00edba","robots":{"index":"index","follow":"follow","max-snippet":"max-snippet:-1","max-image-preview":"max-image-preview:large","max-video-preview":"max-video-preview:-1"},"canonical":"https:\/\/www.pm.pb.gov.br\/portal\/2020\/04\/13\/bpamb-apreende-armas-utilizadas-em-caca-de-animais-e-devolve-62-passaros-para-a-natureza\/","og_locale":"pt_BR","og_type":"article","og_title":"BPAmb apreende armas utilizadas em ca\u00e7a de animais e devolve 62 p\u00e1ssaros para a natureza - Pol\u00edcia Militar da Para\u00edba","og_description":"As a\u00e7\u00f5es da Pol\u00edcia Militar atrav\u00e9s do Batalh\u00e3o de Pol\u00edcia Ambiental (BPAmb) resultaram, s\u00f3 nesse \u00faltimo domingo (12), na apreens\u00e3o","og_url":"https:\/\/www.pm.pb.gov.br\/portal\/2020\/04\/13\/bpamb-apreende-armas-utilizadas-em-caca-de-animais-e-devolve-62-passaros-para-a-natureza\/","og_site_name":"Pol\u00edcia Militar da Para\u00edba","article_published_time":"2020-04-13T21:36:07+00:00","article_modified_time":"2020-04-13T21:36:09+00:00","og_image":[{"width":800,"height":445,"url":"https:\/\/www.pm.pb.gov.br\/portal\/wp-content\/uploads\/2019\/06\/bpamb.jpeg","type":"image\/jpeg"}],"author":"Tarcisio Oliveira","twitter_card":"summary_large_image","twitter_misc":{"Escrito por":"Tarcisio Oliveira","Est. tempo de leitura":"1 minuto"},"schema":{"@context":"https:\/\/schema.org","@graph":[{"@type":"Article","@id":"https:\/\/www.pm.pb.gov.br\/portal\/2020\/04\/13\/bpamb-apreende-armas-utilizadas-em-caca-de-animais-e-devolve-62-passaros-para-a-natureza\/#article","isPartOf":{"@id":"https:\/\/www.pm.pb.gov.br\/portal\/2020\/04\/13\/bpamb-apreende-armas-utilizadas-em-caca-de-animais-e-devolve-62-passaros-para-a-natureza\/"},"author":{"name":"Tarcisio Oliveira","@id":"https:\/\/www.pm.pb.gov.br\/portal\/#\/schema\/person\/f84f56dcc78ce4357054da888b8247fd"},"headline":"BPAmb apreende armas utilizadas em ca\u00e7a de animais e devolve 62 p\u00e1ssaros para a natureza","datePublished":"2020-04-13T21:36:07+00:00","dateModified":"2020-04-13T21:36:09+00:00","mainEntityOfPage":{"@id":"https:\/\/www.pm.pb.gov.br\/portal\/2020\/04\/13\/bpamb-apreende-armas-utilizadas-em-caca-de-animais-e-devolve-62-passaros-para-a-natureza\/"},"wordCount":301,"publisher":{"@id":"https:\/\/www.pm.pb.gov.br\/portal\/#organization"},"articleSection":["A\u00e7\u00f5es Policiais"],"inLanguage":"pt-BR"},{"@type":"WebPage","@id":"https:\/\/www.pm.pb.gov.br\/portal\/2020\/04\/13\/bpamb-apreende-armas-utilizadas-em-caca-de-animais-e-devolve-62-passaros-para-a-natureza\/","url":"https:\/\/www.pm.pb.gov.br\/portal\/2020\/04\/13\/bpamb-apreende-armas-utilizadas-em-caca-de-animais-e-devolve-62-passaros-para-a-natureza\/","name":"BPAmb apreende armas utilizadas em ca\u00e7a de animais e devolve 62 p\u00e1ssaros para a natureza - Pol\u00edcia Militar da Para\u00edba","isPartOf":{"@id":"https:\/\/www.pm.pb.gov.br\/portal\/#website"},"datePublished":"2020-04-13T21:36:07+00:00","dateModified":"2020-04-13T21:36:09+00:00","breadcrumb":{"@id":"https:\/\/www.pm.pb.gov.br\/portal\/2020\/04\/13\/bpamb-apreende-armas-utilizadas-em-caca-de-animais-e-devolve-62-passaros-para-a-natureza\/#breadcrumb"},"inLanguage":"pt-BR","potentialAction":[{"@type":"ReadAction","target":["https:\/\/www.pm.pb.gov.br\/portal\/2020\/04\/13\/bpamb-apreende-armas-utilizadas-em-caca-de-animais-e-devolve-62-passaros-para-a-natureza\/"]}]},{"@type":"BreadcrumbList","@id":"https:\/\/www.pm.pb.gov.br\/portal\/2020\/04\/13\/bpamb-apreende-armas-utilizadas-em-caca-de-animais-e-devolve-62-passaros-para-a-natureza\/#breadcrumb","itemListElement":[{"@type":"ListItem","position":1,"name":"In\u00edcio","item":"https:\/\/www.pm.pb.gov.br\/portal\/"},{"@type":"ListItem","position":2,"name":"BPAmb apreende armas utilizadas em ca\u00e7a de animais e devolve 62 p\u00e1ssaros para a natureza"}]},{"@type":"WebSite","@id":"https:\/\/www.pm.pb.gov.br\/portal\/#website","url":"https:\/\/www.pm.pb.gov.br\/portal\/","name":"Pol\u00edcia Militar da Para\u00edba","description":"","publisher":{"@id":"https:\/\/www.pm.pb.gov.br\/portal\/#organization"},"potentialAction":[{"@type":"SearchAction","target":{"@type":"EntryPoint","urlTemplate":"https:\/\/www.pm.pb.gov.br\/portal\/?s={search_term_string}"},"query-input":"required name=search_term_string"}],"inLanguage":"pt-BR"},{"@type":"Organization","@id":"https:\/\/www.pm.pb.gov.br\/portal\/#organization","name":"Pol\u00edcia Militar da Para\u00edba","url":"https:\/\/www.pm.pb.gov.br\/portal\/","logo":{"@type":"ImageObject","inLanguage":"pt-BR","@id":"https:\/\/www.pm.pb.gov.br\/portal\/#\/schema\/logo\/image\/","url":"https:\/\/www.pm.pb.gov.br\/portal\/wp-content\/uploads\/2025\/03\/cropped-logo-site-mag2-1.png","contentUrl":"https:\/\/www.pm.pb.gov.br\/portal\/wp-content\/uploads\/2025\/03\/cropped-logo-site-mag2-1.png","width":320,"height":90,"caption":"Pol\u00edcia Militar da Para\u00edba"},"image":{"@id":"https:\/\/www.pm.pb.gov.br\/portal\/#\/schema\/logo\/image\/"}},{"@type":"Person","@id":"https:\/\/www.pm.pb.gov.br\/portal\/#\/schema\/person\/f84f56dcc78ce4357054da888b8247fd","name":"Tarcisio Oliveira","image":{"@type":"ImageObject","inLanguage":"pt-BR","@id":"https:\/\/www.pm.pb.gov.br\/portal\/#\/schema\/person\/image\/","url":"https:\/\/secure.gravatar.com\/avatar\/72917b630b69d31cd0297507f34bac97?s=96&d=mm&r=g","contentUrl":"https:\/\/secure.gravatar.com\/avatar\/72917b630b69d31cd0297507f34bac97?s=96&d=mm&r=g","caption":"Tarcisio Oliveira"},"url":"https:\/\/www.pm.pb.gov.br\/portal\/author\/tarcisio\/"}]}},"_links":{"self":[{"href":"https:\/\/www.pm.pb.gov.br\/portal\/wp-json\/wp\/v2\/posts\/904416"}],"collection":[{"href":"https:\/\/www.pm.pb.gov.br\/portal\/wp-json\/wp\/v2\/posts"}],"about":[{"href":"https:\/\/www.pm.pb.gov.br\/portal\/wp-json\/wp\/v2\/types\/post"}],"author":[{"embeddable":true,"href":"https:\/\/www.pm.pb.gov.br\/portal\/wp-json\/wp\/v2\/users\/12"}],"replies":[{"embeddable":true,"href":"https:\/\/www.pm.pb.gov.br\/portal\/wp-json\/wp\/v2\/comments?post=904416"}],"version-history":[{"count":2,"href":"https:\/\/www.pm.pb.gov.br\/portal\/wp-json\/wp\/v2\/posts\/904416\/revisions"}],"predecessor-version":[{"id":904419,"href":"https:\/\/www.pm.pb.gov.br\/portal\/wp-json\/wp\/v2\/posts\/904416\/revisions\/904419"}],"wp:featuredmedia":[{"embeddable":true,"href":"https:\/\/www.pm.pb.gov.br\/portal\/wp-json\/wp\/v2\/media\/901229"}],"wp:attachment":[{"href":"https:\/\/www.pm.pb.gov.br\/portal\/wp-json\/wp\/v2\/media?parent=904416"}],"wp:term":[{"taxonomy":"category","embeddable":true,"href":"https:\/\/www.pm.pb.gov.br\/portal\/wp-json\/wp\/v2\/categories?post=904416"},{"taxonomy":"post_tag","embeddable":true,"href":"https:\/\/www.pm.pb.gov.br\/portal\/wp-json\/wp\/v2\/tags?post=904416"}],"curies":[{"name":"wp","href":"https:\/\/api.w.org\/{rel}","templated":true}]}}