{"id":904414,"date":"2020-04-13T22:26:22","date_gmt":"2020-04-14T01:26:22","guid":{"rendered":"http:\/\/www.pm.pb.gov.br\/portal\/?p=904414"},"modified":"2020-04-15T15:07:06","modified_gmt":"2020-04-15T18:07:06","slug":"comando-da-policia-militar-recebe-voto-de-aplauso-do-tribunal-regional-eleitoral-da-paraiba","status":"publish","type":"post","link":"https:\/\/www.pm.pb.gov.br\/portal\/2020\/04\/13\/comando-da-policia-militar-recebe-voto-de-aplauso-do-tribunal-regional-eleitoral-da-paraiba\/","title":{"rendered":"Comando da Pol\u00edcia Militar recebe voto de aplauso do Tribunal Regional Eleitoral da Para\u00edba"},"content":{"rendered":"<p>A atua\u00e7\u00e3o solid\u00e1ria que a Pol\u00edcia Militar vem tendo no per\u00edodo da quarentena por causa do novo coronav\u00edrus, no Estado, recebeu mais um reconhecimento, nesta segunda-feira (13). Por unanimidade, o Tribunal Regional Eleitoral da Para\u00edba (TRE-PB) aprovou um voto de aplauso ao Comando da Pol\u00edcia Militar da Para\u00edba, na pessoa do comandante-geral, coronel Euller Chaves.<\/p>\n<p>A corpora\u00e7\u00e3o atuou junto ao TRE na entrega de cestas b\u00e1sicas para fam\u00edlias carentes, na p\u00e1scoa. Os alimentos foram arrecadados por ju\u00edzes-membros e servidores do Tribunal Regional Eleitoral da Para\u00edba (TRE-PB), em uma iniciativa do diretor da Escola Judici\u00e1ria Eleitoral, juiz Ant\u00f4nio Carneiro de Paiva J\u00fanior.<\/p>\n<p>O juiz Ant\u00f4nio Carneiro, que foi propositor do voto de aplauso, classificou os policiais militares que se engajaram na a\u00e7\u00e3o social como \u201cPatrulha da Esperan\u00e7a\u201d, justificando a boa vontade e o esp\u00edrito participativo que os profissionais da PM demonstraram.<\/p>\n<p><strong>Homenagens do TRE \u00e0 Pol\u00edcia Militar<\/strong> \u2013 O TRE tem sido uma das institui\u00e7\u00f5es que reconhecem o trabalho da Pol\u00edcia Militar da Para\u00edba. Em outra oportunidade, a corte j\u00e1 concedeu ao comandante-geral, coronel Euller Chaves, a mais alta comenda da justi\u00e7a eleitoral paraibana, a medalha Desembargador Flodoardo Lima da Silveira. A homenagem foi uma forma de reconhecer e agradecer a condu\u00e7\u00e3o do trabalho que a PM desenvolve na seguran\u00e7a das elei\u00e7\u00f5es, com a opera\u00e7\u00e3o Voto Seguro.<\/p>\n","protected":false},"excerpt":{"rendered":"<p>A atua\u00e7\u00e3o solid\u00e1ria que a Pol\u00edcia Militar vem tendo no per\u00edodo da quarentena por causa do novo coronav\u00edrus, no Estado,<\/p>\n","protected":false},"author":10,"featured_media":904422,"comment_status":"closed","ping_status":"closed","sticky":false,"template":"","format":"standard","meta":{"_exactmetrics_skip_tracking":false,"_exactmetrics_sitenote_active":false,"_exactmetrics_sitenote_note":"","_exactmetrics_sitenote_category":0,"footnotes":""},"categories":[5],"tags":[],"yoast_head":"<!-- This site is optimized with the Yoast SEO plugin v22.0 - https:\/\/yoast.com\/wordpress\/plugins\/seo\/ -->\n<title>Comando da Pol\u00edcia Militar recebe voto de aplauso do Tribunal Regional Eleitoral da Para\u00edba - Pol\u00edcia Militar da Para\u00edba<\/title>\n<meta name=\"robots\" content=\"index, follow, max-snippet:-1, max-image-preview:large, max-video-preview:-1\" \/>\n<link rel=\"canonical\" href=\"https:\/\/www.pm.pb.gov.br\/portal\/2020\/04\/13\/comando-da-policia-militar-recebe-voto-de-aplauso-do-tribunal-regional-eleitoral-da-paraiba\/\" \/>\n<meta property=\"og:locale\" content=\"pt_BR\" \/>\n<meta property=\"og:type\" content=\"article\" \/>\n<meta property=\"og:title\" content=\"Comando da Pol\u00edcia Militar recebe voto de aplauso do Tribunal Regional Eleitoral da Para\u00edba - Pol\u00edcia Militar da Para\u00edba\" \/>\n<meta property=\"og:description\" content=\"A atua\u00e7\u00e3o solid\u00e1ria que a Pol\u00edcia Militar vem tendo no per\u00edodo da quarentena por causa do novo coronav\u00edrus, no Estado,\" \/>\n<meta property=\"og:url\" content=\"https:\/\/www.pm.pb.gov.br\/portal\/2020\/04\/13\/comando-da-policia-militar-recebe-voto-de-aplauso-do-tribunal-regional-eleitoral-da-paraiba\/\" \/>\n<meta property=\"og:site_name\" content=\"Pol\u00edcia Militar da Para\u00edba\" \/>\n<meta property=\"article:published_time\" content=\"2020-04-14T01:26:22+00:00\" \/>\n<meta property=\"article:modified_time\" content=\"2020-04-15T18:07:06+00:00\" \/>\n<meta property=\"og:image\" content=\"https:\/\/www.pm.pb.gov.br\/portal\/wp-content\/uploads\/2020\/04\/legenda.jpg\" \/>\n\t<meta property=\"og:image:width\" content=\"800\" \/>\n\t<meta property=\"og:image:height\" content=\"440\" \/>\n\t<meta property=\"og:image:type\" content=\"image\/jpeg\" \/>\n<meta name=\"author\" content=\"WAGNER HENRIQUE VARELA DA SILVA\" \/>\n<meta name=\"twitter:card\" content=\"summary_large_image\" \/>\n<meta name=\"twitter:label1\" content=\"Escrito por\" \/>\n\t<meta name=\"twitter:data1\" content=\"WAGNER HENRIQUE VARELA DA SILVA\" \/>\n\t<meta name=\"twitter:label2\" content=\"Est. tempo de leitura\" \/>\n\t<meta name=\"twitter:data2\" content=\"1 minuto\" \/>\n<script type=\"application\/ld+json\" class=\"yoast-schema-graph\">{\"@context\":\"https:\/\/schema.org\",\"@graph\":[{\"@type\":\"Article\",\"@id\":\"https:\/\/www.pm.pb.gov.br\/portal\/2020\/04\/13\/comando-da-policia-militar-recebe-voto-de-aplauso-do-tribunal-regional-eleitoral-da-paraiba\/#article\",\"isPartOf\":{\"@id\":\"https:\/\/www.pm.pb.gov.br\/portal\/2020\/04\/13\/comando-da-policia-militar-recebe-voto-de-aplauso-do-tribunal-regional-eleitoral-da-paraiba\/\"},\"author\":{\"name\":\"WAGNER HENRIQUE VARELA DA SILVA\",\"@id\":\"https:\/\/www.pm.pb.gov.br\/portal\/#\/schema\/person\/b169b297b8494dea236e315ed1a201d1\"},\"headline\":\"Comando da Pol\u00edcia Militar recebe voto de aplauso do Tribunal Regional Eleitoral da Para\u00edba\",\"datePublished\":\"2020-04-14T01:26:22+00:00\",\"dateModified\":\"2020-04-15T18:07:06+00:00\",\"mainEntityOfPage\":{\"@id\":\"https:\/\/www.pm.pb.gov.br\/portal\/2020\/04\/13\/comando-da-policia-militar-recebe-voto-de-aplauso-do-tribunal-regional-eleitoral-da-paraiba\/\"},\"wordCount\":259,\"publisher\":{\"@id\":\"https:\/\/www.pm.pb.gov.br\/portal\/#organization\"},\"articleSection\":[\"Homenagens\"],\"inLanguage\":\"pt-BR\"},{\"@type\":\"WebPage\",\"@id\":\"https:\/\/www.pm.pb.gov.br\/portal\/2020\/04\/13\/comando-da-policia-militar-recebe-voto-de-aplauso-do-tribunal-regional-eleitoral-da-paraiba\/\",\"url\":\"https:\/\/www.pm.pb.gov.br\/portal\/2020\/04\/13\/comando-da-policia-militar-recebe-voto-de-aplauso-do-tribunal-regional-eleitoral-da-paraiba\/\",\"name\":\"Comando da Pol\u00edcia Militar recebe voto de aplauso do Tribunal Regional Eleitoral da Para\u00edba - Pol\u00edcia Militar da Para\u00edba\",\"isPartOf\":{\"@id\":\"https:\/\/www.pm.pb.gov.br\/portal\/#website\"},\"datePublished\":\"2020-04-14T01:26:22+00:00\",\"dateModified\":\"2020-04-15T18:07:06+00:00\",\"breadcrumb\":{\"@id\":\"https:\/\/www.pm.pb.gov.br\/portal\/2020\/04\/13\/comando-da-policia-militar-recebe-voto-de-aplauso-do-tribunal-regional-eleitoral-da-paraiba\/#breadcrumb\"},\"inLanguage\":\"pt-BR\",\"potentialAction\":[{\"@type\":\"ReadAction\",\"target\":[\"https:\/\/www.pm.pb.gov.br\/portal\/2020\/04\/13\/comando-da-policia-militar-recebe-voto-de-aplauso-do-tribunal-regional-eleitoral-da-paraiba\/\"]}]},{\"@type\":\"BreadcrumbList\",\"@id\":\"https:\/\/www.pm.pb.gov.br\/portal\/2020\/04\/13\/comando-da-policia-militar-recebe-voto-de-aplauso-do-tribunal-regional-eleitoral-da-paraiba\/#breadcrumb\",\"itemListElement\":[{\"@type\":\"ListItem\",\"position\":1,\"name\":\"In\u00edcio\",\"item\":\"https:\/\/www.pm.pb.gov.br\/portal\/\"},{\"@type\":\"ListItem\",\"position\":2,\"name\":\"Comando da Pol\u00edcia Militar recebe voto de aplauso do Tribunal Regional Eleitoral da Para\u00edba\"}]},{\"@type\":\"WebSite\",\"@id\":\"https:\/\/www.pm.pb.gov.br\/portal\/#website\",\"url\":\"https:\/\/www.pm.pb.gov.br\/portal\/\",\"name\":\"Pol\u00edcia Militar da Para\u00edba\",\"description\":\"\",\"publisher\":{\"@id\":\"https:\/\/www.pm.pb.gov.br\/portal\/#organization\"},\"potentialAction\":[{\"@type\":\"SearchAction\",\"target\":{\"@type\":\"EntryPoint\",\"urlTemplate\":\"https:\/\/www.pm.pb.gov.br\/portal\/?s={search_term_string}\"},\"query-input\":\"required name=search_term_string\"}],\"inLanguage\":\"pt-BR\"},{\"@type\":\"Organization\",\"@id\":\"https:\/\/www.pm.pb.gov.br\/portal\/#organization\",\"name\":\"Pol\u00edcia Militar da Para\u00edba\",\"url\":\"https:\/\/www.pm.pb.gov.br\/portal\/\",\"logo\":{\"@type\":\"ImageObject\",\"inLanguage\":\"pt-BR\",\"@id\":\"https:\/\/www.pm.pb.gov.br\/portal\/#\/schema\/logo\/image\/\",\"url\":\"https:\/\/www.pm.pb.gov.br\/portal\/wp-content\/uploads\/2025\/03\/cropped-logo-site-mag2-1.png\",\"contentUrl\":\"https:\/\/www.pm.pb.gov.br\/portal\/wp-content\/uploads\/2025\/03\/cropped-logo-site-mag2-1.png\",\"width\":320,\"height\":90,\"caption\":\"Pol\u00edcia Militar da Para\u00edba\"},\"image\":{\"@id\":\"https:\/\/www.pm.pb.gov.br\/portal\/#\/schema\/logo\/image\/\"}},{\"@type\":\"Person\",\"@id\":\"https:\/\/www.pm.pb.gov.br\/portal\/#\/schema\/person\/b169b297b8494dea236e315ed1a201d1\",\"name\":\"WAGNER HENRIQUE VARELA DA SILVA\",\"image\":{\"@type\":\"ImageObject\",\"inLanguage\":\"pt-BR\",\"@id\":\"https:\/\/www.pm.pb.gov.br\/portal\/#\/schema\/person\/image\/\",\"url\":\"https:\/\/secure.gravatar.com\/avatar\/e08af53176a66730df5c0706c6c31fd6?s=96&d=mm&r=g\",\"contentUrl\":\"https:\/\/secure.gravatar.com\/avatar\/e08af53176a66730df5c0706c6c31fd6?s=96&d=mm&r=g\",\"caption\":\"WAGNER HENRIQUE VARELA DA SILVA\"},\"url\":\"https:\/\/www.pm.pb.gov.br\/portal\/author\/varela\/\"}]}<\/script>\n<!-- \/ Yoast SEO plugin. -->","yoast_head_json":{"title":"Comando da Pol\u00edcia Militar recebe voto de aplauso do Tribunal Regional Eleitoral da Para\u00edba - Pol\u00edcia Militar da Para\u00edba","robots":{"index":"index","follow":"follow","max-snippet":"max-snippet:-1","max-image-preview":"max-image-preview:large","max-video-preview":"max-video-preview:-1"},"canonical":"https:\/\/www.pm.pb.gov.br\/portal\/2020\/04\/13\/comando-da-policia-militar-recebe-voto-de-aplauso-do-tribunal-regional-eleitoral-da-paraiba\/","og_locale":"pt_BR","og_type":"article","og_title":"Comando da Pol\u00edcia Militar recebe voto de aplauso do Tribunal Regional Eleitoral da Para\u00edba - Pol\u00edcia Militar da Para\u00edba","og_description":"A atua\u00e7\u00e3o solid\u00e1ria que a Pol\u00edcia Militar vem tendo no per\u00edodo da quarentena por causa do novo coronav\u00edrus, no Estado,","og_url":"https:\/\/www.pm.pb.gov.br\/portal\/2020\/04\/13\/comando-da-policia-militar-recebe-voto-de-aplauso-do-tribunal-regional-eleitoral-da-paraiba\/","og_site_name":"Pol\u00edcia Militar da Para\u00edba","article_published_time":"2020-04-14T01:26:22+00:00","article_modified_time":"2020-04-15T18:07:06+00:00","og_image":[{"width":800,"height":440,"url":"https:\/\/www.pm.pb.gov.br\/portal\/wp-content\/uploads\/2020\/04\/legenda.jpg","type":"image\/jpeg"}],"author":"WAGNER HENRIQUE VARELA DA SILVA","twitter_card":"summary_large_image","twitter_misc":{"Escrito por":"WAGNER HENRIQUE VARELA DA SILVA","Est. tempo de leitura":"1 minuto"},"schema":{"@context":"https:\/\/schema.org","@graph":[{"@type":"Article","@id":"https:\/\/www.pm.pb.gov.br\/portal\/2020\/04\/13\/comando-da-policia-militar-recebe-voto-de-aplauso-do-tribunal-regional-eleitoral-da-paraiba\/#article","isPartOf":{"@id":"https:\/\/www.pm.pb.gov.br\/portal\/2020\/04\/13\/comando-da-policia-militar-recebe-voto-de-aplauso-do-tribunal-regional-eleitoral-da-paraiba\/"},"author":{"name":"WAGNER HENRIQUE VARELA DA SILVA","@id":"https:\/\/www.pm.pb.gov.br\/portal\/#\/schema\/person\/b169b297b8494dea236e315ed1a201d1"},"headline":"Comando da Pol\u00edcia Militar recebe voto de aplauso do Tribunal Regional Eleitoral da Para\u00edba","datePublished":"2020-04-14T01:26:22+00:00","dateModified":"2020-04-15T18:07:06+00:00","mainEntityOfPage":{"@id":"https:\/\/www.pm.pb.gov.br\/portal\/2020\/04\/13\/comando-da-policia-militar-recebe-voto-de-aplauso-do-tribunal-regional-eleitoral-da-paraiba\/"},"wordCount":259,"publisher":{"@id":"https:\/\/www.pm.pb.gov.br\/portal\/#organization"},"articleSection":["Homenagens"],"inLanguage":"pt-BR"},{"@type":"WebPage","@id":"https:\/\/www.pm.pb.gov.br\/portal\/2020\/04\/13\/comando-da-policia-militar-recebe-voto-de-aplauso-do-tribunal-regional-eleitoral-da-paraiba\/","url":"https:\/\/www.pm.pb.gov.br\/portal\/2020\/04\/13\/comando-da-policia-militar-recebe-voto-de-aplauso-do-tribunal-regional-eleitoral-da-paraiba\/","name":"Comando da Pol\u00edcia Militar recebe voto de aplauso do Tribunal Regional Eleitoral da Para\u00edba - Pol\u00edcia Militar da Para\u00edba","isPartOf":{"@id":"https:\/\/www.pm.pb.gov.br\/portal\/#website"},"datePublished":"2020-04-14T01:26:22+00:00","dateModified":"2020-04-15T18:07:06+00:00","breadcrumb":{"@id":"https:\/\/www.pm.pb.gov.br\/portal\/2020\/04\/13\/comando-da-policia-militar-recebe-voto-de-aplauso-do-tribunal-regional-eleitoral-da-paraiba\/#breadcrumb"},"inLanguage":"pt-BR","potentialAction":[{"@type":"ReadAction","target":["https:\/\/www.pm.pb.gov.br\/portal\/2020\/04\/13\/comando-da-policia-militar-recebe-voto-de-aplauso-do-tribunal-regional-eleitoral-da-paraiba\/"]}]},{"@type":"BreadcrumbList","@id":"https:\/\/www.pm.pb.gov.br\/portal\/2020\/04\/13\/comando-da-policia-militar-recebe-voto-de-aplauso-do-tribunal-regional-eleitoral-da-paraiba\/#breadcrumb","itemListElement":[{"@type":"ListItem","position":1,"name":"In\u00edcio","item":"https:\/\/www.pm.pb.gov.br\/portal\/"},{"@type":"ListItem","position":2,"name":"Comando da Pol\u00edcia Militar recebe voto de aplauso do Tribunal Regional Eleitoral da Para\u00edba"}]},{"@type":"WebSite","@id":"https:\/\/www.pm.pb.gov.br\/portal\/#website","url":"https:\/\/www.pm.pb.gov.br\/portal\/","name":"Pol\u00edcia Militar da Para\u00edba","description":"","publisher":{"@id":"https:\/\/www.pm.pb.gov.br\/portal\/#organization"},"potentialAction":[{"@type":"SearchAction","target":{"@type":"EntryPoint","urlTemplate":"https:\/\/www.pm.pb.gov.br\/portal\/?s={search_term_string}"},"query-input":"required name=search_term_string"}],"inLanguage":"pt-BR"},{"@type":"Organization","@id":"https:\/\/www.pm.pb.gov.br\/portal\/#organization","name":"Pol\u00edcia Militar da Para\u00edba","url":"https:\/\/www.pm.pb.gov.br\/portal\/","logo":{"@type":"ImageObject","inLanguage":"pt-BR","@id":"https:\/\/www.pm.pb.gov.br\/portal\/#\/schema\/logo\/image\/","url":"https:\/\/www.pm.pb.gov.br\/portal\/wp-content\/uploads\/2025\/03\/cropped-logo-site-mag2-1.png","contentUrl":"https:\/\/www.pm.pb.gov.br\/portal\/wp-content\/uploads\/2025\/03\/cropped-logo-site-mag2-1.png","width":320,"height":90,"caption":"Pol\u00edcia Militar da Para\u00edba"},"image":{"@id":"https:\/\/www.pm.pb.gov.br\/portal\/#\/schema\/logo\/image\/"}},{"@type":"Person","@id":"https:\/\/www.pm.pb.gov.br\/portal\/#\/schema\/person\/b169b297b8494dea236e315ed1a201d1","name":"WAGNER HENRIQUE VARELA DA SILVA","image":{"@type":"ImageObject","inLanguage":"pt-BR","@id":"https:\/\/www.pm.pb.gov.br\/portal\/#\/schema\/person\/image\/","url":"https:\/\/secure.gravatar.com\/avatar\/e08af53176a66730df5c0706c6c31fd6?s=96&d=mm&r=g","contentUrl":"https:\/\/secure.gravatar.com\/avatar\/e08af53176a66730df5c0706c6c31fd6?s=96&d=mm&r=g","caption":"WAGNER HENRIQUE VARELA DA SILVA"},"url":"https:\/\/www.pm.pb.gov.br\/portal\/author\/varela\/"}]}},"_links":{"self":[{"href":"https:\/\/www.pm.pb.gov.br\/portal\/wp-json\/wp\/v2\/posts\/904414"}],"collection":[{"href":"https:\/\/www.pm.pb.gov.br\/portal\/wp-json\/wp\/v2\/posts"}],"about":[{"href":"https:\/\/www.pm.pb.gov.br\/portal\/wp-json\/wp\/v2\/types\/post"}],"author":[{"embeddable":true,"href":"https:\/\/www.pm.pb.gov.br\/portal\/wp-json\/wp\/v2\/users\/10"}],"replies":[{"embeddable":true,"href":"https:\/\/www.pm.pb.gov.br\/portal\/wp-json\/wp\/v2\/comments?post=904414"}],"version-history":[{"count":2,"href":"https:\/\/www.pm.pb.gov.br\/portal\/wp-json\/wp\/v2\/posts\/904414\/revisions"}],"predecessor-version":[{"id":904423,"href":"https:\/\/www.pm.pb.gov.br\/portal\/wp-json\/wp\/v2\/posts\/904414\/revisions\/904423"}],"wp:featuredmedia":[{"embeddable":true,"href":"https:\/\/www.pm.pb.gov.br\/portal\/wp-json\/wp\/v2\/media\/904422"}],"wp:attachment":[{"href":"https:\/\/www.pm.pb.gov.br\/portal\/wp-json\/wp\/v2\/media?parent=904414"}],"wp:term":[{"taxonomy":"category","embeddable":true,"href":"https:\/\/www.pm.pb.gov.br\/portal\/wp-json\/wp\/v2\/categories?post=904414"},{"taxonomy":"post_tag","embeddable":true,"href":"https:\/\/www.pm.pb.gov.br\/portal\/wp-json\/wp\/v2\/tags?post=904414"}],"curies":[{"name":"wp","href":"https:\/\/api.w.org\/{rel}","templated":true}]}}