{"id":904398,"date":"2020-04-12T10:26:34","date_gmt":"2020-04-12T13:26:34","guid":{"rendered":"http:\/\/www.pm.pb.gov.br\/portal\/?p=904398"},"modified":"2020-04-12T10:26:35","modified_gmt":"2020-04-12T13:26:35","slug":"policia-militar-persegue-e-prende-suspeito-por-porte-ilegal-de-arma-de-fogo-durante-operacao-semana-santa","status":"publish","type":"post","link":"https:\/\/www.pm.pb.gov.br\/portal\/2020\/04\/12\/policia-militar-persegue-e-prende-suspeito-por-porte-ilegal-de-arma-de-fogo-durante-operacao-semana-santa\/","title":{"rendered":"Pol\u00edcia Militar persegue e prende suspeito por porte ilegal de arma de fogo durante Opera\u00e7\u00e3o Semana Santa"},"content":{"rendered":"\n<p>Em rondas preventivas na cidade de Pilar, policiais militares da For\u00e7a T\u00e1tica do 8\u00ba Batalh\u00e3o prenderam, na noite deste s\u00e1bado (11), um homem de 26 anos pelo crime de porte ilegal de arma de fogo e por dire\u00e7\u00e3o perigosa.<\/p>\n<p>O suspeito, que transitava pelo centro da cidade em uma motocicleta, empreendeu fuga em alta velocidade ao visualizar a viatura policial. Neste momento, iniciou-se uma persegui\u00e7\u00e3o, que apenas terminou ap\u00f3s o uso de muni\u00e7\u00f5es de menor potencial ofensivo (elast\u00f4mero), momento este em que o indiv\u00edduo largou a motocicleta e dispensou um rev\u00f3lver calibre .38 com seis muni\u00e7\u00f5es intactas. O elemento ainda investiu em uma fuga a p\u00e9, mas foi alcan\u00e7ado pelos policiais, que lhe deram voz de pris\u00e3o.<\/p>\n<p>Diante dos fatos, acusado e arma de fogo foram apresentados na Delegacia de Pol\u00edcia Civil de Itabaiana, ficando \u00e0 disposi\u00e7\u00e3o do Delegado de plant\u00e3o para os procedimentos cab\u00edveis.<\/p>\n<p><strong>Opera\u00e7\u00e3o Semana Santa <\/strong>\u2013 Desde a noite de quarta-feira (08), a Pol\u00edcia Militar vem refor\u00e7ando as a\u00e7\u00f5es de seguran\u00e7a por todo estado, para prevenir crimes de roubos, arrombamentos e crimes contra a vida, bem como dar continuidade \u00e0s orienta\u00e7\u00f5es e fiscaliza\u00e7\u00f5es sobre o isolamento social que se faz necess\u00e1rio para combater o avan\u00e7o do novo coronav\u00edrus.<\/p>\n","protected":false},"excerpt":{"rendered":"<p>Em rondas preventivas na cidade de Pilar, policiais militares da For\u00e7a T\u00e1tica do 8\u00ba Batalh\u00e3o prenderam, na noite deste s\u00e1bado<\/p>\n","protected":false},"author":5,"featured_media":904399,"comment_status":"closed","ping_status":"closed","sticky":false,"template":"","format":"standard","meta":{"_exactmetrics_skip_tracking":false,"_exactmetrics_sitenote_active":false,"_exactmetrics_sitenote_note":"","_exactmetrics_sitenote_category":0,"footnotes":""},"categories":[4],"tags":[],"yoast_head":"<!-- This site is optimized with the Yoast SEO plugin v22.0 - https:\/\/yoast.com\/wordpress\/plugins\/seo\/ -->\n<title>Pol\u00edcia Militar persegue e prende suspeito por porte ilegal de arma de fogo durante Opera\u00e7\u00e3o Semana Santa - Pol\u00edcia Militar da Para\u00edba<\/title>\n<meta name=\"robots\" content=\"index, follow, max-snippet:-1, max-image-preview:large, max-video-preview:-1\" \/>\n<link rel=\"canonical\" href=\"https:\/\/www.pm.pb.gov.br\/portal\/2020\/04\/12\/policia-militar-persegue-e-prende-suspeito-por-porte-ilegal-de-arma-de-fogo-durante-operacao-semana-santa\/\" \/>\n<meta property=\"og:locale\" content=\"pt_BR\" \/>\n<meta property=\"og:type\" content=\"article\" \/>\n<meta property=\"og:title\" content=\"Pol\u00edcia Militar persegue e prende suspeito por porte ilegal de arma de fogo durante Opera\u00e7\u00e3o Semana Santa - Pol\u00edcia Militar da Para\u00edba\" \/>\n<meta property=\"og:description\" content=\"Em rondas preventivas na cidade de Pilar, policiais militares da For\u00e7a T\u00e1tica do 8\u00ba Batalh\u00e3o prenderam, na noite deste s\u00e1bado\" \/>\n<meta property=\"og:url\" content=\"https:\/\/www.pm.pb.gov.br\/portal\/2020\/04\/12\/policia-militar-persegue-e-prende-suspeito-por-porte-ilegal-de-arma-de-fogo-durante-operacao-semana-santa\/\" \/>\n<meta property=\"og:site_name\" content=\"Pol\u00edcia Militar da Para\u00edba\" \/>\n<meta property=\"article:published_time\" content=\"2020-04-12T13:26:34+00:00\" \/>\n<meta property=\"article:modified_time\" content=\"2020-04-12T13:26:35+00:00\" \/>\n<meta property=\"og:image\" content=\"https:\/\/www.pm.pb.gov.br\/portal\/wp-content\/uploads\/2020\/04\/WhatsApp-Image-2020-04-12-at-10.15.07.jpeg\" \/>\n\t<meta property=\"og:image:width\" content=\"1280\" \/>\n\t<meta property=\"og:image:height\" content=\"720\" \/>\n\t<meta property=\"og:image:type\" content=\"image\/jpeg\" \/>\n<meta name=\"author\" content=\"Assessoria de Imprensa da PMPB\" \/>\n<meta name=\"twitter:card\" content=\"summary_large_image\" \/>\n<meta name=\"twitter:label1\" content=\"Escrito por\" \/>\n\t<meta name=\"twitter:data1\" content=\"Assessoria de Imprensa da PMPB\" \/>\n\t<meta name=\"twitter:label2\" content=\"Est. tempo de leitura\" \/>\n\t<meta name=\"twitter:data2\" content=\"1 minuto\" \/>\n<script type=\"application\/ld+json\" class=\"yoast-schema-graph\">{\"@context\":\"https:\/\/schema.org\",\"@graph\":[{\"@type\":\"Article\",\"@id\":\"https:\/\/www.pm.pb.gov.br\/portal\/2020\/04\/12\/policia-militar-persegue-e-prende-suspeito-por-porte-ilegal-de-arma-de-fogo-durante-operacao-semana-santa\/#article\",\"isPartOf\":{\"@id\":\"https:\/\/www.pm.pb.gov.br\/portal\/2020\/04\/12\/policia-militar-persegue-e-prende-suspeito-por-porte-ilegal-de-arma-de-fogo-durante-operacao-semana-santa\/\"},\"author\":{\"name\":\"Assessoria de Imprensa da PMPB\",\"@id\":\"https:\/\/www.pm.pb.gov.br\/portal\/#\/schema\/person\/e8454f46651c3ecf0e1ba3c1666d9947\"},\"headline\":\"Pol\u00edcia Militar persegue e prende suspeito por porte ilegal de arma de fogo durante Opera\u00e7\u00e3o Semana Santa\",\"datePublished\":\"2020-04-12T13:26:34+00:00\",\"dateModified\":\"2020-04-12T13:26:35+00:00\",\"mainEntityOfPage\":{\"@id\":\"https:\/\/www.pm.pb.gov.br\/portal\/2020\/04\/12\/policia-militar-persegue-e-prende-suspeito-por-porte-ilegal-de-arma-de-fogo-durante-operacao-semana-santa\/\"},\"wordCount\":241,\"publisher\":{\"@id\":\"https:\/\/www.pm.pb.gov.br\/portal\/#organization\"},\"articleSection\":[\"A\u00e7\u00f5es Policiais\"],\"inLanguage\":\"pt-BR\"},{\"@type\":\"WebPage\",\"@id\":\"https:\/\/www.pm.pb.gov.br\/portal\/2020\/04\/12\/policia-militar-persegue-e-prende-suspeito-por-porte-ilegal-de-arma-de-fogo-durante-operacao-semana-santa\/\",\"url\":\"https:\/\/www.pm.pb.gov.br\/portal\/2020\/04\/12\/policia-militar-persegue-e-prende-suspeito-por-porte-ilegal-de-arma-de-fogo-durante-operacao-semana-santa\/\",\"name\":\"Pol\u00edcia Militar persegue e prende suspeito por porte ilegal de arma de fogo durante Opera\u00e7\u00e3o Semana Santa - Pol\u00edcia Militar da Para\u00edba\",\"isPartOf\":{\"@id\":\"https:\/\/www.pm.pb.gov.br\/portal\/#website\"},\"datePublished\":\"2020-04-12T13:26:34+00:00\",\"dateModified\":\"2020-04-12T13:26:35+00:00\",\"breadcrumb\":{\"@id\":\"https:\/\/www.pm.pb.gov.br\/portal\/2020\/04\/12\/policia-militar-persegue-e-prende-suspeito-por-porte-ilegal-de-arma-de-fogo-durante-operacao-semana-santa\/#breadcrumb\"},\"inLanguage\":\"pt-BR\",\"potentialAction\":[{\"@type\":\"ReadAction\",\"target\":[\"https:\/\/www.pm.pb.gov.br\/portal\/2020\/04\/12\/policia-militar-persegue-e-prende-suspeito-por-porte-ilegal-de-arma-de-fogo-durante-operacao-semana-santa\/\"]}]},{\"@type\":\"BreadcrumbList\",\"@id\":\"https:\/\/www.pm.pb.gov.br\/portal\/2020\/04\/12\/policia-militar-persegue-e-prende-suspeito-por-porte-ilegal-de-arma-de-fogo-durante-operacao-semana-santa\/#breadcrumb\",\"itemListElement\":[{\"@type\":\"ListItem\",\"position\":1,\"name\":\"In\u00edcio\",\"item\":\"https:\/\/www.pm.pb.gov.br\/portal\/\"},{\"@type\":\"ListItem\",\"position\":2,\"name\":\"Pol\u00edcia Militar persegue e prende suspeito por porte ilegal de arma de fogo durante Opera\u00e7\u00e3o Semana Santa\"}]},{\"@type\":\"WebSite\",\"@id\":\"https:\/\/www.pm.pb.gov.br\/portal\/#website\",\"url\":\"https:\/\/www.pm.pb.gov.br\/portal\/\",\"name\":\"Pol\u00edcia Militar da Para\u00edba\",\"description\":\"\",\"publisher\":{\"@id\":\"https:\/\/www.pm.pb.gov.br\/portal\/#organization\"},\"potentialAction\":[{\"@type\":\"SearchAction\",\"target\":{\"@type\":\"EntryPoint\",\"urlTemplate\":\"https:\/\/www.pm.pb.gov.br\/portal\/?s={search_term_string}\"},\"query-input\":\"required name=search_term_string\"}],\"inLanguage\":\"pt-BR\"},{\"@type\":\"Organization\",\"@id\":\"https:\/\/www.pm.pb.gov.br\/portal\/#organization\",\"name\":\"Pol\u00edcia Militar da Para\u00edba\",\"url\":\"https:\/\/www.pm.pb.gov.br\/portal\/\",\"logo\":{\"@type\":\"ImageObject\",\"inLanguage\":\"pt-BR\",\"@id\":\"https:\/\/www.pm.pb.gov.br\/portal\/#\/schema\/logo\/image\/\",\"url\":\"https:\/\/www.pm.pb.gov.br\/portal\/wp-content\/uploads\/2025\/03\/cropped-logo-site-mag2-1.png\",\"contentUrl\":\"https:\/\/www.pm.pb.gov.br\/portal\/wp-content\/uploads\/2025\/03\/cropped-logo-site-mag2-1.png\",\"width\":320,\"height\":90,\"caption\":\"Pol\u00edcia Militar da Para\u00edba\"},\"image\":{\"@id\":\"https:\/\/www.pm.pb.gov.br\/portal\/#\/schema\/logo\/image\/\"}},{\"@type\":\"Person\",\"@id\":\"https:\/\/www.pm.pb.gov.br\/portal\/#\/schema\/person\/e8454f46651c3ecf0e1ba3c1666d9947\",\"name\":\"Assessoria de Imprensa da PMPB\",\"image\":{\"@type\":\"ImageObject\",\"inLanguage\":\"pt-BR\",\"@id\":\"https:\/\/www.pm.pb.gov.br\/portal\/#\/schema\/person\/image\/\",\"url\":\"https:\/\/secure.gravatar.com\/avatar\/2efe197438265d1e90bd98c4c8e1acf8?s=96&d=mm&r=g\",\"contentUrl\":\"https:\/\/secure.gravatar.com\/avatar\/2efe197438265d1e90bd98c4c8e1acf8?s=96&d=mm&r=g\",\"caption\":\"Assessoria de Imprensa da PMPB\"},\"url\":\"https:\/\/www.pm.pb.gov.br\/portal\/author\/assessoria\/\"}]}<\/script>\n<!-- \/ Yoast SEO plugin. -->","yoast_head_json":{"title":"Pol\u00edcia Militar persegue e prende suspeito por porte ilegal de arma de fogo durante Opera\u00e7\u00e3o Semana Santa - Pol\u00edcia Militar da Para\u00edba","robots":{"index":"index","follow":"follow","max-snippet":"max-snippet:-1","max-image-preview":"max-image-preview:large","max-video-preview":"max-video-preview:-1"},"canonical":"https:\/\/www.pm.pb.gov.br\/portal\/2020\/04\/12\/policia-militar-persegue-e-prende-suspeito-por-porte-ilegal-de-arma-de-fogo-durante-operacao-semana-santa\/","og_locale":"pt_BR","og_type":"article","og_title":"Pol\u00edcia Militar persegue e prende suspeito por porte ilegal de arma de fogo durante Opera\u00e7\u00e3o Semana Santa - Pol\u00edcia Militar da Para\u00edba","og_description":"Em rondas preventivas na cidade de Pilar, policiais militares da For\u00e7a T\u00e1tica do 8\u00ba Batalh\u00e3o prenderam, na noite deste s\u00e1bado","og_url":"https:\/\/www.pm.pb.gov.br\/portal\/2020\/04\/12\/policia-militar-persegue-e-prende-suspeito-por-porte-ilegal-de-arma-de-fogo-durante-operacao-semana-santa\/","og_site_name":"Pol\u00edcia Militar da Para\u00edba","article_published_time":"2020-04-12T13:26:34+00:00","article_modified_time":"2020-04-12T13:26:35+00:00","og_image":[{"width":1280,"height":720,"url":"https:\/\/www.pm.pb.gov.br\/portal\/wp-content\/uploads\/2020\/04\/WhatsApp-Image-2020-04-12-at-10.15.07.jpeg","type":"image\/jpeg"}],"author":"Assessoria de Imprensa da PMPB","twitter_card":"summary_large_image","twitter_misc":{"Escrito por":"Assessoria de Imprensa da PMPB","Est. tempo de leitura":"1 minuto"},"schema":{"@context":"https:\/\/schema.org","@graph":[{"@type":"Article","@id":"https:\/\/www.pm.pb.gov.br\/portal\/2020\/04\/12\/policia-militar-persegue-e-prende-suspeito-por-porte-ilegal-de-arma-de-fogo-durante-operacao-semana-santa\/#article","isPartOf":{"@id":"https:\/\/www.pm.pb.gov.br\/portal\/2020\/04\/12\/policia-militar-persegue-e-prende-suspeito-por-porte-ilegal-de-arma-de-fogo-durante-operacao-semana-santa\/"},"author":{"name":"Assessoria de Imprensa da PMPB","@id":"https:\/\/www.pm.pb.gov.br\/portal\/#\/schema\/person\/e8454f46651c3ecf0e1ba3c1666d9947"},"headline":"Pol\u00edcia Militar persegue e prende suspeito por porte ilegal de arma de fogo durante Opera\u00e7\u00e3o Semana Santa","datePublished":"2020-04-12T13:26:34+00:00","dateModified":"2020-04-12T13:26:35+00:00","mainEntityOfPage":{"@id":"https:\/\/www.pm.pb.gov.br\/portal\/2020\/04\/12\/policia-militar-persegue-e-prende-suspeito-por-porte-ilegal-de-arma-de-fogo-durante-operacao-semana-santa\/"},"wordCount":241,"publisher":{"@id":"https:\/\/www.pm.pb.gov.br\/portal\/#organization"},"articleSection":["A\u00e7\u00f5es Policiais"],"inLanguage":"pt-BR"},{"@type":"WebPage","@id":"https:\/\/www.pm.pb.gov.br\/portal\/2020\/04\/12\/policia-militar-persegue-e-prende-suspeito-por-porte-ilegal-de-arma-de-fogo-durante-operacao-semana-santa\/","url":"https:\/\/www.pm.pb.gov.br\/portal\/2020\/04\/12\/policia-militar-persegue-e-prende-suspeito-por-porte-ilegal-de-arma-de-fogo-durante-operacao-semana-santa\/","name":"Pol\u00edcia Militar persegue e prende suspeito por porte ilegal de arma de fogo durante Opera\u00e7\u00e3o Semana Santa - Pol\u00edcia Militar da Para\u00edba","isPartOf":{"@id":"https:\/\/www.pm.pb.gov.br\/portal\/#website"},"datePublished":"2020-04-12T13:26:34+00:00","dateModified":"2020-04-12T13:26:35+00:00","breadcrumb":{"@id":"https:\/\/www.pm.pb.gov.br\/portal\/2020\/04\/12\/policia-militar-persegue-e-prende-suspeito-por-porte-ilegal-de-arma-de-fogo-durante-operacao-semana-santa\/#breadcrumb"},"inLanguage":"pt-BR","potentialAction":[{"@type":"ReadAction","target":["https:\/\/www.pm.pb.gov.br\/portal\/2020\/04\/12\/policia-militar-persegue-e-prende-suspeito-por-porte-ilegal-de-arma-de-fogo-durante-operacao-semana-santa\/"]}]},{"@type":"BreadcrumbList","@id":"https:\/\/www.pm.pb.gov.br\/portal\/2020\/04\/12\/policia-militar-persegue-e-prende-suspeito-por-porte-ilegal-de-arma-de-fogo-durante-operacao-semana-santa\/#breadcrumb","itemListElement":[{"@type":"ListItem","position":1,"name":"In\u00edcio","item":"https:\/\/www.pm.pb.gov.br\/portal\/"},{"@type":"ListItem","position":2,"name":"Pol\u00edcia Militar persegue e prende suspeito por porte ilegal de arma de fogo durante Opera\u00e7\u00e3o Semana Santa"}]},{"@type":"WebSite","@id":"https:\/\/www.pm.pb.gov.br\/portal\/#website","url":"https:\/\/www.pm.pb.gov.br\/portal\/","name":"Pol\u00edcia Militar da Para\u00edba","description":"","publisher":{"@id":"https:\/\/www.pm.pb.gov.br\/portal\/#organization"},"potentialAction":[{"@type":"SearchAction","target":{"@type":"EntryPoint","urlTemplate":"https:\/\/www.pm.pb.gov.br\/portal\/?s={search_term_string}"},"query-input":"required name=search_term_string"}],"inLanguage":"pt-BR"},{"@type":"Organization","@id":"https:\/\/www.pm.pb.gov.br\/portal\/#organization","name":"Pol\u00edcia Militar da Para\u00edba","url":"https:\/\/www.pm.pb.gov.br\/portal\/","logo":{"@type":"ImageObject","inLanguage":"pt-BR","@id":"https:\/\/www.pm.pb.gov.br\/portal\/#\/schema\/logo\/image\/","url":"https:\/\/www.pm.pb.gov.br\/portal\/wp-content\/uploads\/2025\/03\/cropped-logo-site-mag2-1.png","contentUrl":"https:\/\/www.pm.pb.gov.br\/portal\/wp-content\/uploads\/2025\/03\/cropped-logo-site-mag2-1.png","width":320,"height":90,"caption":"Pol\u00edcia Militar da Para\u00edba"},"image":{"@id":"https:\/\/www.pm.pb.gov.br\/portal\/#\/schema\/logo\/image\/"}},{"@type":"Person","@id":"https:\/\/www.pm.pb.gov.br\/portal\/#\/schema\/person\/e8454f46651c3ecf0e1ba3c1666d9947","name":"Assessoria de Imprensa da PMPB","image":{"@type":"ImageObject","inLanguage":"pt-BR","@id":"https:\/\/www.pm.pb.gov.br\/portal\/#\/schema\/person\/image\/","url":"https:\/\/secure.gravatar.com\/avatar\/2efe197438265d1e90bd98c4c8e1acf8?s=96&d=mm&r=g","contentUrl":"https:\/\/secure.gravatar.com\/avatar\/2efe197438265d1e90bd98c4c8e1acf8?s=96&d=mm&r=g","caption":"Assessoria de Imprensa da PMPB"},"url":"https:\/\/www.pm.pb.gov.br\/portal\/author\/assessoria\/"}]}},"_links":{"self":[{"href":"https:\/\/www.pm.pb.gov.br\/portal\/wp-json\/wp\/v2\/posts\/904398"}],"collection":[{"href":"https:\/\/www.pm.pb.gov.br\/portal\/wp-json\/wp\/v2\/posts"}],"about":[{"href":"https:\/\/www.pm.pb.gov.br\/portal\/wp-json\/wp\/v2\/types\/post"}],"author":[{"embeddable":true,"href":"https:\/\/www.pm.pb.gov.br\/portal\/wp-json\/wp\/v2\/users\/5"}],"replies":[{"embeddable":true,"href":"https:\/\/www.pm.pb.gov.br\/portal\/wp-json\/wp\/v2\/comments?post=904398"}],"version-history":[{"count":2,"href":"https:\/\/www.pm.pb.gov.br\/portal\/wp-json\/wp\/v2\/posts\/904398\/revisions"}],"predecessor-version":[{"id":904401,"href":"https:\/\/www.pm.pb.gov.br\/portal\/wp-json\/wp\/v2\/posts\/904398\/revisions\/904401"}],"wp:featuredmedia":[{"embeddable":true,"href":"https:\/\/www.pm.pb.gov.br\/portal\/wp-json\/wp\/v2\/media\/904399"}],"wp:attachment":[{"href":"https:\/\/www.pm.pb.gov.br\/portal\/wp-json\/wp\/v2\/media?parent=904398"}],"wp:term":[{"taxonomy":"category","embeddable":true,"href":"https:\/\/www.pm.pb.gov.br\/portal\/wp-json\/wp\/v2\/categories?post=904398"},{"taxonomy":"post_tag","embeddable":true,"href":"https:\/\/www.pm.pb.gov.br\/portal\/wp-json\/wp\/v2\/tags?post=904398"}],"curies":[{"name":"wp","href":"https:\/\/api.w.org\/{rel}","templated":true}]}}