{"id":904395,"date":"2020-04-11T13:05:26","date_gmt":"2020-04-11T16:05:26","guid":{"rendered":"http:\/\/www.pm.pb.gov.br\/portal\/?p=904395"},"modified":"2020-04-11T13:05:28","modified_gmt":"2020-04-11T16:05:28","slug":"na-regiao-metropolitana-da-capital-policia-militar-prende-suspeito-de-tentativa-de-homicidio-e-apreende-arma-de-fogo","status":"publish","type":"post","link":"https:\/\/www.pm.pb.gov.br\/portal\/2020\/04\/11\/na-regiao-metropolitana-da-capital-policia-militar-prende-suspeito-de-tentativa-de-homicidio-e-apreende-arma-de-fogo\/","title":{"rendered":"Na regi\u00e3o metropolitana da capital, Pol\u00edcia Militar prende suspeito de tentativa de homic\u00eddio e apreende arma de fogo"},"content":{"rendered":"\n<p>Policiais militares prenderam, no in\u00edcio da noite desta sexta-feira (10), um homem de 23 anos, suspeito de envolvimento em tentativa de homic\u00eddio ocorrida na comunidade da \u201cBica\u201d, em V\u00e1rzea Nova, Santa Rita.<\/p>\n<p>Ap\u00f3s informa\u00e7\u00f5es de que um cidad\u00e3o teria sido v\u00edtima de disparos de arma de fogo naquela localidade, policiais do 7\u00ba Batalh\u00e3o deram in\u00edcio \u00e0s dilig\u00eancias e, em rondas na comunidade de Santo Amaro, avistaram dois indiv\u00edduos que, ao perceberem a presen\u00e7a da guarni\u00e7\u00e3o, empreenderam fuga pulando os muros das resid\u00eancias pr\u00f3ximas. Os policiais conseguiram capturar um dos elementos, que foi identificado como um dos autores do delito, de acordo com as informa\u00e7\u00f5es repassadas anteriormente aos militares.<\/p>\n<p>Em ato seguinte, foi realizada uma busca pessoal no acusado e uma varredura no local onde se deu a abordagem, sendo encontrada uma espingarda calibre 20 com uma muni\u00e7\u00e3o intacta.<\/p>\n<p>Acusado e armamento foram conduzidos \u00e0 Central de Flagrantes, onde est\u00e3o \u00e0 disposi\u00e7\u00e3o da Justi\u00e7a para esclarecimento da real motiva\u00e7\u00e3o do crime.<\/p>\n","protected":false},"excerpt":{"rendered":"<p>Policiais militares prenderam, no in\u00edcio da noite desta sexta-feira (10), um homem de 23 anos, suspeito de envolvimento em tentativa<\/p>\n","protected":false},"author":5,"featured_media":904396,"comment_status":"closed","ping_status":"closed","sticky":false,"template":"","format":"standard","meta":{"_exactmetrics_skip_tracking":false,"_exactmetrics_sitenote_active":false,"_exactmetrics_sitenote_note":"","_exactmetrics_sitenote_category":0,"footnotes":""},"categories":[4],"tags":[],"yoast_head":"<!-- This site is optimized with the Yoast SEO plugin v22.0 - https:\/\/yoast.com\/wordpress\/plugins\/seo\/ -->\n<title>Na regi\u00e3o metropolitana da capital, Pol\u00edcia Militar prende suspeito de tentativa de homic\u00eddio e apreende arma de fogo - Pol\u00edcia Militar da Para\u00edba<\/title>\n<meta name=\"robots\" content=\"index, follow, max-snippet:-1, max-image-preview:large, max-video-preview:-1\" \/>\n<link rel=\"canonical\" href=\"https:\/\/www.pm.pb.gov.br\/portal\/2020\/04\/11\/na-regiao-metropolitana-da-capital-policia-militar-prende-suspeito-de-tentativa-de-homicidio-e-apreende-arma-de-fogo\/\" \/>\n<meta property=\"og:locale\" content=\"pt_BR\" \/>\n<meta property=\"og:type\" content=\"article\" \/>\n<meta property=\"og:title\" content=\"Na regi\u00e3o metropolitana da capital, Pol\u00edcia Militar prende suspeito de tentativa de homic\u00eddio e apreende arma de fogo - Pol\u00edcia Militar da Para\u00edba\" \/>\n<meta property=\"og:description\" content=\"Policiais militares prenderam, no in\u00edcio da noite desta sexta-feira (10), um homem de 23 anos, suspeito de envolvimento em tentativa\" \/>\n<meta property=\"og:url\" content=\"https:\/\/www.pm.pb.gov.br\/portal\/2020\/04\/11\/na-regiao-metropolitana-da-capital-policia-militar-prende-suspeito-de-tentativa-de-homicidio-e-apreende-arma-de-fogo\/\" \/>\n<meta property=\"og:site_name\" content=\"Pol\u00edcia Militar da Para\u00edba\" \/>\n<meta property=\"article:published_time\" content=\"2020-04-11T16:05:26+00:00\" \/>\n<meta property=\"article:modified_time\" content=\"2020-04-11T16:05:28+00:00\" \/>\n<meta property=\"og:image\" content=\"https:\/\/www.pm.pb.gov.br\/portal\/wp-content\/uploads\/2020\/04\/tam-ok.jpg\" \/>\n\t<meta property=\"og:image:width\" content=\"1280\" \/>\n\t<meta property=\"og:image:height\" content=\"759\" \/>\n\t<meta property=\"og:image:type\" content=\"image\/jpeg\" \/>\n<meta name=\"author\" content=\"Assessoria de Imprensa da PMPB\" \/>\n<meta name=\"twitter:card\" content=\"summary_large_image\" \/>\n<meta name=\"twitter:label1\" content=\"Escrito por\" \/>\n\t<meta name=\"twitter:data1\" content=\"Assessoria de Imprensa da PMPB\" \/>\n\t<meta name=\"twitter:label2\" content=\"Est. tempo de leitura\" \/>\n\t<meta name=\"twitter:data2\" content=\"1 minuto\" \/>\n<script type=\"application\/ld+json\" class=\"yoast-schema-graph\">{\"@context\":\"https:\/\/schema.org\",\"@graph\":[{\"@type\":\"Article\",\"@id\":\"https:\/\/www.pm.pb.gov.br\/portal\/2020\/04\/11\/na-regiao-metropolitana-da-capital-policia-militar-prende-suspeito-de-tentativa-de-homicidio-e-apreende-arma-de-fogo\/#article\",\"isPartOf\":{\"@id\":\"https:\/\/www.pm.pb.gov.br\/portal\/2020\/04\/11\/na-regiao-metropolitana-da-capital-policia-militar-prende-suspeito-de-tentativa-de-homicidio-e-apreende-arma-de-fogo\/\"},\"author\":{\"name\":\"Assessoria de Imprensa da PMPB\",\"@id\":\"https:\/\/www.pm.pb.gov.br\/portal\/#\/schema\/person\/e8454f46651c3ecf0e1ba3c1666d9947\"},\"headline\":\"Na regi\u00e3o metropolitana da capital, Pol\u00edcia Militar prende suspeito de tentativa de homic\u00eddio e apreende arma de fogo\",\"datePublished\":\"2020-04-11T16:05:26+00:00\",\"dateModified\":\"2020-04-11T16:05:28+00:00\",\"mainEntityOfPage\":{\"@id\":\"https:\/\/www.pm.pb.gov.br\/portal\/2020\/04\/11\/na-regiao-metropolitana-da-capital-policia-militar-prende-suspeito-de-tentativa-de-homicidio-e-apreende-arma-de-fogo\/\"},\"wordCount\":196,\"publisher\":{\"@id\":\"https:\/\/www.pm.pb.gov.br\/portal\/#organization\"},\"articleSection\":[\"A\u00e7\u00f5es Policiais\"],\"inLanguage\":\"pt-BR\"},{\"@type\":\"WebPage\",\"@id\":\"https:\/\/www.pm.pb.gov.br\/portal\/2020\/04\/11\/na-regiao-metropolitana-da-capital-policia-militar-prende-suspeito-de-tentativa-de-homicidio-e-apreende-arma-de-fogo\/\",\"url\":\"https:\/\/www.pm.pb.gov.br\/portal\/2020\/04\/11\/na-regiao-metropolitana-da-capital-policia-militar-prende-suspeito-de-tentativa-de-homicidio-e-apreende-arma-de-fogo\/\",\"name\":\"Na regi\u00e3o metropolitana da capital, Pol\u00edcia Militar prende suspeito de tentativa de homic\u00eddio e apreende arma de fogo - Pol\u00edcia Militar da Para\u00edba\",\"isPartOf\":{\"@id\":\"https:\/\/www.pm.pb.gov.br\/portal\/#website\"},\"datePublished\":\"2020-04-11T16:05:26+00:00\",\"dateModified\":\"2020-04-11T16:05:28+00:00\",\"breadcrumb\":{\"@id\":\"https:\/\/www.pm.pb.gov.br\/portal\/2020\/04\/11\/na-regiao-metropolitana-da-capital-policia-militar-prende-suspeito-de-tentativa-de-homicidio-e-apreende-arma-de-fogo\/#breadcrumb\"},\"inLanguage\":\"pt-BR\",\"potentialAction\":[{\"@type\":\"ReadAction\",\"target\":[\"https:\/\/www.pm.pb.gov.br\/portal\/2020\/04\/11\/na-regiao-metropolitana-da-capital-policia-militar-prende-suspeito-de-tentativa-de-homicidio-e-apreende-arma-de-fogo\/\"]}]},{\"@type\":\"BreadcrumbList\",\"@id\":\"https:\/\/www.pm.pb.gov.br\/portal\/2020\/04\/11\/na-regiao-metropolitana-da-capital-policia-militar-prende-suspeito-de-tentativa-de-homicidio-e-apreende-arma-de-fogo\/#breadcrumb\",\"itemListElement\":[{\"@type\":\"ListItem\",\"position\":1,\"name\":\"In\u00edcio\",\"item\":\"https:\/\/www.pm.pb.gov.br\/portal\/\"},{\"@type\":\"ListItem\",\"position\":2,\"name\":\"Na regi\u00e3o metropolitana da capital, Pol\u00edcia Militar prende suspeito de tentativa de homic\u00eddio e apreende arma de fogo\"}]},{\"@type\":\"WebSite\",\"@id\":\"https:\/\/www.pm.pb.gov.br\/portal\/#website\",\"url\":\"https:\/\/www.pm.pb.gov.br\/portal\/\",\"name\":\"Pol\u00edcia Militar da Para\u00edba\",\"description\":\"\",\"publisher\":{\"@id\":\"https:\/\/www.pm.pb.gov.br\/portal\/#organization\"},\"potentialAction\":[{\"@type\":\"SearchAction\",\"target\":{\"@type\":\"EntryPoint\",\"urlTemplate\":\"https:\/\/www.pm.pb.gov.br\/portal\/?s={search_term_string}\"},\"query-input\":\"required name=search_term_string\"}],\"inLanguage\":\"pt-BR\"},{\"@type\":\"Organization\",\"@id\":\"https:\/\/www.pm.pb.gov.br\/portal\/#organization\",\"name\":\"Pol\u00edcia Militar da Para\u00edba\",\"url\":\"https:\/\/www.pm.pb.gov.br\/portal\/\",\"logo\":{\"@type\":\"ImageObject\",\"inLanguage\":\"pt-BR\",\"@id\":\"https:\/\/www.pm.pb.gov.br\/portal\/#\/schema\/logo\/image\/\",\"url\":\"https:\/\/www.pm.pb.gov.br\/portal\/wp-content\/uploads\/2025\/03\/cropped-logo-site-mag2-1.png\",\"contentUrl\":\"https:\/\/www.pm.pb.gov.br\/portal\/wp-content\/uploads\/2025\/03\/cropped-logo-site-mag2-1.png\",\"width\":320,\"height\":90,\"caption\":\"Pol\u00edcia Militar da Para\u00edba\"},\"image\":{\"@id\":\"https:\/\/www.pm.pb.gov.br\/portal\/#\/schema\/logo\/image\/\"}},{\"@type\":\"Person\",\"@id\":\"https:\/\/www.pm.pb.gov.br\/portal\/#\/schema\/person\/e8454f46651c3ecf0e1ba3c1666d9947\",\"name\":\"Assessoria de Imprensa da PMPB\",\"image\":{\"@type\":\"ImageObject\",\"inLanguage\":\"pt-BR\",\"@id\":\"https:\/\/www.pm.pb.gov.br\/portal\/#\/schema\/person\/image\/\",\"url\":\"https:\/\/secure.gravatar.com\/avatar\/2efe197438265d1e90bd98c4c8e1acf8?s=96&d=mm&r=g\",\"contentUrl\":\"https:\/\/secure.gravatar.com\/avatar\/2efe197438265d1e90bd98c4c8e1acf8?s=96&d=mm&r=g\",\"caption\":\"Assessoria de Imprensa da PMPB\"},\"url\":\"https:\/\/www.pm.pb.gov.br\/portal\/author\/assessoria\/\"}]}<\/script>\n<!-- \/ Yoast SEO plugin. -->","yoast_head_json":{"title":"Na regi\u00e3o metropolitana da capital, Pol\u00edcia Militar prende suspeito de tentativa de homic\u00eddio e apreende arma de fogo - Pol\u00edcia Militar da Para\u00edba","robots":{"index":"index","follow":"follow","max-snippet":"max-snippet:-1","max-image-preview":"max-image-preview:large","max-video-preview":"max-video-preview:-1"},"canonical":"https:\/\/www.pm.pb.gov.br\/portal\/2020\/04\/11\/na-regiao-metropolitana-da-capital-policia-militar-prende-suspeito-de-tentativa-de-homicidio-e-apreende-arma-de-fogo\/","og_locale":"pt_BR","og_type":"article","og_title":"Na regi\u00e3o metropolitana da capital, Pol\u00edcia Militar prende suspeito de tentativa de homic\u00eddio e apreende arma de fogo - Pol\u00edcia Militar da Para\u00edba","og_description":"Policiais militares prenderam, no in\u00edcio da noite desta sexta-feira (10), um homem de 23 anos, suspeito de envolvimento em tentativa","og_url":"https:\/\/www.pm.pb.gov.br\/portal\/2020\/04\/11\/na-regiao-metropolitana-da-capital-policia-militar-prende-suspeito-de-tentativa-de-homicidio-e-apreende-arma-de-fogo\/","og_site_name":"Pol\u00edcia Militar da Para\u00edba","article_published_time":"2020-04-11T16:05:26+00:00","article_modified_time":"2020-04-11T16:05:28+00:00","og_image":[{"width":1280,"height":759,"url":"https:\/\/www.pm.pb.gov.br\/portal\/wp-content\/uploads\/2020\/04\/tam-ok.jpg","type":"image\/jpeg"}],"author":"Assessoria de Imprensa da PMPB","twitter_card":"summary_large_image","twitter_misc":{"Escrito por":"Assessoria de Imprensa da PMPB","Est. tempo de leitura":"1 minuto"},"schema":{"@context":"https:\/\/schema.org","@graph":[{"@type":"Article","@id":"https:\/\/www.pm.pb.gov.br\/portal\/2020\/04\/11\/na-regiao-metropolitana-da-capital-policia-militar-prende-suspeito-de-tentativa-de-homicidio-e-apreende-arma-de-fogo\/#article","isPartOf":{"@id":"https:\/\/www.pm.pb.gov.br\/portal\/2020\/04\/11\/na-regiao-metropolitana-da-capital-policia-militar-prende-suspeito-de-tentativa-de-homicidio-e-apreende-arma-de-fogo\/"},"author":{"name":"Assessoria de Imprensa da PMPB","@id":"https:\/\/www.pm.pb.gov.br\/portal\/#\/schema\/person\/e8454f46651c3ecf0e1ba3c1666d9947"},"headline":"Na regi\u00e3o metropolitana da capital, Pol\u00edcia Militar prende suspeito de tentativa de homic\u00eddio e apreende arma de fogo","datePublished":"2020-04-11T16:05:26+00:00","dateModified":"2020-04-11T16:05:28+00:00","mainEntityOfPage":{"@id":"https:\/\/www.pm.pb.gov.br\/portal\/2020\/04\/11\/na-regiao-metropolitana-da-capital-policia-militar-prende-suspeito-de-tentativa-de-homicidio-e-apreende-arma-de-fogo\/"},"wordCount":196,"publisher":{"@id":"https:\/\/www.pm.pb.gov.br\/portal\/#organization"},"articleSection":["A\u00e7\u00f5es Policiais"],"inLanguage":"pt-BR"},{"@type":"WebPage","@id":"https:\/\/www.pm.pb.gov.br\/portal\/2020\/04\/11\/na-regiao-metropolitana-da-capital-policia-militar-prende-suspeito-de-tentativa-de-homicidio-e-apreende-arma-de-fogo\/","url":"https:\/\/www.pm.pb.gov.br\/portal\/2020\/04\/11\/na-regiao-metropolitana-da-capital-policia-militar-prende-suspeito-de-tentativa-de-homicidio-e-apreende-arma-de-fogo\/","name":"Na regi\u00e3o metropolitana da capital, Pol\u00edcia Militar prende suspeito de tentativa de homic\u00eddio e apreende arma de fogo - Pol\u00edcia Militar da Para\u00edba","isPartOf":{"@id":"https:\/\/www.pm.pb.gov.br\/portal\/#website"},"datePublished":"2020-04-11T16:05:26+00:00","dateModified":"2020-04-11T16:05:28+00:00","breadcrumb":{"@id":"https:\/\/www.pm.pb.gov.br\/portal\/2020\/04\/11\/na-regiao-metropolitana-da-capital-policia-militar-prende-suspeito-de-tentativa-de-homicidio-e-apreende-arma-de-fogo\/#breadcrumb"},"inLanguage":"pt-BR","potentialAction":[{"@type":"ReadAction","target":["https:\/\/www.pm.pb.gov.br\/portal\/2020\/04\/11\/na-regiao-metropolitana-da-capital-policia-militar-prende-suspeito-de-tentativa-de-homicidio-e-apreende-arma-de-fogo\/"]}]},{"@type":"BreadcrumbList","@id":"https:\/\/www.pm.pb.gov.br\/portal\/2020\/04\/11\/na-regiao-metropolitana-da-capital-policia-militar-prende-suspeito-de-tentativa-de-homicidio-e-apreende-arma-de-fogo\/#breadcrumb","itemListElement":[{"@type":"ListItem","position":1,"name":"In\u00edcio","item":"https:\/\/www.pm.pb.gov.br\/portal\/"},{"@type":"ListItem","position":2,"name":"Na regi\u00e3o metropolitana da capital, Pol\u00edcia Militar prende suspeito de tentativa de homic\u00eddio e apreende arma de fogo"}]},{"@type":"WebSite","@id":"https:\/\/www.pm.pb.gov.br\/portal\/#website","url":"https:\/\/www.pm.pb.gov.br\/portal\/","name":"Pol\u00edcia Militar da Para\u00edba","description":"","publisher":{"@id":"https:\/\/www.pm.pb.gov.br\/portal\/#organization"},"potentialAction":[{"@type":"SearchAction","target":{"@type":"EntryPoint","urlTemplate":"https:\/\/www.pm.pb.gov.br\/portal\/?s={search_term_string}"},"query-input":"required name=search_term_string"}],"inLanguage":"pt-BR"},{"@type":"Organization","@id":"https:\/\/www.pm.pb.gov.br\/portal\/#organization","name":"Pol\u00edcia Militar da Para\u00edba","url":"https:\/\/www.pm.pb.gov.br\/portal\/","logo":{"@type":"ImageObject","inLanguage":"pt-BR","@id":"https:\/\/www.pm.pb.gov.br\/portal\/#\/schema\/logo\/image\/","url":"https:\/\/www.pm.pb.gov.br\/portal\/wp-content\/uploads\/2025\/03\/cropped-logo-site-mag2-1.png","contentUrl":"https:\/\/www.pm.pb.gov.br\/portal\/wp-content\/uploads\/2025\/03\/cropped-logo-site-mag2-1.png","width":320,"height":90,"caption":"Pol\u00edcia Militar da Para\u00edba"},"image":{"@id":"https:\/\/www.pm.pb.gov.br\/portal\/#\/schema\/logo\/image\/"}},{"@type":"Person","@id":"https:\/\/www.pm.pb.gov.br\/portal\/#\/schema\/person\/e8454f46651c3ecf0e1ba3c1666d9947","name":"Assessoria de Imprensa da PMPB","image":{"@type":"ImageObject","inLanguage":"pt-BR","@id":"https:\/\/www.pm.pb.gov.br\/portal\/#\/schema\/person\/image\/","url":"https:\/\/secure.gravatar.com\/avatar\/2efe197438265d1e90bd98c4c8e1acf8?s=96&d=mm&r=g","contentUrl":"https:\/\/secure.gravatar.com\/avatar\/2efe197438265d1e90bd98c4c8e1acf8?s=96&d=mm&r=g","caption":"Assessoria de Imprensa da PMPB"},"url":"https:\/\/www.pm.pb.gov.br\/portal\/author\/assessoria\/"}]}},"_links":{"self":[{"href":"https:\/\/www.pm.pb.gov.br\/portal\/wp-json\/wp\/v2\/posts\/904395"}],"collection":[{"href":"https:\/\/www.pm.pb.gov.br\/portal\/wp-json\/wp\/v2\/posts"}],"about":[{"href":"https:\/\/www.pm.pb.gov.br\/portal\/wp-json\/wp\/v2\/types\/post"}],"author":[{"embeddable":true,"href":"https:\/\/www.pm.pb.gov.br\/portal\/wp-json\/wp\/v2\/users\/5"}],"replies":[{"embeddable":true,"href":"https:\/\/www.pm.pb.gov.br\/portal\/wp-json\/wp\/v2\/comments?post=904395"}],"version-history":[{"count":1,"href":"https:\/\/www.pm.pb.gov.br\/portal\/wp-json\/wp\/v2\/posts\/904395\/revisions"}],"predecessor-version":[{"id":904397,"href":"https:\/\/www.pm.pb.gov.br\/portal\/wp-json\/wp\/v2\/posts\/904395\/revisions\/904397"}],"wp:featuredmedia":[{"embeddable":true,"href":"https:\/\/www.pm.pb.gov.br\/portal\/wp-json\/wp\/v2\/media\/904396"}],"wp:attachment":[{"href":"https:\/\/www.pm.pb.gov.br\/portal\/wp-json\/wp\/v2\/media?parent=904395"}],"wp:term":[{"taxonomy":"category","embeddable":true,"href":"https:\/\/www.pm.pb.gov.br\/portal\/wp-json\/wp\/v2\/categories?post=904395"},{"taxonomy":"post_tag","embeddable":true,"href":"https:\/\/www.pm.pb.gov.br\/portal\/wp-json\/wp\/v2\/tags?post=904395"}],"curies":[{"name":"wp","href":"https:\/\/api.w.org\/{rel}","templated":true}]}}