{"id":904389,"date":"2020-04-11T09:46:18","date_gmt":"2020-04-11T12:46:18","guid":{"rendered":"http:\/\/www.pm.pb.gov.br\/portal\/?p=904389"},"modified":"2020-04-11T10:13:41","modified_gmt":"2020-04-11T13:13:41","slug":"gate-da-policia-militar-intervem-e-salva-vida-de-homem-durante-surto-na-capital","status":"publish","type":"post","link":"https:\/\/www.pm.pb.gov.br\/portal\/2020\/04\/11\/gate-da-policia-militar-intervem-e-salva-vida-de-homem-durante-surto-na-capital\/","title":{"rendered":"GATE da Pol\u00edcia Militar interv\u00e9m e salva vida de homem durante surto na capital"},"content":{"rendered":"\n<p>Vida salva. Foi esse o resultado de uma a\u00e7\u00e3o do Grupamento de A\u00e7\u00f5es T\u00e1ticas Especiais (GATE), do Batalh\u00e3o de Opera\u00e7\u00f5es Especiais da Pol\u00edcia Militar da Para\u00edba, no fim da noite dessa \u00faltima sexta-feira (10), em Jo\u00e3o Pessoa. A a\u00e7\u00e3o impediu um homem de tirar sua pr\u00f3pria vida, durante um surto psic\u00f3tico no apartamento da fam\u00edlia, no bairro de Tamba\u00fa.<\/p>\n<p>A ocorr\u00eancia, que come\u00e7ou por volta das 18h30, aconteceu ap\u00f3s o causador da crise, um homem de 31 anos de idade, surtar, amea\u00e7ando familiares, e alegando que iria se matar. \u201cOs policiais da Companhia Especializada em Apoio ao Turista (CEATur) e o Corpo de Bombeiros realizaram os primeiros procedimentos no local, fazendo um cerco, e colhendo informa\u00e7\u00f5es sobre o perfil do homem causador do evento cr\u00edtico\u201d, explicou o tenente F. Alexandre, que esteve \u00e0 frente da a\u00e7\u00e3o do GATE, unidade de elite da PM, respons\u00e1vel por atender ocorr\u00eancias de alta complexidade.<\/p>\n<p>Com a chegada do GATE, foi iniciada a negocia\u00e7\u00e3o, que durou cerca de duas horas e visava a rendi\u00e7\u00e3o e o encaminhamento do homem para o atendimento m\u00e9dico. \u201cEm todo momento, o causador do evento cr\u00edtico era agressivo e estava muito agitado. Ele j\u00e1 havia quebrado v\u00e1rios objetos no local, impedia nossa entrada, e amea\u00e7ava sua pr\u00f3pria vida, tanto com uma faca ou alegando que iria pular do apartamento\u201d, relatou o oficial. Segundo os policiais, os familiares do homem disseram que ele usava tanto drogas il\u00edcitas quanto rem\u00e9dios controlados, e que surtava frequentemente.<\/p>\n<p>Durante a negocia\u00e7\u00e3o, o causador em surto ainda colocou fogo em um pano e arremessou contra o time t\u00e1tico do GATE. Logo ap\u00f3s isso, e devido \u00e0 instabilidade e agressividade do homem, o GATE decidiu pela interven\u00e7\u00e3o t\u00e1tica. O causador da crise foi contido e imobilizado pelos policiais, que utilizaram o dispositivo de condu\u00e7\u00e3o el\u00e9trica e a muni\u00e7\u00e3o de elast\u00f4mero, instrumentos de menor potencial ofensivo. Ap\u00f3s a a\u00e7\u00e3o, o homem foi encaminhado para o atendimento m\u00e9dico, seguindo para o Hospital de Emerg\u00eancia e Trauma.<\/p>\n<p>A Pol\u00edcia Militar repassou as informa\u00e7\u00f5es referentes ao caso para a Pol\u00edcia Civil, para as devidas apura\u00e7\u00f5es.<\/p>\n","protected":false},"excerpt":{"rendered":"<p>Vida salva. Foi esse o resultado de uma a\u00e7\u00e3o do Grupamento de A\u00e7\u00f5es T\u00e1ticas Especiais (GATE), do Batalh\u00e3o de Opera\u00e7\u00f5es<\/p>\n","protected":false},"author":5,"featured_media":904392,"comment_status":"closed","ping_status":"closed","sticky":false,"template":"","format":"standard","meta":{"_exactmetrics_skip_tracking":false,"_exactmetrics_sitenote_active":false,"_exactmetrics_sitenote_note":"","_exactmetrics_sitenote_category":0,"footnotes":""},"categories":[4],"tags":[],"yoast_head":"<!-- This site is optimized with the Yoast SEO plugin v22.0 - https:\/\/yoast.com\/wordpress\/plugins\/seo\/ -->\n<title>GATE da Pol\u00edcia Militar interv\u00e9m e salva vida de homem durante surto na capital - Pol\u00edcia Militar da Para\u00edba<\/title>\n<meta name=\"robots\" content=\"index, follow, max-snippet:-1, max-image-preview:large, max-video-preview:-1\" \/>\n<link rel=\"canonical\" href=\"https:\/\/www.pm.pb.gov.br\/portal\/2020\/04\/11\/gate-da-policia-militar-intervem-e-salva-vida-de-homem-durante-surto-na-capital\/\" \/>\n<meta property=\"og:locale\" content=\"pt_BR\" \/>\n<meta property=\"og:type\" content=\"article\" \/>\n<meta property=\"og:title\" content=\"GATE da Pol\u00edcia Militar interv\u00e9m e salva vida de homem durante surto na capital - Pol\u00edcia Militar da Para\u00edba\" \/>\n<meta property=\"og:description\" content=\"Vida salva. Foi esse o resultado de uma a\u00e7\u00e3o do Grupamento de A\u00e7\u00f5es T\u00e1ticas Especiais (GATE), do Batalh\u00e3o de Opera\u00e7\u00f5es\" \/>\n<meta property=\"og:url\" content=\"https:\/\/www.pm.pb.gov.br\/portal\/2020\/04\/11\/gate-da-policia-militar-intervem-e-salva-vida-de-homem-durante-surto-na-capital\/\" \/>\n<meta property=\"og:site_name\" content=\"Pol\u00edcia Militar da Para\u00edba\" \/>\n<meta property=\"article:published_time\" content=\"2020-04-11T12:46:18+00:00\" \/>\n<meta property=\"article:modified_time\" content=\"2020-04-11T13:13:41+00:00\" \/>\n<meta property=\"og:image\" content=\"https:\/\/www.pm.pb.gov.br\/portal\/wp-content\/uploads\/2020\/04\/WhatsApp-Image-2020-04-11-at-02.38.07.jpeg\" \/>\n\t<meta property=\"og:image:width\" content=\"1280\" \/>\n\t<meta property=\"og:image:height\" content=\"719\" \/>\n\t<meta property=\"og:image:type\" content=\"image\/jpeg\" \/>\n<meta name=\"author\" content=\"Assessoria de Imprensa da PMPB\" \/>\n<meta name=\"twitter:card\" content=\"summary_large_image\" \/>\n<meta name=\"twitter:label1\" content=\"Escrito por\" \/>\n\t<meta name=\"twitter:data1\" content=\"Assessoria de Imprensa da PMPB\" \/>\n\t<meta name=\"twitter:label2\" content=\"Est. tempo de leitura\" \/>\n\t<meta name=\"twitter:data2\" content=\"2 minutos\" \/>\n<script type=\"application\/ld+json\" class=\"yoast-schema-graph\">{\"@context\":\"https:\/\/schema.org\",\"@graph\":[{\"@type\":\"Article\",\"@id\":\"https:\/\/www.pm.pb.gov.br\/portal\/2020\/04\/11\/gate-da-policia-militar-intervem-e-salva-vida-de-homem-durante-surto-na-capital\/#article\",\"isPartOf\":{\"@id\":\"https:\/\/www.pm.pb.gov.br\/portal\/2020\/04\/11\/gate-da-policia-militar-intervem-e-salva-vida-de-homem-durante-surto-na-capital\/\"},\"author\":{\"name\":\"Assessoria de Imprensa da PMPB\",\"@id\":\"https:\/\/www.pm.pb.gov.br\/portal\/#\/schema\/person\/e8454f46651c3ecf0e1ba3c1666d9947\"},\"headline\":\"GATE da Pol\u00edcia Militar interv\u00e9m e salva vida de homem durante surto na capital\",\"datePublished\":\"2020-04-11T12:46:18+00:00\",\"dateModified\":\"2020-04-11T13:13:41+00:00\",\"mainEntityOfPage\":{\"@id\":\"https:\/\/www.pm.pb.gov.br\/portal\/2020\/04\/11\/gate-da-policia-militar-intervem-e-salva-vida-de-homem-durante-surto-na-capital\/\"},\"wordCount\":403,\"publisher\":{\"@id\":\"https:\/\/www.pm.pb.gov.br\/portal\/#organization\"},\"articleSection\":[\"A\u00e7\u00f5es Policiais\"],\"inLanguage\":\"pt-BR\"},{\"@type\":\"WebPage\",\"@id\":\"https:\/\/www.pm.pb.gov.br\/portal\/2020\/04\/11\/gate-da-policia-militar-intervem-e-salva-vida-de-homem-durante-surto-na-capital\/\",\"url\":\"https:\/\/www.pm.pb.gov.br\/portal\/2020\/04\/11\/gate-da-policia-militar-intervem-e-salva-vida-de-homem-durante-surto-na-capital\/\",\"name\":\"GATE da Pol\u00edcia Militar interv\u00e9m e salva vida de homem durante surto na capital - Pol\u00edcia Militar da Para\u00edba\",\"isPartOf\":{\"@id\":\"https:\/\/www.pm.pb.gov.br\/portal\/#website\"},\"datePublished\":\"2020-04-11T12:46:18+00:00\",\"dateModified\":\"2020-04-11T13:13:41+00:00\",\"breadcrumb\":{\"@id\":\"https:\/\/www.pm.pb.gov.br\/portal\/2020\/04\/11\/gate-da-policia-militar-intervem-e-salva-vida-de-homem-durante-surto-na-capital\/#breadcrumb\"},\"inLanguage\":\"pt-BR\",\"potentialAction\":[{\"@type\":\"ReadAction\",\"target\":[\"https:\/\/www.pm.pb.gov.br\/portal\/2020\/04\/11\/gate-da-policia-militar-intervem-e-salva-vida-de-homem-durante-surto-na-capital\/\"]}]},{\"@type\":\"BreadcrumbList\",\"@id\":\"https:\/\/www.pm.pb.gov.br\/portal\/2020\/04\/11\/gate-da-policia-militar-intervem-e-salva-vida-de-homem-durante-surto-na-capital\/#breadcrumb\",\"itemListElement\":[{\"@type\":\"ListItem\",\"position\":1,\"name\":\"In\u00edcio\",\"item\":\"https:\/\/www.pm.pb.gov.br\/portal\/\"},{\"@type\":\"ListItem\",\"position\":2,\"name\":\"GATE da Pol\u00edcia Militar interv\u00e9m e salva vida de homem durante surto na capital\"}]},{\"@type\":\"WebSite\",\"@id\":\"https:\/\/www.pm.pb.gov.br\/portal\/#website\",\"url\":\"https:\/\/www.pm.pb.gov.br\/portal\/\",\"name\":\"Pol\u00edcia Militar da Para\u00edba\",\"description\":\"\",\"publisher\":{\"@id\":\"https:\/\/www.pm.pb.gov.br\/portal\/#organization\"},\"potentialAction\":[{\"@type\":\"SearchAction\",\"target\":{\"@type\":\"EntryPoint\",\"urlTemplate\":\"https:\/\/www.pm.pb.gov.br\/portal\/?s={search_term_string}\"},\"query-input\":\"required name=search_term_string\"}],\"inLanguage\":\"pt-BR\"},{\"@type\":\"Organization\",\"@id\":\"https:\/\/www.pm.pb.gov.br\/portal\/#organization\",\"name\":\"Pol\u00edcia Militar da Para\u00edba\",\"url\":\"https:\/\/www.pm.pb.gov.br\/portal\/\",\"logo\":{\"@type\":\"ImageObject\",\"inLanguage\":\"pt-BR\",\"@id\":\"https:\/\/www.pm.pb.gov.br\/portal\/#\/schema\/logo\/image\/\",\"url\":\"https:\/\/www.pm.pb.gov.br\/portal\/wp-content\/uploads\/2025\/03\/cropped-logo-site-mag2-1.png\",\"contentUrl\":\"https:\/\/www.pm.pb.gov.br\/portal\/wp-content\/uploads\/2025\/03\/cropped-logo-site-mag2-1.png\",\"width\":320,\"height\":90,\"caption\":\"Pol\u00edcia Militar da Para\u00edba\"},\"image\":{\"@id\":\"https:\/\/www.pm.pb.gov.br\/portal\/#\/schema\/logo\/image\/\"}},{\"@type\":\"Person\",\"@id\":\"https:\/\/www.pm.pb.gov.br\/portal\/#\/schema\/person\/e8454f46651c3ecf0e1ba3c1666d9947\",\"name\":\"Assessoria de Imprensa da PMPB\",\"image\":{\"@type\":\"ImageObject\",\"inLanguage\":\"pt-BR\",\"@id\":\"https:\/\/www.pm.pb.gov.br\/portal\/#\/schema\/person\/image\/\",\"url\":\"https:\/\/secure.gravatar.com\/avatar\/2efe197438265d1e90bd98c4c8e1acf8?s=96&d=mm&r=g\",\"contentUrl\":\"https:\/\/secure.gravatar.com\/avatar\/2efe197438265d1e90bd98c4c8e1acf8?s=96&d=mm&r=g\",\"caption\":\"Assessoria de Imprensa da PMPB\"},\"url\":\"https:\/\/www.pm.pb.gov.br\/portal\/author\/assessoria\/\"}]}<\/script>\n<!-- \/ Yoast SEO plugin. -->","yoast_head_json":{"title":"GATE da Pol\u00edcia Militar interv\u00e9m e salva vida de homem durante surto na capital - Pol\u00edcia Militar da Para\u00edba","robots":{"index":"index","follow":"follow","max-snippet":"max-snippet:-1","max-image-preview":"max-image-preview:large","max-video-preview":"max-video-preview:-1"},"canonical":"https:\/\/www.pm.pb.gov.br\/portal\/2020\/04\/11\/gate-da-policia-militar-intervem-e-salva-vida-de-homem-durante-surto-na-capital\/","og_locale":"pt_BR","og_type":"article","og_title":"GATE da Pol\u00edcia Militar interv\u00e9m e salva vida de homem durante surto na capital - Pol\u00edcia Militar da Para\u00edba","og_description":"Vida salva. Foi esse o resultado de uma a\u00e7\u00e3o do Grupamento de A\u00e7\u00f5es T\u00e1ticas Especiais (GATE), do Batalh\u00e3o de Opera\u00e7\u00f5es","og_url":"https:\/\/www.pm.pb.gov.br\/portal\/2020\/04\/11\/gate-da-policia-militar-intervem-e-salva-vida-de-homem-durante-surto-na-capital\/","og_site_name":"Pol\u00edcia Militar da Para\u00edba","article_published_time":"2020-04-11T12:46:18+00:00","article_modified_time":"2020-04-11T13:13:41+00:00","og_image":[{"width":1280,"height":719,"url":"https:\/\/www.pm.pb.gov.br\/portal\/wp-content\/uploads\/2020\/04\/WhatsApp-Image-2020-04-11-at-02.38.07.jpeg","type":"image\/jpeg"}],"author":"Assessoria de Imprensa da PMPB","twitter_card":"summary_large_image","twitter_misc":{"Escrito por":"Assessoria de Imprensa da PMPB","Est. tempo de leitura":"2 minutos"},"schema":{"@context":"https:\/\/schema.org","@graph":[{"@type":"Article","@id":"https:\/\/www.pm.pb.gov.br\/portal\/2020\/04\/11\/gate-da-policia-militar-intervem-e-salva-vida-de-homem-durante-surto-na-capital\/#article","isPartOf":{"@id":"https:\/\/www.pm.pb.gov.br\/portal\/2020\/04\/11\/gate-da-policia-militar-intervem-e-salva-vida-de-homem-durante-surto-na-capital\/"},"author":{"name":"Assessoria de Imprensa da PMPB","@id":"https:\/\/www.pm.pb.gov.br\/portal\/#\/schema\/person\/e8454f46651c3ecf0e1ba3c1666d9947"},"headline":"GATE da Pol\u00edcia Militar interv\u00e9m e salva vida de homem durante surto na capital","datePublished":"2020-04-11T12:46:18+00:00","dateModified":"2020-04-11T13:13:41+00:00","mainEntityOfPage":{"@id":"https:\/\/www.pm.pb.gov.br\/portal\/2020\/04\/11\/gate-da-policia-militar-intervem-e-salva-vida-de-homem-durante-surto-na-capital\/"},"wordCount":403,"publisher":{"@id":"https:\/\/www.pm.pb.gov.br\/portal\/#organization"},"articleSection":["A\u00e7\u00f5es Policiais"],"inLanguage":"pt-BR"},{"@type":"WebPage","@id":"https:\/\/www.pm.pb.gov.br\/portal\/2020\/04\/11\/gate-da-policia-militar-intervem-e-salva-vida-de-homem-durante-surto-na-capital\/","url":"https:\/\/www.pm.pb.gov.br\/portal\/2020\/04\/11\/gate-da-policia-militar-intervem-e-salva-vida-de-homem-durante-surto-na-capital\/","name":"GATE da Pol\u00edcia Militar interv\u00e9m e salva vida de homem durante surto na capital - Pol\u00edcia Militar da Para\u00edba","isPartOf":{"@id":"https:\/\/www.pm.pb.gov.br\/portal\/#website"},"datePublished":"2020-04-11T12:46:18+00:00","dateModified":"2020-04-11T13:13:41+00:00","breadcrumb":{"@id":"https:\/\/www.pm.pb.gov.br\/portal\/2020\/04\/11\/gate-da-policia-militar-intervem-e-salva-vida-de-homem-durante-surto-na-capital\/#breadcrumb"},"inLanguage":"pt-BR","potentialAction":[{"@type":"ReadAction","target":["https:\/\/www.pm.pb.gov.br\/portal\/2020\/04\/11\/gate-da-policia-militar-intervem-e-salva-vida-de-homem-durante-surto-na-capital\/"]}]},{"@type":"BreadcrumbList","@id":"https:\/\/www.pm.pb.gov.br\/portal\/2020\/04\/11\/gate-da-policia-militar-intervem-e-salva-vida-de-homem-durante-surto-na-capital\/#breadcrumb","itemListElement":[{"@type":"ListItem","position":1,"name":"In\u00edcio","item":"https:\/\/www.pm.pb.gov.br\/portal\/"},{"@type":"ListItem","position":2,"name":"GATE da Pol\u00edcia Militar interv\u00e9m e salva vida de homem durante surto na capital"}]},{"@type":"WebSite","@id":"https:\/\/www.pm.pb.gov.br\/portal\/#website","url":"https:\/\/www.pm.pb.gov.br\/portal\/","name":"Pol\u00edcia Militar da Para\u00edba","description":"","publisher":{"@id":"https:\/\/www.pm.pb.gov.br\/portal\/#organization"},"potentialAction":[{"@type":"SearchAction","target":{"@type":"EntryPoint","urlTemplate":"https:\/\/www.pm.pb.gov.br\/portal\/?s={search_term_string}"},"query-input":"required name=search_term_string"}],"inLanguage":"pt-BR"},{"@type":"Organization","@id":"https:\/\/www.pm.pb.gov.br\/portal\/#organization","name":"Pol\u00edcia Militar da Para\u00edba","url":"https:\/\/www.pm.pb.gov.br\/portal\/","logo":{"@type":"ImageObject","inLanguage":"pt-BR","@id":"https:\/\/www.pm.pb.gov.br\/portal\/#\/schema\/logo\/image\/","url":"https:\/\/www.pm.pb.gov.br\/portal\/wp-content\/uploads\/2025\/03\/cropped-logo-site-mag2-1.png","contentUrl":"https:\/\/www.pm.pb.gov.br\/portal\/wp-content\/uploads\/2025\/03\/cropped-logo-site-mag2-1.png","width":320,"height":90,"caption":"Pol\u00edcia Militar da Para\u00edba"},"image":{"@id":"https:\/\/www.pm.pb.gov.br\/portal\/#\/schema\/logo\/image\/"}},{"@type":"Person","@id":"https:\/\/www.pm.pb.gov.br\/portal\/#\/schema\/person\/e8454f46651c3ecf0e1ba3c1666d9947","name":"Assessoria de Imprensa da PMPB","image":{"@type":"ImageObject","inLanguage":"pt-BR","@id":"https:\/\/www.pm.pb.gov.br\/portal\/#\/schema\/person\/image\/","url":"https:\/\/secure.gravatar.com\/avatar\/2efe197438265d1e90bd98c4c8e1acf8?s=96&d=mm&r=g","contentUrl":"https:\/\/secure.gravatar.com\/avatar\/2efe197438265d1e90bd98c4c8e1acf8?s=96&d=mm&r=g","caption":"Assessoria de Imprensa da PMPB"},"url":"https:\/\/www.pm.pb.gov.br\/portal\/author\/assessoria\/"}]}},"_links":{"self":[{"href":"https:\/\/www.pm.pb.gov.br\/portal\/wp-json\/wp\/v2\/posts\/904389"}],"collection":[{"href":"https:\/\/www.pm.pb.gov.br\/portal\/wp-json\/wp\/v2\/posts"}],"about":[{"href":"https:\/\/www.pm.pb.gov.br\/portal\/wp-json\/wp\/v2\/types\/post"}],"author":[{"embeddable":true,"href":"https:\/\/www.pm.pb.gov.br\/portal\/wp-json\/wp\/v2\/users\/5"}],"replies":[{"embeddable":true,"href":"https:\/\/www.pm.pb.gov.br\/portal\/wp-json\/wp\/v2\/comments?post=904389"}],"version-history":[{"count":4,"href":"https:\/\/www.pm.pb.gov.br\/portal\/wp-json\/wp\/v2\/posts\/904389\/revisions"}],"predecessor-version":[{"id":904394,"href":"https:\/\/www.pm.pb.gov.br\/portal\/wp-json\/wp\/v2\/posts\/904389\/revisions\/904394"}],"wp:featuredmedia":[{"embeddable":true,"href":"https:\/\/www.pm.pb.gov.br\/portal\/wp-json\/wp\/v2\/media\/904392"}],"wp:attachment":[{"href":"https:\/\/www.pm.pb.gov.br\/portal\/wp-json\/wp\/v2\/media?parent=904389"}],"wp:term":[{"taxonomy":"category","embeddable":true,"href":"https:\/\/www.pm.pb.gov.br\/portal\/wp-json\/wp\/v2\/categories?post=904389"},{"taxonomy":"post_tag","embeddable":true,"href":"https:\/\/www.pm.pb.gov.br\/portal\/wp-json\/wp\/v2\/tags?post=904389"}],"curies":[{"name":"wp","href":"https:\/\/api.w.org\/{rel}","templated":true}]}}