{"id":904380,"date":"2020-04-10T17:54:28","date_gmt":"2020-04-10T20:54:28","guid":{"rendered":"http:\/\/www.pm.pb.gov.br\/portal\/?p=904380"},"modified":"2020-04-10T17:54:30","modified_gmt":"2020-04-10T20:54:30","slug":"policia-militar-prende-quadrilha-que-aplicava-golpes-contra-aposentados-e-beneficiarios-de-programas-sociais-na-paraiba","status":"publish","type":"post","link":"https:\/\/www.pm.pb.gov.br\/portal\/2020\/04\/10\/policia-militar-prende-quadrilha-que-aplicava-golpes-contra-aposentados-e-beneficiarios-de-programas-sociais-na-paraiba\/","title":{"rendered":"Pol\u00edcia Militar prende quadrilha que aplicava golpes contra aposentados e benefici\u00e1rios de programas sociais na Para\u00edba"},"content":{"rendered":"\n<p>A Pol\u00edcia Militar desarticulou uma quadrilha que vinha aplicando golpes em aposentados e benefici\u00e1rios de programas sociais, desde o fim do m\u00eas de mar\u00e7o, em Jo\u00e3o Pessoa. Os integrantes do grupo criminoso foram presos nessa quinta-feira (9), perto da ag\u00eancia do Banco do Brasil da pra\u00e7a 1817, no centro da Capital.<\/p>\n<p><strong><img loading=\"lazy\" decoding=\"async\" class=\"alignright\" src=\"https:\/\/ci6.googleusercontent.com\/proxy\/9ULEHRaDoWEoV-u0JoG8-9gMNvjBugaDcAvHu641D3k6WFlaI0u63gDSfK89ifqFr3OyI8FY0RMskeLqk1LhHKUFc9WHZ4KSWaaiqoBnH1DTAyY_64fCrR1yzt9OKl9gdBOjwLKD9zhsDBO32qAwkvtp-VAc0B8=s0-d-e1-ft#https:\/\/mcusercontent.com\/63cd2f513d25ab116c25e0753\/images\/3073b264-9bb0-4860-adcd-80b9b6a0f689.jpeg\" width=\"375\" height=\"634\" \/><\/strong><\/p>\n<p>A pris\u00e3o foi realizada pelos policiais do 1\u00ba Batalh\u00e3o e do Batalh\u00e3o Especializado em Policiamento com Motocicletas (BPEMotos), que receberam informa\u00e7\u00f5es da presen\u00e7a de um carro suspeito perto da ag\u00eancia, foram at\u00e9 l\u00e1 e flagraram tr\u00eas integrantes do bando, sendo um de 35 anos e os outros dois de 40, cada.<\/p>\n<p>Com os suspeitos, foram apreendidos mais de R$ 20 mil, 10 maquinetas de cart\u00e3o de cr\u00e9dito, um equipamento do tipo \u2018chupa-cabra\u2019, 167 cart\u00f5es de operadoras financeiras, 55 cart\u00f5es de cr\u00e9dito em branco e dois carros.<\/p>\n<p><strong>Modo de agir<\/strong>\u00a0\u2013 Conforme informa\u00e7\u00f5es de uma das v\u00edtimas, os suspeitos apareciam nas ag\u00eancias oferecendo ajuda a quem n\u00e3o sabia manipular o caixa eletr\u00f4nico, pegava o cart\u00e3o e, sem a v\u00edtima perceber, clonava os dados. Eles alegavam que a conta estava zerada e, ap\u00f3s a v\u00edtima ir embora, retornava ao banco e realizava o saque.<br \/><br \/>Eles teriam passado toda a tarde dessa quinta-feira (9) realizando saques. Um aposentado de 74 anos, que foi v\u00edtima da quadrilha na \u00faltima segunda-feira (7) e perdeu todo o dinheiro que tinha para receber da aposentadoria, reconheceu os acusados. Os presos foram levados para a Central de Flagrantes, no Geisel, onde mais v\u00edtimas devem comparecer.<\/p>\n","protected":false},"excerpt":{"rendered":"<p>A Pol\u00edcia Militar desarticulou uma quadrilha que vinha aplicando golpes em aposentados e benefici\u00e1rios de programas sociais, desde o fim<\/p>\n","protected":false},"author":11,"featured_media":904381,"comment_status":"closed","ping_status":"closed","sticky":false,"template":"","format":"standard","meta":{"_exactmetrics_skip_tracking":false,"_exactmetrics_sitenote_active":false,"_exactmetrics_sitenote_note":"","_exactmetrics_sitenote_category":0,"footnotes":""},"categories":[4],"tags":[],"yoast_head":"<!-- This site is optimized with the Yoast SEO plugin v22.0 - https:\/\/yoast.com\/wordpress\/plugins\/seo\/ -->\n<title>Pol\u00edcia Militar prende quadrilha que aplicava golpes contra aposentados e benefici\u00e1rios de programas sociais na Para\u00edba - Pol\u00edcia Militar da Para\u00edba<\/title>\n<meta name=\"robots\" content=\"index, follow, max-snippet:-1, max-image-preview:large, max-video-preview:-1\" \/>\n<link rel=\"canonical\" href=\"https:\/\/www.pm.pb.gov.br\/portal\/2020\/04\/10\/policia-militar-prende-quadrilha-que-aplicava-golpes-contra-aposentados-e-beneficiarios-de-programas-sociais-na-paraiba\/\" \/>\n<meta property=\"og:locale\" content=\"pt_BR\" \/>\n<meta property=\"og:type\" content=\"article\" \/>\n<meta property=\"og:title\" content=\"Pol\u00edcia Militar prende quadrilha que aplicava golpes contra aposentados e benefici\u00e1rios de programas sociais na Para\u00edba - Pol\u00edcia Militar da Para\u00edba\" \/>\n<meta property=\"og:description\" content=\"A Pol\u00edcia Militar desarticulou uma quadrilha que vinha aplicando golpes em aposentados e benefici\u00e1rios de programas sociais, desde o fim\" \/>\n<meta property=\"og:url\" content=\"https:\/\/www.pm.pb.gov.br\/portal\/2020\/04\/10\/policia-militar-prende-quadrilha-que-aplicava-golpes-contra-aposentados-e-beneficiarios-de-programas-sociais-na-paraiba\/\" \/>\n<meta property=\"og:site_name\" content=\"Pol\u00edcia Militar da Para\u00edba\" \/>\n<meta property=\"article:published_time\" content=\"2020-04-10T20:54:28+00:00\" \/>\n<meta property=\"article:modified_time\" content=\"2020-04-10T20:54:30+00:00\" \/>\n<meta property=\"og:image\" content=\"https:\/\/www.pm.pb.gov.br\/portal\/wp-content\/uploads\/2020\/04\/unnamed.jpg\" \/>\n\t<meta property=\"og:image:width\" content=\"1040\" \/>\n\t<meta property=\"og:image:height\" content=\"585\" \/>\n\t<meta property=\"og:image:type\" content=\"image\/jpeg\" \/>\n<meta name=\"author\" content=\"Hermerson Pedro\" \/>\n<meta name=\"twitter:card\" content=\"summary_large_image\" \/>\n<meta name=\"twitter:label1\" content=\"Escrito por\" \/>\n\t<meta name=\"twitter:data1\" content=\"Hermerson Pedro\" \/>\n\t<meta name=\"twitter:label2\" content=\"Est. tempo de leitura\" \/>\n\t<meta name=\"twitter:data2\" content=\"1 minuto\" \/>\n<script type=\"application\/ld+json\" class=\"yoast-schema-graph\">{\"@context\":\"https:\/\/schema.org\",\"@graph\":[{\"@type\":\"Article\",\"@id\":\"https:\/\/www.pm.pb.gov.br\/portal\/2020\/04\/10\/policia-militar-prende-quadrilha-que-aplicava-golpes-contra-aposentados-e-beneficiarios-de-programas-sociais-na-paraiba\/#article\",\"isPartOf\":{\"@id\":\"https:\/\/www.pm.pb.gov.br\/portal\/2020\/04\/10\/policia-militar-prende-quadrilha-que-aplicava-golpes-contra-aposentados-e-beneficiarios-de-programas-sociais-na-paraiba\/\"},\"author\":{\"name\":\"Hermerson Pedro\",\"@id\":\"https:\/\/www.pm.pb.gov.br\/portal\/#\/schema\/person\/d14ec57cfec6ba094c033291a557dc3b\"},\"headline\":\"Pol\u00edcia Militar prende quadrilha que aplicava golpes contra aposentados e benefici\u00e1rios de programas sociais na Para\u00edba\",\"datePublished\":\"2020-04-10T20:54:28+00:00\",\"dateModified\":\"2020-04-10T20:54:30+00:00\",\"mainEntityOfPage\":{\"@id\":\"https:\/\/www.pm.pb.gov.br\/portal\/2020\/04\/10\/policia-militar-prende-quadrilha-que-aplicava-golpes-contra-aposentados-e-beneficiarios-de-programas-sociais-na-paraiba\/\"},\"wordCount\":284,\"publisher\":{\"@id\":\"https:\/\/www.pm.pb.gov.br\/portal\/#organization\"},\"articleSection\":[\"A\u00e7\u00f5es Policiais\"],\"inLanguage\":\"pt-BR\"},{\"@type\":\"WebPage\",\"@id\":\"https:\/\/www.pm.pb.gov.br\/portal\/2020\/04\/10\/policia-militar-prende-quadrilha-que-aplicava-golpes-contra-aposentados-e-beneficiarios-de-programas-sociais-na-paraiba\/\",\"url\":\"https:\/\/www.pm.pb.gov.br\/portal\/2020\/04\/10\/policia-militar-prende-quadrilha-que-aplicava-golpes-contra-aposentados-e-beneficiarios-de-programas-sociais-na-paraiba\/\",\"name\":\"Pol\u00edcia Militar prende quadrilha que aplicava golpes contra aposentados e benefici\u00e1rios de programas sociais na Para\u00edba - Pol\u00edcia Militar da Para\u00edba\",\"isPartOf\":{\"@id\":\"https:\/\/www.pm.pb.gov.br\/portal\/#website\"},\"datePublished\":\"2020-04-10T20:54:28+00:00\",\"dateModified\":\"2020-04-10T20:54:30+00:00\",\"breadcrumb\":{\"@id\":\"https:\/\/www.pm.pb.gov.br\/portal\/2020\/04\/10\/policia-militar-prende-quadrilha-que-aplicava-golpes-contra-aposentados-e-beneficiarios-de-programas-sociais-na-paraiba\/#breadcrumb\"},\"inLanguage\":\"pt-BR\",\"potentialAction\":[{\"@type\":\"ReadAction\",\"target\":[\"https:\/\/www.pm.pb.gov.br\/portal\/2020\/04\/10\/policia-militar-prende-quadrilha-que-aplicava-golpes-contra-aposentados-e-beneficiarios-de-programas-sociais-na-paraiba\/\"]}]},{\"@type\":\"BreadcrumbList\",\"@id\":\"https:\/\/www.pm.pb.gov.br\/portal\/2020\/04\/10\/policia-militar-prende-quadrilha-que-aplicava-golpes-contra-aposentados-e-beneficiarios-de-programas-sociais-na-paraiba\/#breadcrumb\",\"itemListElement\":[{\"@type\":\"ListItem\",\"position\":1,\"name\":\"In\u00edcio\",\"item\":\"https:\/\/www.pm.pb.gov.br\/portal\/\"},{\"@type\":\"ListItem\",\"position\":2,\"name\":\"Pol\u00edcia Militar prende quadrilha que aplicava golpes contra aposentados e benefici\u00e1rios de programas sociais na Para\u00edba\"}]},{\"@type\":\"WebSite\",\"@id\":\"https:\/\/www.pm.pb.gov.br\/portal\/#website\",\"url\":\"https:\/\/www.pm.pb.gov.br\/portal\/\",\"name\":\"Pol\u00edcia Militar da Para\u00edba\",\"description\":\"\",\"publisher\":{\"@id\":\"https:\/\/www.pm.pb.gov.br\/portal\/#organization\"},\"potentialAction\":[{\"@type\":\"SearchAction\",\"target\":{\"@type\":\"EntryPoint\",\"urlTemplate\":\"https:\/\/www.pm.pb.gov.br\/portal\/?s={search_term_string}\"},\"query-input\":\"required name=search_term_string\"}],\"inLanguage\":\"pt-BR\"},{\"@type\":\"Organization\",\"@id\":\"https:\/\/www.pm.pb.gov.br\/portal\/#organization\",\"name\":\"Pol\u00edcia Militar da Para\u00edba\",\"url\":\"https:\/\/www.pm.pb.gov.br\/portal\/\",\"logo\":{\"@type\":\"ImageObject\",\"inLanguage\":\"pt-BR\",\"@id\":\"https:\/\/www.pm.pb.gov.br\/portal\/#\/schema\/logo\/image\/\",\"url\":\"https:\/\/www.pm.pb.gov.br\/portal\/wp-content\/uploads\/2025\/03\/cropped-logo-site-mag2-1.png\",\"contentUrl\":\"https:\/\/www.pm.pb.gov.br\/portal\/wp-content\/uploads\/2025\/03\/cropped-logo-site-mag2-1.png\",\"width\":320,\"height\":90,\"caption\":\"Pol\u00edcia Militar da Para\u00edba\"},\"image\":{\"@id\":\"https:\/\/www.pm.pb.gov.br\/portal\/#\/schema\/logo\/image\/\"}},{\"@type\":\"Person\",\"@id\":\"https:\/\/www.pm.pb.gov.br\/portal\/#\/schema\/person\/d14ec57cfec6ba094c033291a557dc3b\",\"name\":\"Hermerson Pedro\",\"image\":{\"@type\":\"ImageObject\",\"inLanguage\":\"pt-BR\",\"@id\":\"https:\/\/www.pm.pb.gov.br\/portal\/#\/schema\/person\/image\/\",\"url\":\"https:\/\/secure.gravatar.com\/avatar\/179290e0ec2caf97139df534dc3e55df?s=96&d=mm&r=g\",\"contentUrl\":\"https:\/\/secure.gravatar.com\/avatar\/179290e0ec2caf97139df534dc3e55df?s=96&d=mm&r=g\",\"caption\":\"Hermerson Pedro\"},\"url\":\"https:\/\/www.pm.pb.gov.br\/portal\/author\/hermerson\/\"}]}<\/script>\n<!-- \/ Yoast SEO plugin. -->","yoast_head_json":{"title":"Pol\u00edcia Militar prende quadrilha que aplicava golpes contra aposentados e benefici\u00e1rios de programas sociais na Para\u00edba - Pol\u00edcia Militar da Para\u00edba","robots":{"index":"index","follow":"follow","max-snippet":"max-snippet:-1","max-image-preview":"max-image-preview:large","max-video-preview":"max-video-preview:-1"},"canonical":"https:\/\/www.pm.pb.gov.br\/portal\/2020\/04\/10\/policia-militar-prende-quadrilha-que-aplicava-golpes-contra-aposentados-e-beneficiarios-de-programas-sociais-na-paraiba\/","og_locale":"pt_BR","og_type":"article","og_title":"Pol\u00edcia Militar prende quadrilha que aplicava golpes contra aposentados e benefici\u00e1rios de programas sociais na Para\u00edba - Pol\u00edcia Militar da Para\u00edba","og_description":"A Pol\u00edcia Militar desarticulou uma quadrilha que vinha aplicando golpes em aposentados e benefici\u00e1rios de programas sociais, desde o fim","og_url":"https:\/\/www.pm.pb.gov.br\/portal\/2020\/04\/10\/policia-militar-prende-quadrilha-que-aplicava-golpes-contra-aposentados-e-beneficiarios-de-programas-sociais-na-paraiba\/","og_site_name":"Pol\u00edcia Militar da Para\u00edba","article_published_time":"2020-04-10T20:54:28+00:00","article_modified_time":"2020-04-10T20:54:30+00:00","og_image":[{"width":1040,"height":585,"url":"https:\/\/www.pm.pb.gov.br\/portal\/wp-content\/uploads\/2020\/04\/unnamed.jpg","type":"image\/jpeg"}],"author":"Hermerson Pedro","twitter_card":"summary_large_image","twitter_misc":{"Escrito por":"Hermerson Pedro","Est. tempo de leitura":"1 minuto"},"schema":{"@context":"https:\/\/schema.org","@graph":[{"@type":"Article","@id":"https:\/\/www.pm.pb.gov.br\/portal\/2020\/04\/10\/policia-militar-prende-quadrilha-que-aplicava-golpes-contra-aposentados-e-beneficiarios-de-programas-sociais-na-paraiba\/#article","isPartOf":{"@id":"https:\/\/www.pm.pb.gov.br\/portal\/2020\/04\/10\/policia-militar-prende-quadrilha-que-aplicava-golpes-contra-aposentados-e-beneficiarios-de-programas-sociais-na-paraiba\/"},"author":{"name":"Hermerson Pedro","@id":"https:\/\/www.pm.pb.gov.br\/portal\/#\/schema\/person\/d14ec57cfec6ba094c033291a557dc3b"},"headline":"Pol\u00edcia Militar prende quadrilha que aplicava golpes contra aposentados e benefici\u00e1rios de programas sociais na Para\u00edba","datePublished":"2020-04-10T20:54:28+00:00","dateModified":"2020-04-10T20:54:30+00:00","mainEntityOfPage":{"@id":"https:\/\/www.pm.pb.gov.br\/portal\/2020\/04\/10\/policia-militar-prende-quadrilha-que-aplicava-golpes-contra-aposentados-e-beneficiarios-de-programas-sociais-na-paraiba\/"},"wordCount":284,"publisher":{"@id":"https:\/\/www.pm.pb.gov.br\/portal\/#organization"},"articleSection":["A\u00e7\u00f5es Policiais"],"inLanguage":"pt-BR"},{"@type":"WebPage","@id":"https:\/\/www.pm.pb.gov.br\/portal\/2020\/04\/10\/policia-militar-prende-quadrilha-que-aplicava-golpes-contra-aposentados-e-beneficiarios-de-programas-sociais-na-paraiba\/","url":"https:\/\/www.pm.pb.gov.br\/portal\/2020\/04\/10\/policia-militar-prende-quadrilha-que-aplicava-golpes-contra-aposentados-e-beneficiarios-de-programas-sociais-na-paraiba\/","name":"Pol\u00edcia Militar prende quadrilha que aplicava golpes contra aposentados e benefici\u00e1rios de programas sociais na Para\u00edba - Pol\u00edcia Militar da Para\u00edba","isPartOf":{"@id":"https:\/\/www.pm.pb.gov.br\/portal\/#website"},"datePublished":"2020-04-10T20:54:28+00:00","dateModified":"2020-04-10T20:54:30+00:00","breadcrumb":{"@id":"https:\/\/www.pm.pb.gov.br\/portal\/2020\/04\/10\/policia-militar-prende-quadrilha-que-aplicava-golpes-contra-aposentados-e-beneficiarios-de-programas-sociais-na-paraiba\/#breadcrumb"},"inLanguage":"pt-BR","potentialAction":[{"@type":"ReadAction","target":["https:\/\/www.pm.pb.gov.br\/portal\/2020\/04\/10\/policia-militar-prende-quadrilha-que-aplicava-golpes-contra-aposentados-e-beneficiarios-de-programas-sociais-na-paraiba\/"]}]},{"@type":"BreadcrumbList","@id":"https:\/\/www.pm.pb.gov.br\/portal\/2020\/04\/10\/policia-militar-prende-quadrilha-que-aplicava-golpes-contra-aposentados-e-beneficiarios-de-programas-sociais-na-paraiba\/#breadcrumb","itemListElement":[{"@type":"ListItem","position":1,"name":"In\u00edcio","item":"https:\/\/www.pm.pb.gov.br\/portal\/"},{"@type":"ListItem","position":2,"name":"Pol\u00edcia Militar prende quadrilha que aplicava golpes contra aposentados e benefici\u00e1rios de programas sociais na Para\u00edba"}]},{"@type":"WebSite","@id":"https:\/\/www.pm.pb.gov.br\/portal\/#website","url":"https:\/\/www.pm.pb.gov.br\/portal\/","name":"Pol\u00edcia Militar da Para\u00edba","description":"","publisher":{"@id":"https:\/\/www.pm.pb.gov.br\/portal\/#organization"},"potentialAction":[{"@type":"SearchAction","target":{"@type":"EntryPoint","urlTemplate":"https:\/\/www.pm.pb.gov.br\/portal\/?s={search_term_string}"},"query-input":"required name=search_term_string"}],"inLanguage":"pt-BR"},{"@type":"Organization","@id":"https:\/\/www.pm.pb.gov.br\/portal\/#organization","name":"Pol\u00edcia Militar da Para\u00edba","url":"https:\/\/www.pm.pb.gov.br\/portal\/","logo":{"@type":"ImageObject","inLanguage":"pt-BR","@id":"https:\/\/www.pm.pb.gov.br\/portal\/#\/schema\/logo\/image\/","url":"https:\/\/www.pm.pb.gov.br\/portal\/wp-content\/uploads\/2025\/03\/cropped-logo-site-mag2-1.png","contentUrl":"https:\/\/www.pm.pb.gov.br\/portal\/wp-content\/uploads\/2025\/03\/cropped-logo-site-mag2-1.png","width":320,"height":90,"caption":"Pol\u00edcia Militar da Para\u00edba"},"image":{"@id":"https:\/\/www.pm.pb.gov.br\/portal\/#\/schema\/logo\/image\/"}},{"@type":"Person","@id":"https:\/\/www.pm.pb.gov.br\/portal\/#\/schema\/person\/d14ec57cfec6ba094c033291a557dc3b","name":"Hermerson Pedro","image":{"@type":"ImageObject","inLanguage":"pt-BR","@id":"https:\/\/www.pm.pb.gov.br\/portal\/#\/schema\/person\/image\/","url":"https:\/\/secure.gravatar.com\/avatar\/179290e0ec2caf97139df534dc3e55df?s=96&d=mm&r=g","contentUrl":"https:\/\/secure.gravatar.com\/avatar\/179290e0ec2caf97139df534dc3e55df?s=96&d=mm&r=g","caption":"Hermerson Pedro"},"url":"https:\/\/www.pm.pb.gov.br\/portal\/author\/hermerson\/"}]}},"_links":{"self":[{"href":"https:\/\/www.pm.pb.gov.br\/portal\/wp-json\/wp\/v2\/posts\/904380"}],"collection":[{"href":"https:\/\/www.pm.pb.gov.br\/portal\/wp-json\/wp\/v2\/posts"}],"about":[{"href":"https:\/\/www.pm.pb.gov.br\/portal\/wp-json\/wp\/v2\/types\/post"}],"author":[{"embeddable":true,"href":"https:\/\/www.pm.pb.gov.br\/portal\/wp-json\/wp\/v2\/users\/11"}],"replies":[{"embeddable":true,"href":"https:\/\/www.pm.pb.gov.br\/portal\/wp-json\/wp\/v2\/comments?post=904380"}],"version-history":[{"count":6,"href":"https:\/\/www.pm.pb.gov.br\/portal\/wp-json\/wp\/v2\/posts\/904380\/revisions"}],"predecessor-version":[{"id":904387,"href":"https:\/\/www.pm.pb.gov.br\/portal\/wp-json\/wp\/v2\/posts\/904380\/revisions\/904387"}],"wp:featuredmedia":[{"embeddable":true,"href":"https:\/\/www.pm.pb.gov.br\/portal\/wp-json\/wp\/v2\/media\/904381"}],"wp:attachment":[{"href":"https:\/\/www.pm.pb.gov.br\/portal\/wp-json\/wp\/v2\/media?parent=904380"}],"wp:term":[{"taxonomy":"category","embeddable":true,"href":"https:\/\/www.pm.pb.gov.br\/portal\/wp-json\/wp\/v2\/categories?post=904380"},{"taxonomy":"post_tag","embeddable":true,"href":"https:\/\/www.pm.pb.gov.br\/portal\/wp-json\/wp\/v2\/tags?post=904380"}],"curies":[{"name":"wp","href":"https:\/\/api.w.org\/{rel}","templated":true}]}}